{"id":741,"date":"2021-08-06T16:43:43","date_gmt":"2021-08-06T20:43:43","guid":{"rendered":"https:\/\/www.manaus.am.gov.br\/cgm\/destaque-em-transparencia-cgm-recebe-visita-tecnica-do-controlador-geral-do-acre\/"},"modified":"2023-01-04T15:53:55","modified_gmt":"2023-01-04T19:53:55","slug":"destaque-em-transparencia-cgm-recebe-visita-tecnica-do-controlador-geral-do-acre","status":"publish","type":"post","link":"https:\/\/www.manaus.am.gov.br\/cgm\/destaque-em-transparencia-cgm-recebe-visita-tecnica-do-controlador-geral-do-acre\/","title":{"rendered":"Destaque em transpar\u00eancia, CGM recebe visita t\u00e9cnica do controlador-geral do Acre"},"content":{"rendered":"\n<p><strong>&nbsp;<\/strong>A <a href=\"https:\/\/www.manaus.am.gov.br\/#\">Prefeitura de Manaus<\/a>, por meio da Controladoria Geral do Munic\u00edpio (CGM), recebeu nesta sexta-feira, 6\/8, a visita t\u00e9cnica do controlador-geral do Estado do Acre, Lu\u00eds Almir Soares, para troca de informa\u00e7\u00f5es e metodologias, em prol da transpar\u00eancia de dados e processos realizados por ambas as controladorias.<\/p>\n\n\n\n<p>O controlador-geral do munic\u00edpio de Manaus, Arnaldo Flores, enfatizou a import\u00e2ncia dessa visita t\u00e9cnica para a capital, e para o Estado do Acre, na busca constante por melhorias, a fim de alcan\u00e7ar os melhores \u00edndices de transpar\u00eancia e sanar poss\u00edveis falhas, por meio do acompanhamento das a\u00e7\u00f5es e processos da gest\u00e3o, como um todo.<\/p>\n\n\n\n<p>\u201cO que realizamos foi uma a\u00e7\u00e3o rec\u00edproca. Ele apresentou o trabalho realizado l\u00e1 no Estado do Acre, e n\u00f3s mostramos como trabalhamos aqui em Manaus, a nossa metodologia, estrutura, plano anual de auditoria, sistem\u00e1tica de trabalho, e tudo aquilo que diz respeito \u00e0s atividades do dia a dia da nossa controladoria. Esse \u00e9 um trabalho que complementa as nossas a\u00e7\u00f5es, que j\u00e1 est\u00e3o previstas no plano de trabalho de auditoria, e consequentemente na atua\u00e7\u00e3o da Prefeitura de Manaus\u201d, explicou Arnaldo.<\/p>\n\n\n\n<p>Ele tamb\u00e9m destacou os \u00edndices de transpar\u00eancia, alcan\u00e7ados na gest\u00e3o do prefeito David Almeida, que por diversas vezes manifestou a prioridade pela clareza em rela\u00e7\u00e3o aos dados e informa\u00e7\u00f5es internas e as disponibilizadas \u00e0 popula\u00e7\u00e3o manauense.<\/p>\n\n\n\n<p>\u201cOs nossos portais de transpar\u00eancia s\u00e3o avaliados por diversas organiza\u00e7\u00f5es, algumas do setor p\u00fablico, outras do setor privado. Por parte da iniciativa privada, recentemente ficamos em segundo lugar no ranking da OK-BR, organiza\u00e7\u00e3o essa que avaliou nosso portal Covid-19, frente a outras capitais. Da iniciativa p\u00fablica, fomos avaliados pelo Minist\u00e9rio P\u00fablico de Contas do Estado do Amazonas, e ficamos em primeiro lugar com 90,88%, ou seja, uma pontua\u00e7\u00e3o bastante elevada, que mostra o quanto as diretrizes do prefeito David Almeida e seu plano de governo tem sido assertivo em rela\u00e7\u00e3o \u00e0 transpar\u00eancia das despesas, receitas e informa\u00e7\u00f5es que precisam ser disponibilizadas ao cidad\u00e3o\u201d, enfatizou.<\/p>\n\n\n\n<p>&#8212; &#8212; &#8212;<\/p>\n\n\n\n<p><strong>Texto<\/strong> \u2013 Maryane Maia \/ Semcom<\/p>\n\n\n\n<p><strong>Fotos<\/strong> \u2013 Pablo Brand\u00e3o \/ Semcom<\/p>\n\n\n\n<p><strong>Dispon\u00edveis em<\/strong> &#8211; <a href=\"https:\/\/flic.kr\/s\/aHsmWmA9F6\">https:\/\/flic.kr\/s\/aHsmWmA9F6<\/a><\/p>\n","protected":false},"excerpt":{"rendered":"","protected":false},"author":13,"featured_media":742,"comment_status":"closed","ping_status":"closed","sticky":false,"template":"","format":"standard","meta":{"footnotes":""},"categories":[16],"tags":[8,17,18],"acf":[],"yoast_head":"<!-- This site is optimized with the Yoast SEO plugin v23.0 - https:\/\/yoast.com\/wordpress\/plugins\/seo\/ -->\n<title>CGM recebe visita t\u00e9cnica do controlador-geral do Acre<\/title>\n<meta name=\"description\" content=\"CGM recebe visita t\u00e9cnica do controlador-geral do Acre, para a troca de informa\u00e7\u00f5es e experi\u00eancias entre as controladorias...\" \/>\n<meta name=\"robots\" content=\"index, follow, max-snippet:-1, max-image-preview:large, max-video-preview:-1\" \/>\n<link rel=\"canonical\" href=\"https:\/\/www.manaus.am.gov.br\/cgm\/destaque-em-transparencia-cgm-recebe-visita-tecnica-do-controlador-geral-do-acre\/\" \/>\n<meta property=\"og:locale\" content=\"pt_BR\" \/>\n<meta property=\"og:type\" content=\"article\" \/>\n<meta property=\"og:title\" content=\"CGM recebe visita t\u00e9cnica do controlador-geral do Acre\" \/>\n<meta property=\"og:description\" content=\"CGM recebe visita t\u00e9cnica do controlador-geral do Acre, para a troca de informa\u00e7\u00f5es e experi\u00eancias entre as controladorias...\" \/>\n<meta property=\"og:url\" content=\"https:\/\/www.manaus.am.gov.br\/cgm\/destaque-em-transparencia-cgm-recebe-visita-tecnica-do-controlador-geral-do-acre\/\" \/>\n<meta property=\"og:site_name\" content=\"CGM\" \/>\n<meta property=\"article:publisher\" content=\"https:\/\/www.facebook.com\/cgmmanaus\" \/>\n<meta property=\"article:published_time\" content=\"2021-08-06T20:43:43+00:00\" \/>\n<meta property=\"article:modified_time\" content=\"2023-01-04T19:53:55+00:00\" \/>\n<meta property=\"og:image\" content=\"https:\/\/www.manaus.am.gov.br\/cgm\/wp-content\/uploads\/sites\/9\/2023\/01\/Destaque-em-transparencia-CGM-recebe-visita-tecnica-do-controlador-geral-do-Acre.jpg\" \/>\n\t<meta property=\"og:image:width\" content=\"640\" \/>\n\t<meta property=\"og:image:height\" content=\"360\" \/>\n\t<meta property=\"og:image:type\" content=\"image\/jpeg\" \/>\n<meta name=\"twitter:card\" content=\"summary_large_image\" \/>\n<meta name=\"twitter:label1\" content=\"Written by\" \/>\n\t<meta name=\"twitter:data1\" content=\"\" \/>\n\t<meta name=\"twitter:label2\" content=\"Est. reading time\" \/>\n\t<meta name=\"twitter:data2\" content=\"2 minutos\" \/>\n<script type=\"application\/ld+json\" class=\"yoast-schema-graph\">{\"@context\":\"https:\/\/schema.org\",\"@graph\":[{\"@type\":\"Article\",\"@id\":\"https:\/\/www.manaus.am.gov.br\/cgm\/destaque-em-transparencia-cgm-recebe-visita-tecnica-do-controlador-geral-do-acre\/#article\",\"isPartOf\":{\"@id\":\"https:\/\/www.manaus.am.gov.br\/cgm\/destaque-em-transparencia-cgm-recebe-visita-tecnica-do-controlador-geral-do-acre\/\"},\"author\":{\"name\":\"\",\"@id\":\"\"},\"headline\":\"Destaque em transpar\u00eancia, CGM recebe visita t\u00e9cnica do controlador-geral do Acre\",\"datePublished\":\"2021-08-06T20:43:43+00:00\",\"dateModified\":\"2023-01-04T19:53:55+00:00\",\"mainEntityOfPage\":{\"@id\":\"https:\/\/www.manaus.am.gov.br\/cgm\/destaque-em-transparencia-cgm-recebe-visita-tecnica-do-controlador-geral-do-acre\/\"},\"wordCount\":392,\"publisher\":{\"@id\":\"https:\/\/www.manaus.am.gov.br\/cgm\/#organization\"},\"image\":{\"@id\":\"https:\/\/www.manaus.am.gov.br\/cgm\/destaque-em-transparencia-cgm-recebe-visita-tecnica-do-controlador-geral-do-acre\/#primaryimage\"},\"thumbnailUrl\":\"https:\/\/www.manaus.am.gov.br\/cgm\/wp-content\/uploads\/sites\/9\/2023\/01\/Destaque-em-transparencia-CGM-recebe-visita-tecnica-do-controlador-geral-do-Acre.jpg\",\"keywords\":[\"Controladoria Geral do Munic\u00edpio\",\"Portal Transpar\u00eancia Covid-19\",\"transpar\u00eancia\"],\"articleSection\":[\"Gest\u00e3o\"],\"inLanguage\":\"pt-BR\"},{\"@type\":\"WebPage\",\"@id\":\"https:\/\/www.manaus.am.gov.br\/cgm\/destaque-em-transparencia-cgm-recebe-visita-tecnica-do-controlador-geral-do-acre\/\",\"url\":\"https:\/\/www.manaus.am.gov.br\/cgm\/destaque-em-transparencia-cgm-recebe-visita-tecnica-do-controlador-geral-do-acre\/\",\"name\":\"CGM recebe visita t\u00e9cnica do controlador-geral do Acre\",\"isPartOf\":{\"@id\":\"https:\/\/www.manaus.am.gov.br\/cgm\/#website\"},\"primaryImageOfPage\":{\"@id\":\"https:\/\/www.manaus.am.gov.br\/cgm\/destaque-em-transparencia-cgm-recebe-visita-tecnica-do-controlador-geral-do-acre\/#primaryimage\"},\"image\":{\"@id\":\"https:\/\/www.manaus.am.gov.br\/cgm\/destaque-em-transparencia-cgm-recebe-visita-tecnica-do-controlador-geral-do-acre\/#primaryimage\"},\"thumbnailUrl\":\"https:\/\/www.manaus.am.gov.br\/cgm\/wp-content\/uploads\/sites\/9\/2023\/01\/Destaque-em-transparencia-CGM-recebe-visita-tecnica-do-controlador-geral-do-Acre.jpg\",\"datePublished\":\"2021-08-06T20:43:43+00:00\",\"dateModified\":\"2023-01-04T19:53:55+00:00\",\"description\":\"CGM recebe visita t\u00e9cnica do controlador-geral do Acre, para a troca de informa\u00e7\u00f5es e experi\u00eancias entre as controladorias...\",\"inLanguage\":\"pt-BR\",\"potentialAction\":[{\"@type\":\"ReadAction\",\"target\":[\"https:\/\/www.manaus.am.gov.br\/cgm\/destaque-em-transparencia-cgm-recebe-visita-tecnica-do-controlador-geral-do-acre\/\"]}]},{\"@type\":\"ImageObject\",\"inLanguage\":\"pt-BR\",\"@id\":\"https:\/\/www.manaus.am.gov.br\/cgm\/destaque-em-transparencia-cgm-recebe-visita-tecnica-do-controlador-geral-do-acre\/#primaryimage\",\"url\":\"https:\/\/www.manaus.am.gov.br\/cgm\/wp-content\/uploads\/sites\/9\/2023\/01\/Destaque-em-transparencia-CGM-recebe-visita-tecnica-do-controlador-geral-do-Acre.jpg\",\"contentUrl\":\"https:\/\/www.manaus.am.gov.br\/cgm\/wp-content\/uploads\/sites\/9\/2023\/01\/Destaque-em-transparencia-CGM-recebe-visita-tecnica-do-controlador-geral-do-Acre.jpg\",\"width\":640,\"height\":360,\"caption\":\"Destaque em transpar\u00eancia, CGM recebe visita t\u00e9cnica do controlador-geral do Acre\"},{\"@type\":\"WebSite\",\"@id\":\"https:\/\/www.manaus.am.gov.br\/cgm\/#website\",\"url\":\"https:\/\/www.manaus.am.gov.br\/cgm\/\",\"name\":\"CGM\",\"description\":\"Controladoria Geral do Munic\u00edpio\",\"publisher\":{\"@id\":\"https:\/\/www.manaus.am.gov.br\/cgm\/#organization\"},\"alternateName\":\"Controladoria-Geral do Munic\u00edpio\",\"potentialAction\":[{\"@type\":\"SearchAction\",\"target\":{\"@type\":\"EntryPoint\",\"urlTemplate\":\"https:\/\/www.manaus.am.gov.br\/cgm\/?s={search_term_string}\"},\"query-input\":\"required name=search_term_string\"}],\"inLanguage\":\"pt-BR\"},{\"@type\":\"Organization\",\"@id\":\"https:\/\/www.manaus.am.gov.br\/cgm\/#organization\",\"name\":\"Prefeitura de Manaus\",\"alternateName\":\"Prefeitura Municipal de Manaus\",\"url\":\"https:\/\/www.manaus.am.gov.br\/cgm\/\",\"logo\":{\"@type\":\"ImageObject\",\"inLanguage\":\"pt-BR\",\"@id\":\"https:\/\/www.manaus.am.gov.br\/cgm\/#\/schema\/logo\/image\/\",\"url\":\"https:\/\/www.manaus.am.gov.br\/cgm\/wp-content\/uploads\/sites\/9\/2024\/06\/favicon.png\",\"contentUrl\":\"https:\/\/www.manaus.am.gov.br\/cgm\/wp-content\/uploads\/sites\/9\/2024\/06\/favicon.png\",\"width\":300,\"height\":300,\"caption\":\"Prefeitura de Manaus\"},\"image\":{\"@id\":\"https:\/\/www.manaus.am.gov.br\/cgm\/#\/schema\/logo\/image\/\"},\"sameAs\":[\"https:\/\/www.facebook.com\/cgmmanaus\",\"https:\/\/www.instagram.com\/cgmmanaus\/\"]},{\"@type\":\"Person\",\"@id\":\"\"}]}<\/script>\n<!-- \/ Yoast SEO plugin. -->","yoast_head_json":{"title":"CGM recebe visita t\u00e9cnica do controlador-geral do Acre","description":"CGM recebe visita t\u00e9cnica do controlador-geral do Acre, para a troca de informa\u00e7\u00f5es e experi\u00eancias entre as controladorias...","robots":{"index":"index","follow":"follow","max-snippet":"max-snippet:-1","max-image-preview":"max-image-preview:large","max-video-preview":"max-video-preview:-1"},"canonical":"https:\/\/www.manaus.am.gov.br\/cgm\/destaque-em-transparencia-cgm-recebe-visita-tecnica-do-controlador-geral-do-acre\/","og_locale":"pt_BR","og_type":"article","og_title":"CGM recebe visita t\u00e9cnica do controlador-geral do Acre","og_description":"CGM recebe visita t\u00e9cnica do controlador-geral do Acre, para a troca de informa\u00e7\u00f5es e experi\u00eancias entre as controladorias...","og_url":"https:\/\/www.manaus.am.gov.br\/cgm\/destaque-em-transparencia-cgm-recebe-visita-tecnica-do-controlador-geral-do-acre\/","og_site_name":"CGM","article_publisher":"https:\/\/www.facebook.com\/cgmmanaus","article_published_time":"2021-08-06T20:43:43+00:00","article_modified_time":"2023-01-04T19:53:55+00:00","og_image":[{"width":640,"height":360,"url":"https:\/\/www.manaus.am.gov.br\/cgm\/wp-content\/uploads\/sites\/9\/2023\/01\/Destaque-em-transparencia-CGM-recebe-visita-tecnica-do-controlador-geral-do-Acre.jpg","type":"image\/jpeg"}],"twitter_card":"summary_large_image","twitter_misc":{"Written by":"","Est. reading time":"2 minutos"},"schema":{"@context":"https:\/\/schema.org","@graph":[{"@type":"Article","@id":"https:\/\/www.manaus.am.gov.br\/cgm\/destaque-em-transparencia-cgm-recebe-visita-tecnica-do-controlador-geral-do-acre\/#article","isPartOf":{"@id":"https:\/\/www.manaus.am.gov.br\/cgm\/destaque-em-transparencia-cgm-recebe-visita-tecnica-do-controlador-geral-do-acre\/"},"author":{"name":"","@id":""},"headline":"Destaque em transpar\u00eancia, CGM recebe visita t\u00e9cnica do controlador-geral do Acre","datePublished":"2021-08-06T20:43:43+00:00","dateModified":"2023-01-04T19:53:55+00:00","mainEntityOfPage":{"@id":"https:\/\/www.manaus.am.gov.br\/cgm\/destaque-em-transparencia-cgm-recebe-visita-tecnica-do-controlador-geral-do-acre\/"},"wordCount":392,"publisher":{"@id":"https:\/\/www.manaus.am.gov.br\/cgm\/#organization"},"image":{"@id":"https:\/\/www.manaus.am.gov.br\/cgm\/destaque-em-transparencia-cgm-recebe-visita-tecnica-do-controlador-geral-do-acre\/#primaryimage"},"thumbnailUrl":"https:\/\/www.manaus.am.gov.br\/cgm\/wp-content\/uploads\/sites\/9\/2023\/01\/Destaque-em-transparencia-CGM-recebe-visita-tecnica-do-controlador-geral-do-Acre.jpg","keywords":["Controladoria Geral do Munic\u00edpio","Portal Transpar\u00eancia Covid-19","transpar\u00eancia"],"articleSection":["Gest\u00e3o"],"inLanguage":"pt-BR"},{"@type":"WebPage","@id":"https:\/\/www.manaus.am.gov.br\/cgm\/destaque-em-transparencia-cgm-recebe-visita-tecnica-do-controlador-geral-do-acre\/","url":"https:\/\/www.manaus.am.gov.br\/cgm\/destaque-em-transparencia-cgm-recebe-visita-tecnica-do-controlador-geral-do-acre\/","name":"CGM recebe visita t\u00e9cnica do controlador-geral do Acre","isPartOf":{"@id":"https:\/\/www.manaus.am.gov.br\/cgm\/#website"},"primaryImageOfPage":{"@id":"https:\/\/www.manaus.am.gov.br\/cgm\/destaque-em-transparencia-cgm-recebe-visita-tecnica-do-controlador-geral-do-acre\/#primaryimage"},"image":{"@id":"https:\/\/www.manaus.am.gov.br\/cgm\/destaque-em-transparencia-cgm-recebe-visita-tecnica-do-controlador-geral-do-acre\/#primaryimage"},"thumbnailUrl":"https:\/\/www.manaus.am.gov.br\/cgm\/wp-content\/uploads\/sites\/9\/2023\/01\/Destaque-em-transparencia-CGM-recebe-visita-tecnica-do-controlador-geral-do-Acre.jpg","datePublished":"2021-08-06T20:43:43+00:00","dateModified":"2023-01-04T19:53:55+00:00","description":"CGM recebe visita t\u00e9cnica do controlador-geral do Acre, para a troca de informa\u00e7\u00f5es e experi\u00eancias entre as controladorias...","inLanguage":"pt-BR","potentialAction":[{"@type":"ReadAction","target":["https:\/\/www.manaus.am.gov.br\/cgm\/destaque-em-transparencia-cgm-recebe-visita-tecnica-do-controlador-geral-do-acre\/"]}]},{"@type":"ImageObject","inLanguage":"pt-BR","@id":"https:\/\/www.manaus.am.gov.br\/cgm\/destaque-em-transparencia-cgm-recebe-visita-tecnica-do-controlador-geral-do-acre\/#primaryimage","url":"https:\/\/www.manaus.am.gov.br\/cgm\/wp-content\/uploads\/sites\/9\/2023\/01\/Destaque-em-transparencia-CGM-recebe-visita-tecnica-do-controlador-geral-do-Acre.jpg","contentUrl":"https:\/\/www.manaus.am.gov.br\/cgm\/wp-content\/uploads\/sites\/9\/2023\/01\/Destaque-em-transparencia-CGM-recebe-visita-tecnica-do-controlador-geral-do-Acre.jpg","width":640,"height":360,"caption":"Destaque em transpar\u00eancia, CGM recebe visita t\u00e9cnica do controlador-geral do Acre"},{"@type":"WebSite","@id":"https:\/\/www.manaus.am.gov.br\/cgm\/#website","url":"https:\/\/www.manaus.am.gov.br\/cgm\/","name":"CGM","description":"Controladoria Geral do Munic\u00edpio","publisher":{"@id":"https:\/\/www.manaus.am.gov.br\/cgm\/#organization"},"alternateName":"Controladoria-Geral do Munic\u00edpio","potentialAction":[{"@type":"SearchAction","target":{"@type":"EntryPoint","urlTemplate":"https:\/\/www.manaus.am.gov.br\/cgm\/?s={search_term_string}"},"query-input":"required name=search_term_string"}],"inLanguage":"pt-BR"},{"@type":"Organization","@id":"https:\/\/www.manaus.am.gov.br\/cgm\/#organization","name":"Prefeitura de Manaus","alternateName":"Prefeitura Municipal de Manaus","url":"https:\/\/www.manaus.am.gov.br\/cgm\/","logo":{"@type":"ImageObject","inLanguage":"pt-BR","@id":"https:\/\/www.manaus.am.gov.br\/cgm\/#\/schema\/logo\/image\/","url":"https:\/\/www.manaus.am.gov.br\/cgm\/wp-content\/uploads\/sites\/9\/2024\/06\/favicon.png","contentUrl":"https:\/\/www.manaus.am.gov.br\/cgm\/wp-content\/uploads\/sites\/9\/2024\/06\/favicon.png","width":300,"height":300,"caption":"Prefeitura de Manaus"},"image":{"@id":"https:\/\/www.manaus.am.gov.br\/cgm\/#\/schema\/logo\/image\/"},"sameAs":["https:\/\/www.facebook.com\/cgmmanaus","https:\/\/www.instagram.com\/cgmmanaus\/"]},{"@type":"Person","@id":""}]}},"_links":{"self":[{"href":"https:\/\/www.manaus.am.gov.br\/cgm\/wp-json\/wp\/v2\/posts\/741"}],"collection":[{"href":"https:\/\/www.manaus.am.gov.br\/cgm\/wp-json\/wp\/v2\/posts"}],"about":[{"href":"https:\/\/www.manaus.am.gov.br\/cgm\/wp-json\/wp\/v2\/types\/post"}],"author":[{"embeddable":true,"href":"https:\/\/www.manaus.am.gov.br\/cgm\/wp-json\/wp\/v2\/users\/13"}],"replies":[{"embeddable":true,"href":"https:\/\/www.manaus.am.gov.br\/cgm\/wp-json\/wp\/v2\/comments?post=741"}],"version-history":[{"count":0,"href":"https:\/\/www.manaus.am.gov.br\/cgm\/wp-json\/wp\/v2\/posts\/741\/revisions"}],"wp:featuredmedia":[{"embeddable":true,"href":"https:\/\/www.manaus.am.gov.br\/cgm\/wp-json\/wp\/v2\/media\/742"}],"wp:attachment":[{"href":"https:\/\/www.manaus.am.gov.br\/cgm\/wp-json\/wp\/v2\/media?parent=741"}],"wp:term":[{"taxonomy":"category","embeddable":true,"href":"https:\/\/www.manaus.am.gov.br\/cgm\/wp-json\/wp\/v2\/categories?post=741"},{"taxonomy":"post_tag","embeddable":true,"href":"https:\/\/www.manaus.am.gov.br\/cgm\/wp-json\/wp\/v2\/tags?post=741"}],"curies":[{"name":"wp","href":"https:\/\/api.w.org\/{rel}","templated":true}]}}