{"id":736,"date":"2022-08-23T18:14:25","date_gmt":"2022-08-23T22:14:25","guid":{"rendered":"https:\/\/www.manaus.am.gov.br\/cgm\/acordo-tecnico-entre-cgm-e-tce-am-busca-interacao-e-aperfeicoamento-da-gestao-publica\/"},"modified":"2023-01-04T15:53:06","modified_gmt":"2023-01-04T19:53:06","slug":"acordo-tecnico-entre-cgm-e-tce-am-busca-interacao-e-aperfeicoamento-da-gestao-publica","status":"publish","type":"post","link":"https:\/\/www.manaus.am.gov.br\/cgm\/acordo-tecnico-entre-cgm-e-tce-am-busca-interacao-e-aperfeicoamento-da-gestao-publica\/","title":{"rendered":"Acordo t\u00e9cnico entre CGM e TCE-AM busca intera\u00e7\u00e3o e aperfei\u00e7oamento da gest\u00e3o p\u00fablica"},"content":{"rendered":"\n<p>Com objetivo de promover interc\u00e2mbio de conhecimentos e experi\u00eancias, a Prefeitura de Manaus, por meio da Controladoria-Geral do Munic\u00edpio (CGM) e o Tribunal de Contas do Amazonas (TCE-AM), garantiu a renova\u00e7\u00e3o de termo de coopera\u00e7\u00e3o t\u00e9cnica que visa compartilhar informa\u00e7\u00f5es entre os \u00f3rg\u00e3os de controle. A parceria foi firmada entre o controlador-geral do munic\u00edpio, Arnaldo Gomes, e o presidente da Corte de Contas, conselheiro \u00c9rico Desterro, que assinaram na \u00faltima segunda-feira, 22\/8, o documento v\u00e1lido at\u00e9 2027.<\/p>\n\n\n\n<p>Na avalia\u00e7\u00e3o do controlador-geral, a assinatura do termo representa manter o elo estabelecido entre o TCE-AM e a CGM desde 2010, o que demonstra grandes avan\u00e7os nas a\u00e7\u00f5es de compet\u00eancia de cada institui\u00e7\u00e3o visando o desenvolvimento da gest\u00e3o p\u00fablica.<\/p>\n\n\n\n<p>\u201c\u00c9 muito importante a troca de experi\u00eancias do controle externo com o controle interno da Prefeitura de Manaus, pois assim como o tribunal l\u00e1 na CGM, tamb\u00e9m estamos implementando o Programa de Integridade, que melhora a efici\u00eancia de todos. \u00c9 v\u00e1lido unir esfor\u00e7os para crescer nas atividades de governan\u00e7a e gest\u00e3o\u201d, destacou Arnaldo Gomes.<\/p>\n\n\n\n<p>Com destaque para o fortalecimento da parceria, o\u00a0 presidente do Tribunal de Contas, conselheiro \u00c9rico Desterro, ressaltou a import\u00e2ncia do acordo entre os controles das institui\u00e7\u00f5es.<\/p>\n\n\n\n<p>\u201cA coopera\u00e7\u00e3o t\u00e9cnica envolve v\u00e1rias frentes de trabalho, treinamento e coopera\u00e7\u00e3o na troca de informa\u00e7\u00f5es. O papel de cada um \u00e9 diferente, mas ambos dentro do sistema de controle. Precisamos fazer esse trabalho em Manaus e em outras estruturas p\u00fablicas a fim de ampliar a intera\u00e7\u00e3o entre controle externo e interno\u201d, afirmou.<\/p>\n\n\n\n<p>De acordo com o documento, a coopera\u00e7\u00e3o t\u00e9cnica tem o objetivo de estabelecer rotinas entre o TCE e a CGM. \u201cO acordo est\u00e1 visando \u00e0 integra\u00e7\u00e3o das a\u00e7\u00f5es do Controle Externo e Interno do poder Executivo, por interm\u00e9dio da harmoniza\u00e7\u00e3o das atividades constantes de seus planejamentos e do compartilhamento de informa\u00e7\u00f5es e de recursos materiais, humanos e tecnol\u00f3gicos\u201d, explica Desterro.<\/p>\n\n\n\n<p>O extrato da coopera\u00e7\u00e3o t\u00e9cnica foi publicado no Di\u00e1rio Oficial Eletr\u00f4nico do TCE-AM na edi\u00e7\u00e3o 2.870 do \u00faltimo dia 22. O acordo tem validade por cinco anos, a partir da assinatura, sem custo aos cofres p\u00fablicos.<\/p>\n\n\n\n<p>&#8212; &#8212; &#8212;<\/p>\n\n\n\n<p><strong>Texto<\/strong>&nbsp;&#8211; Hellen Miranda \/ Semcom<\/p>\n\n\n\n<p><strong>Foto<\/strong>&nbsp;\u2013 Divulga\u00e7\u00e3o \/ TCE-AM<\/p>\n","protected":false},"excerpt":{"rendered":"","protected":false},"author":31,"featured_media":740,"comment_status":"closed","ping_status":"closed","sticky":false,"template":"","format":"standard","meta":{"footnotes":""},"categories":[12],"tags":[7,13,14,15],"acf":[],"yoast_head":"<!-- This site is optimized with the Yoast SEO plugin v23.0 - https:\/\/yoast.com\/wordpress\/plugins\/seo\/ -->\n<title>Acordo t\u00e9cnico entre CGM e TCE-AM busca intera\u00e7\u00e3o e aperfei\u00e7oamento da gest\u00e3o p\u00fablica - CGM<\/title>\n<meta name=\"robots\" content=\"index, follow, max-snippet:-1, max-image-preview:large, max-video-preview:-1\" \/>\n<link rel=\"canonical\" href=\"https:\/\/www.manaus.am.gov.br\/cgm\/acordo-tecnico-entre-cgm-e-tce-am-busca-interacao-e-aperfeicoamento-da-gestao-publica\/\" \/>\n<meta property=\"og:locale\" content=\"pt_BR\" \/>\n<meta property=\"og:type\" content=\"article\" \/>\n<meta property=\"og:title\" content=\"Acordo t\u00e9cnico entre CGM e TCE-AM busca intera\u00e7\u00e3o e aperfei\u00e7oamento da gest\u00e3o p\u00fablica - CGM\" \/>\n<meta property=\"og:url\" content=\"https:\/\/www.manaus.am.gov.br\/cgm\/acordo-tecnico-entre-cgm-e-tce-am-busca-interacao-e-aperfeicoamento-da-gestao-publica\/\" \/>\n<meta property=\"og:site_name\" content=\"CGM\" \/>\n<meta property=\"article:publisher\" content=\"https:\/\/www.facebook.com\/cgmmanaus\" \/>\n<meta property=\"article:published_time\" content=\"2022-08-23T22:14:25+00:00\" \/>\n<meta property=\"article:modified_time\" content=\"2023-01-04T19:53:06+00:00\" \/>\n<meta property=\"og:image\" content=\"https:\/\/www.manaus.am.gov.br\/cgm\/wp-content\/uploads\/sites\/9\/2023\/01\/Acordo-tecnico-entre-CGM-e-TCE-AM-busca-interacao-e-aperfeicoamento-da-gestao-publica.jpeg\" \/>\n\t<meta property=\"og:image:width\" content=\"1280\" \/>\n\t<meta property=\"og:image:height\" content=\"853\" \/>\n\t<meta property=\"og:image:type\" content=\"image\/jpeg\" \/>\n<meta name=\"author\" content=\"Renata Felix\" \/>\n<meta name=\"twitter:card\" content=\"summary_large_image\" \/>\n<meta name=\"twitter:label1\" content=\"Written by\" \/>\n\t<meta name=\"twitter:data1\" content=\"Renata Felix\" \/>\n\t<meta name=\"twitter:label2\" content=\"Est. reading time\" \/>\n\t<meta name=\"twitter:data2\" content=\"2 minutos\" \/>\n<script type=\"application\/ld+json\" class=\"yoast-schema-graph\">{\"@context\":\"https:\/\/schema.org\",\"@graph\":[{\"@type\":\"Article\",\"@id\":\"https:\/\/www.manaus.am.gov.br\/cgm\/acordo-tecnico-entre-cgm-e-tce-am-busca-interacao-e-aperfeicoamento-da-gestao-publica\/#article\",\"isPartOf\":{\"@id\":\"https:\/\/www.manaus.am.gov.br\/cgm\/acordo-tecnico-entre-cgm-e-tce-am-busca-interacao-e-aperfeicoamento-da-gestao-publica\/\"},\"author\":{\"name\":\"Renata Felix\",\"@id\":\"https:\/\/www.manaus.am.gov.br\/cgm\/#\/schema\/person\/4eea2a8f78dc853097abb026f728aa06\"},\"headline\":\"Acordo t\u00e9cnico entre CGM e TCE-AM busca intera\u00e7\u00e3o e aperfei\u00e7oamento da gest\u00e3o p\u00fablica\",\"datePublished\":\"2022-08-23T22:14:25+00:00\",\"dateModified\":\"2023-01-04T19:53:06+00:00\",\"mainEntityOfPage\":{\"@id\":\"https:\/\/www.manaus.am.gov.br\/cgm\/acordo-tecnico-entre-cgm-e-tce-am-busca-interacao-e-aperfeicoamento-da-gestao-publica\/\"},\"wordCount\":414,\"publisher\":{\"@id\":\"https:\/\/www.manaus.am.gov.br\/cgm\/#organization\"},\"image\":{\"@id\":\"https:\/\/www.manaus.am.gov.br\/cgm\/acordo-tecnico-entre-cgm-e-tce-am-busca-interacao-e-aperfeicoamento-da-gestao-publica\/#primaryimage\"},\"thumbnailUrl\":\"https:\/\/www.manaus.am.gov.br\/cgm\/wp-content\/uploads\/sites\/9\/2023\/01\/Acordo-tecnico-entre-CGM-e-TCE-AM-busca-interacao-e-aperfeicoamento-da-gestao-publica.jpeg\",\"keywords\":[\"CGM\",\"parceria\",\"TCE-AM\",\"termo de coopera\u00e7\u00e3o t\u00e9cnica\"],\"articleSection\":[\"Parceria\"],\"inLanguage\":\"pt-BR\"},{\"@type\":\"WebPage\",\"@id\":\"https:\/\/www.manaus.am.gov.br\/cgm\/acordo-tecnico-entre-cgm-e-tce-am-busca-interacao-e-aperfeicoamento-da-gestao-publica\/\",\"url\":\"https:\/\/www.manaus.am.gov.br\/cgm\/acordo-tecnico-entre-cgm-e-tce-am-busca-interacao-e-aperfeicoamento-da-gestao-publica\/\",\"name\":\"Acordo t\u00e9cnico entre CGM e TCE-AM busca intera\u00e7\u00e3o e aperfei\u00e7oamento da gest\u00e3o p\u00fablica - CGM\",\"isPartOf\":{\"@id\":\"https:\/\/www.manaus.am.gov.br\/cgm\/#website\"},\"primaryImageOfPage\":{\"@id\":\"https:\/\/www.manaus.am.gov.br\/cgm\/acordo-tecnico-entre-cgm-e-tce-am-busca-interacao-e-aperfeicoamento-da-gestao-publica\/#primaryimage\"},\"image\":{\"@id\":\"https:\/\/www.manaus.am.gov.br\/cgm\/acordo-tecnico-entre-cgm-e-tce-am-busca-interacao-e-aperfeicoamento-da-gestao-publica\/#primaryimage\"},\"thumbnailUrl\":\"https:\/\/www.manaus.am.gov.br\/cgm\/wp-content\/uploads\/sites\/9\/2023\/01\/Acordo-tecnico-entre-CGM-e-TCE-AM-busca-interacao-e-aperfeicoamento-da-gestao-publica.jpeg\",\"datePublished\":\"2022-08-23T22:14:25+00:00\",\"dateModified\":\"2023-01-04T19:53:06+00:00\",\"inLanguage\":\"pt-BR\",\"potentialAction\":[{\"@type\":\"ReadAction\",\"target\":[\"https:\/\/www.manaus.am.gov.br\/cgm\/acordo-tecnico-entre-cgm-e-tce-am-busca-interacao-e-aperfeicoamento-da-gestao-publica\/\"]}]},{\"@type\":\"ImageObject\",\"inLanguage\":\"pt-BR\",\"@id\":\"https:\/\/www.manaus.am.gov.br\/cgm\/acordo-tecnico-entre-cgm-e-tce-am-busca-interacao-e-aperfeicoamento-da-gestao-publica\/#primaryimage\",\"url\":\"https:\/\/www.manaus.am.gov.br\/cgm\/wp-content\/uploads\/sites\/9\/2023\/01\/Acordo-tecnico-entre-CGM-e-TCE-AM-busca-interacao-e-aperfeicoamento-da-gestao-publica.jpeg\",\"contentUrl\":\"https:\/\/www.manaus.am.gov.br\/cgm\/wp-content\/uploads\/sites\/9\/2023\/01\/Acordo-tecnico-entre-CGM-e-TCE-AM-busca-interacao-e-aperfeicoamento-da-gestao-publica.jpeg\",\"width\":1280,\"height\":853,\"caption\":\"Acordo t\u00e9cnico entre CGM e TCE-AM busca intera\u00e7\u00e3o e aperfei\u00e7oamento da gest\u00e3o p\u00fablica\"},{\"@type\":\"WebSite\",\"@id\":\"https:\/\/www.manaus.am.gov.br\/cgm\/#website\",\"url\":\"https:\/\/www.manaus.am.gov.br\/cgm\/\",\"name\":\"CGM\",\"description\":\"Controladoria Geral do Munic\u00edpio\",\"publisher\":{\"@id\":\"https:\/\/www.manaus.am.gov.br\/cgm\/#organization\"},\"alternateName\":\"Controladoria-Geral do Munic\u00edpio\",\"potentialAction\":[{\"@type\":\"SearchAction\",\"target\":{\"@type\":\"EntryPoint\",\"urlTemplate\":\"https:\/\/www.manaus.am.gov.br\/cgm\/?s={search_term_string}\"},\"query-input\":\"required name=search_term_string\"}],\"inLanguage\":\"pt-BR\"},{\"@type\":\"Organization\",\"@id\":\"https:\/\/www.manaus.am.gov.br\/cgm\/#organization\",\"name\":\"Prefeitura de Manaus\",\"alternateName\":\"Prefeitura Municipal de Manaus\",\"url\":\"https:\/\/www.manaus.am.gov.br\/cgm\/\",\"logo\":{\"@type\":\"ImageObject\",\"inLanguage\":\"pt-BR\",\"@id\":\"https:\/\/www.manaus.am.gov.br\/cgm\/#\/schema\/logo\/image\/\",\"url\":\"https:\/\/www.manaus.am.gov.br\/cgm\/wp-content\/uploads\/sites\/9\/2024\/06\/favicon.png\",\"contentUrl\":\"https:\/\/www.manaus.am.gov.br\/cgm\/wp-content\/uploads\/sites\/9\/2024\/06\/favicon.png\",\"width\":300,\"height\":300,\"caption\":\"Prefeitura de Manaus\"},\"image\":{\"@id\":\"https:\/\/www.manaus.am.gov.br\/cgm\/#\/schema\/logo\/image\/\"},\"sameAs\":[\"https:\/\/www.facebook.com\/cgmmanaus\",\"https:\/\/www.instagram.com\/cgmmanaus\/\"]},{\"@type\":\"Person\",\"@id\":\"https:\/\/www.manaus.am.gov.br\/cgm\/#\/schema\/person\/4eea2a8f78dc853097abb026f728aa06\",\"name\":\"Renata Felix\",\"image\":{\"@type\":\"ImageObject\",\"inLanguage\":\"pt-BR\",\"@id\":\"https:\/\/www.manaus.am.gov.br\/cgm\/#\/schema\/person\/image\/\",\"url\":\"https:\/\/secure.gravatar.com\/avatar\/3c196cf9d3b837b24c8edb2c50fd8f29?s=96&d=mm&r=g\",\"contentUrl\":\"https:\/\/secure.gravatar.com\/avatar\/3c196cf9d3b837b24c8edb2c50fd8f29?s=96&d=mm&r=g\",\"caption\":\"Renata Felix\"}}]}<\/script>\n<!-- \/ Yoast SEO plugin. -->","yoast_head_json":{"title":"Acordo t\u00e9cnico entre CGM e TCE-AM busca intera\u00e7\u00e3o e aperfei\u00e7oamento da gest\u00e3o p\u00fablica - CGM","robots":{"index":"index","follow":"follow","max-snippet":"max-snippet:-1","max-image-preview":"max-image-preview:large","max-video-preview":"max-video-preview:-1"},"canonical":"https:\/\/www.manaus.am.gov.br\/cgm\/acordo-tecnico-entre-cgm-e-tce-am-busca-interacao-e-aperfeicoamento-da-gestao-publica\/","og_locale":"pt_BR","og_type":"article","og_title":"Acordo t\u00e9cnico entre CGM e TCE-AM busca intera\u00e7\u00e3o e aperfei\u00e7oamento da gest\u00e3o p\u00fablica - CGM","og_url":"https:\/\/www.manaus.am.gov.br\/cgm\/acordo-tecnico-entre-cgm-e-tce-am-busca-interacao-e-aperfeicoamento-da-gestao-publica\/","og_site_name":"CGM","article_publisher":"https:\/\/www.facebook.com\/cgmmanaus","article_published_time":"2022-08-23T22:14:25+00:00","article_modified_time":"2023-01-04T19:53:06+00:00","og_image":[{"width":1280,"height":853,"url":"https:\/\/www.manaus.am.gov.br\/cgm\/wp-content\/uploads\/sites\/9\/2023\/01\/Acordo-tecnico-entre-CGM-e-TCE-AM-busca-interacao-e-aperfeicoamento-da-gestao-publica.jpeg","type":"image\/jpeg"}],"author":"Renata Felix","twitter_card":"summary_large_image","twitter_misc":{"Written by":"Renata Felix","Est. reading time":"2 minutos"},"schema":{"@context":"https:\/\/schema.org","@graph":[{"@type":"Article","@id":"https:\/\/www.manaus.am.gov.br\/cgm\/acordo-tecnico-entre-cgm-e-tce-am-busca-interacao-e-aperfeicoamento-da-gestao-publica\/#article","isPartOf":{"@id":"https:\/\/www.manaus.am.gov.br\/cgm\/acordo-tecnico-entre-cgm-e-tce-am-busca-interacao-e-aperfeicoamento-da-gestao-publica\/"},"author":{"name":"Renata Felix","@id":"https:\/\/www.manaus.am.gov.br\/cgm\/#\/schema\/person\/4eea2a8f78dc853097abb026f728aa06"},"headline":"Acordo t\u00e9cnico entre CGM e TCE-AM busca intera\u00e7\u00e3o e aperfei\u00e7oamento da gest\u00e3o p\u00fablica","datePublished":"2022-08-23T22:14:25+00:00","dateModified":"2023-01-04T19:53:06+00:00","mainEntityOfPage":{"@id":"https:\/\/www.manaus.am.gov.br\/cgm\/acordo-tecnico-entre-cgm-e-tce-am-busca-interacao-e-aperfeicoamento-da-gestao-publica\/"},"wordCount":414,"publisher":{"@id":"https:\/\/www.manaus.am.gov.br\/cgm\/#organization"},"image":{"@id":"https:\/\/www.manaus.am.gov.br\/cgm\/acordo-tecnico-entre-cgm-e-tce-am-busca-interacao-e-aperfeicoamento-da-gestao-publica\/#primaryimage"},"thumbnailUrl":"https:\/\/www.manaus.am.gov.br\/cgm\/wp-content\/uploads\/sites\/9\/2023\/01\/Acordo-tecnico-entre-CGM-e-TCE-AM-busca-interacao-e-aperfeicoamento-da-gestao-publica.jpeg","keywords":["CGM","parceria","TCE-AM","termo de coopera\u00e7\u00e3o t\u00e9cnica"],"articleSection":["Parceria"],"inLanguage":"pt-BR"},{"@type":"WebPage","@id":"https:\/\/www.manaus.am.gov.br\/cgm\/acordo-tecnico-entre-cgm-e-tce-am-busca-interacao-e-aperfeicoamento-da-gestao-publica\/","url":"https:\/\/www.manaus.am.gov.br\/cgm\/acordo-tecnico-entre-cgm-e-tce-am-busca-interacao-e-aperfeicoamento-da-gestao-publica\/","name":"Acordo t\u00e9cnico entre CGM e TCE-AM busca intera\u00e7\u00e3o e aperfei\u00e7oamento da gest\u00e3o p\u00fablica - CGM","isPartOf":{"@id":"https:\/\/www.manaus.am.gov.br\/cgm\/#website"},"primaryImageOfPage":{"@id":"https:\/\/www.manaus.am.gov.br\/cgm\/acordo-tecnico-entre-cgm-e-tce-am-busca-interacao-e-aperfeicoamento-da-gestao-publica\/#primaryimage"},"image":{"@id":"https:\/\/www.manaus.am.gov.br\/cgm\/acordo-tecnico-entre-cgm-e-tce-am-busca-interacao-e-aperfeicoamento-da-gestao-publica\/#primaryimage"},"thumbnailUrl":"https:\/\/www.manaus.am.gov.br\/cgm\/wp-content\/uploads\/sites\/9\/2023\/01\/Acordo-tecnico-entre-CGM-e-TCE-AM-busca-interacao-e-aperfeicoamento-da-gestao-publica.jpeg","datePublished":"2022-08-23T22:14:25+00:00","dateModified":"2023-01-04T19:53:06+00:00","inLanguage":"pt-BR","potentialAction":[{"@type":"ReadAction","target":["https:\/\/www.manaus.am.gov.br\/cgm\/acordo-tecnico-entre-cgm-e-tce-am-busca-interacao-e-aperfeicoamento-da-gestao-publica\/"]}]},{"@type":"ImageObject","inLanguage":"pt-BR","@id":"https:\/\/www.manaus.am.gov.br\/cgm\/acordo-tecnico-entre-cgm-e-tce-am-busca-interacao-e-aperfeicoamento-da-gestao-publica\/#primaryimage","url":"https:\/\/www.manaus.am.gov.br\/cgm\/wp-content\/uploads\/sites\/9\/2023\/01\/Acordo-tecnico-entre-CGM-e-TCE-AM-busca-interacao-e-aperfeicoamento-da-gestao-publica.jpeg","contentUrl":"https:\/\/www.manaus.am.gov.br\/cgm\/wp-content\/uploads\/sites\/9\/2023\/01\/Acordo-tecnico-entre-CGM-e-TCE-AM-busca-interacao-e-aperfeicoamento-da-gestao-publica.jpeg","width":1280,"height":853,"caption":"Acordo t\u00e9cnico entre CGM e TCE-AM busca intera\u00e7\u00e3o e aperfei\u00e7oamento da gest\u00e3o p\u00fablica"},{"@type":"WebSite","@id":"https:\/\/www.manaus.am.gov.br\/cgm\/#website","url":"https:\/\/www.manaus.am.gov.br\/cgm\/","name":"CGM","description":"Controladoria Geral do Munic\u00edpio","publisher":{"@id":"https:\/\/www.manaus.am.gov.br\/cgm\/#organization"},"alternateName":"Controladoria-Geral do Munic\u00edpio","potentialAction":[{"@type":"SearchAction","target":{"@type":"EntryPoint","urlTemplate":"https:\/\/www.manaus.am.gov.br\/cgm\/?s={search_term_string}"},"query-input":"required name=search_term_string"}],"inLanguage":"pt-BR"},{"@type":"Organization","@id":"https:\/\/www.manaus.am.gov.br\/cgm\/#organization","name":"Prefeitura de Manaus","alternateName":"Prefeitura Municipal de Manaus","url":"https:\/\/www.manaus.am.gov.br\/cgm\/","logo":{"@type":"ImageObject","inLanguage":"pt-BR","@id":"https:\/\/www.manaus.am.gov.br\/cgm\/#\/schema\/logo\/image\/","url":"https:\/\/www.manaus.am.gov.br\/cgm\/wp-content\/uploads\/sites\/9\/2024\/06\/favicon.png","contentUrl":"https:\/\/www.manaus.am.gov.br\/cgm\/wp-content\/uploads\/sites\/9\/2024\/06\/favicon.png","width":300,"height":300,"caption":"Prefeitura de Manaus"},"image":{"@id":"https:\/\/www.manaus.am.gov.br\/cgm\/#\/schema\/logo\/image\/"},"sameAs":["https:\/\/www.facebook.com\/cgmmanaus","https:\/\/www.instagram.com\/cgmmanaus\/"]},{"@type":"Person","@id":"https:\/\/www.manaus.am.gov.br\/cgm\/#\/schema\/person\/4eea2a8f78dc853097abb026f728aa06","name":"Renata Felix","image":{"@type":"ImageObject","inLanguage":"pt-BR","@id":"https:\/\/www.manaus.am.gov.br\/cgm\/#\/schema\/person\/image\/","url":"https:\/\/secure.gravatar.com\/avatar\/3c196cf9d3b837b24c8edb2c50fd8f29?s=96&d=mm&r=g","contentUrl":"https:\/\/secure.gravatar.com\/avatar\/3c196cf9d3b837b24c8edb2c50fd8f29?s=96&d=mm&r=g","caption":"Renata Felix"}}]}},"_links":{"self":[{"href":"https:\/\/www.manaus.am.gov.br\/cgm\/wp-json\/wp\/v2\/posts\/736"}],"collection":[{"href":"https:\/\/www.manaus.am.gov.br\/cgm\/wp-json\/wp\/v2\/posts"}],"about":[{"href":"https:\/\/www.manaus.am.gov.br\/cgm\/wp-json\/wp\/v2\/types\/post"}],"author":[{"embeddable":true,"href":"https:\/\/www.manaus.am.gov.br\/cgm\/wp-json\/wp\/v2\/users\/31"}],"replies":[{"embeddable":true,"href":"https:\/\/www.manaus.am.gov.br\/cgm\/wp-json\/wp\/v2\/comments?post=736"}],"version-history":[{"count":2,"href":"https:\/\/www.manaus.am.gov.br\/cgm\/wp-json\/wp\/v2\/posts\/736\/revisions"}],"predecessor-version":[{"id":739,"href":"https:\/\/www.manaus.am.gov.br\/cgm\/wp-json\/wp\/v2\/posts\/736\/revisions\/739"}],"wp:featuredmedia":[{"embeddable":true,"href":"https:\/\/www.manaus.am.gov.br\/cgm\/wp-json\/wp\/v2\/media\/740"}],"wp:attachment":[{"href":"https:\/\/www.manaus.am.gov.br\/cgm\/wp-json\/wp\/v2\/media?parent=736"}],"wp:term":[{"taxonomy":"category","embeddable":true,"href":"https:\/\/www.manaus.am.gov.br\/cgm\/wp-json\/wp\/v2\/categories?post=736"},{"taxonomy":"post_tag","embeddable":true,"href":"https:\/\/www.manaus.am.gov.br\/cgm\/wp-json\/wp\/v2\/tags?post=736"}],"curies":[{"name":"wp","href":"https:\/\/api.w.org\/{rel}","templated":true}]}}