{"id":730,"date":"2022-09-30T15:15:00","date_gmt":"2022-09-30T19:15:00","guid":{"rendered":"https:\/\/www.manaus.am.gov.br\/cgm\/ageman-acompanha-vistoria-da-controladoria-no-servico-zona-azul\/"},"modified":"2024-01-08T16:03:20","modified_gmt":"2024-01-08T20:03:20","slug":"ageman-acompanha-vistoria-da-controladoria-no-servico-zona-azul","status":"publish","type":"post","link":"https:\/\/www.manaus.am.gov.br\/cgm\/ageman-acompanha-vistoria-da-controladoria-no-servico-zona-azul\/","title":{"rendered":"Ageman acompanha vistoria da Controladoria no servi\u00e7o Zona Azul"},"content":{"rendered":"\n<p>T\u00e9cnicos da Ag\u00eancia Reguladora dos Servi\u00e7os P\u00fablicos Delegados do Munic\u00edpio de Manaus (Ageman) acompanharam na manh\u00e3 desta sexta-feira, 30\/9, uma vistoria externa realizada pela Controladoria-Geral do Munic\u00edpio (CGM) na opera\u00e7\u00e3o do servi\u00e7o Zona Azul, no Centro, e tamb\u00e9m no conjunto Vieiralves, bairro Nossa Senhora das Gra\u00e7as, zona Centro-Sul.<\/p>\n\n\n\n<p>Durante a inspe\u00e7\u00e3o, foram observados os tamanhos das vagas comuns destinadas aos ve\u00edculos e nas \u00e1reas exclusivas para idosos e pessoas com defici\u00eancia. A identifica\u00e7\u00e3o das vagas foi outro ponto analisado pela equipe de controle interno da Ageman e da Controladoria.<\/p>\n\n\n\n<p>No Centro, as t\u00e9cnicas estiveram nas ruas Monsenhor Coutinho, 10 de Julho e Rocha dos Santos. No Vieiralves, a equipe inspecionou o funcionamento do servi\u00e7o nas ruas Rio Juta\u00ed, Rio Purus, Rio Madeira e Rio Mar.<\/p>\n\n\n\n<p>Al\u00e9m do Zona Azul, a equipe da CGM tamb\u00e9m far\u00e1 inspe\u00e7\u00e3o no servi\u00e7o de ilumina\u00e7\u00e3o p\u00fablica e no saneamento b\u00e1sico.<\/p>\n\n\n\n<p>As inspe\u00e7\u00f5es externas da CGM passaram a integrar a auditoria de acompanhamento de gest\u00e3o em todas as \u00e1reas da Prefeitura de Manaus a pedido do prefeito David Almeida. Na Ageman, as inspe\u00e7\u00f5es ocorrem semestralmente.<\/p>\n\n\n\n<p>O diretor-presidente da Ageman, Elson Ferreira, acompanhou a vistoria e ressaltou a import\u00e2ncia do trabalho da Controladoria. \u201cEssas auditorias de acompanhamento da gest\u00e3o s\u00e3o de extrema import\u00e2ncia, pois, al\u00e9m de estarem previstas legalmente, t\u00eam o intuito de manter um acompanhamento cont\u00ednuo e sistem\u00e1tico dos atos da nossa gest\u00e3o\u201d, afirmou.<\/p>\n\n\n\n<p>Al\u00e9m das inspe\u00e7\u00f5es externas, a Controladoria tamb\u00e9m promove o acompanhamento das rotinas referentes as \u00e1reas or\u00e7ament\u00e1ria e financeira, gest\u00e3o de pessoas, gest\u00e3o patrimonial, gest\u00e3o de suprimentos de bens e servi\u00e7os e gest\u00e3o de transfer\u00eancias volunt\u00e1rias.<\/p>\n\n\n\n<p>Ao final das inspe\u00e7\u00f5es, a CGM ir\u00e1 elaborar um relat\u00f3rio de auditoria, o qual reunir\u00e1 constata\u00e7\u00f5es que dever\u00e3o ser sanadas pelo gestor, caso haja alguma n\u00e3o conformidade.<\/p>\n\n\n\n<p><strong>&nbsp;<\/strong><\/p>\n\n\n\n<p>&#8212; &#8212; &#8212;<\/p>\n\n\n\n<p><strong>Texto &#8211;&nbsp;<\/strong>Tereza Te\u00f3filo \/ Ageman<\/p>\n\n\n\n<p><strong>Fotos &#8211;&nbsp;<\/strong>Divulga\u00e7\u00e3o \/ Ageman<\/p>\n\n\n\n<p>&nbsp;<\/p>\n","protected":false},"excerpt":{"rendered":"","protected":false},"author":24,"featured_media":731,"comment_status":"closed","ping_status":"closed","sticky":false,"template":"","format":"standard","meta":{"footnotes":""},"categories":[4],"tags":[5,6,7,8,9,10],"acf":[],"yoast_head":"<!-- This site is optimized with the Yoast SEO plugin v23.0 - https:\/\/yoast.com\/wordpress\/plugins\/seo\/ -->\n<title>Ageman acompanha vistoria da Controladoria no servi\u00e7o Zona Azul - CGM<\/title>\n<meta name=\"robots\" content=\"index, follow, max-snippet:-1, max-image-preview:large, max-video-preview:-1\" \/>\n<link rel=\"canonical\" href=\"https:\/\/www.manaus.am.gov.br\/cgm\/ageman-acompanha-vistoria-da-controladoria-no-servico-zona-azul\/\" \/>\n<meta property=\"og:locale\" content=\"pt_BR\" \/>\n<meta property=\"og:type\" content=\"article\" \/>\n<meta property=\"og:title\" content=\"Ageman acompanha vistoria da Controladoria no servi\u00e7o Zona Azul - CGM\" \/>\n<meta property=\"og:url\" content=\"https:\/\/www.manaus.am.gov.br\/cgm\/ageman-acompanha-vistoria-da-controladoria-no-servico-zona-azul\/\" \/>\n<meta property=\"og:site_name\" content=\"CGM\" \/>\n<meta property=\"article:publisher\" content=\"https:\/\/www.facebook.com\/cgmmanaus\" \/>\n<meta property=\"article:published_time\" content=\"2022-09-30T19:15:00+00:00\" \/>\n<meta property=\"article:modified_time\" content=\"2024-01-08T20:03:20+00:00\" \/>\n<meta property=\"og:image\" content=\"https:\/\/www.manaus.am.gov.br\/cgm\/wp-content\/uploads\/sites\/9\/2023\/01\/Ageman-acompanha-vistoria-da-Controladoria-no-servico-Zona-Azul.jpg\" \/>\n\t<meta property=\"og:image:width\" content=\"720\" \/>\n\t<meta property=\"og:image:height\" content=\"407\" \/>\n\t<meta property=\"og:image:type\" content=\"image\/jpeg\" \/>\n<meta name=\"author\" content=\"Cl\u00e1udia Barbosa\" \/>\n<meta name=\"twitter:card\" content=\"summary_large_image\" \/>\n<meta name=\"twitter:label1\" content=\"Written by\" \/>\n\t<meta name=\"twitter:data1\" content=\"Cl\u00e1udia Barbosa\" \/>\n\t<meta name=\"twitter:label2\" content=\"Est. reading time\" \/>\n\t<meta name=\"twitter:data2\" content=\"2 minutos\" \/>\n<script type=\"application\/ld+json\" class=\"yoast-schema-graph\">{\"@context\":\"https:\/\/schema.org\",\"@graph\":[{\"@type\":\"Article\",\"@id\":\"https:\/\/www.manaus.am.gov.br\/cgm\/ageman-acompanha-vistoria-da-controladoria-no-servico-zona-azul\/#article\",\"isPartOf\":{\"@id\":\"https:\/\/www.manaus.am.gov.br\/cgm\/ageman-acompanha-vistoria-da-controladoria-no-servico-zona-azul\/\"},\"author\":{\"name\":\"Cl\u00e1udia Barbosa\",\"@id\":\"https:\/\/www.manaus.am.gov.br\/cgm\/#\/schema\/person\/d0a166b5031154c33c77794ddc9a827e\"},\"headline\":\"Ageman acompanha vistoria da Controladoria no servi\u00e7o Zona Azul\",\"datePublished\":\"2022-09-30T19:15:00+00:00\",\"dateModified\":\"2024-01-08T20:03:20+00:00\",\"mainEntityOfPage\":{\"@id\":\"https:\/\/www.manaus.am.gov.br\/cgm\/ageman-acompanha-vistoria-da-controladoria-no-servico-zona-azul\/\"},\"wordCount\":368,\"publisher\":{\"@id\":\"https:\/\/www.manaus.am.gov.br\/cgm\/#organization\"},\"image\":{\"@id\":\"https:\/\/www.manaus.am.gov.br\/cgm\/ageman-acompanha-vistoria-da-controladoria-no-servico-zona-azul\/#primaryimage\"},\"thumbnailUrl\":\"https:\/\/www.manaus.am.gov.br\/cgm\/wp-content\/uploads\/sites\/9\/2023\/01\/Ageman-acompanha-vistoria-da-Controladoria-no-servico-Zona-Azul.jpg\",\"keywords\":[\"ageman\",\"Ag\u00eancia Reguladora dos Servi\u00e7os P\u00fablicos Delegados do Munic\u00edpio de Manaus\",\"CGM\",\"Controladoria Geral do Munic\u00edpio\",\"Elson Ferreira\",\"zona azul\"],\"articleSection\":[\"INSPE\u00c7\u00c3O\"],\"inLanguage\":\"pt-BR\"},{\"@type\":\"WebPage\",\"@id\":\"https:\/\/www.manaus.am.gov.br\/cgm\/ageman-acompanha-vistoria-da-controladoria-no-servico-zona-azul\/\",\"url\":\"https:\/\/www.manaus.am.gov.br\/cgm\/ageman-acompanha-vistoria-da-controladoria-no-servico-zona-azul\/\",\"name\":\"Ageman acompanha vistoria da Controladoria no servi\u00e7o Zona Azul - CGM\",\"isPartOf\":{\"@id\":\"https:\/\/www.manaus.am.gov.br\/cgm\/#website\"},\"primaryImageOfPage\":{\"@id\":\"https:\/\/www.manaus.am.gov.br\/cgm\/ageman-acompanha-vistoria-da-controladoria-no-servico-zona-azul\/#primaryimage\"},\"image\":{\"@id\":\"https:\/\/www.manaus.am.gov.br\/cgm\/ageman-acompanha-vistoria-da-controladoria-no-servico-zona-azul\/#primaryimage\"},\"thumbnailUrl\":\"https:\/\/www.manaus.am.gov.br\/cgm\/wp-content\/uploads\/sites\/9\/2023\/01\/Ageman-acompanha-vistoria-da-Controladoria-no-servico-Zona-Azul.jpg\",\"datePublished\":\"2022-09-30T19:15:00+00:00\",\"dateModified\":\"2024-01-08T20:03:20+00:00\",\"inLanguage\":\"pt-BR\",\"potentialAction\":[{\"@type\":\"ReadAction\",\"target\":[\"https:\/\/www.manaus.am.gov.br\/cgm\/ageman-acompanha-vistoria-da-controladoria-no-servico-zona-azul\/\"]}]},{\"@type\":\"ImageObject\",\"inLanguage\":\"pt-BR\",\"@id\":\"https:\/\/www.manaus.am.gov.br\/cgm\/ageman-acompanha-vistoria-da-controladoria-no-servico-zona-azul\/#primaryimage\",\"url\":\"https:\/\/www.manaus.am.gov.br\/cgm\/wp-content\/uploads\/sites\/9\/2023\/01\/Ageman-acompanha-vistoria-da-Controladoria-no-servico-Zona-Azul.jpg\",\"contentUrl\":\"https:\/\/www.manaus.am.gov.br\/cgm\/wp-content\/uploads\/sites\/9\/2023\/01\/Ageman-acompanha-vistoria-da-Controladoria-no-servico-Zona-Azul.jpg\",\"width\":720,\"height\":407,\"caption\":\"Ageman acompanha vistoria da Controladoria no servi\u00e7o Zona Azul\"},{\"@type\":\"WebSite\",\"@id\":\"https:\/\/www.manaus.am.gov.br\/cgm\/#website\",\"url\":\"https:\/\/www.manaus.am.gov.br\/cgm\/\",\"name\":\"CGM\",\"description\":\"Controladoria Geral do Munic\u00edpio\",\"publisher\":{\"@id\":\"https:\/\/www.manaus.am.gov.br\/cgm\/#organization\"},\"alternateName\":\"Controladoria-Geral do Munic\u00edpio\",\"potentialAction\":[{\"@type\":\"SearchAction\",\"target\":{\"@type\":\"EntryPoint\",\"urlTemplate\":\"https:\/\/www.manaus.am.gov.br\/cgm\/?s={search_term_string}\"},\"query-input\":\"required name=search_term_string\"}],\"inLanguage\":\"pt-BR\"},{\"@type\":\"Organization\",\"@id\":\"https:\/\/www.manaus.am.gov.br\/cgm\/#organization\",\"name\":\"Prefeitura de Manaus\",\"alternateName\":\"Prefeitura Municipal de Manaus\",\"url\":\"https:\/\/www.manaus.am.gov.br\/cgm\/\",\"logo\":{\"@type\":\"ImageObject\",\"inLanguage\":\"pt-BR\",\"@id\":\"https:\/\/www.manaus.am.gov.br\/cgm\/#\/schema\/logo\/image\/\",\"url\":\"https:\/\/www.manaus.am.gov.br\/cgm\/wp-content\/uploads\/sites\/9\/2024\/06\/favicon.png\",\"contentUrl\":\"https:\/\/www.manaus.am.gov.br\/cgm\/wp-content\/uploads\/sites\/9\/2024\/06\/favicon.png\",\"width\":300,\"height\":300,\"caption\":\"Prefeitura de Manaus\"},\"image\":{\"@id\":\"https:\/\/www.manaus.am.gov.br\/cgm\/#\/schema\/logo\/image\/\"},\"sameAs\":[\"https:\/\/www.facebook.com\/cgmmanaus\",\"https:\/\/www.instagram.com\/cgmmanaus\/\"]},{\"@type\":\"Person\",\"@id\":\"https:\/\/www.manaus.am.gov.br\/cgm\/#\/schema\/person\/d0a166b5031154c33c77794ddc9a827e\",\"name\":\"Cl\u00e1udia Barbosa\",\"image\":{\"@type\":\"ImageObject\",\"inLanguage\":\"pt-BR\",\"@id\":\"https:\/\/www.manaus.am.gov.br\/cgm\/#\/schema\/person\/image\/\",\"url\":\"https:\/\/secure.gravatar.com\/avatar\/42958a1cf007f1a00534009218c72590?s=96&d=mm&r=g\",\"contentUrl\":\"https:\/\/secure.gravatar.com\/avatar\/42958a1cf007f1a00534009218c72590?s=96&d=mm&r=g\",\"caption\":\"Cl\u00e1udia Barbosa\"}}]}<\/script>\n<!-- \/ Yoast SEO plugin. -->","yoast_head_json":{"title":"Ageman acompanha vistoria da Controladoria no servi\u00e7o Zona Azul - CGM","robots":{"index":"index","follow":"follow","max-snippet":"max-snippet:-1","max-image-preview":"max-image-preview:large","max-video-preview":"max-video-preview:-1"},"canonical":"https:\/\/www.manaus.am.gov.br\/cgm\/ageman-acompanha-vistoria-da-controladoria-no-servico-zona-azul\/","og_locale":"pt_BR","og_type":"article","og_title":"Ageman acompanha vistoria da Controladoria no servi\u00e7o Zona Azul - CGM","og_url":"https:\/\/www.manaus.am.gov.br\/cgm\/ageman-acompanha-vistoria-da-controladoria-no-servico-zona-azul\/","og_site_name":"CGM","article_publisher":"https:\/\/www.facebook.com\/cgmmanaus","article_published_time":"2022-09-30T19:15:00+00:00","article_modified_time":"2024-01-08T20:03:20+00:00","og_image":[{"width":720,"height":407,"url":"https:\/\/www.manaus.am.gov.br\/cgm\/wp-content\/uploads\/sites\/9\/2023\/01\/Ageman-acompanha-vistoria-da-Controladoria-no-servico-Zona-Azul.jpg","type":"image\/jpeg"}],"author":"Cl\u00e1udia Barbosa","twitter_card":"summary_large_image","twitter_misc":{"Written by":"Cl\u00e1udia Barbosa","Est. reading time":"2 minutos"},"schema":{"@context":"https:\/\/schema.org","@graph":[{"@type":"Article","@id":"https:\/\/www.manaus.am.gov.br\/cgm\/ageman-acompanha-vistoria-da-controladoria-no-servico-zona-azul\/#article","isPartOf":{"@id":"https:\/\/www.manaus.am.gov.br\/cgm\/ageman-acompanha-vistoria-da-controladoria-no-servico-zona-azul\/"},"author":{"name":"Cl\u00e1udia Barbosa","@id":"https:\/\/www.manaus.am.gov.br\/cgm\/#\/schema\/person\/d0a166b5031154c33c77794ddc9a827e"},"headline":"Ageman acompanha vistoria da Controladoria no servi\u00e7o Zona Azul","datePublished":"2022-09-30T19:15:00+00:00","dateModified":"2024-01-08T20:03:20+00:00","mainEntityOfPage":{"@id":"https:\/\/www.manaus.am.gov.br\/cgm\/ageman-acompanha-vistoria-da-controladoria-no-servico-zona-azul\/"},"wordCount":368,"publisher":{"@id":"https:\/\/www.manaus.am.gov.br\/cgm\/#organization"},"image":{"@id":"https:\/\/www.manaus.am.gov.br\/cgm\/ageman-acompanha-vistoria-da-controladoria-no-servico-zona-azul\/#primaryimage"},"thumbnailUrl":"https:\/\/www.manaus.am.gov.br\/cgm\/wp-content\/uploads\/sites\/9\/2023\/01\/Ageman-acompanha-vistoria-da-Controladoria-no-servico-Zona-Azul.jpg","keywords":["ageman","Ag\u00eancia Reguladora dos Servi\u00e7os P\u00fablicos Delegados do Munic\u00edpio de Manaus","CGM","Controladoria Geral do Munic\u00edpio","Elson Ferreira","zona azul"],"articleSection":["INSPE\u00c7\u00c3O"],"inLanguage":"pt-BR"},{"@type":"WebPage","@id":"https:\/\/www.manaus.am.gov.br\/cgm\/ageman-acompanha-vistoria-da-controladoria-no-servico-zona-azul\/","url":"https:\/\/www.manaus.am.gov.br\/cgm\/ageman-acompanha-vistoria-da-controladoria-no-servico-zona-azul\/","name":"Ageman acompanha vistoria da Controladoria no servi\u00e7o Zona Azul - CGM","isPartOf":{"@id":"https:\/\/www.manaus.am.gov.br\/cgm\/#website"},"primaryImageOfPage":{"@id":"https:\/\/www.manaus.am.gov.br\/cgm\/ageman-acompanha-vistoria-da-controladoria-no-servico-zona-azul\/#primaryimage"},"image":{"@id":"https:\/\/www.manaus.am.gov.br\/cgm\/ageman-acompanha-vistoria-da-controladoria-no-servico-zona-azul\/#primaryimage"},"thumbnailUrl":"https:\/\/www.manaus.am.gov.br\/cgm\/wp-content\/uploads\/sites\/9\/2023\/01\/Ageman-acompanha-vistoria-da-Controladoria-no-servico-Zona-Azul.jpg","datePublished":"2022-09-30T19:15:00+00:00","dateModified":"2024-01-08T20:03:20+00:00","inLanguage":"pt-BR","potentialAction":[{"@type":"ReadAction","target":["https:\/\/www.manaus.am.gov.br\/cgm\/ageman-acompanha-vistoria-da-controladoria-no-servico-zona-azul\/"]}]},{"@type":"ImageObject","inLanguage":"pt-BR","@id":"https:\/\/www.manaus.am.gov.br\/cgm\/ageman-acompanha-vistoria-da-controladoria-no-servico-zona-azul\/#primaryimage","url":"https:\/\/www.manaus.am.gov.br\/cgm\/wp-content\/uploads\/sites\/9\/2023\/01\/Ageman-acompanha-vistoria-da-Controladoria-no-servico-Zona-Azul.jpg","contentUrl":"https:\/\/www.manaus.am.gov.br\/cgm\/wp-content\/uploads\/sites\/9\/2023\/01\/Ageman-acompanha-vistoria-da-Controladoria-no-servico-Zona-Azul.jpg","width":720,"height":407,"caption":"Ageman acompanha vistoria da Controladoria no servi\u00e7o Zona Azul"},{"@type":"WebSite","@id":"https:\/\/www.manaus.am.gov.br\/cgm\/#website","url":"https:\/\/www.manaus.am.gov.br\/cgm\/","name":"CGM","description":"Controladoria Geral do Munic\u00edpio","publisher":{"@id":"https:\/\/www.manaus.am.gov.br\/cgm\/#organization"},"alternateName":"Controladoria-Geral do Munic\u00edpio","potentialAction":[{"@type":"SearchAction","target":{"@type":"EntryPoint","urlTemplate":"https:\/\/www.manaus.am.gov.br\/cgm\/?s={search_term_string}"},"query-input":"required name=search_term_string"}],"inLanguage":"pt-BR"},{"@type":"Organization","@id":"https:\/\/www.manaus.am.gov.br\/cgm\/#organization","name":"Prefeitura de Manaus","alternateName":"Prefeitura Municipal de Manaus","url":"https:\/\/www.manaus.am.gov.br\/cgm\/","logo":{"@type":"ImageObject","inLanguage":"pt-BR","@id":"https:\/\/www.manaus.am.gov.br\/cgm\/#\/schema\/logo\/image\/","url":"https:\/\/www.manaus.am.gov.br\/cgm\/wp-content\/uploads\/sites\/9\/2024\/06\/favicon.png","contentUrl":"https:\/\/www.manaus.am.gov.br\/cgm\/wp-content\/uploads\/sites\/9\/2024\/06\/favicon.png","width":300,"height":300,"caption":"Prefeitura de Manaus"},"image":{"@id":"https:\/\/www.manaus.am.gov.br\/cgm\/#\/schema\/logo\/image\/"},"sameAs":["https:\/\/www.facebook.com\/cgmmanaus","https:\/\/www.instagram.com\/cgmmanaus\/"]},{"@type":"Person","@id":"https:\/\/www.manaus.am.gov.br\/cgm\/#\/schema\/person\/d0a166b5031154c33c77794ddc9a827e","name":"Cl\u00e1udia Barbosa","image":{"@type":"ImageObject","inLanguage":"pt-BR","@id":"https:\/\/www.manaus.am.gov.br\/cgm\/#\/schema\/person\/image\/","url":"https:\/\/secure.gravatar.com\/avatar\/42958a1cf007f1a00534009218c72590?s=96&d=mm&r=g","contentUrl":"https:\/\/secure.gravatar.com\/avatar\/42958a1cf007f1a00534009218c72590?s=96&d=mm&r=g","caption":"Cl\u00e1udia Barbosa"}}]}},"_links":{"self":[{"href":"https:\/\/www.manaus.am.gov.br\/cgm\/wp-json\/wp\/v2\/posts\/730"}],"collection":[{"href":"https:\/\/www.manaus.am.gov.br\/cgm\/wp-json\/wp\/v2\/posts"}],"about":[{"href":"https:\/\/www.manaus.am.gov.br\/cgm\/wp-json\/wp\/v2\/types\/post"}],"author":[{"embeddable":true,"href":"https:\/\/www.manaus.am.gov.br\/cgm\/wp-json\/wp\/v2\/users\/24"}],"replies":[{"embeddable":true,"href":"https:\/\/www.manaus.am.gov.br\/cgm\/wp-json\/wp\/v2\/comments?post=730"}],"version-history":[{"count":1,"href":"https:\/\/www.manaus.am.gov.br\/cgm\/wp-json\/wp\/v2\/posts\/730\/revisions"}],"predecessor-version":[{"id":1447,"href":"https:\/\/www.manaus.am.gov.br\/cgm\/wp-json\/wp\/v2\/posts\/730\/revisions\/1447"}],"wp:featuredmedia":[{"embeddable":true,"href":"https:\/\/www.manaus.am.gov.br\/cgm\/wp-json\/wp\/v2\/media\/731"}],"wp:attachment":[{"href":"https:\/\/www.manaus.am.gov.br\/cgm\/wp-json\/wp\/v2\/media?parent=730"}],"wp:term":[{"taxonomy":"category","embeddable":true,"href":"https:\/\/www.manaus.am.gov.br\/cgm\/wp-json\/wp\/v2\/categories?post=730"},{"taxonomy":"post_tag","embeddable":true,"href":"https:\/\/www.manaus.am.gov.br\/cgm\/wp-json\/wp\/v2\/tags?post=730"}],"curies":[{"name":"wp","href":"https:\/\/api.w.org\/{rel}","templated":true}]}}