{"id":3060,"date":"2026-04-24T16:54:47","date_gmt":"2026-04-24T20:54:47","guid":{"rendered":"https:\/\/www.manaus.am.gov.br\/cgm\/publicacao-ppta-2026\/"},"modified":"2026-04-24T16:54:50","modified_gmt":"2026-04-24T20:54:50","slug":"publicacao-ppta-2026","status":"publish","type":"post","link":"https:\/\/www.manaus.am.gov.br\/cgm\/publicacao-ppta-2026\/","title":{"rendered":"Prefeitura de Manaus publica \u2018Plano de Trabalho Anual de Auditoria\u2019 para o exerc\u00edcio de 2026"},"content":{"rendered":"\n<p>A Prefeitura de Manaus, por meio da Controladoria-Geral do Munic\u00edpio (CGM), tornou p\u00fablico o \u201cPlano de Trabalho Anual de Auditoria\u201d (PTAA) para o ano de 2026, por meio de publica\u00e7\u00e3o na edi\u00e7\u00e3o n\u00ba 6296 no Di\u00e1rio Oficial do Munic\u00edpio (DOM), de 22\/4. O documento disponibiliza os procedimentos operacionais e as estrat\u00e9gias metodol\u00f3gicas que ser\u00e3o adotadas nas a\u00e7\u00f5es de auditoria para o exerc\u00edcio de 2026.<\/p>\n\n\n\n<p>Segundo o controlador-geral do Munic\u00edpio, Alessandro Moreira, o PTAA \u00e9 mais um instrumento que reafirma o compromisso da gest\u00e3o com o aprimoramento cont\u00ednuo das atividades inerentes ao controle interno.<\/p>\n\n\n\n<p>\u201c\u00c9 determina\u00e7\u00e3o do prefeito Renato J\u00fanior sobre a contribui\u00e7\u00e3o da CGM de melhorar os processos, aprimorar os servi\u00e7os p\u00fablicos que s\u00e3o praticados por todos os \u00f3rg\u00e3os final\u00edsticos da administra\u00e7\u00e3o, iniciando mais uma temporada de auditorias anuais. Este ano, al\u00e9m das auditorias de gest\u00e3o, vamos tamb\u00e9m trabalhar as auditorias baseadas em riscos junto \u00e0s unidades gestoras, e assim contribuir para aprimorar os processos internos, sendo uma inova\u00e7\u00e3o da gest\u00e3o do prefeito, que certamente trar\u00e1 bons frutos para Manaus\u201d, afirmou.<\/p>\n\n\n\n<p>Para 2026, a CGM definiu uma abordagem proativa com base em gest\u00e3o de riscos para as auditorias internas, seguindo as Normas Brasileiras de Auditoria do Setor P\u00fablico (NBASP) e as diretrizes do Instituto de Auditores Internos do Brasil (IIA), al\u00e9m de garantir sua atua\u00e7\u00e3o como \u00f3rg\u00e3o central do Sistema de Controle Interno.<\/p>\n\n\n\n<p>Respons\u00e1vel pela elabora\u00e7\u00e3o do documento, o Departamento de Controladoria (Decont), \u00e9 figura central na defini\u00e7\u00e3o das metodologias que ser\u00e3o aplicadas. O coordenador do departamento, Gleuson Chaves, refor\u00e7ou a import\u00e2ncia do acompanhamento da execu\u00e7\u00e3o das auditorias, que ser\u00e3o importantes para as a\u00e7\u00f5es do munic\u00edpio.<\/p>\n\n\n\n<p>\u201cO Plano de Trabalho Anual de Auditoria define as prioridades de auditoria com base em riscos, estabelece as metodologias padronizadas e orienta a atua\u00e7\u00e3o da auditoria na execu\u00e7\u00e3o dos trabalhos. Atrav\u00e9s do documento, a controladoria adota uma postura estrat\u00e9gica, pois vamos atuar tamb\u00e9m nas a\u00e7\u00f5es de consultoria, no apoio \u00e0s tomadas de decis\u00e3o. Assim, alcan\u00e7aremos o fortalecimento da governan\u00e7a, da transpar\u00eancia e da efici\u00eancia da administra\u00e7\u00e3o municipal\u201d, pontuou Chaves.<\/p>\n\n\n\n<p>Como resultado, o plano visa fortalecer a parceria com as unidades gestoras da prefeitura e com a alta gest\u00e3o, aprimorar os controles internos existentes, reduzindo riscos a partir de uma atua\u00e7\u00e3o construtiva, colaborativa e, por fim, alcan\u00e7ar os objetivos institucionais com transpar\u00eancia e \u00e9tica junto \u00e0 sociedade.<\/p>\n\n\n\n<p>O PTAA\/2026 est\u00e1 dispon\u00edvel no site da CGM, no endere\u00e7o: \/<a href=\"http:\/\/www.manaus.am.gov.br\/cgm\/auditoria\/\" target=\"_blank\" rel=\"noreferrer noopener\">www.manaus.am.gov.br\/cgm\/auditoria\/<\/a><\/p>\n\n\n\n<p>&#8212; &#8212; &#8212;<\/p>\n\n\n\n<p><strong>Texto e foto<\/strong> \u2013 Oliveira Junior\/CGM<\/p>\n","protected":false},"excerpt":{"rendered":"","protected":false},"author":39,"featured_media":3061,"comment_status":"closed","ping_status":"closed","sticky":false,"template":"","format":"standard","meta":{"footnotes":""},"categories":[158],"tags":[7,279,280,281,21],"acf":[],"yoast_head":"<!-- This site is optimized with the Yoast SEO plugin v23.0 - https:\/\/yoast.com\/wordpress\/plugins\/seo\/ -->\n<title>Prefeitura publica \u2018Plano de Trabalho Anual de Auditoria\u2019 para 2026<\/title>\n<meta name=\"description\" content=\"Prefeitura de Manaus, por meio da CGM, publica \u2018Plano de Trabalho Anual de Auditoria\u2019 para o exerc\u00edcio de 2026.\" \/>\n<meta name=\"robots\" content=\"index, follow, max-snippet:-1, max-image-preview:large, max-video-preview:-1\" \/>\n<link rel=\"canonical\" href=\"https:\/\/www.manaus.am.gov.br\/cgm\/publicacao-ppta-2026\/\" \/>\n<meta property=\"og:locale\" content=\"pt_BR\" \/>\n<meta property=\"og:type\" content=\"article\" \/>\n<meta property=\"og:title\" content=\"Prefeitura publica \u2018Plano de Trabalho Anual de Auditoria\u2019 para 2026\" \/>\n<meta property=\"og:description\" content=\"Prefeitura de Manaus, por meio da CGM, publica \u2018Plano de Trabalho Anual de Auditoria\u2019 para o exerc\u00edcio de 2026.\" \/>\n<meta property=\"og:url\" content=\"https:\/\/www.manaus.am.gov.br\/cgm\/publicacao-ppta-2026\/\" \/>\n<meta property=\"og:site_name\" content=\"CGM\" \/>\n<meta property=\"article:publisher\" content=\"https:\/\/www.facebook.com\/cgmmanaus\" \/>\n<meta property=\"article:published_time\" content=\"2026-04-24T20:54:47+00:00\" \/>\n<meta property=\"article:modified_time\" content=\"2026-04-24T20:54:50+00:00\" \/>\n<meta property=\"og:image\" content=\"https:\/\/www.manaus.am.gov.br\/cgm\/wp-content\/uploads\/sites\/9\/2026\/04\/IMG_8193-1024x768.jpg\" \/>\n\t<meta property=\"og:image:width\" content=\"1024\" \/>\n\t<meta property=\"og:image:height\" content=\"768\" \/>\n\t<meta property=\"og:image:type\" content=\"image\/jpeg\" \/>\n<meta name=\"author\" content=\"Bruna Greco\" \/>\n<meta name=\"twitter:card\" content=\"summary_large_image\" \/>\n<meta name=\"twitter:label1\" content=\"Written by\" \/>\n\t<meta name=\"twitter:data1\" content=\"Bruna Greco\" \/>\n\t<meta name=\"twitter:label2\" content=\"Est. reading time\" \/>\n\t<meta name=\"twitter:data2\" content=\"3 minutos\" \/>\n<script type=\"application\/ld+json\" class=\"yoast-schema-graph\">{\"@context\":\"https:\/\/schema.org\",\"@graph\":[{\"@type\":\"Article\",\"@id\":\"https:\/\/www.manaus.am.gov.br\/cgm\/publicacao-ppta-2026\/#article\",\"isPartOf\":{\"@id\":\"https:\/\/www.manaus.am.gov.br\/cgm\/publicacao-ppta-2026\/\"},\"author\":{\"name\":\"Bruna Greco\",\"@id\":\"https:\/\/www.manaus.am.gov.br\/cgm\/#\/schema\/person\/05d223aea2bf115f9883a6ff3683d81b\"},\"headline\":\"Prefeitura de Manaus publica \u2018Plano de Trabalho Anual de Auditoria\u2019 para o exerc\u00edcio de 2026\",\"datePublished\":\"2026-04-24T20:54:47+00:00\",\"dateModified\":\"2026-04-24T20:54:50+00:00\",\"mainEntityOfPage\":{\"@id\":\"https:\/\/www.manaus.am.gov.br\/cgm\/publicacao-ppta-2026\/\"},\"wordCount\":475,\"publisher\":{\"@id\":\"https:\/\/www.manaus.am.gov.br\/cgm\/#organization\"},\"image\":{\"@id\":\"https:\/\/www.manaus.am.gov.br\/cgm\/publicacao-ppta-2026\/#primaryimage\"},\"thumbnailUrl\":\"https:\/\/www.manaus.am.gov.br\/cgm\/wp-content\/uploads\/sites\/9\/2026\/04\/IMG_8193.jpg\",\"keywords\":[\"CGM\",\"documento\",\"exerc\u00edcio de 2026\",\"Plano de Trabalho Anual de Auditoria\",\"prefeitura de manaus\"],\"articleSection\":[\"Planejamento\"],\"inLanguage\":\"pt-BR\"},{\"@type\":\"WebPage\",\"@id\":\"https:\/\/www.manaus.am.gov.br\/cgm\/publicacao-ppta-2026\/\",\"url\":\"https:\/\/www.manaus.am.gov.br\/cgm\/publicacao-ppta-2026\/\",\"name\":\"Prefeitura publica \u2018Plano de Trabalho Anual de Auditoria\u2019 para 2026\",\"isPartOf\":{\"@id\":\"https:\/\/www.manaus.am.gov.br\/cgm\/#website\"},\"primaryImageOfPage\":{\"@id\":\"https:\/\/www.manaus.am.gov.br\/cgm\/publicacao-ppta-2026\/#primaryimage\"},\"image\":{\"@id\":\"https:\/\/www.manaus.am.gov.br\/cgm\/publicacao-ppta-2026\/#primaryimage\"},\"thumbnailUrl\":\"https:\/\/www.manaus.am.gov.br\/cgm\/wp-content\/uploads\/sites\/9\/2026\/04\/IMG_8193.jpg\",\"datePublished\":\"2026-04-24T20:54:47+00:00\",\"dateModified\":\"2026-04-24T20:54:50+00:00\",\"description\":\"Prefeitura de Manaus, por meio da CGM, publica \u2018Plano de Trabalho Anual de Auditoria\u2019 para o exerc\u00edcio de 2026.\",\"inLanguage\":\"pt-BR\",\"potentialAction\":[{\"@type\":\"ReadAction\",\"target\":[\"https:\/\/www.manaus.am.gov.br\/cgm\/publicacao-ppta-2026\/\"]}]},{\"@type\":\"ImageObject\",\"inLanguage\":\"pt-BR\",\"@id\":\"https:\/\/www.manaus.am.gov.br\/cgm\/publicacao-ppta-2026\/#primaryimage\",\"url\":\"https:\/\/www.manaus.am.gov.br\/cgm\/wp-content\/uploads\/sites\/9\/2026\/04\/IMG_8193.jpg\",\"contentUrl\":\"https:\/\/www.manaus.am.gov.br\/cgm\/wp-content\/uploads\/sites\/9\/2026\/04\/IMG_8193.jpg\",\"width\":4284,\"height\":3213,\"caption\":\"#paratodosverem - Mulher acessando publica\u00e7\u00e3o do \\\"Plano de Trabalho Anual de Auditoria\\\" 2026\"},{\"@type\":\"WebSite\",\"@id\":\"https:\/\/www.manaus.am.gov.br\/cgm\/#website\",\"url\":\"https:\/\/www.manaus.am.gov.br\/cgm\/\",\"name\":\"CGM\",\"description\":\"Controladoria Geral do Munic\u00edpio\",\"publisher\":{\"@id\":\"https:\/\/www.manaus.am.gov.br\/cgm\/#organization\"},\"alternateName\":\"Controladoria-Geral do Munic\u00edpio\",\"potentialAction\":[{\"@type\":\"SearchAction\",\"target\":{\"@type\":\"EntryPoint\",\"urlTemplate\":\"https:\/\/www.manaus.am.gov.br\/cgm\/?s={search_term_string}\"},\"query-input\":\"required name=search_term_string\"}],\"inLanguage\":\"pt-BR\"},{\"@type\":\"Organization\",\"@id\":\"https:\/\/www.manaus.am.gov.br\/cgm\/#organization\",\"name\":\"Prefeitura de Manaus\",\"alternateName\":\"Prefeitura Municipal de Manaus\",\"url\":\"https:\/\/www.manaus.am.gov.br\/cgm\/\",\"logo\":{\"@type\":\"ImageObject\",\"inLanguage\":\"pt-BR\",\"@id\":\"https:\/\/www.manaus.am.gov.br\/cgm\/#\/schema\/logo\/image\/\",\"url\":\"https:\/\/www.manaus.am.gov.br\/cgm\/wp-content\/uploads\/sites\/9\/2024\/06\/favicon.png\",\"contentUrl\":\"https:\/\/www.manaus.am.gov.br\/cgm\/wp-content\/uploads\/sites\/9\/2024\/06\/favicon.png\",\"width\":300,\"height\":300,\"caption\":\"Prefeitura de Manaus\"},\"image\":{\"@id\":\"https:\/\/www.manaus.am.gov.br\/cgm\/#\/schema\/logo\/image\/\"},\"sameAs\":[\"https:\/\/www.facebook.com\/cgmmanaus\",\"https:\/\/www.instagram.com\/cgmmanaus\/\"]},{\"@type\":\"Person\",\"@id\":\"https:\/\/www.manaus.am.gov.br\/cgm\/#\/schema\/person\/05d223aea2bf115f9883a6ff3683d81b\",\"name\":\"Bruna Greco\",\"image\":{\"@type\":\"ImageObject\",\"inLanguage\":\"pt-BR\",\"@id\":\"https:\/\/www.manaus.am.gov.br\/cgm\/#\/schema\/person\/image\/\",\"url\":\"https:\/\/secure.gravatar.com\/avatar\/9c877d1a6adc2a055330e5c09a8653ce?s=96&d=mm&r=g\",\"contentUrl\":\"https:\/\/secure.gravatar.com\/avatar\/9c877d1a6adc2a055330e5c09a8653ce?s=96&d=mm&r=g\",\"caption\":\"Bruna Greco\"}}]}<\/script>\n<!-- \/ Yoast SEO plugin. -->","yoast_head_json":{"title":"Prefeitura publica \u2018Plano de Trabalho Anual de Auditoria\u2019 para 2026","description":"Prefeitura de Manaus, por meio da CGM, publica \u2018Plano de Trabalho Anual de Auditoria\u2019 para o exerc\u00edcio de 2026.","robots":{"index":"index","follow":"follow","max-snippet":"max-snippet:-1","max-image-preview":"max-image-preview:large","max-video-preview":"max-video-preview:-1"},"canonical":"https:\/\/www.manaus.am.gov.br\/cgm\/publicacao-ppta-2026\/","og_locale":"pt_BR","og_type":"article","og_title":"Prefeitura publica \u2018Plano de Trabalho Anual de Auditoria\u2019 para 2026","og_description":"Prefeitura de Manaus, por meio da CGM, publica \u2018Plano de Trabalho Anual de Auditoria\u2019 para o exerc\u00edcio de 2026.","og_url":"https:\/\/www.manaus.am.gov.br\/cgm\/publicacao-ppta-2026\/","og_site_name":"CGM","article_publisher":"https:\/\/www.facebook.com\/cgmmanaus","article_published_time":"2026-04-24T20:54:47+00:00","article_modified_time":"2026-04-24T20:54:50+00:00","og_image":[{"width":1024,"height":768,"url":"https:\/\/www.manaus.am.gov.br\/cgm\/wp-content\/uploads\/sites\/9\/2026\/04\/IMG_8193-1024x768.jpg","type":"image\/jpeg"}],"author":"Bruna Greco","twitter_card":"summary_large_image","twitter_misc":{"Written by":"Bruna Greco","Est. reading time":"3 minutos"},"schema":{"@context":"https:\/\/schema.org","@graph":[{"@type":"Article","@id":"https:\/\/www.manaus.am.gov.br\/cgm\/publicacao-ppta-2026\/#article","isPartOf":{"@id":"https:\/\/www.manaus.am.gov.br\/cgm\/publicacao-ppta-2026\/"},"author":{"name":"Bruna Greco","@id":"https:\/\/www.manaus.am.gov.br\/cgm\/#\/schema\/person\/05d223aea2bf115f9883a6ff3683d81b"},"headline":"Prefeitura de Manaus publica \u2018Plano de Trabalho Anual de Auditoria\u2019 para o exerc\u00edcio de 2026","datePublished":"2026-04-24T20:54:47+00:00","dateModified":"2026-04-24T20:54:50+00:00","mainEntityOfPage":{"@id":"https:\/\/www.manaus.am.gov.br\/cgm\/publicacao-ppta-2026\/"},"wordCount":475,"publisher":{"@id":"https:\/\/www.manaus.am.gov.br\/cgm\/#organization"},"image":{"@id":"https:\/\/www.manaus.am.gov.br\/cgm\/publicacao-ppta-2026\/#primaryimage"},"thumbnailUrl":"https:\/\/www.manaus.am.gov.br\/cgm\/wp-content\/uploads\/sites\/9\/2026\/04\/IMG_8193.jpg","keywords":["CGM","documento","exerc\u00edcio de 2026","Plano de Trabalho Anual de Auditoria","prefeitura de manaus"],"articleSection":["Planejamento"],"inLanguage":"pt-BR"},{"@type":"WebPage","@id":"https:\/\/www.manaus.am.gov.br\/cgm\/publicacao-ppta-2026\/","url":"https:\/\/www.manaus.am.gov.br\/cgm\/publicacao-ppta-2026\/","name":"Prefeitura publica \u2018Plano de Trabalho Anual de Auditoria\u2019 para 2026","isPartOf":{"@id":"https:\/\/www.manaus.am.gov.br\/cgm\/#website"},"primaryImageOfPage":{"@id":"https:\/\/www.manaus.am.gov.br\/cgm\/publicacao-ppta-2026\/#primaryimage"},"image":{"@id":"https:\/\/www.manaus.am.gov.br\/cgm\/publicacao-ppta-2026\/#primaryimage"},"thumbnailUrl":"https:\/\/www.manaus.am.gov.br\/cgm\/wp-content\/uploads\/sites\/9\/2026\/04\/IMG_8193.jpg","datePublished":"2026-04-24T20:54:47+00:00","dateModified":"2026-04-24T20:54:50+00:00","description":"Prefeitura de Manaus, por meio da CGM, publica \u2018Plano de Trabalho Anual de Auditoria\u2019 para o exerc\u00edcio de 2026.","inLanguage":"pt-BR","potentialAction":[{"@type":"ReadAction","target":["https:\/\/www.manaus.am.gov.br\/cgm\/publicacao-ppta-2026\/"]}]},{"@type":"ImageObject","inLanguage":"pt-BR","@id":"https:\/\/www.manaus.am.gov.br\/cgm\/publicacao-ppta-2026\/#primaryimage","url":"https:\/\/www.manaus.am.gov.br\/cgm\/wp-content\/uploads\/sites\/9\/2026\/04\/IMG_8193.jpg","contentUrl":"https:\/\/www.manaus.am.gov.br\/cgm\/wp-content\/uploads\/sites\/9\/2026\/04\/IMG_8193.jpg","width":4284,"height":3213,"caption":"#paratodosverem - Mulher acessando publica\u00e7\u00e3o do \"Plano de Trabalho Anual de Auditoria\" 2026"},{"@type":"WebSite","@id":"https:\/\/www.manaus.am.gov.br\/cgm\/#website","url":"https:\/\/www.manaus.am.gov.br\/cgm\/","name":"CGM","description":"Controladoria Geral do Munic\u00edpio","publisher":{"@id":"https:\/\/www.manaus.am.gov.br\/cgm\/#organization"},"alternateName":"Controladoria-Geral do Munic\u00edpio","potentialAction":[{"@type":"SearchAction","target":{"@type":"EntryPoint","urlTemplate":"https:\/\/www.manaus.am.gov.br\/cgm\/?s={search_term_string}"},"query-input":"required name=search_term_string"}],"inLanguage":"pt-BR"},{"@type":"Organization","@id":"https:\/\/www.manaus.am.gov.br\/cgm\/#organization","name":"Prefeitura de Manaus","alternateName":"Prefeitura Municipal de Manaus","url":"https:\/\/www.manaus.am.gov.br\/cgm\/","logo":{"@type":"ImageObject","inLanguage":"pt-BR","@id":"https:\/\/www.manaus.am.gov.br\/cgm\/#\/schema\/logo\/image\/","url":"https:\/\/www.manaus.am.gov.br\/cgm\/wp-content\/uploads\/sites\/9\/2024\/06\/favicon.png","contentUrl":"https:\/\/www.manaus.am.gov.br\/cgm\/wp-content\/uploads\/sites\/9\/2024\/06\/favicon.png","width":300,"height":300,"caption":"Prefeitura de Manaus"},"image":{"@id":"https:\/\/www.manaus.am.gov.br\/cgm\/#\/schema\/logo\/image\/"},"sameAs":["https:\/\/www.facebook.com\/cgmmanaus","https:\/\/www.instagram.com\/cgmmanaus\/"]},{"@type":"Person","@id":"https:\/\/www.manaus.am.gov.br\/cgm\/#\/schema\/person\/05d223aea2bf115f9883a6ff3683d81b","name":"Bruna Greco","image":{"@type":"ImageObject","inLanguage":"pt-BR","@id":"https:\/\/www.manaus.am.gov.br\/cgm\/#\/schema\/person\/image\/","url":"https:\/\/secure.gravatar.com\/avatar\/9c877d1a6adc2a055330e5c09a8653ce?s=96&d=mm&r=g","contentUrl":"https:\/\/secure.gravatar.com\/avatar\/9c877d1a6adc2a055330e5c09a8653ce?s=96&d=mm&r=g","caption":"Bruna Greco"}}]}},"_links":{"self":[{"href":"https:\/\/www.manaus.am.gov.br\/cgm\/wp-json\/wp\/v2\/posts\/3060"}],"collection":[{"href":"https:\/\/www.manaus.am.gov.br\/cgm\/wp-json\/wp\/v2\/posts"}],"about":[{"href":"https:\/\/www.manaus.am.gov.br\/cgm\/wp-json\/wp\/v2\/types\/post"}],"author":[{"embeddable":true,"href":"https:\/\/www.manaus.am.gov.br\/cgm\/wp-json\/wp\/v2\/users\/39"}],"replies":[{"embeddable":true,"href":"https:\/\/www.manaus.am.gov.br\/cgm\/wp-json\/wp\/v2\/comments?post=3060"}],"version-history":[{"count":0,"href":"https:\/\/www.manaus.am.gov.br\/cgm\/wp-json\/wp\/v2\/posts\/3060\/revisions"}],"wp:featuredmedia":[{"embeddable":true,"href":"https:\/\/www.manaus.am.gov.br\/cgm\/wp-json\/wp\/v2\/media\/3061"}],"wp:attachment":[{"href":"https:\/\/www.manaus.am.gov.br\/cgm\/wp-json\/wp\/v2\/media?parent=3060"}],"wp:term":[{"taxonomy":"category","embeddable":true,"href":"https:\/\/www.manaus.am.gov.br\/cgm\/wp-json\/wp\/v2\/categories?post=3060"},{"taxonomy":"post_tag","embeddable":true,"href":"https:\/\/www.manaus.am.gov.br\/cgm\/wp-json\/wp\/v2\/tags?post=3060"}],"curies":[{"name":"wp","href":"https:\/\/api.w.org\/{rel}","templated":true}]}}