{"id":2996,"date":"2026-03-02T16:34:54","date_gmt":"2026-03-02T20:34:54","guid":{"rendered":"https:\/\/www.manaus.am.gov.br\/cgm\/normas-depreciacao-imoveis-patrimonio\/"},"modified":"2026-03-02T16:34:54","modified_gmt":"2026-03-02T20:34:54","slug":"normas-depreciacao-imoveis-patrimonio","status":"publish","type":"post","link":"https:\/\/www.manaus.am.gov.br\/cgm\/normas-depreciacao-imoveis-patrimonio\/","title":{"rendered":"Prefeitura de Manaus estabelece normas e procedimentos para a deprecia\u00e7\u00e3o dos bens im\u00f3veis pertencentes ao ativo patrimonial do munic\u00edpio"},"content":{"rendered":"\n<p>Nesta segunda-feira, 2\/3, a Prefeitura de Manaus, em reuni\u00e3o conjunta, concluiu a elabora\u00e7\u00e3o da portaria que padroniza os procedimentos cont\u00e1beis de deprecia\u00e7\u00e3o dos bens im\u00f3veis edificados do patrim\u00f4nio do munic\u00edpio de Manaus, conforme as Normas Brasileiras de Contabilidade Aplicadas ao Setor P\u00fablico (NBC TSP), o Plano de Contas Aplicado ao Setor P\u00fablico (PCASP) e o Manual de Contabilidade Aplicada ao Setor P\u00fablico (MCASP), em observa\u00e7\u00e3o aos princ\u00edpios da razoabilidade, consist\u00eancia e transpar\u00eancia.<\/p>\n\n\n\n<p>\u201cEssa portaria conjunta traz um marco regulat\u00f3rio da Prefeitura de Manaus na \u00e1rea de bens e im\u00f3veis, incluindo toda a parte de estrutura\u00e7\u00e3o, deprecia\u00e7\u00e3o, a mensura\u00e7\u00e3o desse bem de forma que a prefeitura possa dar mais transpar\u00eancia e buscar a efici\u00eancia na gest\u00e3o p\u00fablica municipal\u201d, destacou Lucilene Viana, controladora-geral adjunta do munic\u00edpio, ao falar sobre a import\u00e2ncia da portaria.<\/p>\n\n\n\n<p>A agenda aconteceu na sede da Controladoria-Geral do Munic\u00edpio (CGM), conduzida pela controladora-geral adjunta do munic\u00edpio, o subsecret\u00e1rio de gest\u00e3o de processos da Secretaria Municipal de Administra\u00e7\u00e3o e Gest\u00e3o (Semad), Alexandre Santos do Carmo, a contadora-geral do munic\u00edpio, representando a Secretaria Municipal de Finan\u00e7as, Planejamento e Tecnologia da Informa\u00e7\u00e3o (Semef), Suani Alves,&nbsp; e as equipes t\u00e9cnicas das tr\u00eas secretarias que trabalharam de forma integrada para a constru\u00e7\u00e3o da portaria conjunta.<\/p>\n\n\n\n<p>Para o subsecret\u00e1rio Alexandre, o ato normativo ser\u00e1 importante para proteger e melhor gerir os bens municipais e atrair parcerias para a gest\u00e3o. \u201cA portaria moderniza a gest\u00e3o p\u00fablica de Manaus ao padronizar a deprecia\u00e7\u00e3o de im\u00f3veis municipais, conforme as normas cont\u00e1beis nacionais e a Lei de Responsabilidade Fiscal. Registramos mensalmente o valor real dos ativos, considerando uma vida \u00fatil de 50 anos e um valor residual de 10%. Essa precis\u00e3o cont\u00e1bil, fruto da integra\u00e7\u00e3o entre Semad, CGM e Semef, n\u00e3o apenas eleva nossa credibilidade junto ao Tribunal de Contas, mas tamb\u00e9m otimiza a aplica\u00e7\u00e3o de recursos em manuten\u00e7\u00f5es e amplia a transpar\u00eancia para auditorias e parcerias p\u00fablico-privadas, garantindo a sustentabilidade fiscal do munic\u00edpio\u201d, refor\u00e7ou.<\/p>\n\n\n<div class=\"wp-block-image\">\n<figure class=\"aligncenter size-large\"><img loading=\"lazy\" decoding=\"async\" width=\"1024\" height=\"576\" src=\"https:\/\/www.manaus.am.gov.br\/cgm\/wp-content\/uploads\/sites\/9\/2026\/03\/Reuniao-CGM-e-Semad-3-1024x576.jpeg\" alt=\"\" class=\"wp-image-2997\" srcset=\"https:\/\/www.manaus.am.gov.br\/cgm\/wp-content\/uploads\/sites\/9\/2026\/03\/Reuniao-CGM-e-Semad-3-1024x576.jpeg 1024w, https:\/\/www.manaus.am.gov.br\/cgm\/wp-content\/uploads\/sites\/9\/2026\/03\/Reuniao-CGM-e-Semad-3-300x169.jpeg 300w, https:\/\/www.manaus.am.gov.br\/cgm\/wp-content\/uploads\/sites\/9\/2026\/03\/Reuniao-CGM-e-Semad-3-768x432.jpeg 768w, https:\/\/www.manaus.am.gov.br\/cgm\/wp-content\/uploads\/sites\/9\/2026\/03\/Reuniao-CGM-e-Semad-3-1536x864.jpeg 1536w, https:\/\/www.manaus.am.gov.br\/cgm\/wp-content\/uploads\/sites\/9\/2026\/03\/Reuniao-CGM-e-Semad-3-2048x1152.jpeg 2048w\" sizes=\"(max-width: 1024px) 100vw, 1024px\" \/><figcaption class=\"wp-element-caption\">#paratodosverem &#8211; equipes da CGM e Semad duranrte a reuni\u00e3o<\/figcaption><\/figure><\/div>\n\n\n<p>Segundo a portaria, a CGM avaliar\u00e1 os resultados quanto \u00e0 efic\u00e1cia, efici\u00eancia e efetividade da gest\u00e3o or\u00e7ament\u00e1ria, financeira, patrimonial e operacional dos \u00f3rg\u00e3os e das entidades do executivo municipal, al\u00e9m de acompanhar os \u00f3rg\u00e3os e entidades da prefeitura durante todo o per\u00edodo da sua implementa\u00e7\u00e3o, prestando orienta\u00e7\u00f5es, a\u00e7\u00f5es de supervis\u00e3o e, por fim, propor melhorias nos controles internos relacionados \u00e0 gest\u00e3o de bens de im\u00f3veis.<\/p>\n\n\n\n<p>O marco regulat\u00f3rio beneficia a gest\u00e3o municipal ao demonstrar a mensura\u00e7\u00e3o do custo real, o registro do desgaste, observar a vida \u00fatil dos im\u00f3veis e assim planejar reformas ou destin\u00e1-los para outras finalidades da administra\u00e7\u00e3o p\u00fablica, al\u00e9m de permitir a tomada de decis\u00e3o baseada em dados, uma vez que o balan\u00e7o patrimonial passa a refletir o valor residual real dos im\u00f3veis pertencentes ao munic\u00edpio.<\/p>\n\n\n\n<p>Para a sociedade ser\u00e1 poss\u00edvel averiguar a boa gest\u00e3o e a\u00e7\u00f5es de preserva\u00e7\u00e3o do patrim\u00f4nio p\u00fablico. A norma torna obrigat\u00f3rio o registro do desgaste dos im\u00f3veis e ratifica o compromisso com a conserva\u00e7\u00e3o do patrim\u00f4nio municipal, alcan\u00e7ando \u00edndices positivos de transpar\u00eancia p\u00fablica.<\/p>\n\n\n\n<p>A portaria conjunta passar\u00e1 pelos tr\u00e2mites administrativos internos para ser publicada no Di\u00e1rio Oficial do Munic\u00edpio.<\/p>\n\n\n\n<p>&#8212; &#8212; &#8212;<\/p>\n\n\n\n<p><strong>Texto &#8211;<\/strong> &nbsp;Oliveira Junior \/ CGM<\/p>\n\n\n\n<p><strong>Fotos<\/strong> \u2013 Divulga\u00e7\u00e3o \/ CGM<\/p>\n","protected":false},"excerpt":{"rendered":"","protected":false},"author":61,"featured_media":2998,"comment_status":"closed","ping_status":"closed","sticky":false,"template":"","format":"standard","meta":{"footnotes":""},"categories":[263],"tags":[264,265,90,266,267,56],"acf":[],"yoast_head":"<!-- This site is optimized with the Yoast SEO plugin v23.0 - https:\/\/yoast.com\/wordpress\/plugins\/seo\/ -->\n<title>Prefeitura de Manaus estabelece normas e procedimentos para a deprecia\u00e7\u00e3o dos bens im\u00f3veis pertencentes ao ativo patrimonial do munic\u00edpio<\/title>\n<meta name=\"description\" content=\"Nesta segunda-feira, 2\/3, a Prefeitura de Manaus, em reuni\u00e3o conjunta, concluiu a elabora\u00e7\u00e3o da portaria que padroniza os procedimentos cont\u00e1beis de deprecia\u00e7\u00e3o dos bens im\u00f3veis edificados do patrim\u00f4nio do munic\u00edpio de Manaus.\" \/>\n<meta name=\"robots\" content=\"index, follow, max-snippet:-1, max-image-preview:large, max-video-preview:-1\" \/>\n<link rel=\"canonical\" href=\"https:\/\/www.manaus.am.gov.br\/cgm\/normas-depreciacao-imoveis-patrimonio\/\" \/>\n<meta property=\"og:locale\" content=\"pt_BR\" \/>\n<meta property=\"og:type\" content=\"article\" \/>\n<meta property=\"og:title\" content=\"Prefeitura de Manaus estabelece normas e procedimentos para a deprecia\u00e7\u00e3o dos bens im\u00f3veis pertencentes ao ativo patrimonial do munic\u00edpio\" \/>\n<meta property=\"og:description\" content=\"Nesta segunda-feira, 2\/3, a Prefeitura de Manaus, em reuni\u00e3o conjunta, concluiu a elabora\u00e7\u00e3o da portaria que padroniza os procedimentos cont\u00e1beis de deprecia\u00e7\u00e3o dos bens im\u00f3veis edificados do patrim\u00f4nio do munic\u00edpio de Manaus.\" \/>\n<meta property=\"og:url\" content=\"https:\/\/www.manaus.am.gov.br\/cgm\/normas-depreciacao-imoveis-patrimonio\/\" \/>\n<meta property=\"og:site_name\" content=\"CGM\" \/>\n<meta property=\"article:publisher\" content=\"https:\/\/www.facebook.com\/cgmmanaus\" \/>\n<meta property=\"article:published_time\" content=\"2026-03-02T20:34:54+00:00\" \/>\n<meta property=\"og:image\" content=\"https:\/\/www.manaus.am.gov.br\/cgm\/wp-content\/uploads\/sites\/9\/2026\/03\/Reuniao-CGM-e-Semad-1-1024x576.jpeg\" \/>\n\t<meta property=\"og:image:width\" content=\"1024\" \/>\n\t<meta property=\"og:image:height\" content=\"576\" \/>\n\t<meta property=\"og:image:type\" content=\"image\/jpeg\" \/>\n<meta name=\"author\" content=\"smonteiro\" \/>\n<meta name=\"twitter:card\" content=\"summary_large_image\" \/>\n<meta name=\"twitter:label1\" content=\"Written by\" \/>\n\t<meta name=\"twitter:data1\" content=\"smonteiro\" \/>\n\t<meta name=\"twitter:label2\" content=\"Est. reading time\" \/>\n\t<meta name=\"twitter:data2\" content=\"4 minutos\" \/>\n<script type=\"application\/ld+json\" class=\"yoast-schema-graph\">{\"@context\":\"https:\/\/schema.org\",\"@graph\":[{\"@type\":\"Article\",\"@id\":\"https:\/\/www.manaus.am.gov.br\/cgm\/normas-depreciacao-imoveis-patrimonio\/#article\",\"isPartOf\":{\"@id\":\"https:\/\/www.manaus.am.gov.br\/cgm\/normas-depreciacao-imoveis-patrimonio\/\"},\"author\":{\"name\":\"smonteiro\",\"@id\":\"https:\/\/www.manaus.am.gov.br\/cgm\/#\/schema\/person\/ab4dcf766a54dff74e8d267f5c591961\"},\"headline\":\"Prefeitura de Manaus estabelece normas e procedimentos para a deprecia\u00e7\u00e3o dos bens im\u00f3veis pertencentes ao ativo patrimonial do munic\u00edpio\",\"datePublished\":\"2026-03-02T20:34:54+00:00\",\"dateModified\":\"2026-03-02T20:34:54+00:00\",\"mainEntityOfPage\":{\"@id\":\"https:\/\/www.manaus.am.gov.br\/cgm\/normas-depreciacao-imoveis-patrimonio\/\"},\"wordCount\":643,\"publisher\":{\"@id\":\"https:\/\/www.manaus.am.gov.br\/cgm\/#organization\"},\"image\":{\"@id\":\"https:\/\/www.manaus.am.gov.br\/cgm\/normas-depreciacao-imoveis-patrimonio\/#primaryimage\"},\"thumbnailUrl\":\"https:\/\/www.manaus.am.gov.br\/cgm\/wp-content\/uploads\/sites\/9\/2026\/03\/Reuniao-CGM-e-Semad-1.jpeg\",\"keywords\":[\"Ato Normativo\",\"bens im\u00f3veis\",\"Controladoria-Geral do Munic\u00edpio (CGM)\",\"padroniza\u00e7\u00e3o\",\"Patrim\u00f4nio\",\"Semad\"],\"articleSection\":[\"Patrim\u00f4nio\"],\"inLanguage\":\"pt-BR\"},{\"@type\":\"WebPage\",\"@id\":\"https:\/\/www.manaus.am.gov.br\/cgm\/normas-depreciacao-imoveis-patrimonio\/\",\"url\":\"https:\/\/www.manaus.am.gov.br\/cgm\/normas-depreciacao-imoveis-patrimonio\/\",\"name\":\"Prefeitura de Manaus estabelece normas e procedimentos para a deprecia\u00e7\u00e3o dos bens im\u00f3veis pertencentes ao ativo patrimonial do munic\u00edpio\",\"isPartOf\":{\"@id\":\"https:\/\/www.manaus.am.gov.br\/cgm\/#website\"},\"primaryImageOfPage\":{\"@id\":\"https:\/\/www.manaus.am.gov.br\/cgm\/normas-depreciacao-imoveis-patrimonio\/#primaryimage\"},\"image\":{\"@id\":\"https:\/\/www.manaus.am.gov.br\/cgm\/normas-depreciacao-imoveis-patrimonio\/#primaryimage\"},\"thumbnailUrl\":\"https:\/\/www.manaus.am.gov.br\/cgm\/wp-content\/uploads\/sites\/9\/2026\/03\/Reuniao-CGM-e-Semad-1.jpeg\",\"datePublished\":\"2026-03-02T20:34:54+00:00\",\"dateModified\":\"2026-03-02T20:34:54+00:00\",\"description\":\"Nesta segunda-feira, 2\/3, a Prefeitura de Manaus, em reuni\u00e3o conjunta, concluiu a elabora\u00e7\u00e3o da portaria que padroniza os procedimentos cont\u00e1beis de deprecia\u00e7\u00e3o dos bens im\u00f3veis edificados do patrim\u00f4nio do munic\u00edpio de Manaus.\",\"inLanguage\":\"pt-BR\",\"potentialAction\":[{\"@type\":\"ReadAction\",\"target\":[\"https:\/\/www.manaus.am.gov.br\/cgm\/normas-depreciacao-imoveis-patrimonio\/\"]}]},{\"@type\":\"ImageObject\",\"inLanguage\":\"pt-BR\",\"@id\":\"https:\/\/www.manaus.am.gov.br\/cgm\/normas-depreciacao-imoveis-patrimonio\/#primaryimage\",\"url\":\"https:\/\/www.manaus.am.gov.br\/cgm\/wp-content\/uploads\/sites\/9\/2026\/03\/Reuniao-CGM-e-Semad-1.jpeg\",\"contentUrl\":\"https:\/\/www.manaus.am.gov.br\/cgm\/wp-content\/uploads\/sites\/9\/2026\/03\/Reuniao-CGM-e-Semad-1.jpeg\",\"width\":8064,\"height\":4536,\"caption\":\"#paratodosverem - t\u00e9cnicos da CGM e Semad definem normas e procedimentos para a deprecia\u00e7\u00e3o dos bens im\u00f3veis\"},{\"@type\":\"WebSite\",\"@id\":\"https:\/\/www.manaus.am.gov.br\/cgm\/#website\",\"url\":\"https:\/\/www.manaus.am.gov.br\/cgm\/\",\"name\":\"CGM\",\"description\":\"Controladoria Geral do Munic\u00edpio\",\"publisher\":{\"@id\":\"https:\/\/www.manaus.am.gov.br\/cgm\/#organization\"},\"alternateName\":\"Controladoria-Geral do Munic\u00edpio\",\"potentialAction\":[{\"@type\":\"SearchAction\",\"target\":{\"@type\":\"EntryPoint\",\"urlTemplate\":\"https:\/\/www.manaus.am.gov.br\/cgm\/?s={search_term_string}\"},\"query-input\":\"required name=search_term_string\"}],\"inLanguage\":\"pt-BR\"},{\"@type\":\"Organization\",\"@id\":\"https:\/\/www.manaus.am.gov.br\/cgm\/#organization\",\"name\":\"Prefeitura de Manaus\",\"alternateName\":\"Prefeitura Municipal de Manaus\",\"url\":\"https:\/\/www.manaus.am.gov.br\/cgm\/\",\"logo\":{\"@type\":\"ImageObject\",\"inLanguage\":\"pt-BR\",\"@id\":\"https:\/\/www.manaus.am.gov.br\/cgm\/#\/schema\/logo\/image\/\",\"url\":\"https:\/\/www.manaus.am.gov.br\/cgm\/wp-content\/uploads\/sites\/9\/2024\/06\/favicon.png\",\"contentUrl\":\"https:\/\/www.manaus.am.gov.br\/cgm\/wp-content\/uploads\/sites\/9\/2024\/06\/favicon.png\",\"width\":300,\"height\":300,\"caption\":\"Prefeitura de Manaus\"},\"image\":{\"@id\":\"https:\/\/www.manaus.am.gov.br\/cgm\/#\/schema\/logo\/image\/\"},\"sameAs\":[\"https:\/\/www.facebook.com\/cgmmanaus\",\"https:\/\/www.instagram.com\/cgmmanaus\/\"]},{\"@type\":\"Person\",\"@id\":\"https:\/\/www.manaus.am.gov.br\/cgm\/#\/schema\/person\/ab4dcf766a54dff74e8d267f5c591961\",\"name\":\"smonteiro\",\"image\":{\"@type\":\"ImageObject\",\"inLanguage\":\"pt-BR\",\"@id\":\"https:\/\/www.manaus.am.gov.br\/cgm\/#\/schema\/person\/image\/\",\"url\":\"https:\/\/secure.gravatar.com\/avatar\/21c8776ef61d9272c73322052e042d77?s=96&d=mm&r=g\",\"contentUrl\":\"https:\/\/secure.gravatar.com\/avatar\/21c8776ef61d9272c73322052e042d77?s=96&d=mm&r=g\",\"caption\":\"smonteiro\"}}]}<\/script>\n<!-- \/ Yoast SEO plugin. -->","yoast_head_json":{"title":"Prefeitura de Manaus estabelece normas e procedimentos para a deprecia\u00e7\u00e3o dos bens im\u00f3veis pertencentes ao ativo patrimonial do munic\u00edpio","description":"Nesta segunda-feira, 2\/3, a Prefeitura de Manaus, em reuni\u00e3o conjunta, concluiu a elabora\u00e7\u00e3o da portaria que padroniza os procedimentos cont\u00e1beis de deprecia\u00e7\u00e3o dos bens im\u00f3veis edificados do patrim\u00f4nio do munic\u00edpio de Manaus.","robots":{"index":"index","follow":"follow","max-snippet":"max-snippet:-1","max-image-preview":"max-image-preview:large","max-video-preview":"max-video-preview:-1"},"canonical":"https:\/\/www.manaus.am.gov.br\/cgm\/normas-depreciacao-imoveis-patrimonio\/","og_locale":"pt_BR","og_type":"article","og_title":"Prefeitura de Manaus estabelece normas e procedimentos para a deprecia\u00e7\u00e3o dos bens im\u00f3veis pertencentes ao ativo patrimonial do munic\u00edpio","og_description":"Nesta segunda-feira, 2\/3, a Prefeitura de Manaus, em reuni\u00e3o conjunta, concluiu a elabora\u00e7\u00e3o da portaria que padroniza os procedimentos cont\u00e1beis de deprecia\u00e7\u00e3o dos bens im\u00f3veis edificados do patrim\u00f4nio do munic\u00edpio de Manaus.","og_url":"https:\/\/www.manaus.am.gov.br\/cgm\/normas-depreciacao-imoveis-patrimonio\/","og_site_name":"CGM","article_publisher":"https:\/\/www.facebook.com\/cgmmanaus","article_published_time":"2026-03-02T20:34:54+00:00","og_image":[{"width":1024,"height":576,"url":"https:\/\/www.manaus.am.gov.br\/cgm\/wp-content\/uploads\/sites\/9\/2026\/03\/Reuniao-CGM-e-Semad-1-1024x576.jpeg","type":"image\/jpeg"}],"author":"smonteiro","twitter_card":"summary_large_image","twitter_misc":{"Written by":"smonteiro","Est. reading time":"4 minutos"},"schema":{"@context":"https:\/\/schema.org","@graph":[{"@type":"Article","@id":"https:\/\/www.manaus.am.gov.br\/cgm\/normas-depreciacao-imoveis-patrimonio\/#article","isPartOf":{"@id":"https:\/\/www.manaus.am.gov.br\/cgm\/normas-depreciacao-imoveis-patrimonio\/"},"author":{"name":"smonteiro","@id":"https:\/\/www.manaus.am.gov.br\/cgm\/#\/schema\/person\/ab4dcf766a54dff74e8d267f5c591961"},"headline":"Prefeitura de Manaus estabelece normas e procedimentos para a deprecia\u00e7\u00e3o dos bens im\u00f3veis pertencentes ao ativo patrimonial do munic\u00edpio","datePublished":"2026-03-02T20:34:54+00:00","dateModified":"2026-03-02T20:34:54+00:00","mainEntityOfPage":{"@id":"https:\/\/www.manaus.am.gov.br\/cgm\/normas-depreciacao-imoveis-patrimonio\/"},"wordCount":643,"publisher":{"@id":"https:\/\/www.manaus.am.gov.br\/cgm\/#organization"},"image":{"@id":"https:\/\/www.manaus.am.gov.br\/cgm\/normas-depreciacao-imoveis-patrimonio\/#primaryimage"},"thumbnailUrl":"https:\/\/www.manaus.am.gov.br\/cgm\/wp-content\/uploads\/sites\/9\/2026\/03\/Reuniao-CGM-e-Semad-1.jpeg","keywords":["Ato Normativo","bens im\u00f3veis","Controladoria-Geral do Munic\u00edpio (CGM)","padroniza\u00e7\u00e3o","Patrim\u00f4nio","Semad"],"articleSection":["Patrim\u00f4nio"],"inLanguage":"pt-BR"},{"@type":"WebPage","@id":"https:\/\/www.manaus.am.gov.br\/cgm\/normas-depreciacao-imoveis-patrimonio\/","url":"https:\/\/www.manaus.am.gov.br\/cgm\/normas-depreciacao-imoveis-patrimonio\/","name":"Prefeitura de Manaus estabelece normas e procedimentos para a deprecia\u00e7\u00e3o dos bens im\u00f3veis pertencentes ao ativo patrimonial do munic\u00edpio","isPartOf":{"@id":"https:\/\/www.manaus.am.gov.br\/cgm\/#website"},"primaryImageOfPage":{"@id":"https:\/\/www.manaus.am.gov.br\/cgm\/normas-depreciacao-imoveis-patrimonio\/#primaryimage"},"image":{"@id":"https:\/\/www.manaus.am.gov.br\/cgm\/normas-depreciacao-imoveis-patrimonio\/#primaryimage"},"thumbnailUrl":"https:\/\/www.manaus.am.gov.br\/cgm\/wp-content\/uploads\/sites\/9\/2026\/03\/Reuniao-CGM-e-Semad-1.jpeg","datePublished":"2026-03-02T20:34:54+00:00","dateModified":"2026-03-02T20:34:54+00:00","description":"Nesta segunda-feira, 2\/3, a Prefeitura de Manaus, em reuni\u00e3o conjunta, concluiu a elabora\u00e7\u00e3o da portaria que padroniza os procedimentos cont\u00e1beis de deprecia\u00e7\u00e3o dos bens im\u00f3veis edificados do patrim\u00f4nio do munic\u00edpio de Manaus.","inLanguage":"pt-BR","potentialAction":[{"@type":"ReadAction","target":["https:\/\/www.manaus.am.gov.br\/cgm\/normas-depreciacao-imoveis-patrimonio\/"]}]},{"@type":"ImageObject","inLanguage":"pt-BR","@id":"https:\/\/www.manaus.am.gov.br\/cgm\/normas-depreciacao-imoveis-patrimonio\/#primaryimage","url":"https:\/\/www.manaus.am.gov.br\/cgm\/wp-content\/uploads\/sites\/9\/2026\/03\/Reuniao-CGM-e-Semad-1.jpeg","contentUrl":"https:\/\/www.manaus.am.gov.br\/cgm\/wp-content\/uploads\/sites\/9\/2026\/03\/Reuniao-CGM-e-Semad-1.jpeg","width":8064,"height":4536,"caption":"#paratodosverem - t\u00e9cnicos da CGM e Semad definem normas e procedimentos para a deprecia\u00e7\u00e3o dos bens im\u00f3veis"},{"@type":"WebSite","@id":"https:\/\/www.manaus.am.gov.br\/cgm\/#website","url":"https:\/\/www.manaus.am.gov.br\/cgm\/","name":"CGM","description":"Controladoria Geral do Munic\u00edpio","publisher":{"@id":"https:\/\/www.manaus.am.gov.br\/cgm\/#organization"},"alternateName":"Controladoria-Geral do Munic\u00edpio","potentialAction":[{"@type":"SearchAction","target":{"@type":"EntryPoint","urlTemplate":"https:\/\/www.manaus.am.gov.br\/cgm\/?s={search_term_string}"},"query-input":"required name=search_term_string"}],"inLanguage":"pt-BR"},{"@type":"Organization","@id":"https:\/\/www.manaus.am.gov.br\/cgm\/#organization","name":"Prefeitura de Manaus","alternateName":"Prefeitura Municipal de Manaus","url":"https:\/\/www.manaus.am.gov.br\/cgm\/","logo":{"@type":"ImageObject","inLanguage":"pt-BR","@id":"https:\/\/www.manaus.am.gov.br\/cgm\/#\/schema\/logo\/image\/","url":"https:\/\/www.manaus.am.gov.br\/cgm\/wp-content\/uploads\/sites\/9\/2024\/06\/favicon.png","contentUrl":"https:\/\/www.manaus.am.gov.br\/cgm\/wp-content\/uploads\/sites\/9\/2024\/06\/favicon.png","width":300,"height":300,"caption":"Prefeitura de Manaus"},"image":{"@id":"https:\/\/www.manaus.am.gov.br\/cgm\/#\/schema\/logo\/image\/"},"sameAs":["https:\/\/www.facebook.com\/cgmmanaus","https:\/\/www.instagram.com\/cgmmanaus\/"]},{"@type":"Person","@id":"https:\/\/www.manaus.am.gov.br\/cgm\/#\/schema\/person\/ab4dcf766a54dff74e8d267f5c591961","name":"smonteiro","image":{"@type":"ImageObject","inLanguage":"pt-BR","@id":"https:\/\/www.manaus.am.gov.br\/cgm\/#\/schema\/person\/image\/","url":"https:\/\/secure.gravatar.com\/avatar\/21c8776ef61d9272c73322052e042d77?s=96&d=mm&r=g","contentUrl":"https:\/\/secure.gravatar.com\/avatar\/21c8776ef61d9272c73322052e042d77?s=96&d=mm&r=g","caption":"smonteiro"}}]}},"_links":{"self":[{"href":"https:\/\/www.manaus.am.gov.br\/cgm\/wp-json\/wp\/v2\/posts\/2996"}],"collection":[{"href":"https:\/\/www.manaus.am.gov.br\/cgm\/wp-json\/wp\/v2\/posts"}],"about":[{"href":"https:\/\/www.manaus.am.gov.br\/cgm\/wp-json\/wp\/v2\/types\/post"}],"author":[{"embeddable":true,"href":"https:\/\/www.manaus.am.gov.br\/cgm\/wp-json\/wp\/v2\/users\/61"}],"replies":[{"embeddable":true,"href":"https:\/\/www.manaus.am.gov.br\/cgm\/wp-json\/wp\/v2\/comments?post=2996"}],"version-history":[{"count":1,"href":"https:\/\/www.manaus.am.gov.br\/cgm\/wp-json\/wp\/v2\/posts\/2996\/revisions"}],"predecessor-version":[{"id":2999,"href":"https:\/\/www.manaus.am.gov.br\/cgm\/wp-json\/wp\/v2\/posts\/2996\/revisions\/2999"}],"wp:featuredmedia":[{"embeddable":true,"href":"https:\/\/www.manaus.am.gov.br\/cgm\/wp-json\/wp\/v2\/media\/2998"}],"wp:attachment":[{"href":"https:\/\/www.manaus.am.gov.br\/cgm\/wp-json\/wp\/v2\/media?parent=2996"}],"wp:term":[{"taxonomy":"category","embeddable":true,"href":"https:\/\/www.manaus.am.gov.br\/cgm\/wp-json\/wp\/v2\/categories?post=2996"},{"taxonomy":"post_tag","embeddable":true,"href":"https:\/\/www.manaus.am.gov.br\/cgm\/wp-json\/wp\/v2\/tags?post=2996"}],"curies":[{"name":"wp","href":"https:\/\/api.w.org\/{rel}","templated":true}]}}