{"id":2978,"date":"2026-02-24T15:57:01","date_gmt":"2026-02-24T19:57:01","guid":{"rendered":"https:\/\/www.manaus.am.gov.br\/cgm\/treinamento-fala-br\/"},"modified":"2026-02-24T16:06:22","modified_gmt":"2026-02-24T20:06:22","slug":"treinamento-fala-br","status":"publish","type":"post","link":"https:\/\/www.manaus.am.gov.br\/cgm\/treinamento-fala-br\/","title":{"rendered":"Prefeitura de Manaus realiza treinamento para uso da plataforma \u2018Fala.BR\u2019 e fortalece a\u00e7\u00f5es de atendimento das ouvidorias municipais"},"content":{"rendered":"\n<p>Nesta ter\u00e7a-feira, 24\/2, a <a href=\"https:\/\/www.manaus.am.gov.br\/\">Prefeitura de Manaus<\/a>, por meio da Ouvidoria-Geral do Munic\u00edpio, \u00f3rg\u00e3o central do Sistema Municipal de Ouvidorias (Sismouv), realizou um treinamento fundamental para uso da plataforma de ouvidorias e acesso \u00e0 informa\u00e7\u00e3o, o \u201cFala.BR\u201d, junto aos ouvidores municipais. A qualifica\u00e7\u00e3o aconteceu no Casar\u00e3o da Inova\u00e7\u00e3o Cassina,\u00a0 localizado na rua Bernardo Ramos, no centro da cidade.<\/p>\n\n\n\n<p>Respons\u00e1vel por conduzir o evento, o ouvidor-geral do Munic\u00edpio, Ebenezer Bezerra, destacou a import\u00e2ncia do treinamento, que visa aprimorar a presta\u00e7\u00e3o dos servi\u00e7os oferecidos pela prefeitura e aproximar a popula\u00e7\u00e3o da gest\u00e3o municipal.&nbsp;<\/p>\n\n\n\n<p>\u201c\u00c9 uma determina\u00e7\u00e3o do prefeito David Almeida que n\u00f3s estejamos ouvindo constantemente a popula\u00e7\u00e3o sobre as melhorias que podem ser feitas nos processos que ocorrem na gest\u00e3o, para que haja uma melhor presta\u00e7\u00e3o de servi\u00e7os\u201d, pontuou Bezerra.<\/p>\n\n\n\n<p><strong>Parceria&nbsp;<\/strong><\/p>\n\n\n\n<p>O titular da Ouvidoria-Geral ressaltou a atua\u00e7\u00e3o junto \u00e0 Controladoria-Geral da Uni\u00e3o (CGU), \u00f3rg\u00e3o respons\u00e1vel pelo desenvolvimento do sistema \u201cFala.BR\u201d e por promover o treinamento voltado aos ouvidores do Sismouv.<\/p>\n\n\n\n<p>\u201cA Controladoria-Geral da Uni\u00e3o vem nos brindar hoje com as atualiza\u00e7\u00f5es da plataforma e \u00e9 importante em todos os momentos n\u00f3s estarmos treinando e vendo as atualiza\u00e7\u00f5es que ocorrem na plataforma \u2018Fala.BR\u2019, que \u00e9 o canal de comunica\u00e7\u00e3o da popula\u00e7\u00e3o com a prefeitura. Essas atualiza\u00e7\u00f5es visam aprimorar o atendimento que a Prefeitura de Manaus faz \u00e0 popula\u00e7\u00e3o\u201d, destacou o ouvidor-geral da prefeitura.&nbsp;<\/p>\n\n\n\n<p>O representante da CGU presente na ocasi\u00e3o, Waldemar Farias Neto, do N\u00facleo de A\u00e7\u00f5es de Ouvidoria e Preven\u00e7\u00e3o da Corrup\u00e7\u00e3o (NAOP CGU-R\/AM), conduziu a parte t\u00e9cnica do treinamento, na qual os ouvidores aprofundaram as novas ferramentas implementadas na plataforma de ouvidoria usada pela prefeitura.&nbsp;<\/p>\n\n\n\n<p>Dentre os assuntos importantes, Waldemar chamou a aten\u00e7\u00e3o para a seguran\u00e7a garantida pelo sistema, deixando o usu\u00e1rio confort\u00e1vel para se manifestar atrav\u00e9s do \u201cFala.BR\u201d .&nbsp;<\/p>\n\n\n\n<p>\u201cEm rela\u00e7\u00e3o \u00e0 prote\u00e7\u00e3o ao denunciante, atrav\u00e9s do decreto que foi editado, hoje o sistema est\u00e1 totalmente preparado para aquele cidad\u00e3o que se sentir amea\u00e7ado em rela\u00e7\u00e3o \u00e0 den\u00fancia, \u00e0 reclama\u00e7\u00e3o; ele tem um decreto que o protege dentro do sistema. Essa atualiza\u00e7\u00e3o \u00e9 muito importante porque muitas vezes o cidad\u00e3o ficava um pouco receoso em fazer as suas manifesta\u00e7\u00f5es achando que ia ser perseguido ou receber alguma retalia\u00e7\u00e3o. Agora o sistema traz toda essa ferramenta de prote\u00e7\u00e3o ao usu\u00e1rio no sistema\u201d, refor\u00e7ou o servidor da CGU.<\/p>\n\n\n\n<p>Os ouvidores setoriais da Prefeitura de Manaus receberam as atualiza\u00e7\u00f5es sobre as novas ferramentas inclu\u00eddas no \u201cFala.BR\u201d para atender a popula\u00e7\u00e3o e acolher suas manifesta\u00e7\u00f5es, como afirma Victoria Arueira, ouvidora setorial da <a href=\"https:\/\/www.instagram.com\/seminf.manaus\/\">Secretaria Municipal de Infraestrutura<\/a> (Seminf).<\/p>\n\n\n\n<p>\u201cPara n\u00f3s que fazemos parte do Sistema Municipal de Ouvidorias da prefeitura, \u00e9 muito importante passar por treinamentos como esse que nos capacita, nos alinha \u00e0s atualiza\u00e7\u00f5es do \u2018Fala.BR\u2019, e essas novidades contribuem para que possamos entregar um melhor trabalho e servi\u00e7os \u00e0 nossa popula\u00e7\u00e3o\u201d, concluiu a ouvidora da pasta de infraestrutura do munic\u00edpio.<\/p>\n\n\n\n<p>A popula\u00e7\u00e3o pode se manifestar e registrar suas sugest\u00f5es, elogios, reclama\u00e7\u00f5es, den\u00fancias para o Sistema Municipal de Ouvidorias no \u201cFala.BR\u201d, atrav\u00e9s do site: <a href=\"https:\/\/falabr.cgu.gov.br\/web\/home\">https:\/\/falabr.cgu.gov.br\/web\/home<\/a>, com link dispon\u00edvel tamb\u00e9m no site oficial da Prefeitura de Manaus.<\/p>\n\n\n\n<p>\u2014&#8211; \u2014&#8211; \u2014-<br><strong>Texto &#8211; <\/strong>Oliveira Junior \/ CGM<\/p>\n\n\n\n<p><strong>Fotos &#8211; <\/strong>Antonio Pereira \/ Semcom<br><strong>Dispon\u00edveis em &#8211; <\/strong><a href=\"https:\/\/flic.kr\/s\/aHBqjCLnYk\">https:\/\/flic.kr\/s\/aHBqjCLnYk<\/a>&nbsp;<\/p>\n","protected":false},"excerpt":{"rendered":"","protected":false},"author":68,"featured_media":2979,"comment_status":"closed","ping_status":"closed","sticky":false,"template":"","format":"standard","meta":{"footnotes":""},"categories":[94],"tags":[7,21,257,258],"acf":[],"yoast_head":"<!-- This site is optimized with the Yoast SEO plugin v23.0 - https:\/\/yoast.com\/wordpress\/plugins\/seo\/ -->\n<title>PMM realiza treinamento para uso da plataforma \u2018Fala.BR\u2019<\/title>\n<meta name=\"description\" content=\"A Prefeitura de Manaus realizou um treinamento fundamental para uso da plataforma de ouvidorias e acesso \u00e0 informa\u00e7\u00e3o, o \u201cFala.BR\u201d.\" \/>\n<meta name=\"robots\" content=\"index, follow, max-snippet:-1, max-image-preview:large, max-video-preview:-1\" \/>\n<link rel=\"canonical\" href=\"https:\/\/www.manaus.am.gov.br\/cgm\/treinamento-fala-br\/\" \/>\n<meta property=\"og:locale\" content=\"pt_BR\" \/>\n<meta property=\"og:type\" content=\"article\" \/>\n<meta property=\"og:title\" content=\"PMM realiza treinamento para uso da plataforma \u2018Fala.BR\u2019\" \/>\n<meta property=\"og:description\" content=\"A Prefeitura de Manaus realizou um treinamento fundamental para uso da plataforma de ouvidorias e acesso \u00e0 informa\u00e7\u00e3o, o \u201cFala.BR\u201d.\" \/>\n<meta property=\"og:url\" content=\"https:\/\/www.manaus.am.gov.br\/cgm\/treinamento-fala-br\/\" \/>\n<meta property=\"og:site_name\" content=\"CGM\" \/>\n<meta property=\"article:publisher\" content=\"https:\/\/www.facebook.com\/cgmmanaus\" \/>\n<meta property=\"article:published_time\" content=\"2026-02-24T19:57:01+00:00\" \/>\n<meta property=\"article:modified_time\" content=\"2026-02-24T20:06:22+00:00\" \/>\n<meta property=\"og:image\" content=\"https:\/\/www.manaus.am.gov.br\/cgm\/wp-content\/uploads\/sites\/9\/2026\/02\/55112846502_dcb5b34af1_o-1024x683.jpg\" \/>\n\t<meta property=\"og:image:width\" content=\"1024\" \/>\n\t<meta property=\"og:image:height\" content=\"683\" \/>\n\t<meta property=\"og:image:type\" content=\"image\/jpeg\" \/>\n<meta name=\"author\" content=\"bvalente\" \/>\n<meta name=\"twitter:card\" content=\"summary_large_image\" \/>\n<meta name=\"twitter:label1\" content=\"Written by\" \/>\n\t<meta name=\"twitter:data1\" content=\"bvalente\" \/>\n\t<meta name=\"twitter:label2\" content=\"Est. reading time\" \/>\n\t<meta name=\"twitter:data2\" content=\"4 minutos\" \/>\n<script type=\"application\/ld+json\" class=\"yoast-schema-graph\">{\"@context\":\"https:\/\/schema.org\",\"@graph\":[{\"@type\":\"Article\",\"@id\":\"https:\/\/www.manaus.am.gov.br\/cgm\/treinamento-fala-br\/#article\",\"isPartOf\":{\"@id\":\"https:\/\/www.manaus.am.gov.br\/cgm\/treinamento-fala-br\/\"},\"author\":{\"name\":\"bvalente\",\"@id\":\"https:\/\/www.manaus.am.gov.br\/cgm\/#\/schema\/person\/466a0e03ae4b6062809046bd560ac955\"},\"headline\":\"Prefeitura de Manaus realiza treinamento para uso da plataforma \u2018Fala.BR\u2019 e fortalece a\u00e7\u00f5es de atendimento das ouvidorias municipais\",\"datePublished\":\"2026-02-24T19:57:01+00:00\",\"dateModified\":\"2026-02-24T20:06:22+00:00\",\"mainEntityOfPage\":{\"@id\":\"https:\/\/www.manaus.am.gov.br\/cgm\/treinamento-fala-br\/\"},\"wordCount\":625,\"publisher\":{\"@id\":\"https:\/\/www.manaus.am.gov.br\/cgm\/#organization\"},\"image\":{\"@id\":\"https:\/\/www.manaus.am.gov.br\/cgm\/treinamento-fala-br\/#primaryimage\"},\"thumbnailUrl\":\"https:\/\/www.manaus.am.gov.br\/cgm\/wp-content\/uploads\/sites\/9\/2026\/02\/55112846502_dcb5b34af1_o.jpg\",\"keywords\":[\"CGM\",\"prefeitura de manaus\",\"treinamento \u2018Fala.BR\u2019\",\"treinamento fundamental\"],\"articleSection\":[\"Sistema\"],\"inLanguage\":\"pt-BR\"},{\"@type\":\"WebPage\",\"@id\":\"https:\/\/www.manaus.am.gov.br\/cgm\/treinamento-fala-br\/\",\"url\":\"https:\/\/www.manaus.am.gov.br\/cgm\/treinamento-fala-br\/\",\"name\":\"PMM realiza treinamento para uso da plataforma \u2018Fala.BR\u2019\",\"isPartOf\":{\"@id\":\"https:\/\/www.manaus.am.gov.br\/cgm\/#website\"},\"primaryImageOfPage\":{\"@id\":\"https:\/\/www.manaus.am.gov.br\/cgm\/treinamento-fala-br\/#primaryimage\"},\"image\":{\"@id\":\"https:\/\/www.manaus.am.gov.br\/cgm\/treinamento-fala-br\/#primaryimage\"},\"thumbnailUrl\":\"https:\/\/www.manaus.am.gov.br\/cgm\/wp-content\/uploads\/sites\/9\/2026\/02\/55112846502_dcb5b34af1_o.jpg\",\"datePublished\":\"2026-02-24T19:57:01+00:00\",\"dateModified\":\"2026-02-24T20:06:22+00:00\",\"description\":\"A Prefeitura de Manaus realizou um treinamento fundamental para uso da plataforma de ouvidorias e acesso \u00e0 informa\u00e7\u00e3o, o \u201cFala.BR\u201d.\",\"inLanguage\":\"pt-BR\",\"potentialAction\":[{\"@type\":\"ReadAction\",\"target\":[\"https:\/\/www.manaus.am.gov.br\/cgm\/treinamento-fala-br\/\"]}]},{\"@type\":\"ImageObject\",\"inLanguage\":\"pt-BR\",\"@id\":\"https:\/\/www.manaus.am.gov.br\/cgm\/treinamento-fala-br\/#primaryimage\",\"url\":\"https:\/\/www.manaus.am.gov.br\/cgm\/wp-content\/uploads\/sites\/9\/2026\/02\/55112846502_dcb5b34af1_o.jpg\",\"contentUrl\":\"https:\/\/www.manaus.am.gov.br\/cgm\/wp-content\/uploads\/sites\/9\/2026\/02\/55112846502_dcb5b34af1_o.jpg\",\"width\":5500,\"height\":3667,\"caption\":\"#paratodosverem - Ouvidor-geral do Munic\u00edpio, Ebenezer Bezerra durante treinamento\"},{\"@type\":\"WebSite\",\"@id\":\"https:\/\/www.manaus.am.gov.br\/cgm\/#website\",\"url\":\"https:\/\/www.manaus.am.gov.br\/cgm\/\",\"name\":\"CGM\",\"description\":\"Controladoria Geral do Munic\u00edpio\",\"publisher\":{\"@id\":\"https:\/\/www.manaus.am.gov.br\/cgm\/#organization\"},\"alternateName\":\"Controladoria-Geral do Munic\u00edpio\",\"potentialAction\":[{\"@type\":\"SearchAction\",\"target\":{\"@type\":\"EntryPoint\",\"urlTemplate\":\"https:\/\/www.manaus.am.gov.br\/cgm\/?s={search_term_string}\"},\"query-input\":\"required name=search_term_string\"}],\"inLanguage\":\"pt-BR\"},{\"@type\":\"Organization\",\"@id\":\"https:\/\/www.manaus.am.gov.br\/cgm\/#organization\",\"name\":\"Prefeitura de Manaus\",\"alternateName\":\"Prefeitura Municipal de Manaus\",\"url\":\"https:\/\/www.manaus.am.gov.br\/cgm\/\",\"logo\":{\"@type\":\"ImageObject\",\"inLanguage\":\"pt-BR\",\"@id\":\"https:\/\/www.manaus.am.gov.br\/cgm\/#\/schema\/logo\/image\/\",\"url\":\"https:\/\/www.manaus.am.gov.br\/cgm\/wp-content\/uploads\/sites\/9\/2024\/06\/favicon.png\",\"contentUrl\":\"https:\/\/www.manaus.am.gov.br\/cgm\/wp-content\/uploads\/sites\/9\/2024\/06\/favicon.png\",\"width\":300,\"height\":300,\"caption\":\"Prefeitura de Manaus\"},\"image\":{\"@id\":\"https:\/\/www.manaus.am.gov.br\/cgm\/#\/schema\/logo\/image\/\"},\"sameAs\":[\"https:\/\/www.facebook.com\/cgmmanaus\",\"https:\/\/www.instagram.com\/cgmmanaus\/\"]},{\"@type\":\"Person\",\"@id\":\"https:\/\/www.manaus.am.gov.br\/cgm\/#\/schema\/person\/466a0e03ae4b6062809046bd560ac955\",\"name\":\"bvalente\",\"image\":{\"@type\":\"ImageObject\",\"inLanguage\":\"pt-BR\",\"@id\":\"https:\/\/www.manaus.am.gov.br\/cgm\/#\/schema\/person\/image\/\",\"url\":\"https:\/\/secure.gravatar.com\/avatar\/3e69bc2b014bdad41adfec3a39de07d2?s=96&d=mm&r=g\",\"contentUrl\":\"https:\/\/secure.gravatar.com\/avatar\/3e69bc2b014bdad41adfec3a39de07d2?s=96&d=mm&r=g\",\"caption\":\"bvalente\"}}]}<\/script>\n<!-- \/ Yoast SEO plugin. -->","yoast_head_json":{"title":"PMM realiza treinamento para uso da plataforma \u2018Fala.BR\u2019","description":"A Prefeitura de Manaus realizou um treinamento fundamental para uso da plataforma de ouvidorias e acesso \u00e0 informa\u00e7\u00e3o, o \u201cFala.BR\u201d.","robots":{"index":"index","follow":"follow","max-snippet":"max-snippet:-1","max-image-preview":"max-image-preview:large","max-video-preview":"max-video-preview:-1"},"canonical":"https:\/\/www.manaus.am.gov.br\/cgm\/treinamento-fala-br\/","og_locale":"pt_BR","og_type":"article","og_title":"PMM realiza treinamento para uso da plataforma \u2018Fala.BR\u2019","og_description":"A Prefeitura de Manaus realizou um treinamento fundamental para uso da plataforma de ouvidorias e acesso \u00e0 informa\u00e7\u00e3o, o \u201cFala.BR\u201d.","og_url":"https:\/\/www.manaus.am.gov.br\/cgm\/treinamento-fala-br\/","og_site_name":"CGM","article_publisher":"https:\/\/www.facebook.com\/cgmmanaus","article_published_time":"2026-02-24T19:57:01+00:00","article_modified_time":"2026-02-24T20:06:22+00:00","og_image":[{"width":1024,"height":683,"url":"https:\/\/www.manaus.am.gov.br\/cgm\/wp-content\/uploads\/sites\/9\/2026\/02\/55112846502_dcb5b34af1_o-1024x683.jpg","type":"image\/jpeg"}],"author":"bvalente","twitter_card":"summary_large_image","twitter_misc":{"Written by":"bvalente","Est. reading time":"4 minutos"},"schema":{"@context":"https:\/\/schema.org","@graph":[{"@type":"Article","@id":"https:\/\/www.manaus.am.gov.br\/cgm\/treinamento-fala-br\/#article","isPartOf":{"@id":"https:\/\/www.manaus.am.gov.br\/cgm\/treinamento-fala-br\/"},"author":{"name":"bvalente","@id":"https:\/\/www.manaus.am.gov.br\/cgm\/#\/schema\/person\/466a0e03ae4b6062809046bd560ac955"},"headline":"Prefeitura de Manaus realiza treinamento para uso da plataforma \u2018Fala.BR\u2019 e fortalece a\u00e7\u00f5es de atendimento das ouvidorias municipais","datePublished":"2026-02-24T19:57:01+00:00","dateModified":"2026-02-24T20:06:22+00:00","mainEntityOfPage":{"@id":"https:\/\/www.manaus.am.gov.br\/cgm\/treinamento-fala-br\/"},"wordCount":625,"publisher":{"@id":"https:\/\/www.manaus.am.gov.br\/cgm\/#organization"},"image":{"@id":"https:\/\/www.manaus.am.gov.br\/cgm\/treinamento-fala-br\/#primaryimage"},"thumbnailUrl":"https:\/\/www.manaus.am.gov.br\/cgm\/wp-content\/uploads\/sites\/9\/2026\/02\/55112846502_dcb5b34af1_o.jpg","keywords":["CGM","prefeitura de manaus","treinamento \u2018Fala.BR\u2019","treinamento fundamental"],"articleSection":["Sistema"],"inLanguage":"pt-BR"},{"@type":"WebPage","@id":"https:\/\/www.manaus.am.gov.br\/cgm\/treinamento-fala-br\/","url":"https:\/\/www.manaus.am.gov.br\/cgm\/treinamento-fala-br\/","name":"PMM realiza treinamento para uso da plataforma \u2018Fala.BR\u2019","isPartOf":{"@id":"https:\/\/www.manaus.am.gov.br\/cgm\/#website"},"primaryImageOfPage":{"@id":"https:\/\/www.manaus.am.gov.br\/cgm\/treinamento-fala-br\/#primaryimage"},"image":{"@id":"https:\/\/www.manaus.am.gov.br\/cgm\/treinamento-fala-br\/#primaryimage"},"thumbnailUrl":"https:\/\/www.manaus.am.gov.br\/cgm\/wp-content\/uploads\/sites\/9\/2026\/02\/55112846502_dcb5b34af1_o.jpg","datePublished":"2026-02-24T19:57:01+00:00","dateModified":"2026-02-24T20:06:22+00:00","description":"A Prefeitura de Manaus realizou um treinamento fundamental para uso da plataforma de ouvidorias e acesso \u00e0 informa\u00e7\u00e3o, o \u201cFala.BR\u201d.","inLanguage":"pt-BR","potentialAction":[{"@type":"ReadAction","target":["https:\/\/www.manaus.am.gov.br\/cgm\/treinamento-fala-br\/"]}]},{"@type":"ImageObject","inLanguage":"pt-BR","@id":"https:\/\/www.manaus.am.gov.br\/cgm\/treinamento-fala-br\/#primaryimage","url":"https:\/\/www.manaus.am.gov.br\/cgm\/wp-content\/uploads\/sites\/9\/2026\/02\/55112846502_dcb5b34af1_o.jpg","contentUrl":"https:\/\/www.manaus.am.gov.br\/cgm\/wp-content\/uploads\/sites\/9\/2026\/02\/55112846502_dcb5b34af1_o.jpg","width":5500,"height":3667,"caption":"#paratodosverem - Ouvidor-geral do Munic\u00edpio, Ebenezer Bezerra durante treinamento"},{"@type":"WebSite","@id":"https:\/\/www.manaus.am.gov.br\/cgm\/#website","url":"https:\/\/www.manaus.am.gov.br\/cgm\/","name":"CGM","description":"Controladoria Geral do Munic\u00edpio","publisher":{"@id":"https:\/\/www.manaus.am.gov.br\/cgm\/#organization"},"alternateName":"Controladoria-Geral do Munic\u00edpio","potentialAction":[{"@type":"SearchAction","target":{"@type":"EntryPoint","urlTemplate":"https:\/\/www.manaus.am.gov.br\/cgm\/?s={search_term_string}"},"query-input":"required name=search_term_string"}],"inLanguage":"pt-BR"},{"@type":"Organization","@id":"https:\/\/www.manaus.am.gov.br\/cgm\/#organization","name":"Prefeitura de Manaus","alternateName":"Prefeitura Municipal de Manaus","url":"https:\/\/www.manaus.am.gov.br\/cgm\/","logo":{"@type":"ImageObject","inLanguage":"pt-BR","@id":"https:\/\/www.manaus.am.gov.br\/cgm\/#\/schema\/logo\/image\/","url":"https:\/\/www.manaus.am.gov.br\/cgm\/wp-content\/uploads\/sites\/9\/2024\/06\/favicon.png","contentUrl":"https:\/\/www.manaus.am.gov.br\/cgm\/wp-content\/uploads\/sites\/9\/2024\/06\/favicon.png","width":300,"height":300,"caption":"Prefeitura de Manaus"},"image":{"@id":"https:\/\/www.manaus.am.gov.br\/cgm\/#\/schema\/logo\/image\/"},"sameAs":["https:\/\/www.facebook.com\/cgmmanaus","https:\/\/www.instagram.com\/cgmmanaus\/"]},{"@type":"Person","@id":"https:\/\/www.manaus.am.gov.br\/cgm\/#\/schema\/person\/466a0e03ae4b6062809046bd560ac955","name":"bvalente","image":{"@type":"ImageObject","inLanguage":"pt-BR","@id":"https:\/\/www.manaus.am.gov.br\/cgm\/#\/schema\/person\/image\/","url":"https:\/\/secure.gravatar.com\/avatar\/3e69bc2b014bdad41adfec3a39de07d2?s=96&d=mm&r=g","contentUrl":"https:\/\/secure.gravatar.com\/avatar\/3e69bc2b014bdad41adfec3a39de07d2?s=96&d=mm&r=g","caption":"bvalente"}}]}},"_links":{"self":[{"href":"https:\/\/www.manaus.am.gov.br\/cgm\/wp-json\/wp\/v2\/posts\/2978"}],"collection":[{"href":"https:\/\/www.manaus.am.gov.br\/cgm\/wp-json\/wp\/v2\/posts"}],"about":[{"href":"https:\/\/www.manaus.am.gov.br\/cgm\/wp-json\/wp\/v2\/types\/post"}],"author":[{"embeddable":true,"href":"https:\/\/www.manaus.am.gov.br\/cgm\/wp-json\/wp\/v2\/users\/68"}],"replies":[{"embeddable":true,"href":"https:\/\/www.manaus.am.gov.br\/cgm\/wp-json\/wp\/v2\/comments?post=2978"}],"version-history":[{"count":1,"href":"https:\/\/www.manaus.am.gov.br\/cgm\/wp-json\/wp\/v2\/posts\/2978\/revisions"}],"predecessor-version":[{"id":2980,"href":"https:\/\/www.manaus.am.gov.br\/cgm\/wp-json\/wp\/v2\/posts\/2978\/revisions\/2980"}],"wp:featuredmedia":[{"embeddable":true,"href":"https:\/\/www.manaus.am.gov.br\/cgm\/wp-json\/wp\/v2\/media\/2979"}],"wp:attachment":[{"href":"https:\/\/www.manaus.am.gov.br\/cgm\/wp-json\/wp\/v2\/media?parent=2978"}],"wp:term":[{"taxonomy":"category","embeddable":true,"href":"https:\/\/www.manaus.am.gov.br\/cgm\/wp-json\/wp\/v2\/categories?post=2978"},{"taxonomy":"post_tag","embeddable":true,"href":"https:\/\/www.manaus.am.gov.br\/cgm\/wp-json\/wp\/v2\/tags?post=2978"}],"curies":[{"name":"wp","href":"https:\/\/api.w.org\/{rel}","templated":true}]}}