{"id":2903,"date":"2026-01-20T11:17:58","date_gmt":"2026-01-20T15:17:58","guid":{"rendered":"https:\/\/www.manaus.am.gov.br\/cgm\/prefeitura-semad-provas-concurso\/"},"modified":"2026-01-20T11:45:34","modified_gmt":"2026-01-20T15:45:34","slug":"prefeitura-semad-provas-concurso","status":"publish","type":"post","link":"https:\/\/www.manaus.am.gov.br\/cgm\/prefeitura-semad-provas-concurso\/","title":{"rendered":"Candidatos podem consultar locais de provas da Semmas e CGM"},"content":{"rendered":"\n<p>Os locais de aplica\u00e7\u00e3o das provas dos concursos p\u00fablicos da Prefeitura de Manaus para a <a href=\"https:\/\/www.manaus.am.gov.br\/\">Secretaria Municipal de Meio Ambiente e Sustentabilidade (Semmas) e Controladoria-Geral do Munic\u00edpio (CGM<\/a>) podem ser consultados no endere\u00e7o oficial do Instituto Consulplan. A banca, contratada pela Secretaria Municipal de Administra\u00e7\u00e3o e Gest\u00e3o (Semad) para a realiza\u00e7\u00e3o do certame, disponibilizou o link\u00a0<a href=\"https:\/\/concurso4.institutoconsulplan.org.br\/LocalProva\/Login\/xf0kz8MhtRw=\/9jTwWPnlMFM=\/9jTwWPnlMFM=\/Gbarr4JUtJaSimboloMaIsr0\" target=\"_blank\" rel=\"noreferrer noopener\">https:\/\/concurso4.institutoconsulplan.org.br\/LocalProva\/Login\/xf0kz8MhtRw=\/9jTwWPnlMFM=\/9jTwWPnlMFM=\/Gbarr4JUtJaSimboloMaIsr0<\/a>=, para acesso individual, por meio do CPF informado para a efetiva\u00e7\u00e3o da inscri\u00e7\u00e3o.<\/p>\n\n\n\n<p>As provas acontecer\u00e3o no domingo, 25\/1. Ao todo, s\u00e3o 65 vagas, sendo 30 para cargos de n\u00edvel superior, na Semmas, e 35 vagas em cargos de n\u00edveis m\u00e9dio e superior na CGM.<\/p>\n\n\n\n<p>Por meio do link, al\u00e9m da consulta, o Instituto Consulplan est\u00e1 disponibilizando o Cart\u00e3o de Confirma\u00e7\u00e3o de Inscri\u00e7\u00e3o (CCI) que dever\u00e1 ser impresso e apresentado, obrigatoriamente, no local de prova do candidato.<\/p>\n\n\n\n<p>&#8212; &#8212; &#8212;<\/p>\n\n\n\n<p><strong>Texto<\/strong> &#8211;&nbsp;Divulga\u00e7\u00e3o \/ Semad&nbsp;<\/p>\n","protected":false},"excerpt":{"rendered":"","protected":false},"author":23,"featured_media":2860,"comment_status":"closed","ping_status":"closed","sticky":false,"template":"","format":"standard","meta":{"footnotes":""},"categories":[24],"tags":[7,224,21,246,56,213],"acf":[],"yoast_head":"<!-- This site is optimized with the Yoast SEO plugin v23.0 - https:\/\/yoast.com\/wordpress\/plugins\/seo\/ -->\n<title>Candidatos podem consultar locais de provas da Semmas e CGM<\/title>\n<meta name=\"description\" content=\"Os locais de aplica\u00e7\u00e3o das provas dos concursos p\u00fablicos da Prefeitura de Manaus para a Secretaria Municipal de Meio Ambiente e Sustentabilidade (Semmas) e Controladoria-Geral do Munic\u00edpio (CGM) podem ser consultados no endere\u00e7o oficial do Instituto Consulplan.\" \/>\n<meta name=\"robots\" content=\"index, follow, max-snippet:-1, max-image-preview:large, max-video-preview:-1\" \/>\n<link rel=\"canonical\" href=\"https:\/\/www.manaus.am.gov.br\/cgm\/prefeitura-semad-provas-concurso\/\" \/>\n<meta property=\"og:locale\" content=\"pt_BR\" \/>\n<meta property=\"og:type\" content=\"article\" \/>\n<meta property=\"og:title\" content=\"Candidatos podem consultar locais de provas da Semmas e CGM\" \/>\n<meta property=\"og:description\" content=\"Os locais de aplica\u00e7\u00e3o das provas dos concursos p\u00fablicos da Prefeitura de Manaus para a Secretaria Municipal de Meio Ambiente e Sustentabilidade (Semmas) e Controladoria-Geral do Munic\u00edpio (CGM) podem ser consultados no endere\u00e7o oficial do Instituto Consulplan.\" \/>\n<meta property=\"og:url\" content=\"https:\/\/www.manaus.am.gov.br\/cgm\/prefeitura-semad-provas-concurso\/\" \/>\n<meta property=\"og:site_name\" content=\"CGM\" \/>\n<meta property=\"article:publisher\" content=\"https:\/\/www.facebook.com\/cgmmanaus\" \/>\n<meta property=\"article:published_time\" content=\"2026-01-20T15:17:58+00:00\" \/>\n<meta property=\"article:modified_time\" content=\"2026-01-20T15:45:34+00:00\" \/>\n<meta property=\"og:image\" content=\"https:\/\/www.manaus.am.gov.br\/cgm\/wp-content\/uploads\/sites\/9\/2025\/12\/BANNER-NOTA.png\" \/>\n\t<meta property=\"og:image:width\" content=\"900\" \/>\n\t<meta property=\"og:image:height\" content=\"509\" \/>\n\t<meta property=\"og:image:type\" content=\"image\/png\" \/>\n<meta name=\"author\" content=\"Adriana Costa\" \/>\n<meta name=\"twitter:card\" content=\"summary_large_image\" \/>\n<meta name=\"twitter:label1\" content=\"Written by\" \/>\n\t<meta name=\"twitter:data1\" content=\"Adriana Costa\" \/>\n\t<meta name=\"twitter:label2\" content=\"Est. reading time\" \/>\n\t<meta name=\"twitter:data2\" content=\"1 minuto\" \/>\n<script type=\"application\/ld+json\" class=\"yoast-schema-graph\">{\"@context\":\"https:\/\/schema.org\",\"@graph\":[{\"@type\":\"Article\",\"@id\":\"https:\/\/www.manaus.am.gov.br\/cgm\/prefeitura-semad-provas-concurso\/#article\",\"isPartOf\":{\"@id\":\"https:\/\/www.manaus.am.gov.br\/cgm\/prefeitura-semad-provas-concurso\/\"},\"author\":{\"name\":\"Adriana Costa\",\"@id\":\"https:\/\/www.manaus.am.gov.br\/cgm\/#\/schema\/person\/4e49f4e267757a06ca072ec61b2b9968\"},\"headline\":\"Candidatos podem consultar locais de provas da Semmas e CGM\",\"datePublished\":\"2026-01-20T15:17:58+00:00\",\"dateModified\":\"2026-01-20T15:45:34+00:00\",\"mainEntityOfPage\":{\"@id\":\"https:\/\/www.manaus.am.gov.br\/cgm\/prefeitura-semad-provas-concurso\/\"},\"wordCount\":181,\"publisher\":{\"@id\":\"https:\/\/www.manaus.am.gov.br\/cgm\/#organization\"},\"image\":{\"@id\":\"https:\/\/www.manaus.am.gov.br\/cgm\/prefeitura-semad-provas-concurso\/#primaryimage\"},\"thumbnailUrl\":\"https:\/\/www.manaus.am.gov.br\/cgm\/wp-content\/uploads\/sites\/9\/2025\/12\/BANNER-NOTA.png\",\"keywords\":[\"CGM\",\"concursos\",\"prefeitura de manaus\",\"provas\",\"Semad\",\"semmas\"],\"articleSection\":[\"Nota\"],\"inLanguage\":\"pt-BR\"},{\"@type\":\"WebPage\",\"@id\":\"https:\/\/www.manaus.am.gov.br\/cgm\/prefeitura-semad-provas-concurso\/\",\"url\":\"https:\/\/www.manaus.am.gov.br\/cgm\/prefeitura-semad-provas-concurso\/\",\"name\":\"Candidatos podem consultar locais de provas da Semmas e CGM\",\"isPartOf\":{\"@id\":\"https:\/\/www.manaus.am.gov.br\/cgm\/#website\"},\"primaryImageOfPage\":{\"@id\":\"https:\/\/www.manaus.am.gov.br\/cgm\/prefeitura-semad-provas-concurso\/#primaryimage\"},\"image\":{\"@id\":\"https:\/\/www.manaus.am.gov.br\/cgm\/prefeitura-semad-provas-concurso\/#primaryimage\"},\"thumbnailUrl\":\"https:\/\/www.manaus.am.gov.br\/cgm\/wp-content\/uploads\/sites\/9\/2025\/12\/BANNER-NOTA.png\",\"datePublished\":\"2026-01-20T15:17:58+00:00\",\"dateModified\":\"2026-01-20T15:45:34+00:00\",\"description\":\"Os locais de aplica\u00e7\u00e3o das provas dos concursos p\u00fablicos da Prefeitura de Manaus para a Secretaria Municipal de Meio Ambiente e Sustentabilidade (Semmas) e Controladoria-Geral do Munic\u00edpio (CGM) podem ser consultados no endere\u00e7o oficial do Instituto Consulplan.\",\"inLanguage\":\"pt-BR\",\"potentialAction\":[{\"@type\":\"ReadAction\",\"target\":[\"https:\/\/www.manaus.am.gov.br\/cgm\/prefeitura-semad-provas-concurso\/\"]}]},{\"@type\":\"ImageObject\",\"inLanguage\":\"pt-BR\",\"@id\":\"https:\/\/www.manaus.am.gov.br\/cgm\/prefeitura-semad-provas-concurso\/#primaryimage\",\"url\":\"https:\/\/www.manaus.am.gov.br\/cgm\/wp-content\/uploads\/sites\/9\/2025\/12\/BANNER-NOTA.png\",\"contentUrl\":\"https:\/\/www.manaus.am.gov.br\/cgm\/wp-content\/uploads\/sites\/9\/2025\/12\/BANNER-NOTA.png\",\"width\":900,\"height\":509,\"caption\":\"concurso da Semed\"},{\"@type\":\"WebSite\",\"@id\":\"https:\/\/www.manaus.am.gov.br\/cgm\/#website\",\"url\":\"https:\/\/www.manaus.am.gov.br\/cgm\/\",\"name\":\"CGM\",\"description\":\"Controladoria Geral do Munic\u00edpio\",\"publisher\":{\"@id\":\"https:\/\/www.manaus.am.gov.br\/cgm\/#organization\"},\"alternateName\":\"Controladoria-Geral do Munic\u00edpio\",\"potentialAction\":[{\"@type\":\"SearchAction\",\"target\":{\"@type\":\"EntryPoint\",\"urlTemplate\":\"https:\/\/www.manaus.am.gov.br\/cgm\/?s={search_term_string}\"},\"query-input\":\"required name=search_term_string\"}],\"inLanguage\":\"pt-BR\"},{\"@type\":\"Organization\",\"@id\":\"https:\/\/www.manaus.am.gov.br\/cgm\/#organization\",\"name\":\"Prefeitura de Manaus\",\"alternateName\":\"Prefeitura Municipal de Manaus\",\"url\":\"https:\/\/www.manaus.am.gov.br\/cgm\/\",\"logo\":{\"@type\":\"ImageObject\",\"inLanguage\":\"pt-BR\",\"@id\":\"https:\/\/www.manaus.am.gov.br\/cgm\/#\/schema\/logo\/image\/\",\"url\":\"https:\/\/www.manaus.am.gov.br\/cgm\/wp-content\/uploads\/sites\/9\/2024\/06\/favicon.png\",\"contentUrl\":\"https:\/\/www.manaus.am.gov.br\/cgm\/wp-content\/uploads\/sites\/9\/2024\/06\/favicon.png\",\"width\":300,\"height\":300,\"caption\":\"Prefeitura de Manaus\"},\"image\":{\"@id\":\"https:\/\/www.manaus.am.gov.br\/cgm\/#\/schema\/logo\/image\/\"},\"sameAs\":[\"https:\/\/www.facebook.com\/cgmmanaus\",\"https:\/\/www.instagram.com\/cgmmanaus\/\"]},{\"@type\":\"Person\",\"@id\":\"https:\/\/www.manaus.am.gov.br\/cgm\/#\/schema\/person\/4e49f4e267757a06ca072ec61b2b9968\",\"name\":\"Adriana Costa\",\"image\":{\"@type\":\"ImageObject\",\"inLanguage\":\"pt-BR\",\"@id\":\"https:\/\/www.manaus.am.gov.br\/cgm\/#\/schema\/person\/image\/\",\"url\":\"https:\/\/secure.gravatar.com\/avatar\/576258617ef7194f718179e766d57bd4?s=96&d=mm&r=g\",\"contentUrl\":\"https:\/\/secure.gravatar.com\/avatar\/576258617ef7194f718179e766d57bd4?s=96&d=mm&r=g\",\"caption\":\"Adriana Costa\"}}]}<\/script>\n<!-- \/ Yoast SEO plugin. -->","yoast_head_json":{"title":"Candidatos podem consultar locais de provas da Semmas e CGM","description":"Os locais de aplica\u00e7\u00e3o das provas dos concursos p\u00fablicos da Prefeitura de Manaus para a Secretaria Municipal de Meio Ambiente e Sustentabilidade (Semmas) e Controladoria-Geral do Munic\u00edpio (CGM) podem ser consultados no endere\u00e7o oficial do Instituto Consulplan.","robots":{"index":"index","follow":"follow","max-snippet":"max-snippet:-1","max-image-preview":"max-image-preview:large","max-video-preview":"max-video-preview:-1"},"canonical":"https:\/\/www.manaus.am.gov.br\/cgm\/prefeitura-semad-provas-concurso\/","og_locale":"pt_BR","og_type":"article","og_title":"Candidatos podem consultar locais de provas da Semmas e CGM","og_description":"Os locais de aplica\u00e7\u00e3o das provas dos concursos p\u00fablicos da Prefeitura de Manaus para a Secretaria Municipal de Meio Ambiente e Sustentabilidade (Semmas) e Controladoria-Geral do Munic\u00edpio (CGM) podem ser consultados no endere\u00e7o oficial do Instituto Consulplan.","og_url":"https:\/\/www.manaus.am.gov.br\/cgm\/prefeitura-semad-provas-concurso\/","og_site_name":"CGM","article_publisher":"https:\/\/www.facebook.com\/cgmmanaus","article_published_time":"2026-01-20T15:17:58+00:00","article_modified_time":"2026-01-20T15:45:34+00:00","og_image":[{"width":900,"height":509,"url":"https:\/\/www.manaus.am.gov.br\/cgm\/wp-content\/uploads\/sites\/9\/2025\/12\/BANNER-NOTA.png","type":"image\/png"}],"author":"Adriana Costa","twitter_card":"summary_large_image","twitter_misc":{"Written by":"Adriana Costa","Est. reading time":"1 minuto"},"schema":{"@context":"https:\/\/schema.org","@graph":[{"@type":"Article","@id":"https:\/\/www.manaus.am.gov.br\/cgm\/prefeitura-semad-provas-concurso\/#article","isPartOf":{"@id":"https:\/\/www.manaus.am.gov.br\/cgm\/prefeitura-semad-provas-concurso\/"},"author":{"name":"Adriana Costa","@id":"https:\/\/www.manaus.am.gov.br\/cgm\/#\/schema\/person\/4e49f4e267757a06ca072ec61b2b9968"},"headline":"Candidatos podem consultar locais de provas da Semmas e CGM","datePublished":"2026-01-20T15:17:58+00:00","dateModified":"2026-01-20T15:45:34+00:00","mainEntityOfPage":{"@id":"https:\/\/www.manaus.am.gov.br\/cgm\/prefeitura-semad-provas-concurso\/"},"wordCount":181,"publisher":{"@id":"https:\/\/www.manaus.am.gov.br\/cgm\/#organization"},"image":{"@id":"https:\/\/www.manaus.am.gov.br\/cgm\/prefeitura-semad-provas-concurso\/#primaryimage"},"thumbnailUrl":"https:\/\/www.manaus.am.gov.br\/cgm\/wp-content\/uploads\/sites\/9\/2025\/12\/BANNER-NOTA.png","keywords":["CGM","concursos","prefeitura de manaus","provas","Semad","semmas"],"articleSection":["Nota"],"inLanguage":"pt-BR"},{"@type":"WebPage","@id":"https:\/\/www.manaus.am.gov.br\/cgm\/prefeitura-semad-provas-concurso\/","url":"https:\/\/www.manaus.am.gov.br\/cgm\/prefeitura-semad-provas-concurso\/","name":"Candidatos podem consultar locais de provas da Semmas e CGM","isPartOf":{"@id":"https:\/\/www.manaus.am.gov.br\/cgm\/#website"},"primaryImageOfPage":{"@id":"https:\/\/www.manaus.am.gov.br\/cgm\/prefeitura-semad-provas-concurso\/#primaryimage"},"image":{"@id":"https:\/\/www.manaus.am.gov.br\/cgm\/prefeitura-semad-provas-concurso\/#primaryimage"},"thumbnailUrl":"https:\/\/www.manaus.am.gov.br\/cgm\/wp-content\/uploads\/sites\/9\/2025\/12\/BANNER-NOTA.png","datePublished":"2026-01-20T15:17:58+00:00","dateModified":"2026-01-20T15:45:34+00:00","description":"Os locais de aplica\u00e7\u00e3o das provas dos concursos p\u00fablicos da Prefeitura de Manaus para a Secretaria Municipal de Meio Ambiente e Sustentabilidade (Semmas) e Controladoria-Geral do Munic\u00edpio (CGM) podem ser consultados no endere\u00e7o oficial do Instituto Consulplan.","inLanguage":"pt-BR","potentialAction":[{"@type":"ReadAction","target":["https:\/\/www.manaus.am.gov.br\/cgm\/prefeitura-semad-provas-concurso\/"]}]},{"@type":"ImageObject","inLanguage":"pt-BR","@id":"https:\/\/www.manaus.am.gov.br\/cgm\/prefeitura-semad-provas-concurso\/#primaryimage","url":"https:\/\/www.manaus.am.gov.br\/cgm\/wp-content\/uploads\/sites\/9\/2025\/12\/BANNER-NOTA.png","contentUrl":"https:\/\/www.manaus.am.gov.br\/cgm\/wp-content\/uploads\/sites\/9\/2025\/12\/BANNER-NOTA.png","width":900,"height":509,"caption":"concurso da Semed"},{"@type":"WebSite","@id":"https:\/\/www.manaus.am.gov.br\/cgm\/#website","url":"https:\/\/www.manaus.am.gov.br\/cgm\/","name":"CGM","description":"Controladoria Geral do Munic\u00edpio","publisher":{"@id":"https:\/\/www.manaus.am.gov.br\/cgm\/#organization"},"alternateName":"Controladoria-Geral do Munic\u00edpio","potentialAction":[{"@type":"SearchAction","target":{"@type":"EntryPoint","urlTemplate":"https:\/\/www.manaus.am.gov.br\/cgm\/?s={search_term_string}"},"query-input":"required name=search_term_string"}],"inLanguage":"pt-BR"},{"@type":"Organization","@id":"https:\/\/www.manaus.am.gov.br\/cgm\/#organization","name":"Prefeitura de Manaus","alternateName":"Prefeitura Municipal de Manaus","url":"https:\/\/www.manaus.am.gov.br\/cgm\/","logo":{"@type":"ImageObject","inLanguage":"pt-BR","@id":"https:\/\/www.manaus.am.gov.br\/cgm\/#\/schema\/logo\/image\/","url":"https:\/\/www.manaus.am.gov.br\/cgm\/wp-content\/uploads\/sites\/9\/2024\/06\/favicon.png","contentUrl":"https:\/\/www.manaus.am.gov.br\/cgm\/wp-content\/uploads\/sites\/9\/2024\/06\/favicon.png","width":300,"height":300,"caption":"Prefeitura de Manaus"},"image":{"@id":"https:\/\/www.manaus.am.gov.br\/cgm\/#\/schema\/logo\/image\/"},"sameAs":["https:\/\/www.facebook.com\/cgmmanaus","https:\/\/www.instagram.com\/cgmmanaus\/"]},{"@type":"Person","@id":"https:\/\/www.manaus.am.gov.br\/cgm\/#\/schema\/person\/4e49f4e267757a06ca072ec61b2b9968","name":"Adriana Costa","image":{"@type":"ImageObject","inLanguage":"pt-BR","@id":"https:\/\/www.manaus.am.gov.br\/cgm\/#\/schema\/person\/image\/","url":"https:\/\/secure.gravatar.com\/avatar\/576258617ef7194f718179e766d57bd4?s=96&d=mm&r=g","contentUrl":"https:\/\/secure.gravatar.com\/avatar\/576258617ef7194f718179e766d57bd4?s=96&d=mm&r=g","caption":"Adriana Costa"}}]}},"_links":{"self":[{"href":"https:\/\/www.manaus.am.gov.br\/cgm\/wp-json\/wp\/v2\/posts\/2903"}],"collection":[{"href":"https:\/\/www.manaus.am.gov.br\/cgm\/wp-json\/wp\/v2\/posts"}],"about":[{"href":"https:\/\/www.manaus.am.gov.br\/cgm\/wp-json\/wp\/v2\/types\/post"}],"author":[{"embeddable":true,"href":"https:\/\/www.manaus.am.gov.br\/cgm\/wp-json\/wp\/v2\/users\/23"}],"replies":[{"embeddable":true,"href":"https:\/\/www.manaus.am.gov.br\/cgm\/wp-json\/wp\/v2\/comments?post=2903"}],"version-history":[{"count":1,"href":"https:\/\/www.manaus.am.gov.br\/cgm\/wp-json\/wp\/v2\/posts\/2903\/revisions"}],"predecessor-version":[{"id":2904,"href":"https:\/\/www.manaus.am.gov.br\/cgm\/wp-json\/wp\/v2\/posts\/2903\/revisions\/2904"}],"wp:featuredmedia":[{"embeddable":true,"href":"https:\/\/www.manaus.am.gov.br\/cgm\/wp-json\/wp\/v2\/media\/2860"}],"wp:attachment":[{"href":"https:\/\/www.manaus.am.gov.br\/cgm\/wp-json\/wp\/v2\/media?parent=2903"}],"wp:term":[{"taxonomy":"category","embeddable":true,"href":"https:\/\/www.manaus.am.gov.br\/cgm\/wp-json\/wp\/v2\/categories?post=2903"},{"taxonomy":"post_tag","embeddable":true,"href":"https:\/\/www.manaus.am.gov.br\/cgm\/wp-json\/wp\/v2\/tags?post=2903"}],"curies":[{"name":"wp","href":"https:\/\/api.w.org\/{rel}","templated":true}]}}