{"id":2896,"date":"2026-01-19T15:22:41","date_gmt":"2026-01-19T19:22:41","guid":{"rendered":"https:\/\/www.manaus.am.gov.br\/cgm\/prefeitura-colegiado-concursos\/"},"modified":"2026-01-19T15:53:28","modified_gmt":"2026-01-19T19:53:28","slug":"prefeitura-colegiado-concursos","status":"publish","type":"post","link":"https:\/\/www.manaus.am.gov.br\/cgm\/prefeitura-colegiado-concursos\/","title":{"rendered":"Colegiado da Prefeitura de Manaus define detalhes da realiza\u00e7\u00e3o das provas dos concursos da Semmas e CGM no domingo"},"content":{"rendered":"\n<p>A <a href=\"https:\/\/www.manaus.am.gov.br\">Prefeitura de Manaus<\/a> realiza, no domingo, 25\/1, as provas de dois concursos p\u00fablicos para o provimento de 65 cargos, sendo 35 na estrutura da Secretaria Municipal de Meio Ambiente e Sustentabilidade (Semmas) e 30 na Controladoria-Geral do Munic\u00edpio (CGM), \u00f3rg\u00e3o para o qual, pela primeira vez, desde que foi criado, em 2022, haver\u00e1 concurso. Os detalhes para a aplica\u00e7\u00e3o das provas foram alinhados na manh\u00e3 desta segunda-feira, 19\/1, em reuni\u00e3o do colegiado, formado por secretarias e \u00f3rg\u00e3os municipais, estaduais e de seguran\u00e7a p\u00fablica.<\/p>\n\n\n\n<p>Juntos, os dois certames tiveram 18 mil inscritos. As provas acontecer\u00e3o em 21 escolas, distribu\u00eddas por todas as zonas da cidade. Todo o processo de organiza\u00e7\u00e3o do concurso foi coordenado pela Secretaria Municipal de Administra\u00e7\u00e3o e Gest\u00e3o (Semad). O trabalho envolveu, entre outras atividades, a elabora\u00e7\u00e3o do edital e a defini\u00e7\u00e3o da banca, o instituto Consulplan.<\/p>\n\n\n\n<p>\u201cConfirmando o compromisso do prefeito David Almeida, de promover concursos p\u00fablicos na administra\u00e7\u00e3o municipal, teremos, j\u00e1 no primeiro m\u00eas de 2026, dois certames. Mais uma vez, em n\u00edvel organizacional, tanto a empresa que venceu o certame quanto a pr\u00f3pria estrutura da prefeitura, com as suas secretarias, est\u00e3o alinhadas e organizadas para atuar desde a recep\u00e7\u00e3o dos malotes fechados, que ficar\u00e3o guardados, com seguran\u00e7a, at\u00e9 o domingo, quando ser\u00e3o distribu\u00eddos para os locais das provas\u201d, explicou o titular da Semad, em exerc\u00edcio, Alexandre do Carmo.<\/p>\n\n\n\n<p>A reuni\u00e3o foi coordenada pelo superintendente do Centro de Coopera\u00e7\u00e3o da Cidade (CCC), Sandro Diz. \u201cO Centro de Coopera\u00e7\u00e3o da Cidade tem atuado, de forma integrada, na mobiliza\u00e7\u00e3o de toda a estrutura da Prefeitura de Manaus para a realiza\u00e7\u00e3o dos nossos concursos p\u00fablicos. Agora, \u00e9 a vez dos certames da CGM e da Semmas. Esse trabalho \u00e9 fruto do alinhamento entre os \u00f3rg\u00e3os colegiados, garantindo planejamento, log\u00edstica, seguran\u00e7a e transpar\u00eancia em todas as etapas da aplica\u00e7\u00e3o das provas\u201d, destacou.<\/p>\n\n\n\n<p>CGM<\/p>\n\n\n\n<p>A Controladoria-Geral do Munic\u00edpio \u00e9 um \u00f3rg\u00e3o interno de controle p\u00fablico. No total, ser\u00e3o 35 vagas imediatas, mais forma\u00e7\u00e3o de cadastro reserva para os cargos de Analista e T\u00e9cnico Municipal de Controle Municipal.<\/p>\n\n\n\n<p>Para Auditor Municipal de Controle Interno (AMCI), ser\u00e3o ofertadas 25 vagas, mais forma\u00e7\u00e3o de cadastro reserva, com exig\u00eancia de n\u00edvel superior nas \u00e1reas de Ci\u00eancias Cont\u00e1beis (sete vagas de ampla concorr\u00eancia e uma para Pessoa com Defici\u00eancia); Direito (cinco vagas); Tecnologia da Informa\u00e7\u00e3o (cinco vagas); Engenharia Civil (quatro vagas), e demais gradua\u00e7\u00f5es (tr\u00eas vagas). A remunera\u00e7\u00e3o \u00e9 de R$ 10 mil, para 40 horas semanais de trabalho.<\/p>\n\n\n\n<p>Para T\u00e9cnico Municipal de Controle Interno (TMCI), ser\u00e3o ofertadas dez vagas, mais forma\u00e7\u00e3o de cadastro reserva, com exig\u00eancia de n\u00edvel m\u00e9dio. A remunera\u00e7\u00e3o inicial \u00e9 de R$ 6 mil, com carga hor\u00e1ria de 40 horas semanais.<\/p>\n\n\n\n<p>Semmas<\/p>\n\n\n\n<p>Para a Semmas, ser\u00e3o ofertadas 30 vagas, al\u00e9m de oportunidades em cadastro de reserva. Os sal\u00e1rios iniciais s\u00e3o de R$ 3.822,71, para Analista Municipal 1 (\u00e1reas de Fiscaliza\u00e7\u00e3o, Qu\u00edmica, Geografia e Geologia) e R$ 7.404,82 para Analista Municipal 2 (nas \u00e1reas de Engenharia Agr\u00f4noma, Ambiental, Civil e Florestal).<\/p>\n\n\n\n<p>Ainda este ano, a prefeitura deve lan\u00e7ar os editais de concursos para \u00e1rea n\u00e3o espec\u00edfica, para o Instituto Municipal de Planejamento Urbano (Implurb) e para a Guarda Municipal.<\/p>\n\n\n\n<p>&#8212; &#8212; &#8212;<\/p>\n\n\n\n<p><strong>Texto<\/strong>&nbsp;\u2013 Sandra Monteiro \/ Semad<\/p>\n\n\n\n<p><strong>Fotos<\/strong>&nbsp;\u2013 Divulga\u00e7\u00e3o \/ CCC<\/p>\n","protected":false},"excerpt":{"rendered":"","protected":false},"author":23,"featured_media":2897,"comment_status":"closed","ping_status":"closed","sticky":false,"template":"","format":"standard","meta":{"footnotes":""},"categories":[244],"tags":[7,245,224,21,246,213],"acf":[],"yoast_head":"<!-- This site is optimized with the Yoast SEO plugin v23.0 - https:\/\/yoast.com\/wordpress\/plugins\/seo\/ -->\n<title>Colegiado da Prefeitura de Manaus define detalhes da realiza\u00e7\u00e3o das provas dos concursos da Semmas e CGM no domingo<\/title>\n<meta name=\"description\" content=\"A Prefeitura de Manaus realiza, no domingo, 25\/1, as provas de dois concursos p\u00fablicos para o provimento de 65 cargos, sendo 35 na estrutura da Secretaria Municipal de Meio Ambiente (Semmas) e 30 na Controladoria-Geral do Munic\u00edpio (CGM), \u00f3rg\u00e3o para o qual, pela primeira vez, desde que foi criado, em 2022, haver\u00e1 concurso.\" \/>\n<meta name=\"robots\" content=\"index, follow, max-snippet:-1, max-image-preview:large, max-video-preview:-1\" \/>\n<link rel=\"canonical\" href=\"https:\/\/www.manaus.am.gov.br\/cgm\/prefeitura-colegiado-concursos\/\" \/>\n<meta property=\"og:locale\" content=\"pt_BR\" \/>\n<meta property=\"og:type\" content=\"article\" \/>\n<meta property=\"og:title\" content=\"Colegiado da Prefeitura de Manaus define detalhes da realiza\u00e7\u00e3o das provas dos concursos da Semmas e CGM no domingo\" \/>\n<meta property=\"og:description\" content=\"A Prefeitura de Manaus realiza, no domingo, 25\/1, as provas de dois concursos p\u00fablicos para o provimento de 65 cargos, sendo 35 na estrutura da Secretaria Municipal de Meio Ambiente (Semmas) e 30 na Controladoria-Geral do Munic\u00edpio (CGM), \u00f3rg\u00e3o para o qual, pela primeira vez, desde que foi criado, em 2022, haver\u00e1 concurso.\" \/>\n<meta property=\"og:url\" content=\"https:\/\/www.manaus.am.gov.br\/cgm\/prefeitura-colegiado-concursos\/\" \/>\n<meta property=\"og:site_name\" content=\"CGM\" \/>\n<meta property=\"article:publisher\" content=\"https:\/\/www.facebook.com\/cgmmanaus\" \/>\n<meta property=\"article:published_time\" content=\"2026-01-19T19:22:41+00:00\" \/>\n<meta property=\"article:modified_time\" content=\"2026-01-19T19:53:28+00:00\" \/>\n<meta property=\"og:image\" content=\"https:\/\/www.manaus.am.gov.br\/cgm\/wp-content\/uploads\/sites\/9\/2026\/01\/Reuniao-Colegiado-CCC-1.jpeg\" \/>\n\t<meta property=\"og:image:width\" content=\"1280\" \/>\n\t<meta property=\"og:image:height\" content=\"720\" \/>\n\t<meta property=\"og:image:type\" content=\"image\/jpeg\" \/>\n<meta name=\"author\" content=\"Adriana Costa\" \/>\n<meta name=\"twitter:card\" content=\"summary_large_image\" \/>\n<meta name=\"twitter:label1\" content=\"Written by\" \/>\n\t<meta name=\"twitter:data1\" content=\"Adriana Costa\" \/>\n\t<meta name=\"twitter:label2\" content=\"Est. reading time\" \/>\n\t<meta name=\"twitter:data2\" content=\"4 minutos\" \/>\n<script type=\"application\/ld+json\" class=\"yoast-schema-graph\">{\"@context\":\"https:\/\/schema.org\",\"@graph\":[{\"@type\":\"Article\",\"@id\":\"https:\/\/www.manaus.am.gov.br\/cgm\/prefeitura-colegiado-concursos\/#article\",\"isPartOf\":{\"@id\":\"https:\/\/www.manaus.am.gov.br\/cgm\/prefeitura-colegiado-concursos\/\"},\"author\":{\"name\":\"Adriana Costa\",\"@id\":\"https:\/\/www.manaus.am.gov.br\/cgm\/#\/schema\/person\/4e49f4e267757a06ca072ec61b2b9968\"},\"headline\":\"Colegiado da Prefeitura de Manaus define detalhes da realiza\u00e7\u00e3o das provas dos concursos da Semmas e CGM no domingo\",\"datePublished\":\"2026-01-19T19:22:41+00:00\",\"dateModified\":\"2026-01-19T19:53:28+00:00\",\"mainEntityOfPage\":{\"@id\":\"https:\/\/www.manaus.am.gov.br\/cgm\/prefeitura-colegiado-concursos\/\"},\"wordCount\":599,\"publisher\":{\"@id\":\"https:\/\/www.manaus.am.gov.br\/cgm\/#organization\"},\"image\":{\"@id\":\"https:\/\/www.manaus.am.gov.br\/cgm\/prefeitura-colegiado-concursos\/#primaryimage\"},\"thumbnailUrl\":\"https:\/\/www.manaus.am.gov.br\/cgm\/wp-content\/uploads\/sites\/9\/2026\/01\/Reuniao-Colegiado-CCC-1.jpeg\",\"keywords\":[\"CGM\",\"colegiado\",\"concursos\",\"prefeitura de manaus\",\"provas\",\"semmas\"],\"articleSection\":[\"Organiza\u00e7\u00e3o\"],\"inLanguage\":\"pt-BR\"},{\"@type\":\"WebPage\",\"@id\":\"https:\/\/www.manaus.am.gov.br\/cgm\/prefeitura-colegiado-concursos\/\",\"url\":\"https:\/\/www.manaus.am.gov.br\/cgm\/prefeitura-colegiado-concursos\/\",\"name\":\"Colegiado da Prefeitura de Manaus define detalhes da realiza\u00e7\u00e3o das provas dos concursos da Semmas e CGM no domingo\",\"isPartOf\":{\"@id\":\"https:\/\/www.manaus.am.gov.br\/cgm\/#website\"},\"primaryImageOfPage\":{\"@id\":\"https:\/\/www.manaus.am.gov.br\/cgm\/prefeitura-colegiado-concursos\/#primaryimage\"},\"image\":{\"@id\":\"https:\/\/www.manaus.am.gov.br\/cgm\/prefeitura-colegiado-concursos\/#primaryimage\"},\"thumbnailUrl\":\"https:\/\/www.manaus.am.gov.br\/cgm\/wp-content\/uploads\/sites\/9\/2026\/01\/Reuniao-Colegiado-CCC-1.jpeg\",\"datePublished\":\"2026-01-19T19:22:41+00:00\",\"dateModified\":\"2026-01-19T19:53:28+00:00\",\"description\":\"A Prefeitura de Manaus realiza, no domingo, 25\/1, as provas de dois concursos p\u00fablicos para o provimento de 65 cargos, sendo 35 na estrutura da Secretaria Municipal de Meio Ambiente (Semmas) e 30 na Controladoria-Geral do Munic\u00edpio (CGM), \u00f3rg\u00e3o para o qual, pela primeira vez, desde que foi criado, em 2022, haver\u00e1 concurso.\",\"inLanguage\":\"pt-BR\",\"potentialAction\":[{\"@type\":\"ReadAction\",\"target\":[\"https:\/\/www.manaus.am.gov.br\/cgm\/prefeitura-colegiado-concursos\/\"]}]},{\"@type\":\"ImageObject\",\"inLanguage\":\"pt-BR\",\"@id\":\"https:\/\/www.manaus.am.gov.br\/cgm\/prefeitura-colegiado-concursos\/#primaryimage\",\"url\":\"https:\/\/www.manaus.am.gov.br\/cgm\/wp-content\/uploads\/sites\/9\/2026\/01\/Reuniao-Colegiado-CCC-1.jpeg\",\"contentUrl\":\"https:\/\/www.manaus.am.gov.br\/cgm\/wp-content\/uploads\/sites\/9\/2026\/01\/Reuniao-Colegiado-CCC-1.jpeg\",\"width\":1280,\"height\":720,\"caption\":\"#paratodosverem - Reuni\u00e3o do Colegiado da Prefeitura de Manaus para ajustes finais para as provas de concurso da CGM e Semmas\"},{\"@type\":\"WebSite\",\"@id\":\"https:\/\/www.manaus.am.gov.br\/cgm\/#website\",\"url\":\"https:\/\/www.manaus.am.gov.br\/cgm\/\",\"name\":\"CGM\",\"description\":\"Controladoria Geral do Munic\u00edpio\",\"publisher\":{\"@id\":\"https:\/\/www.manaus.am.gov.br\/cgm\/#organization\"},\"alternateName\":\"Controladoria-Geral do Munic\u00edpio\",\"potentialAction\":[{\"@type\":\"SearchAction\",\"target\":{\"@type\":\"EntryPoint\",\"urlTemplate\":\"https:\/\/www.manaus.am.gov.br\/cgm\/?s={search_term_string}\"},\"query-input\":\"required name=search_term_string\"}],\"inLanguage\":\"pt-BR\"},{\"@type\":\"Organization\",\"@id\":\"https:\/\/www.manaus.am.gov.br\/cgm\/#organization\",\"name\":\"Prefeitura de Manaus\",\"alternateName\":\"Prefeitura Municipal de Manaus\",\"url\":\"https:\/\/www.manaus.am.gov.br\/cgm\/\",\"logo\":{\"@type\":\"ImageObject\",\"inLanguage\":\"pt-BR\",\"@id\":\"https:\/\/www.manaus.am.gov.br\/cgm\/#\/schema\/logo\/image\/\",\"url\":\"https:\/\/www.manaus.am.gov.br\/cgm\/wp-content\/uploads\/sites\/9\/2024\/06\/favicon.png\",\"contentUrl\":\"https:\/\/www.manaus.am.gov.br\/cgm\/wp-content\/uploads\/sites\/9\/2024\/06\/favicon.png\",\"width\":300,\"height\":300,\"caption\":\"Prefeitura de Manaus\"},\"image\":{\"@id\":\"https:\/\/www.manaus.am.gov.br\/cgm\/#\/schema\/logo\/image\/\"},\"sameAs\":[\"https:\/\/www.facebook.com\/cgmmanaus\",\"https:\/\/www.instagram.com\/cgmmanaus\/\"]},{\"@type\":\"Person\",\"@id\":\"https:\/\/www.manaus.am.gov.br\/cgm\/#\/schema\/person\/4e49f4e267757a06ca072ec61b2b9968\",\"name\":\"Adriana Costa\",\"image\":{\"@type\":\"ImageObject\",\"inLanguage\":\"pt-BR\",\"@id\":\"https:\/\/www.manaus.am.gov.br\/cgm\/#\/schema\/person\/image\/\",\"url\":\"https:\/\/secure.gravatar.com\/avatar\/576258617ef7194f718179e766d57bd4?s=96&d=mm&r=g\",\"contentUrl\":\"https:\/\/secure.gravatar.com\/avatar\/576258617ef7194f718179e766d57bd4?s=96&d=mm&r=g\",\"caption\":\"Adriana Costa\"}}]}<\/script>\n<!-- \/ Yoast SEO plugin. -->","yoast_head_json":{"title":"Colegiado da Prefeitura de Manaus define detalhes da realiza\u00e7\u00e3o das provas dos concursos da Semmas e CGM no domingo","description":"A Prefeitura de Manaus realiza, no domingo, 25\/1, as provas de dois concursos p\u00fablicos para o provimento de 65 cargos, sendo 35 na estrutura da Secretaria Municipal de Meio Ambiente (Semmas) e 30 na Controladoria-Geral do Munic\u00edpio (CGM), \u00f3rg\u00e3o para o qual, pela primeira vez, desde que foi criado, em 2022, haver\u00e1 concurso.","robots":{"index":"index","follow":"follow","max-snippet":"max-snippet:-1","max-image-preview":"max-image-preview:large","max-video-preview":"max-video-preview:-1"},"canonical":"https:\/\/www.manaus.am.gov.br\/cgm\/prefeitura-colegiado-concursos\/","og_locale":"pt_BR","og_type":"article","og_title":"Colegiado da Prefeitura de Manaus define detalhes da realiza\u00e7\u00e3o das provas dos concursos da Semmas e CGM no domingo","og_description":"A Prefeitura de Manaus realiza, no domingo, 25\/1, as provas de dois concursos p\u00fablicos para o provimento de 65 cargos, sendo 35 na estrutura da Secretaria Municipal de Meio Ambiente (Semmas) e 30 na Controladoria-Geral do Munic\u00edpio (CGM), \u00f3rg\u00e3o para o qual, pela primeira vez, desde que foi criado, em 2022, haver\u00e1 concurso.","og_url":"https:\/\/www.manaus.am.gov.br\/cgm\/prefeitura-colegiado-concursos\/","og_site_name":"CGM","article_publisher":"https:\/\/www.facebook.com\/cgmmanaus","article_published_time":"2026-01-19T19:22:41+00:00","article_modified_time":"2026-01-19T19:53:28+00:00","og_image":[{"width":1280,"height":720,"url":"https:\/\/www.manaus.am.gov.br\/cgm\/wp-content\/uploads\/sites\/9\/2026\/01\/Reuniao-Colegiado-CCC-1.jpeg","type":"image\/jpeg"}],"author":"Adriana Costa","twitter_card":"summary_large_image","twitter_misc":{"Written by":"Adriana Costa","Est. reading time":"4 minutos"},"schema":{"@context":"https:\/\/schema.org","@graph":[{"@type":"Article","@id":"https:\/\/www.manaus.am.gov.br\/cgm\/prefeitura-colegiado-concursos\/#article","isPartOf":{"@id":"https:\/\/www.manaus.am.gov.br\/cgm\/prefeitura-colegiado-concursos\/"},"author":{"name":"Adriana Costa","@id":"https:\/\/www.manaus.am.gov.br\/cgm\/#\/schema\/person\/4e49f4e267757a06ca072ec61b2b9968"},"headline":"Colegiado da Prefeitura de Manaus define detalhes da realiza\u00e7\u00e3o das provas dos concursos da Semmas e CGM no domingo","datePublished":"2026-01-19T19:22:41+00:00","dateModified":"2026-01-19T19:53:28+00:00","mainEntityOfPage":{"@id":"https:\/\/www.manaus.am.gov.br\/cgm\/prefeitura-colegiado-concursos\/"},"wordCount":599,"publisher":{"@id":"https:\/\/www.manaus.am.gov.br\/cgm\/#organization"},"image":{"@id":"https:\/\/www.manaus.am.gov.br\/cgm\/prefeitura-colegiado-concursos\/#primaryimage"},"thumbnailUrl":"https:\/\/www.manaus.am.gov.br\/cgm\/wp-content\/uploads\/sites\/9\/2026\/01\/Reuniao-Colegiado-CCC-1.jpeg","keywords":["CGM","colegiado","concursos","prefeitura de manaus","provas","semmas"],"articleSection":["Organiza\u00e7\u00e3o"],"inLanguage":"pt-BR"},{"@type":"WebPage","@id":"https:\/\/www.manaus.am.gov.br\/cgm\/prefeitura-colegiado-concursos\/","url":"https:\/\/www.manaus.am.gov.br\/cgm\/prefeitura-colegiado-concursos\/","name":"Colegiado da Prefeitura de Manaus define detalhes da realiza\u00e7\u00e3o das provas dos concursos da Semmas e CGM no domingo","isPartOf":{"@id":"https:\/\/www.manaus.am.gov.br\/cgm\/#website"},"primaryImageOfPage":{"@id":"https:\/\/www.manaus.am.gov.br\/cgm\/prefeitura-colegiado-concursos\/#primaryimage"},"image":{"@id":"https:\/\/www.manaus.am.gov.br\/cgm\/prefeitura-colegiado-concursos\/#primaryimage"},"thumbnailUrl":"https:\/\/www.manaus.am.gov.br\/cgm\/wp-content\/uploads\/sites\/9\/2026\/01\/Reuniao-Colegiado-CCC-1.jpeg","datePublished":"2026-01-19T19:22:41+00:00","dateModified":"2026-01-19T19:53:28+00:00","description":"A Prefeitura de Manaus realiza, no domingo, 25\/1, as provas de dois concursos p\u00fablicos para o provimento de 65 cargos, sendo 35 na estrutura da Secretaria Municipal de Meio Ambiente (Semmas) e 30 na Controladoria-Geral do Munic\u00edpio (CGM), \u00f3rg\u00e3o para o qual, pela primeira vez, desde que foi criado, em 2022, haver\u00e1 concurso.","inLanguage":"pt-BR","potentialAction":[{"@type":"ReadAction","target":["https:\/\/www.manaus.am.gov.br\/cgm\/prefeitura-colegiado-concursos\/"]}]},{"@type":"ImageObject","inLanguage":"pt-BR","@id":"https:\/\/www.manaus.am.gov.br\/cgm\/prefeitura-colegiado-concursos\/#primaryimage","url":"https:\/\/www.manaus.am.gov.br\/cgm\/wp-content\/uploads\/sites\/9\/2026\/01\/Reuniao-Colegiado-CCC-1.jpeg","contentUrl":"https:\/\/www.manaus.am.gov.br\/cgm\/wp-content\/uploads\/sites\/9\/2026\/01\/Reuniao-Colegiado-CCC-1.jpeg","width":1280,"height":720,"caption":"#paratodosverem - Reuni\u00e3o do Colegiado da Prefeitura de Manaus para ajustes finais para as provas de concurso da CGM e Semmas"},{"@type":"WebSite","@id":"https:\/\/www.manaus.am.gov.br\/cgm\/#website","url":"https:\/\/www.manaus.am.gov.br\/cgm\/","name":"CGM","description":"Controladoria Geral do Munic\u00edpio","publisher":{"@id":"https:\/\/www.manaus.am.gov.br\/cgm\/#organization"},"alternateName":"Controladoria-Geral do Munic\u00edpio","potentialAction":[{"@type":"SearchAction","target":{"@type":"EntryPoint","urlTemplate":"https:\/\/www.manaus.am.gov.br\/cgm\/?s={search_term_string}"},"query-input":"required name=search_term_string"}],"inLanguage":"pt-BR"},{"@type":"Organization","@id":"https:\/\/www.manaus.am.gov.br\/cgm\/#organization","name":"Prefeitura de Manaus","alternateName":"Prefeitura Municipal de Manaus","url":"https:\/\/www.manaus.am.gov.br\/cgm\/","logo":{"@type":"ImageObject","inLanguage":"pt-BR","@id":"https:\/\/www.manaus.am.gov.br\/cgm\/#\/schema\/logo\/image\/","url":"https:\/\/www.manaus.am.gov.br\/cgm\/wp-content\/uploads\/sites\/9\/2024\/06\/favicon.png","contentUrl":"https:\/\/www.manaus.am.gov.br\/cgm\/wp-content\/uploads\/sites\/9\/2024\/06\/favicon.png","width":300,"height":300,"caption":"Prefeitura de Manaus"},"image":{"@id":"https:\/\/www.manaus.am.gov.br\/cgm\/#\/schema\/logo\/image\/"},"sameAs":["https:\/\/www.facebook.com\/cgmmanaus","https:\/\/www.instagram.com\/cgmmanaus\/"]},{"@type":"Person","@id":"https:\/\/www.manaus.am.gov.br\/cgm\/#\/schema\/person\/4e49f4e267757a06ca072ec61b2b9968","name":"Adriana Costa","image":{"@type":"ImageObject","inLanguage":"pt-BR","@id":"https:\/\/www.manaus.am.gov.br\/cgm\/#\/schema\/person\/image\/","url":"https:\/\/secure.gravatar.com\/avatar\/576258617ef7194f718179e766d57bd4?s=96&d=mm&r=g","contentUrl":"https:\/\/secure.gravatar.com\/avatar\/576258617ef7194f718179e766d57bd4?s=96&d=mm&r=g","caption":"Adriana Costa"}}]}},"_links":{"self":[{"href":"https:\/\/www.manaus.am.gov.br\/cgm\/wp-json\/wp\/v2\/posts\/2896"}],"collection":[{"href":"https:\/\/www.manaus.am.gov.br\/cgm\/wp-json\/wp\/v2\/posts"}],"about":[{"href":"https:\/\/www.manaus.am.gov.br\/cgm\/wp-json\/wp\/v2\/types\/post"}],"author":[{"embeddable":true,"href":"https:\/\/www.manaus.am.gov.br\/cgm\/wp-json\/wp\/v2\/users\/23"}],"replies":[{"embeddable":true,"href":"https:\/\/www.manaus.am.gov.br\/cgm\/wp-json\/wp\/v2\/comments?post=2896"}],"version-history":[{"count":1,"href":"https:\/\/www.manaus.am.gov.br\/cgm\/wp-json\/wp\/v2\/posts\/2896\/revisions"}],"predecessor-version":[{"id":2898,"href":"https:\/\/www.manaus.am.gov.br\/cgm\/wp-json\/wp\/v2\/posts\/2896\/revisions\/2898"}],"wp:featuredmedia":[{"embeddable":true,"href":"https:\/\/www.manaus.am.gov.br\/cgm\/wp-json\/wp\/v2\/media\/2897"}],"wp:attachment":[{"href":"https:\/\/www.manaus.am.gov.br\/cgm\/wp-json\/wp\/v2\/media?parent=2896"}],"wp:term":[{"taxonomy":"category","embeddable":true,"href":"https:\/\/www.manaus.am.gov.br\/cgm\/wp-json\/wp\/v2\/categories?post=2896"},{"taxonomy":"post_tag","embeddable":true,"href":"https:\/\/www.manaus.am.gov.br\/cgm\/wp-json\/wp\/v2\/tags?post=2896"}],"curies":[{"name":"wp","href":"https:\/\/api.w.org\/{rel}","templated":true}]}}