{"id":2841,"date":"2025-11-25T16:31:22","date_gmt":"2025-11-25T20:31:22","guid":{"rendered":"https:\/\/www.manaus.am.gov.br\/cgm\/balanco-de-gestao-e-metas\/"},"modified":"2025-11-25T16:31:23","modified_gmt":"2025-11-25T20:31:23","slug":"balanco-de-gestao-e-metas","status":"publish","type":"post","link":"https:\/\/www.manaus.am.gov.br\/cgm\/balanco-de-gestao-e-metas\/","title":{"rendered":"Prefeitura de Manaus apresenta Balan\u00e7o de Gest\u00e3o do Sistema Municipal de Ouvidorias e tra\u00e7a metas para 2026"},"content":{"rendered":"\n<p>A Prefeitura de Manaus, por meio da Ouvidoria-Geral, \u00f3rg\u00e3o integrante da Controladoria-Geral do Munic\u00edpio, realizou, nesta ter\u00e7a-feira, 25\/11, o Balan\u00e7o de Gest\u00e3o do Sistema Municipal de Ouvidorias (Sismouv), reunindo ouvidores, gestores e representantes de \u00f3rg\u00e3os parceiros, no audit\u00f3rio do mirante L\u00facia Almeida, localizado no Centro. O evento destacou os avan\u00e7os alcan\u00e7ados em 2025, fortaleceu a pol\u00edtica de escuta ativa e apresentou diretrizes estrat\u00e9gicas para o pr\u00f3ximo ciclo de trabalho.<\/p>\n\n\n\n<p>O ouvidor-geral do munic\u00edpio, Ebenezer Bezerra, comentou sobre o balan\u00e7o realizado no evento e a import\u00e2ncia de ter as ouvidorias municipais pr\u00f3ximas \u00e0 popula\u00e7\u00e3o. \u201cEstamos aqui para fazer uma avalia\u00e7\u00e3o dos tr\u00eas \u00faltimos meses da gest\u00e3o em 2025, e fazer um balan\u00e7o do desempenho das ouvidorias setoriais com rela\u00e7\u00e3o \u00e0 aproxima\u00e7\u00e3o com a popula\u00e7\u00e3o, que \u00e9 o objetivo principal, ter a gest\u00e3o ouvindo as suas reclama\u00e7\u00f5es, sugest\u00f5es, elogios, a propositura de altera\u00e7\u00e3o de procedimentos que ocorrem dentro da gest\u00e3o municipal, com objetivo de melhorar os servi\u00e7os prestados \u00e0 popula\u00e7\u00e3o\u201d, destacou.<\/p>\n\n\n\n<p>Um dos principais destaques da programa\u00e7\u00e3o foi o lan\u00e7amento do planejamento da Ouvidoria Itinerante 2026, iniciativa que ampliar\u00e1 o atendimento descentralizado, levando os servi\u00e7os de ouvidoria diretamente \u00e0s comunidades e refor\u00e7ando o compromisso com a participa\u00e7\u00e3o social e a transpar\u00eancia.<\/p>\n\n\n\n<p>\u201cEssa reuni\u00e3o serve tamb\u00e9m para alinharmos o que ocorrer\u00e1 na virada do ano com o lan\u00e7amento da Ouvidoria Itinerante, um projeto do prefeito David Almeida no qual levaremos tamb\u00e9m a Ouvidoria at\u00e9 o mun\u00edcipe, evitando o deslocamento do usu\u00e1rio \u00e0 Ouvidoria-Geral ou setorial, levando o ouvido da gest\u00e3o para acolher as manifesta\u00e7\u00f5es do cidad\u00e3o e ao mesmo tempo aprimorar os servi\u00e7os da prefeitura\u201d, exaltou.<\/p>\n\n\n\n<p>O controlador-geral do munic\u00edpio, Alessandro Moreira, ratificou o compromisso da Prefeitura de Manaus de atender as demandas da cidade, indicando a reuni\u00e3o como um momento fundamental para alinhar as estrat\u00e9gias e tra\u00e7ar metas.<\/p>\n\n\n\n<p>\u201c\u00c9 uma orienta\u00e7\u00e3o do prefeito David Almeida que a nossa administra\u00e7\u00e3o esteja pr\u00f3xima das pessoas e que elas participem da formula\u00e7\u00e3o da execu\u00e7\u00e3o das pol\u00edticas p\u00fablicas. Essas reuni\u00f5es que envolvem todos os ouvidores setoriais de todos os \u00f3rg\u00e3os da Prefeitura de Manaus tem um objetivo de alinhar todos os conceitos e objetivos nossos para os pr\u00f3ximos anos. Em 2026, n\u00f3s temos objetivos muito claros de estar muito pr\u00f3ximo da popula\u00e7\u00e3o utilizando recursos tecnol\u00f3gicos, e tamb\u00e9m na proximidade, o corpo a corpo, de todos os ouvidores setoriais com a nossa popula\u00e7\u00e3o\u2019\u2019, explicou.<\/p>\n\n\n\n<p>O Balan\u00e7o de Gest\u00e3o das Ouvidorias, mostrou resultados, desafios superados e melhorias implementadas ao longo do ano. Os ouvidores tamb\u00e9m compartilharam experi\u00eancias, propostas de aprimoramento e boas pr\u00e1ticas, fortalecendo o alinhamento e a integra\u00e7\u00e3o do sistema municipal.<\/p>\n\n\n\n<p>Para a ouvidora setorial da Seminf, Fabiola Oliveira, a boa rela\u00e7\u00e3o da gest\u00e3o municipal com o cidad\u00e3o \u00e9 fundamental para avan\u00e7ar com as demandas da cidade. \u201c\u00c9 de extrema import\u00e2ncia esse tipo de evento, pois nos prepara para atendermos a popula\u00e7\u00e3o, j\u00e1 que a gest\u00e3o do prefeito David Almeida e do vice-prefeito Renato Junior \u00e9 extremamente preocupada com o atendimento e em dar essa empatia ao cidad\u00e3o que utiliza os servi\u00e7os p\u00fablicos oferecidos pela prefeitura\u201d, comentou.<\/p>\n\n\n\n<p>O evento contou ainda com a apresenta\u00e7\u00e3o do novo chefe do N\u00facleo de A\u00e7\u00f5es de Ouvidoria e de Preven\u00e7\u00e3o da Corrup\u00e7\u00e3o da Controladoria-Geral da Uni\u00e3o (CGU), Rafael Russo, que destacou a import\u00e2ncia da coopera\u00e7\u00e3o entre os \u00f3rg\u00e3os de controle e as ouvidorias municipais. \u201cA transpar\u00eancia e a participa\u00e7\u00e3o social s\u00e3o pilares fundamentais para uma gest\u00e3o p\u00fablica \u00edntegra. Somente com di\u00e1logo, organiza\u00e7\u00e3o e compromisso t\u00e9cnico conseguimos fortalecer as pol\u00edticas de preven\u00e7\u00e3o e, principalmente, garantir que a voz do cidad\u00e3o seja ouvida e respeitada\u201d, afirmou.<\/p>\n\n\n\n<p>O ouvidor-geral tamb\u00e9m refor\u00e7ou o papel estrat\u00e9gico das ouvidorias na constru\u00e7\u00e3o de uma gest\u00e3o mais pr\u00f3xima da popula\u00e7\u00e3o. \u201cO trabalho das ouvidorias vai muito al\u00e9m de registrar demandas. N\u00f3s promovemos cidadania, constru\u00edmos pontes e ajudamos a traduzir as necessidades das pessoas. Esse balan\u00e7o \u00e9 a prova de que estamos avan\u00e7ando com responsabilidade e compromisso\u201d, concluiu.<\/p>\n\n\n\n<p>A realiza\u00e7\u00e3o do encontro refor\u00e7a o empenho da Prefeitura de Manaus em consolidar uma gest\u00e3o p\u00fablica moderna, eficiente e participativa, reconhecendo as ouvidorias como um elo essencial entre o cidad\u00e3o e a administra\u00e7\u00e3o municipal.<\/p>\n\n\n\n<p>\u2014- \u2014- \u2014-<br><strong>Texto &#8211; <\/strong>Fernanda Mota e Oliveira Junior \/ CGM<br><strong>Fotos <\/strong>&#8211; Valdo Le\u00e3o \/ Semcom<br><strong>Dispon\u00edveis em &#8211;<\/strong> <a href=\"https:\/\/flic.kr\/s\/aHBqjCBPKA\">https:\/\/flic.kr\/s\/aHBqjCBPKA<\/a><\/p>\n","protected":false},"excerpt":{"rendered":"","protected":false},"author":68,"featured_media":2842,"comment_status":"closed","ping_status":"closed","sticky":false,"template":"","format":"standard","meta":{"footnotes":""},"categories":[76],"tags":[214,215,7,21],"acf":[],"yoast_head":"<!-- This site is optimized with the Yoast SEO plugin v23.0 - https:\/\/yoast.com\/wordpress\/plugins\/seo\/ -->\n<title>Prefeitura de Manaus apresenta Balan\u00e7o de Gest\u00e3o do Sistema Municipal de Ouvidorias e tra\u00e7a metas para 2026<\/title>\n<meta name=\"description\" content=\"A Prefeitura de Manausrealizou, nesta ter\u00e7a-feira, 25, o Balan\u00e7o de Gest\u00e3o do Sistema Municipal de Ouvidorias (Sismouv), reunindo ouvidores.\" \/>\n<meta name=\"robots\" content=\"index, follow, max-snippet:-1, max-image-preview:large, max-video-preview:-1\" \/>\n<link rel=\"canonical\" href=\"https:\/\/www.manaus.am.gov.br\/cgm\/balanco-de-gestao-e-metas\/\" \/>\n<meta property=\"og:locale\" content=\"pt_BR\" \/>\n<meta property=\"og:type\" content=\"article\" \/>\n<meta property=\"og:title\" content=\"Prefeitura de Manaus apresenta Balan\u00e7o de Gest\u00e3o do Sistema Municipal de Ouvidorias e tra\u00e7a metas para 2026\" \/>\n<meta property=\"og:description\" content=\"A Prefeitura de Manausrealizou, nesta ter\u00e7a-feira, 25, o Balan\u00e7o de Gest\u00e3o do Sistema Municipal de Ouvidorias (Sismouv), reunindo ouvidores.\" \/>\n<meta property=\"og:url\" content=\"https:\/\/www.manaus.am.gov.br\/cgm\/balanco-de-gestao-e-metas\/\" \/>\n<meta property=\"og:site_name\" content=\"CGM\" \/>\n<meta property=\"article:publisher\" content=\"https:\/\/www.facebook.com\/cgmmanaus\" \/>\n<meta property=\"article:published_time\" content=\"2025-11-25T20:31:22+00:00\" \/>\n<meta property=\"article:modified_time\" content=\"2025-11-25T20:31:23+00:00\" \/>\n<meta property=\"og:image\" content=\"https:\/\/www.manaus.am.gov.br\/cgm\/wp-content\/uploads\/sites\/9\/2025\/11\/54946431590_a8146ec5d4_o-1024x683.jpg\" \/>\n\t<meta property=\"og:image:width\" content=\"1024\" \/>\n\t<meta property=\"og:image:height\" content=\"683\" \/>\n\t<meta property=\"og:image:type\" content=\"image\/jpeg\" \/>\n<meta name=\"author\" content=\"bvalente\" \/>\n<meta name=\"twitter:card\" content=\"summary_large_image\" \/>\n<meta name=\"twitter:label1\" content=\"Written by\" \/>\n\t<meta name=\"twitter:data1\" content=\"bvalente\" \/>\n\t<meta name=\"twitter:label2\" content=\"Est. reading time\" \/>\n\t<meta name=\"twitter:data2\" content=\"5 minutos\" \/>\n<script type=\"application\/ld+json\" class=\"yoast-schema-graph\">{\"@context\":\"https:\/\/schema.org\",\"@graph\":[{\"@type\":\"Article\",\"@id\":\"https:\/\/www.manaus.am.gov.br\/cgm\/balanco-de-gestao-e-metas\/#article\",\"isPartOf\":{\"@id\":\"https:\/\/www.manaus.am.gov.br\/cgm\/balanco-de-gestao-e-metas\/\"},\"author\":{\"name\":\"bvalente\",\"@id\":\"https:\/\/www.manaus.am.gov.br\/cgm\/#\/schema\/person\/466a0e03ae4b6062809046bd560ac955\"},\"headline\":\"Prefeitura de Manaus apresenta Balan\u00e7o de Gest\u00e3o do Sistema Municipal de Ouvidorias e tra\u00e7a metas para 2026\",\"datePublished\":\"2025-11-25T20:31:22+00:00\",\"dateModified\":\"2025-11-25T20:31:23+00:00\",\"mainEntityOfPage\":{\"@id\":\"https:\/\/www.manaus.am.gov.br\/cgm\/balanco-de-gestao-e-metas\/\"},\"wordCount\":824,\"publisher\":{\"@id\":\"https:\/\/www.manaus.am.gov.br\/cgm\/#organization\"},\"image\":{\"@id\":\"https:\/\/www.manaus.am.gov.br\/cgm\/balanco-de-gestao-e-metas\/#primaryimage\"},\"thumbnailUrl\":\"https:\/\/www.manaus.am.gov.br\/cgm\/wp-content\/uploads\/sites\/9\/2025\/11\/54946431590_a8146ec5d4_o.jpg\",\"keywords\":[\"alan\u00e7o de Gest\u00e3o do Sistema Municipal de Ouvidorias (Sismouv)\",\"Balan\u00e7o de Gest\u00e3o e metas\",\"CGM\",\"prefeitura de manaus\"],\"articleSection\":[\"Reuni\u00e3o\"],\"inLanguage\":\"pt-BR\"},{\"@type\":\"WebPage\",\"@id\":\"https:\/\/www.manaus.am.gov.br\/cgm\/balanco-de-gestao-e-metas\/\",\"url\":\"https:\/\/www.manaus.am.gov.br\/cgm\/balanco-de-gestao-e-metas\/\",\"name\":\"Prefeitura de Manaus apresenta Balan\u00e7o de Gest\u00e3o do Sistema Municipal de Ouvidorias e tra\u00e7a metas para 2026\",\"isPartOf\":{\"@id\":\"https:\/\/www.manaus.am.gov.br\/cgm\/#website\"},\"primaryImageOfPage\":{\"@id\":\"https:\/\/www.manaus.am.gov.br\/cgm\/balanco-de-gestao-e-metas\/#primaryimage\"},\"image\":{\"@id\":\"https:\/\/www.manaus.am.gov.br\/cgm\/balanco-de-gestao-e-metas\/#primaryimage\"},\"thumbnailUrl\":\"https:\/\/www.manaus.am.gov.br\/cgm\/wp-content\/uploads\/sites\/9\/2025\/11\/54946431590_a8146ec5d4_o.jpg\",\"datePublished\":\"2025-11-25T20:31:22+00:00\",\"dateModified\":\"2025-11-25T20:31:23+00:00\",\"description\":\"A Prefeitura de Manausrealizou, nesta ter\u00e7a-feira, 25, o Balan\u00e7o de Gest\u00e3o do Sistema Municipal de Ouvidorias (Sismouv), reunindo ouvidores.\",\"inLanguage\":\"pt-BR\",\"potentialAction\":[{\"@type\":\"ReadAction\",\"target\":[\"https:\/\/www.manaus.am.gov.br\/cgm\/balanco-de-gestao-e-metas\/\"]}]},{\"@type\":\"ImageObject\",\"inLanguage\":\"pt-BR\",\"@id\":\"https:\/\/www.manaus.am.gov.br\/cgm\/balanco-de-gestao-e-metas\/#primaryimage\",\"url\":\"https:\/\/www.manaus.am.gov.br\/cgm\/wp-content\/uploads\/sites\/9\/2025\/11\/54946431590_a8146ec5d4_o.jpg\",\"contentUrl\":\"https:\/\/www.manaus.am.gov.br\/cgm\/wp-content\/uploads\/sites\/9\/2025\/11\/54946431590_a8146ec5d4_o.jpg\",\"width\":5472,\"height\":3648,\"caption\":\"#paratodosverem \u2013 Ouvidor-geral do munic\u00edpio, Ebenezer Bezerra, durante apresenta\u00e7\u00e3o de balan\u00e7o\"},{\"@type\":\"WebSite\",\"@id\":\"https:\/\/www.manaus.am.gov.br\/cgm\/#website\",\"url\":\"https:\/\/www.manaus.am.gov.br\/cgm\/\",\"name\":\"CGM\",\"description\":\"Controladoria Geral do Munic\u00edpio\",\"publisher\":{\"@id\":\"https:\/\/www.manaus.am.gov.br\/cgm\/#organization\"},\"alternateName\":\"Controladoria-Geral do Munic\u00edpio\",\"potentialAction\":[{\"@type\":\"SearchAction\",\"target\":{\"@type\":\"EntryPoint\",\"urlTemplate\":\"https:\/\/www.manaus.am.gov.br\/cgm\/?s={search_term_string}\"},\"query-input\":\"required name=search_term_string\"}],\"inLanguage\":\"pt-BR\"},{\"@type\":\"Organization\",\"@id\":\"https:\/\/www.manaus.am.gov.br\/cgm\/#organization\",\"name\":\"Prefeitura de Manaus\",\"alternateName\":\"Prefeitura Municipal de Manaus\",\"url\":\"https:\/\/www.manaus.am.gov.br\/cgm\/\",\"logo\":{\"@type\":\"ImageObject\",\"inLanguage\":\"pt-BR\",\"@id\":\"https:\/\/www.manaus.am.gov.br\/cgm\/#\/schema\/logo\/image\/\",\"url\":\"https:\/\/www.manaus.am.gov.br\/cgm\/wp-content\/uploads\/sites\/9\/2024\/06\/favicon.png\",\"contentUrl\":\"https:\/\/www.manaus.am.gov.br\/cgm\/wp-content\/uploads\/sites\/9\/2024\/06\/favicon.png\",\"width\":300,\"height\":300,\"caption\":\"Prefeitura de Manaus\"},\"image\":{\"@id\":\"https:\/\/www.manaus.am.gov.br\/cgm\/#\/schema\/logo\/image\/\"},\"sameAs\":[\"https:\/\/www.facebook.com\/cgmmanaus\",\"https:\/\/www.instagram.com\/cgmmanaus\/\"]},{\"@type\":\"Person\",\"@id\":\"https:\/\/www.manaus.am.gov.br\/cgm\/#\/schema\/person\/466a0e03ae4b6062809046bd560ac955\",\"name\":\"bvalente\",\"image\":{\"@type\":\"ImageObject\",\"inLanguage\":\"pt-BR\",\"@id\":\"https:\/\/www.manaus.am.gov.br\/cgm\/#\/schema\/person\/image\/\",\"url\":\"https:\/\/secure.gravatar.com\/avatar\/3e69bc2b014bdad41adfec3a39de07d2?s=96&d=mm&r=g\",\"contentUrl\":\"https:\/\/secure.gravatar.com\/avatar\/3e69bc2b014bdad41adfec3a39de07d2?s=96&d=mm&r=g\",\"caption\":\"bvalente\"}}]}<\/script>\n<!-- \/ Yoast SEO plugin. -->","yoast_head_json":{"title":"Prefeitura de Manaus apresenta Balan\u00e7o de Gest\u00e3o do Sistema Municipal de Ouvidorias e tra\u00e7a metas para 2026","description":"A Prefeitura de Manausrealizou, nesta ter\u00e7a-feira, 25, o Balan\u00e7o de Gest\u00e3o do Sistema Municipal de Ouvidorias (Sismouv), reunindo ouvidores.","robots":{"index":"index","follow":"follow","max-snippet":"max-snippet:-1","max-image-preview":"max-image-preview:large","max-video-preview":"max-video-preview:-1"},"canonical":"https:\/\/www.manaus.am.gov.br\/cgm\/balanco-de-gestao-e-metas\/","og_locale":"pt_BR","og_type":"article","og_title":"Prefeitura de Manaus apresenta Balan\u00e7o de Gest\u00e3o do Sistema Municipal de Ouvidorias e tra\u00e7a metas para 2026","og_description":"A Prefeitura de Manausrealizou, nesta ter\u00e7a-feira, 25, o Balan\u00e7o de Gest\u00e3o do Sistema Municipal de Ouvidorias (Sismouv), reunindo ouvidores.","og_url":"https:\/\/www.manaus.am.gov.br\/cgm\/balanco-de-gestao-e-metas\/","og_site_name":"CGM","article_publisher":"https:\/\/www.facebook.com\/cgmmanaus","article_published_time":"2025-11-25T20:31:22+00:00","article_modified_time":"2025-11-25T20:31:23+00:00","og_image":[{"width":1024,"height":683,"url":"https:\/\/www.manaus.am.gov.br\/cgm\/wp-content\/uploads\/sites\/9\/2025\/11\/54946431590_a8146ec5d4_o-1024x683.jpg","type":"image\/jpeg"}],"author":"bvalente","twitter_card":"summary_large_image","twitter_misc":{"Written by":"bvalente","Est. reading time":"5 minutos"},"schema":{"@context":"https:\/\/schema.org","@graph":[{"@type":"Article","@id":"https:\/\/www.manaus.am.gov.br\/cgm\/balanco-de-gestao-e-metas\/#article","isPartOf":{"@id":"https:\/\/www.manaus.am.gov.br\/cgm\/balanco-de-gestao-e-metas\/"},"author":{"name":"bvalente","@id":"https:\/\/www.manaus.am.gov.br\/cgm\/#\/schema\/person\/466a0e03ae4b6062809046bd560ac955"},"headline":"Prefeitura de Manaus apresenta Balan\u00e7o de Gest\u00e3o do Sistema Municipal de Ouvidorias e tra\u00e7a metas para 2026","datePublished":"2025-11-25T20:31:22+00:00","dateModified":"2025-11-25T20:31:23+00:00","mainEntityOfPage":{"@id":"https:\/\/www.manaus.am.gov.br\/cgm\/balanco-de-gestao-e-metas\/"},"wordCount":824,"publisher":{"@id":"https:\/\/www.manaus.am.gov.br\/cgm\/#organization"},"image":{"@id":"https:\/\/www.manaus.am.gov.br\/cgm\/balanco-de-gestao-e-metas\/#primaryimage"},"thumbnailUrl":"https:\/\/www.manaus.am.gov.br\/cgm\/wp-content\/uploads\/sites\/9\/2025\/11\/54946431590_a8146ec5d4_o.jpg","keywords":["alan\u00e7o de Gest\u00e3o do Sistema Municipal de Ouvidorias (Sismouv)","Balan\u00e7o de Gest\u00e3o e metas","CGM","prefeitura de manaus"],"articleSection":["Reuni\u00e3o"],"inLanguage":"pt-BR"},{"@type":"WebPage","@id":"https:\/\/www.manaus.am.gov.br\/cgm\/balanco-de-gestao-e-metas\/","url":"https:\/\/www.manaus.am.gov.br\/cgm\/balanco-de-gestao-e-metas\/","name":"Prefeitura de Manaus apresenta Balan\u00e7o de Gest\u00e3o do Sistema Municipal de Ouvidorias e tra\u00e7a metas para 2026","isPartOf":{"@id":"https:\/\/www.manaus.am.gov.br\/cgm\/#website"},"primaryImageOfPage":{"@id":"https:\/\/www.manaus.am.gov.br\/cgm\/balanco-de-gestao-e-metas\/#primaryimage"},"image":{"@id":"https:\/\/www.manaus.am.gov.br\/cgm\/balanco-de-gestao-e-metas\/#primaryimage"},"thumbnailUrl":"https:\/\/www.manaus.am.gov.br\/cgm\/wp-content\/uploads\/sites\/9\/2025\/11\/54946431590_a8146ec5d4_o.jpg","datePublished":"2025-11-25T20:31:22+00:00","dateModified":"2025-11-25T20:31:23+00:00","description":"A Prefeitura de Manausrealizou, nesta ter\u00e7a-feira, 25, o Balan\u00e7o de Gest\u00e3o do Sistema Municipal de Ouvidorias (Sismouv), reunindo ouvidores.","inLanguage":"pt-BR","potentialAction":[{"@type":"ReadAction","target":["https:\/\/www.manaus.am.gov.br\/cgm\/balanco-de-gestao-e-metas\/"]}]},{"@type":"ImageObject","inLanguage":"pt-BR","@id":"https:\/\/www.manaus.am.gov.br\/cgm\/balanco-de-gestao-e-metas\/#primaryimage","url":"https:\/\/www.manaus.am.gov.br\/cgm\/wp-content\/uploads\/sites\/9\/2025\/11\/54946431590_a8146ec5d4_o.jpg","contentUrl":"https:\/\/www.manaus.am.gov.br\/cgm\/wp-content\/uploads\/sites\/9\/2025\/11\/54946431590_a8146ec5d4_o.jpg","width":5472,"height":3648,"caption":"#paratodosverem \u2013 Ouvidor-geral do munic\u00edpio, Ebenezer Bezerra, durante apresenta\u00e7\u00e3o de balan\u00e7o"},{"@type":"WebSite","@id":"https:\/\/www.manaus.am.gov.br\/cgm\/#website","url":"https:\/\/www.manaus.am.gov.br\/cgm\/","name":"CGM","description":"Controladoria Geral do Munic\u00edpio","publisher":{"@id":"https:\/\/www.manaus.am.gov.br\/cgm\/#organization"},"alternateName":"Controladoria-Geral do Munic\u00edpio","potentialAction":[{"@type":"SearchAction","target":{"@type":"EntryPoint","urlTemplate":"https:\/\/www.manaus.am.gov.br\/cgm\/?s={search_term_string}"},"query-input":"required name=search_term_string"}],"inLanguage":"pt-BR"},{"@type":"Organization","@id":"https:\/\/www.manaus.am.gov.br\/cgm\/#organization","name":"Prefeitura de Manaus","alternateName":"Prefeitura Municipal de Manaus","url":"https:\/\/www.manaus.am.gov.br\/cgm\/","logo":{"@type":"ImageObject","inLanguage":"pt-BR","@id":"https:\/\/www.manaus.am.gov.br\/cgm\/#\/schema\/logo\/image\/","url":"https:\/\/www.manaus.am.gov.br\/cgm\/wp-content\/uploads\/sites\/9\/2024\/06\/favicon.png","contentUrl":"https:\/\/www.manaus.am.gov.br\/cgm\/wp-content\/uploads\/sites\/9\/2024\/06\/favicon.png","width":300,"height":300,"caption":"Prefeitura de Manaus"},"image":{"@id":"https:\/\/www.manaus.am.gov.br\/cgm\/#\/schema\/logo\/image\/"},"sameAs":["https:\/\/www.facebook.com\/cgmmanaus","https:\/\/www.instagram.com\/cgmmanaus\/"]},{"@type":"Person","@id":"https:\/\/www.manaus.am.gov.br\/cgm\/#\/schema\/person\/466a0e03ae4b6062809046bd560ac955","name":"bvalente","image":{"@type":"ImageObject","inLanguage":"pt-BR","@id":"https:\/\/www.manaus.am.gov.br\/cgm\/#\/schema\/person\/image\/","url":"https:\/\/secure.gravatar.com\/avatar\/3e69bc2b014bdad41adfec3a39de07d2?s=96&d=mm&r=g","contentUrl":"https:\/\/secure.gravatar.com\/avatar\/3e69bc2b014bdad41adfec3a39de07d2?s=96&d=mm&r=g","caption":"bvalente"}}]}},"_links":{"self":[{"href":"https:\/\/www.manaus.am.gov.br\/cgm\/wp-json\/wp\/v2\/posts\/2841"}],"collection":[{"href":"https:\/\/www.manaus.am.gov.br\/cgm\/wp-json\/wp\/v2\/posts"}],"about":[{"href":"https:\/\/www.manaus.am.gov.br\/cgm\/wp-json\/wp\/v2\/types\/post"}],"author":[{"embeddable":true,"href":"https:\/\/www.manaus.am.gov.br\/cgm\/wp-json\/wp\/v2\/users\/68"}],"replies":[{"embeddable":true,"href":"https:\/\/www.manaus.am.gov.br\/cgm\/wp-json\/wp\/v2\/comments?post=2841"}],"version-history":[{"count":0,"href":"https:\/\/www.manaus.am.gov.br\/cgm\/wp-json\/wp\/v2\/posts\/2841\/revisions"}],"wp:featuredmedia":[{"embeddable":true,"href":"https:\/\/www.manaus.am.gov.br\/cgm\/wp-json\/wp\/v2\/media\/2842"}],"wp:attachment":[{"href":"https:\/\/www.manaus.am.gov.br\/cgm\/wp-json\/wp\/v2\/media?parent=2841"}],"wp:term":[{"taxonomy":"category","embeddable":true,"href":"https:\/\/www.manaus.am.gov.br\/cgm\/wp-json\/wp\/v2\/categories?post=2841"},{"taxonomy":"post_tag","embeddable":true,"href":"https:\/\/www.manaus.am.gov.br\/cgm\/wp-json\/wp\/v2\/tags?post=2841"}],"curies":[{"name":"wp","href":"https:\/\/api.w.org\/{rel}","templated":true}]}}