{"id":2834,"date":"2025-11-14T09:58:43","date_gmt":"2025-11-14T13:58:43","guid":{"rendered":"https:\/\/www.manaus.am.gov.br\/cgm\/concurso-da-cgm-inscricoes\/"},"modified":"2025-11-14T11:03:45","modified_gmt":"2025-11-14T15:03:45","slug":"concurso-da-cgm-inscricoes","status":"publish","type":"post","link":"https:\/\/www.manaus.am.gov.br\/cgm\/concurso-da-cgm-inscricoes\/","title":{"rendered":"Prefeitura de Manaus inicia inscri\u00e7\u00f5es para concursos da CGM e da Semmas nesta sexta, 14\/11"},"content":{"rendered":"\n<p>A <a href=\"https:\/\/www.instagram.com\/prefeiturademanaus\/\">Prefeitura de Manaus<\/a>, inicia, nesta sexta-feira, 14\/11, o per\u00edodo de inscri\u00e7\u00f5es para os concursos p\u00fablicos da <a href=\"https:\/\/www.manaus.am.gov.br\/cgm\/\">Controladoria-Geral do Munic\u00edpio (CGM)<\/a> e da Secretaria Municipal de Meio Ambiente e Sustentabilidade (Semmas), conforme previsto no Edital n\u00ba 2, de 7 de Novembro de 2025, publicado em caderno do Di\u00e1rio Oficial do Munic\u00edpio na \u00faltima semana.<\/p>\n\n\n\n<p>Titular da CGM, Alessandro Moreira ressaltou a import\u00e2ncia da entrada dos novos profissionais que far\u00e3o parte da pasta a partir de 2026.<\/p>\n\n\n\n<p>\u201cEsse concurso vai trazer para a prefeitura mais qualidade aos servi\u00e7os p\u00fablicos do munic\u00edpio com profissionais capacitados nas \u00e1reas de engenharia civil, que ir\u00e3o nos ajudar nas auditorias de obras p\u00fablicas, advogados que ir\u00e3o trabalhar conosco nos programas de integridade e <em>compliance<\/em>, contadores que ser\u00e3o importantes nas nossas auditorias cont\u00e1beis, lembrando tamb\u00e9m dos futuros servidores que preencher\u00e3o as vagas voltadas \u00e0 forma\u00e7\u00e3o em qualquer \u00e1rea de ensino superior, e, claro, dos servidores de n\u00edvel m\u00e9dio, todos fundamentais nas nossas futuras a\u00e7\u00f5es\u201d, exaltou.&nbsp;<\/p>\n\n\n\n<p>De forma hist\u00f3rica, a Prefeitura de Manaus \u00e9 o primeiro \u00f3rg\u00e3o p\u00fablico do Amazonas a lan\u00e7ar um concurso p\u00fablico voltado ao controle interno e chama a aten\u00e7\u00e3o dos candidatos ao prazo de inscri\u00e7\u00e3o, com in\u00edcio a partir das 15h desta sexta, 14\/11, \u00e0s 15h do dia 15\/12, exclusivamente via internet, no <em>site<\/em> <a href=\"http:\/\/www.institutoconsulplan.org.br\" target=\"_blank\" rel=\"noreferrer noopener\">www.institutoconsulplan.org.br<\/a>.<\/p>\n\n\n\n<p>Sobre as vagas e sal\u00e1rios, ser\u00e3o 35 vagas ao total, sendo 25 vagas de auditor municipal de controle interno (n\u00edvel superior) e 10 vagas de t\u00e9cnico municipal de controle interno (n\u00edvel m\u00e9dio); os sal\u00e1rios iniciais para os cargos de n\u00edvel m\u00e9dio ser\u00e3o de R$ 6.000,00, enquanto os sal\u00e1rios iniciais para os cargos de n\u00edvel superior ser\u00e3o de R$ 10.000,00, com cargas hor\u00e1rias de 40 horas semanais. Haver\u00e1 forma\u00e7\u00e3o de cadastro de reserva para atender novas vagas que surgirem no decorrer da validade do concurso.<\/p>\n\n\n\n<p>Os valores das taxas de inscri\u00e7\u00e3o ser\u00e3o de R$ 130 para n\u00edvel m\u00e9dio e R$ 180 para n\u00edvel superior, sendo permitida a inscri\u00e7\u00e3o para concorrer em at\u00e9 2 cargos do certame, desde que sejam em turnos distintos de realiza\u00e7\u00e3o das provas.&nbsp;<\/p>\n\n\n\n<p>Os candidatos que necessitarem de qualquer tipo de condi\u00e7\u00e3o especial para realiza\u00e7\u00e3o das provas dever\u00e3o solicit\u00e1-la no ato da inscri\u00e7\u00e3o, indicando os recursos especiais necess\u00e1rios e enviar at\u00e9 o dia 16 de dezembro de 2025.<\/p>\n\n\n\n<p><strong>Semmas<\/strong><\/p>\n\n\n\n<p>Com 30 vagas, o concurso da Semmas ser\u00e1 organizado pelo Instituto Consulplan, com oportunidades para Analista Municipal I (\u00e1reas de Fiscaliza\u00e7\u00e3o, Qu\u00edmica, Geografia e Geologia), com sal\u00e1rios iniciais de R$ 3.822,71, e com vagas para Analista Municipal II (nas \u00e1reas de Engenharia Agr\u00f4noma, Ambiental, Civil e Florestal), com sal\u00e1rios iniciais de R$ 7.404,82.<\/p>\n\n\n\n<p>&#8212; &#8212; &#8212;<\/p>\n\n\n\n<p><strong>Texto &#8211;<\/strong> Oliveira Junior \/ CGM<\/p>\n\n\n\n<p><strong>Foto &#8211;<\/strong> Cl\u00f3vis Miranda \/ Semcom<\/p>\n","protected":false},"excerpt":{"rendered":"","protected":false},"author":57,"featured_media":2835,"comment_status":"closed","ping_status":"closed","sticky":false,"template":"","format":"standard","meta":{"footnotes":""},"categories":[205,210],"tags":[211,212,21,213],"acf":[],"yoast_head":"<!-- This site is optimized with the Yoast SEO plugin v23.0 - https:\/\/yoast.com\/wordpress\/plugins\/seo\/ -->\n<title>PMM inicia inscri\u00e7\u00f5es para concurso da CGM nesta sexta, 14\/11<\/title>\n<meta name=\"description\" content=\"A Prefeitura de Manaus, inicia, nesta sexta-feira, 14\/11, o per\u00edodo de inscri\u00e7\u00f5es para os concursos p\u00fablicos da CGM e da Semmas.\" \/>\n<meta name=\"robots\" content=\"index, follow, max-snippet:-1, max-image-preview:large, max-video-preview:-1\" \/>\n<link rel=\"canonical\" href=\"https:\/\/www.manaus.am.gov.br\/cgm\/concurso-da-cgm-inscricoes\/\" \/>\n<meta property=\"og:locale\" content=\"pt_BR\" \/>\n<meta property=\"og:type\" content=\"article\" \/>\n<meta property=\"og:title\" content=\"PMM inicia inscri\u00e7\u00f5es para concurso da CGM nesta sexta, 14\/11\" \/>\n<meta property=\"og:description\" content=\"A Prefeitura de Manaus, inicia, nesta sexta-feira, 14\/11, o per\u00edodo de inscri\u00e7\u00f5es para os concursos p\u00fablicos da CGM e da Semmas.\" \/>\n<meta property=\"og:url\" content=\"https:\/\/www.manaus.am.gov.br\/cgm\/concurso-da-cgm-inscricoes\/\" \/>\n<meta property=\"og:site_name\" content=\"CGM\" \/>\n<meta property=\"article:publisher\" content=\"https:\/\/www.facebook.com\/cgmmanaus\" \/>\n<meta property=\"article:published_time\" content=\"2025-11-14T13:58:43+00:00\" \/>\n<meta property=\"article:modified_time\" content=\"2025-11-14T15:03:45+00:00\" \/>\n<meta property=\"og:image\" content=\"https:\/\/www.manaus.am.gov.br\/cgm\/wp-content\/uploads\/sites\/9\/2025\/11\/concurso-da-CGM.jpeg\" \/>\n\t<meta property=\"og:image:width\" content=\"1200\" \/>\n\t<meta property=\"og:image:height\" content=\"800\" \/>\n\t<meta property=\"og:image:type\" content=\"image\/jpeg\" \/>\n<meta name=\"author\" content=\"Thiago Fernando\" \/>\n<meta name=\"twitter:card\" content=\"summary_large_image\" \/>\n<meta name=\"twitter:label1\" content=\"Written by\" \/>\n\t<meta name=\"twitter:data1\" content=\"Thiago Fernando\" \/>\n\t<meta name=\"twitter:label2\" content=\"Est. reading time\" \/>\n\t<meta name=\"twitter:data2\" content=\"3 minutos\" \/>\n<script type=\"application\/ld+json\" class=\"yoast-schema-graph\">{\"@context\":\"https:\/\/schema.org\",\"@graph\":[{\"@type\":\"Article\",\"@id\":\"https:\/\/www.manaus.am.gov.br\/cgm\/concurso-da-cgm-inscricoes\/#article\",\"isPartOf\":{\"@id\":\"https:\/\/www.manaus.am.gov.br\/cgm\/concurso-da-cgm-inscricoes\/\"},\"author\":{\"name\":\"Thiago Fernando\",\"@id\":\"https:\/\/www.manaus.am.gov.br\/cgm\/#\/schema\/person\/a5ee5376db6e21af026374b369f30882\"},\"headline\":\"Prefeitura de Manaus inicia inscri\u00e7\u00f5es para concursos da CGM e da Semmas nesta sexta, 14\/11\",\"datePublished\":\"2025-11-14T13:58:43+00:00\",\"dateModified\":\"2025-11-14T15:03:45+00:00\",\"mainEntityOfPage\":{\"@id\":\"https:\/\/www.manaus.am.gov.br\/cgm\/concurso-da-cgm-inscricoes\/\"},\"wordCount\":499,\"publisher\":{\"@id\":\"https:\/\/www.manaus.am.gov.br\/cgm\/#organization\"},\"image\":{\"@id\":\"https:\/\/www.manaus.am.gov.br\/cgm\/concurso-da-cgm-inscricoes\/#primaryimage\"},\"thumbnailUrl\":\"https:\/\/www.manaus.am.gov.br\/cgm\/wp-content\/uploads\/sites\/9\/2025\/11\/concurso-da-CGM.jpeg\",\"keywords\":[\"concurso da CGM\",\"oportunidade\",\"prefeitura de manaus\",\"semmas\"],\"articleSection\":[\"Concurso\",\"Concursos\"],\"inLanguage\":\"pt-BR\"},{\"@type\":\"WebPage\",\"@id\":\"https:\/\/www.manaus.am.gov.br\/cgm\/concurso-da-cgm-inscricoes\/\",\"url\":\"https:\/\/www.manaus.am.gov.br\/cgm\/concurso-da-cgm-inscricoes\/\",\"name\":\"PMM inicia inscri\u00e7\u00f5es para concurso da CGM nesta sexta, 14\/11\",\"isPartOf\":{\"@id\":\"https:\/\/www.manaus.am.gov.br\/cgm\/#website\"},\"primaryImageOfPage\":{\"@id\":\"https:\/\/www.manaus.am.gov.br\/cgm\/concurso-da-cgm-inscricoes\/#primaryimage\"},\"image\":{\"@id\":\"https:\/\/www.manaus.am.gov.br\/cgm\/concurso-da-cgm-inscricoes\/#primaryimage\"},\"thumbnailUrl\":\"https:\/\/www.manaus.am.gov.br\/cgm\/wp-content\/uploads\/sites\/9\/2025\/11\/concurso-da-CGM.jpeg\",\"datePublished\":\"2025-11-14T13:58:43+00:00\",\"dateModified\":\"2025-11-14T15:03:45+00:00\",\"description\":\"A Prefeitura de Manaus, inicia, nesta sexta-feira, 14\/11, o per\u00edodo de inscri\u00e7\u00f5es para os concursos p\u00fablicos da CGM e da Semmas.\",\"inLanguage\":\"pt-BR\",\"potentialAction\":[{\"@type\":\"ReadAction\",\"target\":[\"https:\/\/www.manaus.am.gov.br\/cgm\/concurso-da-cgm-inscricoes\/\"]}]},{\"@type\":\"ImageObject\",\"inLanguage\":\"pt-BR\",\"@id\":\"https:\/\/www.manaus.am.gov.br\/cgm\/concurso-da-cgm-inscricoes\/#primaryimage\",\"url\":\"https:\/\/www.manaus.am.gov.br\/cgm\/wp-content\/uploads\/sites\/9\/2025\/11\/concurso-da-CGM.jpeg\",\"contentUrl\":\"https:\/\/www.manaus.am.gov.br\/cgm\/wp-content\/uploads\/sites\/9\/2025\/11\/concurso-da-CGM.jpeg\",\"width\":1200,\"height\":800,\"caption\":\"#paratodosverem - Servidores da CGM trabalhando\"},{\"@type\":\"WebSite\",\"@id\":\"https:\/\/www.manaus.am.gov.br\/cgm\/#website\",\"url\":\"https:\/\/www.manaus.am.gov.br\/cgm\/\",\"name\":\"CGM\",\"description\":\"Controladoria Geral do Munic\u00edpio\",\"publisher\":{\"@id\":\"https:\/\/www.manaus.am.gov.br\/cgm\/#organization\"},\"alternateName\":\"Controladoria-Geral do Munic\u00edpio\",\"potentialAction\":[{\"@type\":\"SearchAction\",\"target\":{\"@type\":\"EntryPoint\",\"urlTemplate\":\"https:\/\/www.manaus.am.gov.br\/cgm\/?s={search_term_string}\"},\"query-input\":\"required name=search_term_string\"}],\"inLanguage\":\"pt-BR\"},{\"@type\":\"Organization\",\"@id\":\"https:\/\/www.manaus.am.gov.br\/cgm\/#organization\",\"name\":\"Prefeitura de Manaus\",\"alternateName\":\"Prefeitura Municipal de Manaus\",\"url\":\"https:\/\/www.manaus.am.gov.br\/cgm\/\",\"logo\":{\"@type\":\"ImageObject\",\"inLanguage\":\"pt-BR\",\"@id\":\"https:\/\/www.manaus.am.gov.br\/cgm\/#\/schema\/logo\/image\/\",\"url\":\"https:\/\/www.manaus.am.gov.br\/cgm\/wp-content\/uploads\/sites\/9\/2024\/06\/favicon.png\",\"contentUrl\":\"https:\/\/www.manaus.am.gov.br\/cgm\/wp-content\/uploads\/sites\/9\/2024\/06\/favicon.png\",\"width\":300,\"height\":300,\"caption\":\"Prefeitura de Manaus\"},\"image\":{\"@id\":\"https:\/\/www.manaus.am.gov.br\/cgm\/#\/schema\/logo\/image\/\"},\"sameAs\":[\"https:\/\/www.facebook.com\/cgmmanaus\",\"https:\/\/www.instagram.com\/cgmmanaus\/\"]},{\"@type\":\"Person\",\"@id\":\"https:\/\/www.manaus.am.gov.br\/cgm\/#\/schema\/person\/a5ee5376db6e21af026374b369f30882\",\"name\":\"Thiago Fernando\",\"image\":{\"@type\":\"ImageObject\",\"inLanguage\":\"pt-BR\",\"@id\":\"https:\/\/www.manaus.am.gov.br\/cgm\/#\/schema\/person\/image\/\",\"url\":\"https:\/\/secure.gravatar.com\/avatar\/f5aab8722444041451501c077052ac07?s=96&d=mm&r=g\",\"contentUrl\":\"https:\/\/secure.gravatar.com\/avatar\/f5aab8722444041451501c077052ac07?s=96&d=mm&r=g\",\"caption\":\"Thiago Fernando\"}}]}<\/script>\n<!-- \/ Yoast SEO plugin. -->","yoast_head_json":{"title":"PMM inicia inscri\u00e7\u00f5es para concurso da CGM nesta sexta, 14\/11","description":"A Prefeitura de Manaus, inicia, nesta sexta-feira, 14\/11, o per\u00edodo de inscri\u00e7\u00f5es para os concursos p\u00fablicos da CGM e da Semmas.","robots":{"index":"index","follow":"follow","max-snippet":"max-snippet:-1","max-image-preview":"max-image-preview:large","max-video-preview":"max-video-preview:-1"},"canonical":"https:\/\/www.manaus.am.gov.br\/cgm\/concurso-da-cgm-inscricoes\/","og_locale":"pt_BR","og_type":"article","og_title":"PMM inicia inscri\u00e7\u00f5es para concurso da CGM nesta sexta, 14\/11","og_description":"A Prefeitura de Manaus, inicia, nesta sexta-feira, 14\/11, o per\u00edodo de inscri\u00e7\u00f5es para os concursos p\u00fablicos da CGM e da Semmas.","og_url":"https:\/\/www.manaus.am.gov.br\/cgm\/concurso-da-cgm-inscricoes\/","og_site_name":"CGM","article_publisher":"https:\/\/www.facebook.com\/cgmmanaus","article_published_time":"2025-11-14T13:58:43+00:00","article_modified_time":"2025-11-14T15:03:45+00:00","og_image":[{"width":1200,"height":800,"url":"https:\/\/www.manaus.am.gov.br\/cgm\/wp-content\/uploads\/sites\/9\/2025\/11\/concurso-da-CGM.jpeg","type":"image\/jpeg"}],"author":"Thiago Fernando","twitter_card":"summary_large_image","twitter_misc":{"Written by":"Thiago Fernando","Est. reading time":"3 minutos"},"schema":{"@context":"https:\/\/schema.org","@graph":[{"@type":"Article","@id":"https:\/\/www.manaus.am.gov.br\/cgm\/concurso-da-cgm-inscricoes\/#article","isPartOf":{"@id":"https:\/\/www.manaus.am.gov.br\/cgm\/concurso-da-cgm-inscricoes\/"},"author":{"name":"Thiago Fernando","@id":"https:\/\/www.manaus.am.gov.br\/cgm\/#\/schema\/person\/a5ee5376db6e21af026374b369f30882"},"headline":"Prefeitura de Manaus inicia inscri\u00e7\u00f5es para concursos da CGM e da Semmas nesta sexta, 14\/11","datePublished":"2025-11-14T13:58:43+00:00","dateModified":"2025-11-14T15:03:45+00:00","mainEntityOfPage":{"@id":"https:\/\/www.manaus.am.gov.br\/cgm\/concurso-da-cgm-inscricoes\/"},"wordCount":499,"publisher":{"@id":"https:\/\/www.manaus.am.gov.br\/cgm\/#organization"},"image":{"@id":"https:\/\/www.manaus.am.gov.br\/cgm\/concurso-da-cgm-inscricoes\/#primaryimage"},"thumbnailUrl":"https:\/\/www.manaus.am.gov.br\/cgm\/wp-content\/uploads\/sites\/9\/2025\/11\/concurso-da-CGM.jpeg","keywords":["concurso da CGM","oportunidade","prefeitura de manaus","semmas"],"articleSection":["Concurso","Concursos"],"inLanguage":"pt-BR"},{"@type":"WebPage","@id":"https:\/\/www.manaus.am.gov.br\/cgm\/concurso-da-cgm-inscricoes\/","url":"https:\/\/www.manaus.am.gov.br\/cgm\/concurso-da-cgm-inscricoes\/","name":"PMM inicia inscri\u00e7\u00f5es para concurso da CGM nesta sexta, 14\/11","isPartOf":{"@id":"https:\/\/www.manaus.am.gov.br\/cgm\/#website"},"primaryImageOfPage":{"@id":"https:\/\/www.manaus.am.gov.br\/cgm\/concurso-da-cgm-inscricoes\/#primaryimage"},"image":{"@id":"https:\/\/www.manaus.am.gov.br\/cgm\/concurso-da-cgm-inscricoes\/#primaryimage"},"thumbnailUrl":"https:\/\/www.manaus.am.gov.br\/cgm\/wp-content\/uploads\/sites\/9\/2025\/11\/concurso-da-CGM.jpeg","datePublished":"2025-11-14T13:58:43+00:00","dateModified":"2025-11-14T15:03:45+00:00","description":"A Prefeitura de Manaus, inicia, nesta sexta-feira, 14\/11, o per\u00edodo de inscri\u00e7\u00f5es para os concursos p\u00fablicos da CGM e da Semmas.","inLanguage":"pt-BR","potentialAction":[{"@type":"ReadAction","target":["https:\/\/www.manaus.am.gov.br\/cgm\/concurso-da-cgm-inscricoes\/"]}]},{"@type":"ImageObject","inLanguage":"pt-BR","@id":"https:\/\/www.manaus.am.gov.br\/cgm\/concurso-da-cgm-inscricoes\/#primaryimage","url":"https:\/\/www.manaus.am.gov.br\/cgm\/wp-content\/uploads\/sites\/9\/2025\/11\/concurso-da-CGM.jpeg","contentUrl":"https:\/\/www.manaus.am.gov.br\/cgm\/wp-content\/uploads\/sites\/9\/2025\/11\/concurso-da-CGM.jpeg","width":1200,"height":800,"caption":"#paratodosverem - Servidores da CGM trabalhando"},{"@type":"WebSite","@id":"https:\/\/www.manaus.am.gov.br\/cgm\/#website","url":"https:\/\/www.manaus.am.gov.br\/cgm\/","name":"CGM","description":"Controladoria Geral do Munic\u00edpio","publisher":{"@id":"https:\/\/www.manaus.am.gov.br\/cgm\/#organization"},"alternateName":"Controladoria-Geral do Munic\u00edpio","potentialAction":[{"@type":"SearchAction","target":{"@type":"EntryPoint","urlTemplate":"https:\/\/www.manaus.am.gov.br\/cgm\/?s={search_term_string}"},"query-input":"required name=search_term_string"}],"inLanguage":"pt-BR"},{"@type":"Organization","@id":"https:\/\/www.manaus.am.gov.br\/cgm\/#organization","name":"Prefeitura de Manaus","alternateName":"Prefeitura Municipal de Manaus","url":"https:\/\/www.manaus.am.gov.br\/cgm\/","logo":{"@type":"ImageObject","inLanguage":"pt-BR","@id":"https:\/\/www.manaus.am.gov.br\/cgm\/#\/schema\/logo\/image\/","url":"https:\/\/www.manaus.am.gov.br\/cgm\/wp-content\/uploads\/sites\/9\/2024\/06\/favicon.png","contentUrl":"https:\/\/www.manaus.am.gov.br\/cgm\/wp-content\/uploads\/sites\/9\/2024\/06\/favicon.png","width":300,"height":300,"caption":"Prefeitura de Manaus"},"image":{"@id":"https:\/\/www.manaus.am.gov.br\/cgm\/#\/schema\/logo\/image\/"},"sameAs":["https:\/\/www.facebook.com\/cgmmanaus","https:\/\/www.instagram.com\/cgmmanaus\/"]},{"@type":"Person","@id":"https:\/\/www.manaus.am.gov.br\/cgm\/#\/schema\/person\/a5ee5376db6e21af026374b369f30882","name":"Thiago Fernando","image":{"@type":"ImageObject","inLanguage":"pt-BR","@id":"https:\/\/www.manaus.am.gov.br\/cgm\/#\/schema\/person\/image\/","url":"https:\/\/secure.gravatar.com\/avatar\/f5aab8722444041451501c077052ac07?s=96&d=mm&r=g","contentUrl":"https:\/\/secure.gravatar.com\/avatar\/f5aab8722444041451501c077052ac07?s=96&d=mm&r=g","caption":"Thiago Fernando"}}]}},"_links":{"self":[{"href":"https:\/\/www.manaus.am.gov.br\/cgm\/wp-json\/wp\/v2\/posts\/2834"}],"collection":[{"href":"https:\/\/www.manaus.am.gov.br\/cgm\/wp-json\/wp\/v2\/posts"}],"about":[{"href":"https:\/\/www.manaus.am.gov.br\/cgm\/wp-json\/wp\/v2\/types\/post"}],"author":[{"embeddable":true,"href":"https:\/\/www.manaus.am.gov.br\/cgm\/wp-json\/wp\/v2\/users\/57"}],"replies":[{"embeddable":true,"href":"https:\/\/www.manaus.am.gov.br\/cgm\/wp-json\/wp\/v2\/comments?post=2834"}],"version-history":[{"count":1,"href":"https:\/\/www.manaus.am.gov.br\/cgm\/wp-json\/wp\/v2\/posts\/2834\/revisions"}],"predecessor-version":[{"id":2836,"href":"https:\/\/www.manaus.am.gov.br\/cgm\/wp-json\/wp\/v2\/posts\/2834\/revisions\/2836"}],"wp:featuredmedia":[{"embeddable":true,"href":"https:\/\/www.manaus.am.gov.br\/cgm\/wp-json\/wp\/v2\/media\/2835"}],"wp:attachment":[{"href":"https:\/\/www.manaus.am.gov.br\/cgm\/wp-json\/wp\/v2\/media?parent=2834"}],"wp:term":[{"taxonomy":"category","embeddable":true,"href":"https:\/\/www.manaus.am.gov.br\/cgm\/wp-json\/wp\/v2\/categories?post=2834"},{"taxonomy":"post_tag","embeddable":true,"href":"https:\/\/www.manaus.am.gov.br\/cgm\/wp-json\/wp\/v2\/tags?post=2834"}],"curies":[{"name":"wp","href":"https:\/\/api.w.org\/{rel}","templated":true}]}}