{"id":2817,"date":"2025-11-06T20:05:35","date_gmt":"2025-11-07T00:05:35","guid":{"rendered":"https:\/\/www.manaus.am.gov.br\/cgm\/programacao-do-tecnogame\/"},"modified":"2025-11-06T20:05:37","modified_gmt":"2025-11-07T00:05:37","slug":"programacao-do-tecnogame","status":"publish","type":"post","link":"https:\/\/www.manaus.am.gov.br\/cgm\/programacao-do-tecnogame\/","title":{"rendered":"Prefeito David Almeida anuncia in\u00edcio da programa\u00e7\u00e3o do Tecnogame, maior evento geek da regi\u00e3o Norte, com apoio da Prefeitura de Manaus"},"content":{"rendered":"\n<p><br>O prefeito de Manaus, David Almeida, anunciou, na tarde desta quinta-feira, 6\/11, o in\u00edcio da programa\u00e7\u00e3o do Tecnogame Agon by AOC, um dos maiores eventos de tecnologia, cultura geek, games, cosplay e K-pop da regi\u00e3o Norte. A a\u00e7\u00e3o, que acontece at\u00e9 domingo, 9\/11, no centro de conven\u00e7\u00f5es Vasco Vasques, conta com apoio institucional da Prefeitura de Manaus, por meio da Secretaria Municipal do Trabalho, Empreendedorismo e Inova\u00e7\u00e3o (Semtepi).<\/p>\n\n\n\n<p>O an\u00fancio foi feito durante reuni\u00e3o no Centro de Coopera\u00e7\u00e3o da Cidade (CCC), onde David Almeida recebeu o secret\u00e1rio da Semtepi, Alonso Oliveira, e o organizador do evento, Antonny Andrews. Nesta edi\u00e7\u00e3o, a expectativa \u00e9 de mais de 40 mil visitantes, consolidando Manaus como polo de inova\u00e7\u00e3o, criatividade e economia digital.<\/p>\n\n\n\n<p>\u201cN\u00f3s apoiamos e incentivamos esses movimentos que fortalecem o universo geek, o K-pop, o cosplay e todo o ecossistema de games. O Tecnogame \u00e9 um grande encontro da juventude manauara, e a Prefeitura de Manaus est\u00e1 junto para fomentar oportunidades e fortalecer a economia criativa. Convido toda a popula\u00e7\u00e3o a participar deste evento que movimenta cultura, tecnologia e talentos da nossa cidade\u201d, afirmou o prefeito David Almeida.<\/p>\n\n\n\n<p>A programa\u00e7\u00e3o oficial iniciou nesta quinta-feira com a abertura dos port\u00f5es \u00e0s 18h. O palco Inova\u00e7\u00e3o Semtepi receber\u00e1 o criador de conte\u00fado Fausto O Menzinho, \u00e0s 19h30, e, em seguida, o palco Music Philips recebe o show da turn\u00ea de 30 anos da banda CPM 22, \u00e0s 21h30. A grade segue at\u00e9 domingo com influenciadores nacionais, competi\u00e7\u00f5es, pain\u00e9is tem\u00e1ticos, batalhas de K-pop, atra\u00e7\u00f5es musicais e a\u00e7\u00f5es voltadas ao desenvolvimento da cultura gamer.<\/p>\n\n\n\n<p>O secret\u00e1rio Alonso Oliveira destacou que o apoio da prefeitura contribui para ampliar o alcance do setor e gerar novas oportunidades para jovens empreendedores. \u201cO Tecnogame j\u00e1 \u00e9 refer\u00eancia no calend\u00e1rio da cidade e movimenta tanto a economia quanto a inova\u00e7\u00e3o. A Semtepi segue comprometida em fortalecer iniciativas que valorizam talentos e estimulam novos caminhos profissionais para a juventude\u201d, afirmou.<\/p>\n\n\n\n<p>O organizador do evento, Antonny Andrews, agradeceu o incentivo da gest\u00e3o municipal e refor\u00e7ou a import\u00e2ncia da parceria para manter o crescimento do festival.\u201cO apoio da prefeitura viabiliza uma experi\u00eancia ainda mais completa para o p\u00fablico. Manaus tem uma das comunidades geek mais fortes do pa\u00eds, e esta edi\u00e7\u00e3o promete superar todas as expectativas\u201d, ressaltou.<\/p>\n\n\n\n<p>Com atividades distribu\u00eddas em v\u00e1rios palcos tem\u00e1ticos, concursos, encontros de criadores de conte\u00fado e apresenta\u00e7\u00f5es art\u00edsticas, o Tecnogame 2025 se firma como um marco cultural e tecnol\u00f3gico da capital amazonense.<\/p>\n\n\n\n<p>\u2014 \u2014- \u2014<br><strong>Texto &#8211;<\/strong> Emanuelle Baires \/ Semcom-Prefeito<br><strong>Fotos &#8211;<\/strong> Dhyeizo Lemos \/ Semcom-Prefeito<\/p>\n","protected":false},"excerpt":{"rendered":"","protected":false},"author":68,"featured_media":2818,"comment_status":"closed","ping_status":"closed","sticky":false,"template":"","format":"standard","meta":{"footnotes":""},"categories":[203],"tags":[60,21,204,49],"acf":[],"yoast_head":"<!-- This site is optimized with the Yoast SEO plugin v23.0 - https:\/\/yoast.com\/wordpress\/plugins\/seo\/ -->\n<title>Prefeito anuncia in\u00edcio da programa\u00e7\u00e3o do Tecnogame<\/title>\n<meta name=\"description\" content=\"O prefeito de Manaus, David Almeida, anunciou, na tarde desta quinta-feira, 6\/11, o in\u00edcio da programa\u00e7\u00e3o do Tecnogame Agon by AOC.\" \/>\n<meta name=\"robots\" content=\"index, follow, max-snippet:-1, max-image-preview:large, max-video-preview:-1\" \/>\n<link rel=\"canonical\" href=\"https:\/\/www.manaus.am.gov.br\/cgm\/programacao-do-tecnogame\/\" \/>\n<meta property=\"og:locale\" content=\"pt_BR\" \/>\n<meta property=\"og:type\" content=\"article\" \/>\n<meta property=\"og:title\" content=\"Prefeito anuncia in\u00edcio da programa\u00e7\u00e3o do Tecnogame\" \/>\n<meta property=\"og:description\" content=\"O prefeito de Manaus, David Almeida, anunciou, na tarde desta quinta-feira, 6\/11, o in\u00edcio da programa\u00e7\u00e3o do Tecnogame Agon by AOC.\" \/>\n<meta property=\"og:url\" content=\"https:\/\/www.manaus.am.gov.br\/cgm\/programacao-do-tecnogame\/\" \/>\n<meta property=\"og:site_name\" content=\"CGM\" \/>\n<meta property=\"article:publisher\" content=\"https:\/\/www.facebook.com\/cgmmanaus\" \/>\n<meta property=\"article:published_time\" content=\"2025-11-07T00:05:35+00:00\" \/>\n<meta property=\"article:modified_time\" content=\"2025-11-07T00:05:37+00:00\" \/>\n<meta property=\"og:image\" content=\"https:\/\/www.manaus.am.gov.br\/cgm\/wp-content\/uploads\/sites\/9\/2025\/11\/WhatsApp-Image-2025-11-06-at-19.58.29.jpeg\" \/>\n\t<meta property=\"og:image:width\" content=\"1280\" \/>\n\t<meta property=\"og:image:height\" content=\"854\" \/>\n\t<meta property=\"og:image:type\" content=\"image\/jpeg\" \/>\n<meta name=\"author\" content=\"bvalente\" \/>\n<meta name=\"twitter:card\" content=\"summary_large_image\" \/>\n<meta name=\"twitter:label1\" content=\"Written by\" \/>\n\t<meta name=\"twitter:data1\" content=\"bvalente\" \/>\n\t<meta name=\"twitter:label2\" content=\"Est. reading time\" \/>\n\t<meta name=\"twitter:data2\" content=\"3 minutos\" \/>\n<script type=\"application\/ld+json\" class=\"yoast-schema-graph\">{\"@context\":\"https:\/\/schema.org\",\"@graph\":[{\"@type\":\"Article\",\"@id\":\"https:\/\/www.manaus.am.gov.br\/cgm\/programacao-do-tecnogame\/#article\",\"isPartOf\":{\"@id\":\"https:\/\/www.manaus.am.gov.br\/cgm\/programacao-do-tecnogame\/\"},\"author\":{\"name\":\"bvalente\",\"@id\":\"https:\/\/www.manaus.am.gov.br\/cgm\/#\/schema\/person\/466a0e03ae4b6062809046bd560ac955\"},\"headline\":\"Prefeito David Almeida anuncia in\u00edcio da programa\u00e7\u00e3o do Tecnogame, maior evento geek da regi\u00e3o Norte, com apoio da Prefeitura de Manaus\",\"datePublished\":\"2025-11-07T00:05:35+00:00\",\"dateModified\":\"2025-11-07T00:05:37+00:00\",\"mainEntityOfPage\":{\"@id\":\"https:\/\/www.manaus.am.gov.br\/cgm\/programacao-do-tecnogame\/\"},\"wordCount\":471,\"publisher\":{\"@id\":\"https:\/\/www.manaus.am.gov.br\/cgm\/#organization\"},\"image\":{\"@id\":\"https:\/\/www.manaus.am.gov.br\/cgm\/programacao-do-tecnogame\/#primaryimage\"},\"thumbnailUrl\":\"https:\/\/www.manaus.am.gov.br\/cgm\/wp-content\/uploads\/sites\/9\/2025\/11\/WhatsApp-Image-2025-11-06-at-19.58.29.jpeg\",\"keywords\":[\"David Almeida\",\"prefeitura de manaus\",\"programa\u00e7\u00e3o do Tecnogame\",\"Semtepi\"],\"articleSection\":[\"Apoio\"],\"inLanguage\":\"pt-BR\"},{\"@type\":\"WebPage\",\"@id\":\"https:\/\/www.manaus.am.gov.br\/cgm\/programacao-do-tecnogame\/\",\"url\":\"https:\/\/www.manaus.am.gov.br\/cgm\/programacao-do-tecnogame\/\",\"name\":\"Prefeito anuncia in\u00edcio da programa\u00e7\u00e3o do Tecnogame\",\"isPartOf\":{\"@id\":\"https:\/\/www.manaus.am.gov.br\/cgm\/#website\"},\"primaryImageOfPage\":{\"@id\":\"https:\/\/www.manaus.am.gov.br\/cgm\/programacao-do-tecnogame\/#primaryimage\"},\"image\":{\"@id\":\"https:\/\/www.manaus.am.gov.br\/cgm\/programacao-do-tecnogame\/#primaryimage\"},\"thumbnailUrl\":\"https:\/\/www.manaus.am.gov.br\/cgm\/wp-content\/uploads\/sites\/9\/2025\/11\/WhatsApp-Image-2025-11-06-at-19.58.29.jpeg\",\"datePublished\":\"2025-11-07T00:05:35+00:00\",\"dateModified\":\"2025-11-07T00:05:37+00:00\",\"description\":\"O prefeito de Manaus, David Almeida, anunciou, na tarde desta quinta-feira, 6\/11, o in\u00edcio da programa\u00e7\u00e3o do Tecnogame Agon by AOC.\",\"inLanguage\":\"pt-BR\",\"potentialAction\":[{\"@type\":\"ReadAction\",\"target\":[\"https:\/\/www.manaus.am.gov.br\/cgm\/programacao-do-tecnogame\/\"]}]},{\"@type\":\"ImageObject\",\"inLanguage\":\"pt-BR\",\"@id\":\"https:\/\/www.manaus.am.gov.br\/cgm\/programacao-do-tecnogame\/#primaryimage\",\"url\":\"https:\/\/www.manaus.am.gov.br\/cgm\/wp-content\/uploads\/sites\/9\/2025\/11\/WhatsApp-Image-2025-11-06-at-19.58.29.jpeg\",\"contentUrl\":\"https:\/\/www.manaus.am.gov.br\/cgm\/wp-content\/uploads\/sites\/9\/2025\/11\/WhatsApp-Image-2025-11-06-at-19.58.29.jpeg\",\"width\":1280,\"height\":854,\"caption\":\"#paratodosverem - Prefeito ao lado do secret\u00e1rio da Semtepi, Alonso Oliveira, e do organizador do evento, Antonny Andrews\"},{\"@type\":\"WebSite\",\"@id\":\"https:\/\/www.manaus.am.gov.br\/cgm\/#website\",\"url\":\"https:\/\/www.manaus.am.gov.br\/cgm\/\",\"name\":\"CGM\",\"description\":\"Controladoria Geral do Munic\u00edpio\",\"publisher\":{\"@id\":\"https:\/\/www.manaus.am.gov.br\/cgm\/#organization\"},\"alternateName\":\"Controladoria-Geral do Munic\u00edpio\",\"potentialAction\":[{\"@type\":\"SearchAction\",\"target\":{\"@type\":\"EntryPoint\",\"urlTemplate\":\"https:\/\/www.manaus.am.gov.br\/cgm\/?s={search_term_string}\"},\"query-input\":\"required name=search_term_string\"}],\"inLanguage\":\"pt-BR\"},{\"@type\":\"Organization\",\"@id\":\"https:\/\/www.manaus.am.gov.br\/cgm\/#organization\",\"name\":\"Prefeitura de Manaus\",\"alternateName\":\"Prefeitura Municipal de Manaus\",\"url\":\"https:\/\/www.manaus.am.gov.br\/cgm\/\",\"logo\":{\"@type\":\"ImageObject\",\"inLanguage\":\"pt-BR\",\"@id\":\"https:\/\/www.manaus.am.gov.br\/cgm\/#\/schema\/logo\/image\/\",\"url\":\"https:\/\/www.manaus.am.gov.br\/cgm\/wp-content\/uploads\/sites\/9\/2024\/06\/favicon.png\",\"contentUrl\":\"https:\/\/www.manaus.am.gov.br\/cgm\/wp-content\/uploads\/sites\/9\/2024\/06\/favicon.png\",\"width\":300,\"height\":300,\"caption\":\"Prefeitura de Manaus\"},\"image\":{\"@id\":\"https:\/\/www.manaus.am.gov.br\/cgm\/#\/schema\/logo\/image\/\"},\"sameAs\":[\"https:\/\/www.facebook.com\/cgmmanaus\",\"https:\/\/www.instagram.com\/cgmmanaus\/\"]},{\"@type\":\"Person\",\"@id\":\"https:\/\/www.manaus.am.gov.br\/cgm\/#\/schema\/person\/466a0e03ae4b6062809046bd560ac955\",\"name\":\"bvalente\",\"image\":{\"@type\":\"ImageObject\",\"inLanguage\":\"pt-BR\",\"@id\":\"https:\/\/www.manaus.am.gov.br\/cgm\/#\/schema\/person\/image\/\",\"url\":\"https:\/\/secure.gravatar.com\/avatar\/3e69bc2b014bdad41adfec3a39de07d2?s=96&d=mm&r=g\",\"contentUrl\":\"https:\/\/secure.gravatar.com\/avatar\/3e69bc2b014bdad41adfec3a39de07d2?s=96&d=mm&r=g\",\"caption\":\"bvalente\"}}]}<\/script>\n<!-- \/ Yoast SEO plugin. -->","yoast_head_json":{"title":"Prefeito anuncia in\u00edcio da programa\u00e7\u00e3o do Tecnogame","description":"O prefeito de Manaus, David Almeida, anunciou, na tarde desta quinta-feira, 6\/11, o in\u00edcio da programa\u00e7\u00e3o do Tecnogame Agon by AOC.","robots":{"index":"index","follow":"follow","max-snippet":"max-snippet:-1","max-image-preview":"max-image-preview:large","max-video-preview":"max-video-preview:-1"},"canonical":"https:\/\/www.manaus.am.gov.br\/cgm\/programacao-do-tecnogame\/","og_locale":"pt_BR","og_type":"article","og_title":"Prefeito anuncia in\u00edcio da programa\u00e7\u00e3o do Tecnogame","og_description":"O prefeito de Manaus, David Almeida, anunciou, na tarde desta quinta-feira, 6\/11, o in\u00edcio da programa\u00e7\u00e3o do Tecnogame Agon by AOC.","og_url":"https:\/\/www.manaus.am.gov.br\/cgm\/programacao-do-tecnogame\/","og_site_name":"CGM","article_publisher":"https:\/\/www.facebook.com\/cgmmanaus","article_published_time":"2025-11-07T00:05:35+00:00","article_modified_time":"2025-11-07T00:05:37+00:00","og_image":[{"width":1280,"height":854,"url":"https:\/\/www.manaus.am.gov.br\/cgm\/wp-content\/uploads\/sites\/9\/2025\/11\/WhatsApp-Image-2025-11-06-at-19.58.29.jpeg","type":"image\/jpeg"}],"author":"bvalente","twitter_card":"summary_large_image","twitter_misc":{"Written by":"bvalente","Est. reading time":"3 minutos"},"schema":{"@context":"https:\/\/schema.org","@graph":[{"@type":"Article","@id":"https:\/\/www.manaus.am.gov.br\/cgm\/programacao-do-tecnogame\/#article","isPartOf":{"@id":"https:\/\/www.manaus.am.gov.br\/cgm\/programacao-do-tecnogame\/"},"author":{"name":"bvalente","@id":"https:\/\/www.manaus.am.gov.br\/cgm\/#\/schema\/person\/466a0e03ae4b6062809046bd560ac955"},"headline":"Prefeito David Almeida anuncia in\u00edcio da programa\u00e7\u00e3o do Tecnogame, maior evento geek da regi\u00e3o Norte, com apoio da Prefeitura de Manaus","datePublished":"2025-11-07T00:05:35+00:00","dateModified":"2025-11-07T00:05:37+00:00","mainEntityOfPage":{"@id":"https:\/\/www.manaus.am.gov.br\/cgm\/programacao-do-tecnogame\/"},"wordCount":471,"publisher":{"@id":"https:\/\/www.manaus.am.gov.br\/cgm\/#organization"},"image":{"@id":"https:\/\/www.manaus.am.gov.br\/cgm\/programacao-do-tecnogame\/#primaryimage"},"thumbnailUrl":"https:\/\/www.manaus.am.gov.br\/cgm\/wp-content\/uploads\/sites\/9\/2025\/11\/WhatsApp-Image-2025-11-06-at-19.58.29.jpeg","keywords":["David Almeida","prefeitura de manaus","programa\u00e7\u00e3o do Tecnogame","Semtepi"],"articleSection":["Apoio"],"inLanguage":"pt-BR"},{"@type":"WebPage","@id":"https:\/\/www.manaus.am.gov.br\/cgm\/programacao-do-tecnogame\/","url":"https:\/\/www.manaus.am.gov.br\/cgm\/programacao-do-tecnogame\/","name":"Prefeito anuncia in\u00edcio da programa\u00e7\u00e3o do Tecnogame","isPartOf":{"@id":"https:\/\/www.manaus.am.gov.br\/cgm\/#website"},"primaryImageOfPage":{"@id":"https:\/\/www.manaus.am.gov.br\/cgm\/programacao-do-tecnogame\/#primaryimage"},"image":{"@id":"https:\/\/www.manaus.am.gov.br\/cgm\/programacao-do-tecnogame\/#primaryimage"},"thumbnailUrl":"https:\/\/www.manaus.am.gov.br\/cgm\/wp-content\/uploads\/sites\/9\/2025\/11\/WhatsApp-Image-2025-11-06-at-19.58.29.jpeg","datePublished":"2025-11-07T00:05:35+00:00","dateModified":"2025-11-07T00:05:37+00:00","description":"O prefeito de Manaus, David Almeida, anunciou, na tarde desta quinta-feira, 6\/11, o in\u00edcio da programa\u00e7\u00e3o do Tecnogame Agon by AOC.","inLanguage":"pt-BR","potentialAction":[{"@type":"ReadAction","target":["https:\/\/www.manaus.am.gov.br\/cgm\/programacao-do-tecnogame\/"]}]},{"@type":"ImageObject","inLanguage":"pt-BR","@id":"https:\/\/www.manaus.am.gov.br\/cgm\/programacao-do-tecnogame\/#primaryimage","url":"https:\/\/www.manaus.am.gov.br\/cgm\/wp-content\/uploads\/sites\/9\/2025\/11\/WhatsApp-Image-2025-11-06-at-19.58.29.jpeg","contentUrl":"https:\/\/www.manaus.am.gov.br\/cgm\/wp-content\/uploads\/sites\/9\/2025\/11\/WhatsApp-Image-2025-11-06-at-19.58.29.jpeg","width":1280,"height":854,"caption":"#paratodosverem - Prefeito ao lado do secret\u00e1rio da Semtepi, Alonso Oliveira, e do organizador do evento, Antonny Andrews"},{"@type":"WebSite","@id":"https:\/\/www.manaus.am.gov.br\/cgm\/#website","url":"https:\/\/www.manaus.am.gov.br\/cgm\/","name":"CGM","description":"Controladoria Geral do Munic\u00edpio","publisher":{"@id":"https:\/\/www.manaus.am.gov.br\/cgm\/#organization"},"alternateName":"Controladoria-Geral do Munic\u00edpio","potentialAction":[{"@type":"SearchAction","target":{"@type":"EntryPoint","urlTemplate":"https:\/\/www.manaus.am.gov.br\/cgm\/?s={search_term_string}"},"query-input":"required name=search_term_string"}],"inLanguage":"pt-BR"},{"@type":"Organization","@id":"https:\/\/www.manaus.am.gov.br\/cgm\/#organization","name":"Prefeitura de Manaus","alternateName":"Prefeitura Municipal de Manaus","url":"https:\/\/www.manaus.am.gov.br\/cgm\/","logo":{"@type":"ImageObject","inLanguage":"pt-BR","@id":"https:\/\/www.manaus.am.gov.br\/cgm\/#\/schema\/logo\/image\/","url":"https:\/\/www.manaus.am.gov.br\/cgm\/wp-content\/uploads\/sites\/9\/2024\/06\/favicon.png","contentUrl":"https:\/\/www.manaus.am.gov.br\/cgm\/wp-content\/uploads\/sites\/9\/2024\/06\/favicon.png","width":300,"height":300,"caption":"Prefeitura de Manaus"},"image":{"@id":"https:\/\/www.manaus.am.gov.br\/cgm\/#\/schema\/logo\/image\/"},"sameAs":["https:\/\/www.facebook.com\/cgmmanaus","https:\/\/www.instagram.com\/cgmmanaus\/"]},{"@type":"Person","@id":"https:\/\/www.manaus.am.gov.br\/cgm\/#\/schema\/person\/466a0e03ae4b6062809046bd560ac955","name":"bvalente","image":{"@type":"ImageObject","inLanguage":"pt-BR","@id":"https:\/\/www.manaus.am.gov.br\/cgm\/#\/schema\/person\/image\/","url":"https:\/\/secure.gravatar.com\/avatar\/3e69bc2b014bdad41adfec3a39de07d2?s=96&d=mm&r=g","contentUrl":"https:\/\/secure.gravatar.com\/avatar\/3e69bc2b014bdad41adfec3a39de07d2?s=96&d=mm&r=g","caption":"bvalente"}}]}},"_links":{"self":[{"href":"https:\/\/www.manaus.am.gov.br\/cgm\/wp-json\/wp\/v2\/posts\/2817"}],"collection":[{"href":"https:\/\/www.manaus.am.gov.br\/cgm\/wp-json\/wp\/v2\/posts"}],"about":[{"href":"https:\/\/www.manaus.am.gov.br\/cgm\/wp-json\/wp\/v2\/types\/post"}],"author":[{"embeddable":true,"href":"https:\/\/www.manaus.am.gov.br\/cgm\/wp-json\/wp\/v2\/users\/68"}],"replies":[{"embeddable":true,"href":"https:\/\/www.manaus.am.gov.br\/cgm\/wp-json\/wp\/v2\/comments?post=2817"}],"version-history":[{"count":0,"href":"https:\/\/www.manaus.am.gov.br\/cgm\/wp-json\/wp\/v2\/posts\/2817\/revisions"}],"wp:featuredmedia":[{"embeddable":true,"href":"https:\/\/www.manaus.am.gov.br\/cgm\/wp-json\/wp\/v2\/media\/2818"}],"wp:attachment":[{"href":"https:\/\/www.manaus.am.gov.br\/cgm\/wp-json\/wp\/v2\/media?parent=2817"}],"wp:term":[{"taxonomy":"category","embeddable":true,"href":"https:\/\/www.manaus.am.gov.br\/cgm\/wp-json\/wp\/v2\/categories?post=2817"},{"taxonomy":"post_tag","embeddable":true,"href":"https:\/\/www.manaus.am.gov.br\/cgm\/wp-json\/wp\/v2\/tags?post=2817"}],"curies":[{"name":"wp","href":"https:\/\/api.w.org\/{rel}","templated":true}]}}