{"id":2764,"date":"2025-10-17T18:23:26","date_gmt":"2025-10-17T22:23:26","guid":{"rendered":"https:\/\/www.manaus.am.gov.br\/cgm\/treinamento-sobre-codigo-de-etica\/"},"modified":"2025-10-17T18:23:27","modified_gmt":"2025-10-17T22:23:27","slug":"treinamento-sobre-codigo-de-etica","status":"publish","type":"post","link":"https:\/\/www.manaus.am.gov.br\/cgm\/treinamento-sobre-codigo-de-etica\/","title":{"rendered":"Prefeitura promove treinamento sobre c\u00f3digo de \u00e9tica e palestra sobre combate ao ass\u00e9dio"},"content":{"rendered":"\n<p>A Prefeitura de Manaus segue avan\u00e7ando com a implementa\u00e7\u00e3o de boas pr\u00e1ticas no \u00e2mbito interno. Nesta sexta-feira, 17\/10, a Controladoria-Geral do Munic\u00edpio (CGM) realizou uma reuni\u00e3o que contempla mais uma etapa do Programa de Integridade e Compliance direcionado aos servidores da gest\u00e3o municipal, com a divulga\u00e7\u00e3o e dissemina\u00e7\u00e3o do \u201cC\u00f3digo de \u00c9tica do Agente P\u00fablico e da Alta Administra\u00e7\u00e3o do Munic\u00edpio de Manaus\u201d e da \u201cCartilha de Preven\u00e7\u00e3o e Combate ao Ass\u00e9dio\u201d, elaborados pela CGM. O treinamento ocorreu no audit\u00f3rio da Casa Militar, localizado na avenida Compensa, Vila da Prata, zona Oeste.<\/p>\n\n\n\n<p>A controladora-geral adjunta do munic\u00edpio, Lucilene Viana, considera fundamental a forte divulga\u00e7\u00e3o dessas ferramentas dentro dos \u00f3rg\u00e3os da prefeitura. \u201cEssa pauta est\u00e1 ligada ao Programa de Integridade e Compliance, editado pelo prefeito David Almeida, e nesse momento n\u00f3s estaremos enfatizando o c\u00f3digo de \u00e9tica e a cartilha de combate ao ass\u00e9dio para os respons\u00e1veis pela \u00e1rea de Recursos Humanos dos \u00f3rg\u00e3os da prefeitura, sendo uma forma de disseminar t\u00e3o importantes mat\u00e9rias. Com isso a Prefeitura de Manaus avan\u00e7a no programa de integridade em todas as pastas municipais para melhor oferecer os servi\u00e7os \u00e0 cidade de Manaus\u201d, explicou.<\/p>\n\n\n\n<p>O diretor do Departamento de Controladoria, Joabe Riker, ressaltou o compromisso dos representantes do setor de Recursos Humanos dentro das secretarias municipais e pontuou sobre o combate ao ass\u00e9dio. \u201cN\u00f3s estamos disseminando o c\u00f3digo de \u00e9tica e a cartilha de preven\u00e7\u00e3o e combate ao ass\u00e9dio junto a todos os servidores da prefeitura. Para a sua ampla divulga\u00e7\u00e3o, esses instrumentos necessitam da presen\u00e7a do setor de Recursos Humanos nessas tem\u00e1ticas para ajudar a implementar o programa de integridade\u201d, pontuou.<\/p>\n\n\n\n<p>A reuni\u00e3o foi direcionada aos representantes dos Departamentos de Recursos Humanos dos \u00f3rg\u00e3os da prefeitura, bem como aos servidores da Equipe T\u00e9cnica de Integridade e Compliance (ETICo) de cada secretaria.<\/p>\n\n\n\n<p>\u201c\u00c9 important\u00edssima essa iniciativa da CGM para que possamos levar \u00e0s secretarias e replicar todas essas informa\u00e7\u00f5es, e assim ter a difus\u00e3o de todo esse conte\u00fado que \u00e9 muito importante para o servidor do munic\u00edpio de Manaus\u201d, exaltou a subsecret\u00e1ria de Assuntos Administrativos e de Governo da Casa Civil, Roberta Santos, presente na reuni\u00e3o.<\/p>\n\n\n\n<p>O evento tamb\u00e9m contou com a presen\u00e7a da doutora Priscilla Orberg, delegada-adjunta da Delegacia Especializada em Crimes Contra a Mulher, que ministrou a palestra com o tema \u201cO ass\u00e9dio no ambiente do trabalho\u201d, em conson\u00e2ncia com a cartilha da prefeitura. \u201cNossa conversa foi para alertar os funcion\u00e1rios das condutas, das boas pr\u00e1ticas e do que pode ser considerado um ass\u00e9dio, tanto ass\u00e9dio moral quanto ass\u00e9dio sexual, e trazer informa\u00e7\u00e3o para eles\u201d, concluiu.<\/p>\n\n\n\n<p>Al\u00e9m das delegacias especializadas, o servidor pode procurar as ouvidorias setoriais e seccionais de sua respectiva secretaria, que comp\u00f5em o Sistema Municipal de Ouvidorias (Sismouv), com a Ouvidoria-Geral sendo o \u00f3rg\u00e3o central, ou acessar diretamente a Plataforma Fala.BR, ferramenta de ouvidoria com ades\u00e3o da prefeitura e suas secretarias. S\u00e3o canais onde o servidor pode e deve se manifestar contra qualquer forma de ass\u00e9dio.\u00a0<\/p>\n\n\n\n<p>\u2014 \u2014 \u2014<br><strong>Texto <\/strong>&#8211; Oliveira Junior \/ CGM<br><strong>Fotos <\/strong>&#8211; Cl\u00f3vis Miranda \/ Semcom<br><strong>Dispon\u00edveis em &#8211; <\/strong><a href=\"https:\/\/flic.kr\/s\/aHBqjCxEze\">https:\/\/flic.kr\/s\/aHBqjCxEze<\/a><\/p>\n","protected":false},"excerpt":{"rendered":"","protected":false},"author":68,"featured_media":2765,"comment_status":"closed","ping_status":"closed","sticky":false,"template":"","format":"standard","meta":{"footnotes":""},"categories":[76],"tags":[7,21,178,194],"acf":[],"yoast_head":"<!-- This site is optimized with the Yoast SEO plugin v23.0 - https:\/\/yoast.com\/wordpress\/plugins\/seo\/ -->\n<title>Prefeitura promove treinamento sobre c\u00f3digo de \u00e9tica<\/title>\n<meta name=\"description\" content=\"A Prefeitura de Manaus segue avan\u00e7ando com a implementa\u00e7\u00e3o de boas pr\u00e1ticas no \u00e2mbito interno com o Programa de Integridade e Compliance.\" \/>\n<meta name=\"robots\" content=\"index, follow, max-snippet:-1, max-image-preview:large, max-video-preview:-1\" \/>\n<link rel=\"canonical\" href=\"https:\/\/www.manaus.am.gov.br\/cgm\/treinamento-sobre-codigo-de-etica\/\" \/>\n<meta property=\"og:locale\" content=\"pt_BR\" \/>\n<meta property=\"og:type\" content=\"article\" \/>\n<meta property=\"og:title\" content=\"Prefeitura promove treinamento sobre c\u00f3digo de \u00e9tica\" \/>\n<meta property=\"og:description\" content=\"A Prefeitura de Manaus segue avan\u00e7ando com a implementa\u00e7\u00e3o de boas pr\u00e1ticas no \u00e2mbito interno com o Programa de Integridade e Compliance.\" \/>\n<meta property=\"og:url\" content=\"https:\/\/www.manaus.am.gov.br\/cgm\/treinamento-sobre-codigo-de-etica\/\" \/>\n<meta property=\"og:site_name\" content=\"CGM\" \/>\n<meta property=\"article:publisher\" content=\"https:\/\/www.facebook.com\/cgmmanaus\" \/>\n<meta property=\"article:published_time\" content=\"2025-10-17T22:23:26+00:00\" \/>\n<meta property=\"article:modified_time\" content=\"2025-10-17T22:23:27+00:00\" \/>\n<meta property=\"og:image\" content=\"https:\/\/www.manaus.am.gov.br\/cgm\/wp-content\/uploads\/sites\/9\/2025\/10\/54860854866_d007d44d2f_c.jpg\" \/>\n\t<meta property=\"og:image:width\" content=\"799\" \/>\n\t<meta property=\"og:image:height\" content=\"533\" \/>\n\t<meta property=\"og:image:type\" content=\"image\/jpeg\" \/>\n<meta name=\"author\" content=\"bvalente\" \/>\n<meta name=\"twitter:card\" content=\"summary_large_image\" \/>\n<meta name=\"twitter:label1\" content=\"Written by\" \/>\n\t<meta name=\"twitter:data1\" content=\"bvalente\" \/>\n\t<meta name=\"twitter:label2\" content=\"Est. reading time\" \/>\n\t<meta name=\"twitter:data2\" content=\"3 minutos\" \/>\n<script type=\"application\/ld+json\" class=\"yoast-schema-graph\">{\"@context\":\"https:\/\/schema.org\",\"@graph\":[{\"@type\":\"Article\",\"@id\":\"https:\/\/www.manaus.am.gov.br\/cgm\/treinamento-sobre-codigo-de-etica\/#article\",\"isPartOf\":{\"@id\":\"https:\/\/www.manaus.am.gov.br\/cgm\/treinamento-sobre-codigo-de-etica\/\"},\"author\":{\"name\":\"bvalente\",\"@id\":\"https:\/\/www.manaus.am.gov.br\/cgm\/#\/schema\/person\/466a0e03ae4b6062809046bd560ac955\"},\"headline\":\"Prefeitura promove treinamento sobre c\u00f3digo de \u00e9tica e palestra sobre combate ao ass\u00e9dio\",\"datePublished\":\"2025-10-17T22:23:26+00:00\",\"dateModified\":\"2025-10-17T22:23:27+00:00\",\"mainEntityOfPage\":{\"@id\":\"https:\/\/www.manaus.am.gov.br\/cgm\/treinamento-sobre-codigo-de-etica\/\"},\"wordCount\":579,\"publisher\":{\"@id\":\"https:\/\/www.manaus.am.gov.br\/cgm\/#organization\"},\"image\":{\"@id\":\"https:\/\/www.manaus.am.gov.br\/cgm\/treinamento-sobre-codigo-de-etica\/#primaryimage\"},\"thumbnailUrl\":\"https:\/\/www.manaus.am.gov.br\/cgm\/wp-content\/uploads\/sites\/9\/2025\/10\/54860854866_d007d44d2f_c.jpg\",\"keywords\":[\"CGM\",\"prefeitura de manaus\",\"programa de integridade e compliance\",\"treinamento sobre c\u00f3digo de \u00e9tica\"],\"articleSection\":[\"Reuni\u00e3o\"],\"inLanguage\":\"pt-BR\"},{\"@type\":\"WebPage\",\"@id\":\"https:\/\/www.manaus.am.gov.br\/cgm\/treinamento-sobre-codigo-de-etica\/\",\"url\":\"https:\/\/www.manaus.am.gov.br\/cgm\/treinamento-sobre-codigo-de-etica\/\",\"name\":\"Prefeitura promove treinamento sobre c\u00f3digo de \u00e9tica\",\"isPartOf\":{\"@id\":\"https:\/\/www.manaus.am.gov.br\/cgm\/#website\"},\"primaryImageOfPage\":{\"@id\":\"https:\/\/www.manaus.am.gov.br\/cgm\/treinamento-sobre-codigo-de-etica\/#primaryimage\"},\"image\":{\"@id\":\"https:\/\/www.manaus.am.gov.br\/cgm\/treinamento-sobre-codigo-de-etica\/#primaryimage\"},\"thumbnailUrl\":\"https:\/\/www.manaus.am.gov.br\/cgm\/wp-content\/uploads\/sites\/9\/2025\/10\/54860854866_d007d44d2f_c.jpg\",\"datePublished\":\"2025-10-17T22:23:26+00:00\",\"dateModified\":\"2025-10-17T22:23:27+00:00\",\"description\":\"A Prefeitura de Manaus segue avan\u00e7ando com a implementa\u00e7\u00e3o de boas pr\u00e1ticas no \u00e2mbito interno com o Programa de Integridade e Compliance.\",\"inLanguage\":\"pt-BR\",\"potentialAction\":[{\"@type\":\"ReadAction\",\"target\":[\"https:\/\/www.manaus.am.gov.br\/cgm\/treinamento-sobre-codigo-de-etica\/\"]}]},{\"@type\":\"ImageObject\",\"inLanguage\":\"pt-BR\",\"@id\":\"https:\/\/www.manaus.am.gov.br\/cgm\/treinamento-sobre-codigo-de-etica\/#primaryimage\",\"url\":\"https:\/\/www.manaus.am.gov.br\/cgm\/wp-content\/uploads\/sites\/9\/2025\/10\/54860854866_d007d44d2f_c.jpg\",\"contentUrl\":\"https:\/\/www.manaus.am.gov.br\/cgm\/wp-content\/uploads\/sites\/9\/2025\/10\/54860854866_d007d44d2f_c.jpg\",\"width\":799,\"height\":533,\"caption\":\"#paratodosverem \u2013 Palestrante durante treinamento\"},{\"@type\":\"WebSite\",\"@id\":\"https:\/\/www.manaus.am.gov.br\/cgm\/#website\",\"url\":\"https:\/\/www.manaus.am.gov.br\/cgm\/\",\"name\":\"CGM\",\"description\":\"Controladoria Geral do Munic\u00edpio\",\"publisher\":{\"@id\":\"https:\/\/www.manaus.am.gov.br\/cgm\/#organization\"},\"alternateName\":\"Controladoria-Geral do Munic\u00edpio\",\"potentialAction\":[{\"@type\":\"SearchAction\",\"target\":{\"@type\":\"EntryPoint\",\"urlTemplate\":\"https:\/\/www.manaus.am.gov.br\/cgm\/?s={search_term_string}\"},\"query-input\":\"required name=search_term_string\"}],\"inLanguage\":\"pt-BR\"},{\"@type\":\"Organization\",\"@id\":\"https:\/\/www.manaus.am.gov.br\/cgm\/#organization\",\"name\":\"Prefeitura de Manaus\",\"alternateName\":\"Prefeitura Municipal de Manaus\",\"url\":\"https:\/\/www.manaus.am.gov.br\/cgm\/\",\"logo\":{\"@type\":\"ImageObject\",\"inLanguage\":\"pt-BR\",\"@id\":\"https:\/\/www.manaus.am.gov.br\/cgm\/#\/schema\/logo\/image\/\",\"url\":\"https:\/\/www.manaus.am.gov.br\/cgm\/wp-content\/uploads\/sites\/9\/2024\/06\/favicon.png\",\"contentUrl\":\"https:\/\/www.manaus.am.gov.br\/cgm\/wp-content\/uploads\/sites\/9\/2024\/06\/favicon.png\",\"width\":300,\"height\":300,\"caption\":\"Prefeitura de Manaus\"},\"image\":{\"@id\":\"https:\/\/www.manaus.am.gov.br\/cgm\/#\/schema\/logo\/image\/\"},\"sameAs\":[\"https:\/\/www.facebook.com\/cgmmanaus\",\"https:\/\/www.instagram.com\/cgmmanaus\/\"]},{\"@type\":\"Person\",\"@id\":\"https:\/\/www.manaus.am.gov.br\/cgm\/#\/schema\/person\/466a0e03ae4b6062809046bd560ac955\",\"name\":\"bvalente\",\"image\":{\"@type\":\"ImageObject\",\"inLanguage\":\"pt-BR\",\"@id\":\"https:\/\/www.manaus.am.gov.br\/cgm\/#\/schema\/person\/image\/\",\"url\":\"https:\/\/secure.gravatar.com\/avatar\/3e69bc2b014bdad41adfec3a39de07d2?s=96&d=mm&r=g\",\"contentUrl\":\"https:\/\/secure.gravatar.com\/avatar\/3e69bc2b014bdad41adfec3a39de07d2?s=96&d=mm&r=g\",\"caption\":\"bvalente\"}}]}<\/script>\n<!-- \/ Yoast SEO plugin. -->","yoast_head_json":{"title":"Prefeitura promove treinamento sobre c\u00f3digo de \u00e9tica","description":"A Prefeitura de Manaus segue avan\u00e7ando com a implementa\u00e7\u00e3o de boas pr\u00e1ticas no \u00e2mbito interno com o Programa de Integridade e Compliance.","robots":{"index":"index","follow":"follow","max-snippet":"max-snippet:-1","max-image-preview":"max-image-preview:large","max-video-preview":"max-video-preview:-1"},"canonical":"https:\/\/www.manaus.am.gov.br\/cgm\/treinamento-sobre-codigo-de-etica\/","og_locale":"pt_BR","og_type":"article","og_title":"Prefeitura promove treinamento sobre c\u00f3digo de \u00e9tica","og_description":"A Prefeitura de Manaus segue avan\u00e7ando com a implementa\u00e7\u00e3o de boas pr\u00e1ticas no \u00e2mbito interno com o Programa de Integridade e Compliance.","og_url":"https:\/\/www.manaus.am.gov.br\/cgm\/treinamento-sobre-codigo-de-etica\/","og_site_name":"CGM","article_publisher":"https:\/\/www.facebook.com\/cgmmanaus","article_published_time":"2025-10-17T22:23:26+00:00","article_modified_time":"2025-10-17T22:23:27+00:00","og_image":[{"width":799,"height":533,"url":"https:\/\/www.manaus.am.gov.br\/cgm\/wp-content\/uploads\/sites\/9\/2025\/10\/54860854866_d007d44d2f_c.jpg","type":"image\/jpeg"}],"author":"bvalente","twitter_card":"summary_large_image","twitter_misc":{"Written by":"bvalente","Est. reading time":"3 minutos"},"schema":{"@context":"https:\/\/schema.org","@graph":[{"@type":"Article","@id":"https:\/\/www.manaus.am.gov.br\/cgm\/treinamento-sobre-codigo-de-etica\/#article","isPartOf":{"@id":"https:\/\/www.manaus.am.gov.br\/cgm\/treinamento-sobre-codigo-de-etica\/"},"author":{"name":"bvalente","@id":"https:\/\/www.manaus.am.gov.br\/cgm\/#\/schema\/person\/466a0e03ae4b6062809046bd560ac955"},"headline":"Prefeitura promove treinamento sobre c\u00f3digo de \u00e9tica e palestra sobre combate ao ass\u00e9dio","datePublished":"2025-10-17T22:23:26+00:00","dateModified":"2025-10-17T22:23:27+00:00","mainEntityOfPage":{"@id":"https:\/\/www.manaus.am.gov.br\/cgm\/treinamento-sobre-codigo-de-etica\/"},"wordCount":579,"publisher":{"@id":"https:\/\/www.manaus.am.gov.br\/cgm\/#organization"},"image":{"@id":"https:\/\/www.manaus.am.gov.br\/cgm\/treinamento-sobre-codigo-de-etica\/#primaryimage"},"thumbnailUrl":"https:\/\/www.manaus.am.gov.br\/cgm\/wp-content\/uploads\/sites\/9\/2025\/10\/54860854866_d007d44d2f_c.jpg","keywords":["CGM","prefeitura de manaus","programa de integridade e compliance","treinamento sobre c\u00f3digo de \u00e9tica"],"articleSection":["Reuni\u00e3o"],"inLanguage":"pt-BR"},{"@type":"WebPage","@id":"https:\/\/www.manaus.am.gov.br\/cgm\/treinamento-sobre-codigo-de-etica\/","url":"https:\/\/www.manaus.am.gov.br\/cgm\/treinamento-sobre-codigo-de-etica\/","name":"Prefeitura promove treinamento sobre c\u00f3digo de \u00e9tica","isPartOf":{"@id":"https:\/\/www.manaus.am.gov.br\/cgm\/#website"},"primaryImageOfPage":{"@id":"https:\/\/www.manaus.am.gov.br\/cgm\/treinamento-sobre-codigo-de-etica\/#primaryimage"},"image":{"@id":"https:\/\/www.manaus.am.gov.br\/cgm\/treinamento-sobre-codigo-de-etica\/#primaryimage"},"thumbnailUrl":"https:\/\/www.manaus.am.gov.br\/cgm\/wp-content\/uploads\/sites\/9\/2025\/10\/54860854866_d007d44d2f_c.jpg","datePublished":"2025-10-17T22:23:26+00:00","dateModified":"2025-10-17T22:23:27+00:00","description":"A Prefeitura de Manaus segue avan\u00e7ando com a implementa\u00e7\u00e3o de boas pr\u00e1ticas no \u00e2mbito interno com o Programa de Integridade e Compliance.","inLanguage":"pt-BR","potentialAction":[{"@type":"ReadAction","target":["https:\/\/www.manaus.am.gov.br\/cgm\/treinamento-sobre-codigo-de-etica\/"]}]},{"@type":"ImageObject","inLanguage":"pt-BR","@id":"https:\/\/www.manaus.am.gov.br\/cgm\/treinamento-sobre-codigo-de-etica\/#primaryimage","url":"https:\/\/www.manaus.am.gov.br\/cgm\/wp-content\/uploads\/sites\/9\/2025\/10\/54860854866_d007d44d2f_c.jpg","contentUrl":"https:\/\/www.manaus.am.gov.br\/cgm\/wp-content\/uploads\/sites\/9\/2025\/10\/54860854866_d007d44d2f_c.jpg","width":799,"height":533,"caption":"#paratodosverem \u2013 Palestrante durante treinamento"},{"@type":"WebSite","@id":"https:\/\/www.manaus.am.gov.br\/cgm\/#website","url":"https:\/\/www.manaus.am.gov.br\/cgm\/","name":"CGM","description":"Controladoria Geral do Munic\u00edpio","publisher":{"@id":"https:\/\/www.manaus.am.gov.br\/cgm\/#organization"},"alternateName":"Controladoria-Geral do Munic\u00edpio","potentialAction":[{"@type":"SearchAction","target":{"@type":"EntryPoint","urlTemplate":"https:\/\/www.manaus.am.gov.br\/cgm\/?s={search_term_string}"},"query-input":"required name=search_term_string"}],"inLanguage":"pt-BR"},{"@type":"Organization","@id":"https:\/\/www.manaus.am.gov.br\/cgm\/#organization","name":"Prefeitura de Manaus","alternateName":"Prefeitura Municipal de Manaus","url":"https:\/\/www.manaus.am.gov.br\/cgm\/","logo":{"@type":"ImageObject","inLanguage":"pt-BR","@id":"https:\/\/www.manaus.am.gov.br\/cgm\/#\/schema\/logo\/image\/","url":"https:\/\/www.manaus.am.gov.br\/cgm\/wp-content\/uploads\/sites\/9\/2024\/06\/favicon.png","contentUrl":"https:\/\/www.manaus.am.gov.br\/cgm\/wp-content\/uploads\/sites\/9\/2024\/06\/favicon.png","width":300,"height":300,"caption":"Prefeitura de Manaus"},"image":{"@id":"https:\/\/www.manaus.am.gov.br\/cgm\/#\/schema\/logo\/image\/"},"sameAs":["https:\/\/www.facebook.com\/cgmmanaus","https:\/\/www.instagram.com\/cgmmanaus\/"]},{"@type":"Person","@id":"https:\/\/www.manaus.am.gov.br\/cgm\/#\/schema\/person\/466a0e03ae4b6062809046bd560ac955","name":"bvalente","image":{"@type":"ImageObject","inLanguage":"pt-BR","@id":"https:\/\/www.manaus.am.gov.br\/cgm\/#\/schema\/person\/image\/","url":"https:\/\/secure.gravatar.com\/avatar\/3e69bc2b014bdad41adfec3a39de07d2?s=96&d=mm&r=g","contentUrl":"https:\/\/secure.gravatar.com\/avatar\/3e69bc2b014bdad41adfec3a39de07d2?s=96&d=mm&r=g","caption":"bvalente"}}]}},"_links":{"self":[{"href":"https:\/\/www.manaus.am.gov.br\/cgm\/wp-json\/wp\/v2\/posts\/2764"}],"collection":[{"href":"https:\/\/www.manaus.am.gov.br\/cgm\/wp-json\/wp\/v2\/posts"}],"about":[{"href":"https:\/\/www.manaus.am.gov.br\/cgm\/wp-json\/wp\/v2\/types\/post"}],"author":[{"embeddable":true,"href":"https:\/\/www.manaus.am.gov.br\/cgm\/wp-json\/wp\/v2\/users\/68"}],"replies":[{"embeddable":true,"href":"https:\/\/www.manaus.am.gov.br\/cgm\/wp-json\/wp\/v2\/comments?post=2764"}],"version-history":[{"count":0,"href":"https:\/\/www.manaus.am.gov.br\/cgm\/wp-json\/wp\/v2\/posts\/2764\/revisions"}],"wp:featuredmedia":[{"embeddable":true,"href":"https:\/\/www.manaus.am.gov.br\/cgm\/wp-json\/wp\/v2\/media\/2765"}],"wp:attachment":[{"href":"https:\/\/www.manaus.am.gov.br\/cgm\/wp-json\/wp\/v2\/media?parent=2764"}],"wp:term":[{"taxonomy":"category","embeddable":true,"href":"https:\/\/www.manaus.am.gov.br\/cgm\/wp-json\/wp\/v2\/categories?post=2764"},{"taxonomy":"post_tag","embeddable":true,"href":"https:\/\/www.manaus.am.gov.br\/cgm\/wp-json\/wp\/v2\/tags?post=2764"}],"curies":[{"name":"wp","href":"https:\/\/api.w.org\/{rel}","templated":true}]}}