{"id":2515,"date":"2025-08-22T16:29:42","date_gmt":"2025-08-22T20:29:42","guid":{"rendered":"https:\/\/www.manaus.am.gov.br\/cgm\/treinamento-geral-dados\/"},"modified":"2025-08-22T16:29:42","modified_gmt":"2025-08-22T20:29:42","slug":"treinamento-geral-dados","status":"publish","type":"post","link":"https:\/\/www.manaus.am.gov.br\/cgm\/treinamento-geral-dados\/","title":{"rendered":"Prefeitura de Manaus promove treinamento geral da LGPD para boas pr\u00e1ticas de privacidade e prote\u00e7\u00e3o de dados na gest\u00e3o municipal"},"content":{"rendered":"\n<p>A Prefeitura de Manaus, por meio da Controladoria-Geral do Munic\u00edpio (CGM), promoveu o Treinamento da Estrutura Organizacional de Prote\u00e7\u00e3o de Dados na manh\u00e3 desta sexta-feira, 22\/8. A capacita\u00e7\u00e3o visou abordar os principais fundamentos da Lei Geral de Prote\u00e7\u00e3o de Dados Pessoais (LGPD &#8211; Lei n\u00ba 13.709\/2018) e as boas pr\u00e1ticas de privacidade e seguran\u00e7a no tratamento de dados pessoais no \u00e2mbito da Administra\u00e7\u00e3o P\u00fablica, voltado aos servidores da gest\u00e3o municipal.&nbsp; O evento aconteceu no audit\u00f3rio Isabel Vict\u00f3ria de Mattos Pereira do Carmo Ribeiro, na sede da prefeitura, no bairro Compensa, zona Oeste.<\/p>\n\n\n\n<p>O controlador-geral do munic\u00edpio, Alessandro Moreira, destacou o pioneirismo da Prefeitura de Manaus no programa de governan\u00e7a e integridade entre os munic\u00edpios brasileiros, e exaltou o programa de implementa\u00e7\u00e3o da LGPD na administra\u00e7\u00e3o municipal.<\/p>\n\n\n\n<p>\u201cManaus \u00e9 refer\u00eancia nacional na LGPD e hoje estamos realizando mais uma etapa da capacita\u00e7\u00e3o do grupo de lideran\u00e7a respons\u00e1vel pela implementa\u00e7\u00e3o da Lei Geral de Prote\u00e7\u00e3o de Dados em todas as secretarias da prefeitura, voltados aos servidores municipais que est\u00e3o se capacitando desde o in\u00edcio do programa\u201d, explicou o gestor da CGM.<\/p>\n\n\n\n<p>A aten\u00e7\u00e3o e sensibilidade ao tema do treinamento, pela administra\u00e7\u00e3o municipal, foi o destaque da encarregada-geral de dados e controladora-adjunta da prefeitura, Lucilene Viana. A gestora exaltou o compromisso de capacitar os sub encarregados de dados, a fim de gerar alinhamento com as diretrizes da LGPD, e destacou a finalidade do treinamento de aprimorar a comunica\u00e7\u00e3o que chegar\u00e1 ao cidad\u00e3o por meio desses servidores, com trabalho integrado aos departamentos de suas respectivas secretarias.<\/p>\n\n\n\n<p>\u201cDesenvolver as habilidades da comunica\u00e7\u00e3o de todos os sub encarregados junto \u00e0s suas secretarias \u00e9 fundamental para o bom atendimento \u00e0 popula\u00e7\u00e3o, com o uso de uma linguagem padronizada, alinhada \u00e0s diretrizes estabelecidas pela Lei Geral de Prote\u00e7\u00e3o de Dados. A colabora\u00e7\u00e3o interdepartamental \u00e9 importante para que todos os setores estejam em sinergia para colaborar com as respostas ao cidad\u00e3o nos casos de vazamentos e solicita\u00e7\u00f5es de informa\u00e7\u00f5es sens\u00edveis, tornando essencial uma escuta ativa para a pr\u00e1tica de escuta e feedback, estrat\u00e9gias para gest\u00e3o de conflitos que possam surgir, tudo visando a implementa\u00e7\u00e3o da LGPD de forma exitosa na Prefeitura de Manaus\u201d, explicou a encarregada-geral de dados do munic\u00edpio.<\/p>\n\n\n\n<p>Respons\u00e1vel pela consultoria de implementa\u00e7\u00e3o da LGPD na prefeitura e por ministrar o treinamento, Rodrigo Pironti elogiou o trabalho da gest\u00e3o municipal no tratamento e prote\u00e7\u00e3o de dados.<\/p>\n\n\n<div class=\"wp-block-image\">\n<figure class=\"aligncenter size-full is-resized\"><img loading=\"lazy\" decoding=\"async\" width=\"800\" height=\"533\" src=\"https:\/\/www.manaus.am.gov.br\/cgm\/wp-content\/uploads\/sites\/9\/2025\/08\/CGM-Treinamento-LGPD-1.jpg\" alt=\"\" class=\"wp-image-2516\" style=\"width:696px;height:auto\" srcset=\"https:\/\/www.manaus.am.gov.br\/cgm\/wp-content\/uploads\/sites\/9\/2025\/08\/CGM-Treinamento-LGPD-1.jpg 800w, https:\/\/www.manaus.am.gov.br\/cgm\/wp-content\/uploads\/sites\/9\/2025\/08\/CGM-Treinamento-LGPD-1-300x200.jpg 300w, https:\/\/www.manaus.am.gov.br\/cgm\/wp-content\/uploads\/sites\/9\/2025\/08\/CGM-Treinamento-LGPD-1-768x512.jpg 768w\" sizes=\"(max-width: 800px) 100vw, 800px\" \/><\/figure><\/div>\n\n\n<p>\u201cA Prefeitura de Manaus tem se destacado a n\u00edvel nacional j\u00e1 h\u00e1 um bom tempo pela preocupa\u00e7\u00e3o com o tema do treinamento. \u00c9 um tema importante, necess\u00e1rio, e faz com que os servidores que tratam dados no \u00e2mbito da prefeitura, venham a conhecer melhor a realidade de como tratar esses dados, conhecer os princ\u00edpios e as bases legais para esse tratamento. Por fim, o objetivo \u00e9 faz\u00ea-los entender como trabalhar essas informa\u00e7\u00f5es dentro de um crit\u00e9rio legal e justo, sempre em prol do cidad\u00e3o\u201d, finalizou Pironti.<\/p>\n\n\n\n<p>O treinamento contou com a presen\u00e7a de todos os sub encarregados de dados da Prefeitura de Manaus e, ao final do evento, esses servidores receberam seus certificados de participa\u00e7\u00e3o, fornecidos pela Controladoria-Geral do Munic\u00edpio.<\/p>\n\n\n\n<p>&#8212; &#8212; &#8212;<\/p>\n\n\n\n<p><strong>Texto<\/strong> &#8211; Oliveira Junior \/ CGM<\/p>\n\n\n\n<p><strong>Publicado em<\/strong> &#8211;<\/p>\n\n\n\n<p><strong>Fotos<\/strong> &#8211; Ant\u00f4nio Pereira \/ Semcom<\/p>\n\n\n\n<p><strong>Dispon\u00edveis em<\/strong> &#8211; <a href=\"https:\/\/flic.kr\/s\/aHBqjCrER7\">https:\/\/flic.kr\/s\/aHBqjCrER7<\/a><\/p>\n","protected":false},"excerpt":{"rendered":"","protected":false},"author":61,"featured_media":2517,"comment_status":"closed","ping_status":"closed","sticky":false,"template":"","format":"standard","meta":{"footnotes":""},"categories":[16],"tags":[90,191,87,21,93],"acf":[],"yoast_head":"<!-- This site is optimized with the Yoast SEO plugin v23.0 - https:\/\/yoast.com\/wordpress\/plugins\/seo\/ -->\n<title>Prefeitura de Manaus promove treinamento geral da LGPD para boas pr\u00e1ticas de privacidade e prote\u00e7\u00e3o de dados na gest\u00e3o municipal<\/title>\n<meta name=\"description\" content=\"A Prefeitura de Manaus, por meio da Controladoria-Geral do Munic\u00edpio (CGM), promoveu o Treinamento da Estrutura Organizacional de Prote\u00e7\u00e3o de Dados na manh\u00e3 desta sexta-feira, 22\/8.\" \/>\n<meta name=\"robots\" content=\"index, follow, max-snippet:-1, max-image-preview:large, max-video-preview:-1\" \/>\n<link rel=\"canonical\" href=\"https:\/\/www.manaus.am.gov.br\/cgm\/treinamento-geral-dados\/\" \/>\n<meta property=\"og:locale\" content=\"pt_BR\" \/>\n<meta property=\"og:type\" content=\"article\" \/>\n<meta property=\"og:title\" content=\"Prefeitura de Manaus promove treinamento geral da LGPD para boas pr\u00e1ticas de privacidade e prote\u00e7\u00e3o de dados na gest\u00e3o municipal\" \/>\n<meta property=\"og:description\" content=\"A Prefeitura de Manaus, por meio da Controladoria-Geral do Munic\u00edpio (CGM), promoveu o Treinamento da Estrutura Organizacional de Prote\u00e7\u00e3o de Dados na manh\u00e3 desta sexta-feira, 22\/8.\" \/>\n<meta property=\"og:url\" content=\"https:\/\/www.manaus.am.gov.br\/cgm\/treinamento-geral-dados\/\" \/>\n<meta property=\"og:site_name\" content=\"CGM\" \/>\n<meta property=\"article:publisher\" content=\"https:\/\/www.facebook.com\/cgmmanaus\" \/>\n<meta property=\"article:published_time\" content=\"2025-08-22T20:29:42+00:00\" \/>\n<meta property=\"og:image\" content=\"https:\/\/www.manaus.am.gov.br\/cgm\/wp-content\/uploads\/sites\/9\/2025\/08\/CGM-Treinamento-LGPD-2-1024x683.jpg\" \/>\n\t<meta property=\"og:image:width\" content=\"1024\" \/>\n\t<meta property=\"og:image:height\" content=\"683\" \/>\n\t<meta property=\"og:image:type\" content=\"image\/jpeg\" \/>\n<meta name=\"author\" content=\"smonteiro\" \/>\n<meta name=\"twitter:card\" content=\"summary_large_image\" \/>\n<meta name=\"twitter:label1\" content=\"Written by\" \/>\n\t<meta name=\"twitter:data1\" content=\"smonteiro\" \/>\n\t<meta name=\"twitter:label2\" content=\"Est. reading time\" \/>\n\t<meta name=\"twitter:data2\" content=\"4 minutos\" \/>\n<script type=\"application\/ld+json\" class=\"yoast-schema-graph\">{\"@context\":\"https:\/\/schema.org\",\"@graph\":[{\"@type\":\"Article\",\"@id\":\"https:\/\/www.manaus.am.gov.br\/cgm\/treinamento-geral-dados\/#article\",\"isPartOf\":{\"@id\":\"https:\/\/www.manaus.am.gov.br\/cgm\/treinamento-geral-dados\/\"},\"author\":{\"name\":\"smonteiro\",\"@id\":\"https:\/\/www.manaus.am.gov.br\/cgm\/#\/schema\/person\/ab4dcf766a54dff74e8d267f5c591961\"},\"headline\":\"Prefeitura de Manaus promove treinamento geral da LGPD para boas pr\u00e1ticas de privacidade e prote\u00e7\u00e3o de dados na gest\u00e3o municipal\",\"datePublished\":\"2025-08-22T20:29:42+00:00\",\"dateModified\":\"2025-08-22T20:29:42+00:00\",\"mainEntityOfPage\":{\"@id\":\"https:\/\/www.manaus.am.gov.br\/cgm\/treinamento-geral-dados\/\"},\"wordCount\":607,\"publisher\":{\"@id\":\"https:\/\/www.manaus.am.gov.br\/cgm\/#organization\"},\"image\":{\"@id\":\"https:\/\/www.manaus.am.gov.br\/cgm\/treinamento-geral-dados\/#primaryimage\"},\"thumbnailUrl\":\"https:\/\/www.manaus.am.gov.br\/cgm\/wp-content\/uploads\/sites\/9\/2025\/08\/CGM-Treinamento-LGPD-2.jpg\",\"keywords\":[\"Controladoria-Geral do Munic\u00edpio (CGM)\",\"Lei Geral de Prote\u00e7\u00e3o de Dados\",\"LGPD\",\"prefeitura de manaus\",\"treinamento\"],\"articleSection\":[\"Gest\u00e3o\"],\"inLanguage\":\"pt-BR\"},{\"@type\":\"WebPage\",\"@id\":\"https:\/\/www.manaus.am.gov.br\/cgm\/treinamento-geral-dados\/\",\"url\":\"https:\/\/www.manaus.am.gov.br\/cgm\/treinamento-geral-dados\/\",\"name\":\"Prefeitura de Manaus promove treinamento geral da LGPD para boas pr\u00e1ticas de privacidade e prote\u00e7\u00e3o de dados na gest\u00e3o municipal\",\"isPartOf\":{\"@id\":\"https:\/\/www.manaus.am.gov.br\/cgm\/#website\"},\"primaryImageOfPage\":{\"@id\":\"https:\/\/www.manaus.am.gov.br\/cgm\/treinamento-geral-dados\/#primaryimage\"},\"image\":{\"@id\":\"https:\/\/www.manaus.am.gov.br\/cgm\/treinamento-geral-dados\/#primaryimage\"},\"thumbnailUrl\":\"https:\/\/www.manaus.am.gov.br\/cgm\/wp-content\/uploads\/sites\/9\/2025\/08\/CGM-Treinamento-LGPD-2.jpg\",\"datePublished\":\"2025-08-22T20:29:42+00:00\",\"dateModified\":\"2025-08-22T20:29:42+00:00\",\"description\":\"A Prefeitura de Manaus, por meio da Controladoria-Geral do Munic\u00edpio (CGM), promoveu o Treinamento da Estrutura Organizacional de Prote\u00e7\u00e3o de Dados na manh\u00e3 desta sexta-feira, 22\/8.\",\"inLanguage\":\"pt-BR\",\"potentialAction\":[{\"@type\":\"ReadAction\",\"target\":[\"https:\/\/www.manaus.am.gov.br\/cgm\/treinamento-geral-dados\/\"]}]},{\"@type\":\"ImageObject\",\"inLanguage\":\"pt-BR\",\"@id\":\"https:\/\/www.manaus.am.gov.br\/cgm\/treinamento-geral-dados\/#primaryimage\",\"url\":\"https:\/\/www.manaus.am.gov.br\/cgm\/wp-content\/uploads\/sites\/9\/2025\/08\/CGM-Treinamento-LGPD-2.jpg\",\"contentUrl\":\"https:\/\/www.manaus.am.gov.br\/cgm\/wp-content\/uploads\/sites\/9\/2025\/08\/CGM-Treinamento-LGPD-2.jpg\",\"width\":5500,\"height\":3667},{\"@type\":\"WebSite\",\"@id\":\"https:\/\/www.manaus.am.gov.br\/cgm\/#website\",\"url\":\"https:\/\/www.manaus.am.gov.br\/cgm\/\",\"name\":\"CGM\",\"description\":\"Controladoria Geral do Munic\u00edpio\",\"publisher\":{\"@id\":\"https:\/\/www.manaus.am.gov.br\/cgm\/#organization\"},\"alternateName\":\"Controladoria-Geral do Munic\u00edpio\",\"potentialAction\":[{\"@type\":\"SearchAction\",\"target\":{\"@type\":\"EntryPoint\",\"urlTemplate\":\"https:\/\/www.manaus.am.gov.br\/cgm\/?s={search_term_string}\"},\"query-input\":\"required name=search_term_string\"}],\"inLanguage\":\"pt-BR\"},{\"@type\":\"Organization\",\"@id\":\"https:\/\/www.manaus.am.gov.br\/cgm\/#organization\",\"name\":\"Prefeitura de Manaus\",\"alternateName\":\"Prefeitura Municipal de Manaus\",\"url\":\"https:\/\/www.manaus.am.gov.br\/cgm\/\",\"logo\":{\"@type\":\"ImageObject\",\"inLanguage\":\"pt-BR\",\"@id\":\"https:\/\/www.manaus.am.gov.br\/cgm\/#\/schema\/logo\/image\/\",\"url\":\"https:\/\/www.manaus.am.gov.br\/cgm\/wp-content\/uploads\/sites\/9\/2024\/06\/favicon.png\",\"contentUrl\":\"https:\/\/www.manaus.am.gov.br\/cgm\/wp-content\/uploads\/sites\/9\/2024\/06\/favicon.png\",\"width\":300,\"height\":300,\"caption\":\"Prefeitura de Manaus\"},\"image\":{\"@id\":\"https:\/\/www.manaus.am.gov.br\/cgm\/#\/schema\/logo\/image\/\"},\"sameAs\":[\"https:\/\/www.facebook.com\/cgmmanaus\",\"https:\/\/www.instagram.com\/cgmmanaus\/\"]},{\"@type\":\"Person\",\"@id\":\"https:\/\/www.manaus.am.gov.br\/cgm\/#\/schema\/person\/ab4dcf766a54dff74e8d267f5c591961\",\"name\":\"smonteiro\",\"image\":{\"@type\":\"ImageObject\",\"inLanguage\":\"pt-BR\",\"@id\":\"https:\/\/www.manaus.am.gov.br\/cgm\/#\/schema\/person\/image\/\",\"url\":\"https:\/\/secure.gravatar.com\/avatar\/21c8776ef61d9272c73322052e042d77?s=96&d=mm&r=g\",\"contentUrl\":\"https:\/\/secure.gravatar.com\/avatar\/21c8776ef61d9272c73322052e042d77?s=96&d=mm&r=g\",\"caption\":\"smonteiro\"}}]}<\/script>\n<!-- \/ Yoast SEO plugin. -->","yoast_head_json":{"title":"Prefeitura de Manaus promove treinamento geral da LGPD para boas pr\u00e1ticas de privacidade e prote\u00e7\u00e3o de dados na gest\u00e3o municipal","description":"A Prefeitura de Manaus, por meio da Controladoria-Geral do Munic\u00edpio (CGM), promoveu o Treinamento da Estrutura Organizacional de Prote\u00e7\u00e3o de Dados na manh\u00e3 desta sexta-feira, 22\/8.","robots":{"index":"index","follow":"follow","max-snippet":"max-snippet:-1","max-image-preview":"max-image-preview:large","max-video-preview":"max-video-preview:-1"},"canonical":"https:\/\/www.manaus.am.gov.br\/cgm\/treinamento-geral-dados\/","og_locale":"pt_BR","og_type":"article","og_title":"Prefeitura de Manaus promove treinamento geral da LGPD para boas pr\u00e1ticas de privacidade e prote\u00e7\u00e3o de dados na gest\u00e3o municipal","og_description":"A Prefeitura de Manaus, por meio da Controladoria-Geral do Munic\u00edpio (CGM), promoveu o Treinamento da Estrutura Organizacional de Prote\u00e7\u00e3o de Dados na manh\u00e3 desta sexta-feira, 22\/8.","og_url":"https:\/\/www.manaus.am.gov.br\/cgm\/treinamento-geral-dados\/","og_site_name":"CGM","article_publisher":"https:\/\/www.facebook.com\/cgmmanaus","article_published_time":"2025-08-22T20:29:42+00:00","og_image":[{"width":1024,"height":683,"url":"https:\/\/www.manaus.am.gov.br\/cgm\/wp-content\/uploads\/sites\/9\/2025\/08\/CGM-Treinamento-LGPD-2-1024x683.jpg","type":"image\/jpeg"}],"author":"smonteiro","twitter_card":"summary_large_image","twitter_misc":{"Written by":"smonteiro","Est. reading time":"4 minutos"},"schema":{"@context":"https:\/\/schema.org","@graph":[{"@type":"Article","@id":"https:\/\/www.manaus.am.gov.br\/cgm\/treinamento-geral-dados\/#article","isPartOf":{"@id":"https:\/\/www.manaus.am.gov.br\/cgm\/treinamento-geral-dados\/"},"author":{"name":"smonteiro","@id":"https:\/\/www.manaus.am.gov.br\/cgm\/#\/schema\/person\/ab4dcf766a54dff74e8d267f5c591961"},"headline":"Prefeitura de Manaus promove treinamento geral da LGPD para boas pr\u00e1ticas de privacidade e prote\u00e7\u00e3o de dados na gest\u00e3o municipal","datePublished":"2025-08-22T20:29:42+00:00","dateModified":"2025-08-22T20:29:42+00:00","mainEntityOfPage":{"@id":"https:\/\/www.manaus.am.gov.br\/cgm\/treinamento-geral-dados\/"},"wordCount":607,"publisher":{"@id":"https:\/\/www.manaus.am.gov.br\/cgm\/#organization"},"image":{"@id":"https:\/\/www.manaus.am.gov.br\/cgm\/treinamento-geral-dados\/#primaryimage"},"thumbnailUrl":"https:\/\/www.manaus.am.gov.br\/cgm\/wp-content\/uploads\/sites\/9\/2025\/08\/CGM-Treinamento-LGPD-2.jpg","keywords":["Controladoria-Geral do Munic\u00edpio (CGM)","Lei Geral de Prote\u00e7\u00e3o de Dados","LGPD","prefeitura de manaus","treinamento"],"articleSection":["Gest\u00e3o"],"inLanguage":"pt-BR"},{"@type":"WebPage","@id":"https:\/\/www.manaus.am.gov.br\/cgm\/treinamento-geral-dados\/","url":"https:\/\/www.manaus.am.gov.br\/cgm\/treinamento-geral-dados\/","name":"Prefeitura de Manaus promove treinamento geral da LGPD para boas pr\u00e1ticas de privacidade e prote\u00e7\u00e3o de dados na gest\u00e3o municipal","isPartOf":{"@id":"https:\/\/www.manaus.am.gov.br\/cgm\/#website"},"primaryImageOfPage":{"@id":"https:\/\/www.manaus.am.gov.br\/cgm\/treinamento-geral-dados\/#primaryimage"},"image":{"@id":"https:\/\/www.manaus.am.gov.br\/cgm\/treinamento-geral-dados\/#primaryimage"},"thumbnailUrl":"https:\/\/www.manaus.am.gov.br\/cgm\/wp-content\/uploads\/sites\/9\/2025\/08\/CGM-Treinamento-LGPD-2.jpg","datePublished":"2025-08-22T20:29:42+00:00","dateModified":"2025-08-22T20:29:42+00:00","description":"A Prefeitura de Manaus, por meio da Controladoria-Geral do Munic\u00edpio (CGM), promoveu o Treinamento da Estrutura Organizacional de Prote\u00e7\u00e3o de Dados na manh\u00e3 desta sexta-feira, 22\/8.","inLanguage":"pt-BR","potentialAction":[{"@type":"ReadAction","target":["https:\/\/www.manaus.am.gov.br\/cgm\/treinamento-geral-dados\/"]}]},{"@type":"ImageObject","inLanguage":"pt-BR","@id":"https:\/\/www.manaus.am.gov.br\/cgm\/treinamento-geral-dados\/#primaryimage","url":"https:\/\/www.manaus.am.gov.br\/cgm\/wp-content\/uploads\/sites\/9\/2025\/08\/CGM-Treinamento-LGPD-2.jpg","contentUrl":"https:\/\/www.manaus.am.gov.br\/cgm\/wp-content\/uploads\/sites\/9\/2025\/08\/CGM-Treinamento-LGPD-2.jpg","width":5500,"height":3667},{"@type":"WebSite","@id":"https:\/\/www.manaus.am.gov.br\/cgm\/#website","url":"https:\/\/www.manaus.am.gov.br\/cgm\/","name":"CGM","description":"Controladoria Geral do Munic\u00edpio","publisher":{"@id":"https:\/\/www.manaus.am.gov.br\/cgm\/#organization"},"alternateName":"Controladoria-Geral do Munic\u00edpio","potentialAction":[{"@type":"SearchAction","target":{"@type":"EntryPoint","urlTemplate":"https:\/\/www.manaus.am.gov.br\/cgm\/?s={search_term_string}"},"query-input":"required name=search_term_string"}],"inLanguage":"pt-BR"},{"@type":"Organization","@id":"https:\/\/www.manaus.am.gov.br\/cgm\/#organization","name":"Prefeitura de Manaus","alternateName":"Prefeitura Municipal de Manaus","url":"https:\/\/www.manaus.am.gov.br\/cgm\/","logo":{"@type":"ImageObject","inLanguage":"pt-BR","@id":"https:\/\/www.manaus.am.gov.br\/cgm\/#\/schema\/logo\/image\/","url":"https:\/\/www.manaus.am.gov.br\/cgm\/wp-content\/uploads\/sites\/9\/2024\/06\/favicon.png","contentUrl":"https:\/\/www.manaus.am.gov.br\/cgm\/wp-content\/uploads\/sites\/9\/2024\/06\/favicon.png","width":300,"height":300,"caption":"Prefeitura de Manaus"},"image":{"@id":"https:\/\/www.manaus.am.gov.br\/cgm\/#\/schema\/logo\/image\/"},"sameAs":["https:\/\/www.facebook.com\/cgmmanaus","https:\/\/www.instagram.com\/cgmmanaus\/"]},{"@type":"Person","@id":"https:\/\/www.manaus.am.gov.br\/cgm\/#\/schema\/person\/ab4dcf766a54dff74e8d267f5c591961","name":"smonteiro","image":{"@type":"ImageObject","inLanguage":"pt-BR","@id":"https:\/\/www.manaus.am.gov.br\/cgm\/#\/schema\/person\/image\/","url":"https:\/\/secure.gravatar.com\/avatar\/21c8776ef61d9272c73322052e042d77?s=96&d=mm&r=g","contentUrl":"https:\/\/secure.gravatar.com\/avatar\/21c8776ef61d9272c73322052e042d77?s=96&d=mm&r=g","caption":"smonteiro"}}]}},"_links":{"self":[{"href":"https:\/\/www.manaus.am.gov.br\/cgm\/wp-json\/wp\/v2\/posts\/2515"}],"collection":[{"href":"https:\/\/www.manaus.am.gov.br\/cgm\/wp-json\/wp\/v2\/posts"}],"about":[{"href":"https:\/\/www.manaus.am.gov.br\/cgm\/wp-json\/wp\/v2\/types\/post"}],"author":[{"embeddable":true,"href":"https:\/\/www.manaus.am.gov.br\/cgm\/wp-json\/wp\/v2\/users\/61"}],"replies":[{"embeddable":true,"href":"https:\/\/www.manaus.am.gov.br\/cgm\/wp-json\/wp\/v2\/comments?post=2515"}],"version-history":[{"count":1,"href":"https:\/\/www.manaus.am.gov.br\/cgm\/wp-json\/wp\/v2\/posts\/2515\/revisions"}],"predecessor-version":[{"id":2518,"href":"https:\/\/www.manaus.am.gov.br\/cgm\/wp-json\/wp\/v2\/posts\/2515\/revisions\/2518"}],"wp:featuredmedia":[{"embeddable":true,"href":"https:\/\/www.manaus.am.gov.br\/cgm\/wp-json\/wp\/v2\/media\/2517"}],"wp:attachment":[{"href":"https:\/\/www.manaus.am.gov.br\/cgm\/wp-json\/wp\/v2\/media?parent=2515"}],"wp:term":[{"taxonomy":"category","embeddable":true,"href":"https:\/\/www.manaus.am.gov.br\/cgm\/wp-json\/wp\/v2\/categories?post=2515"},{"taxonomy":"post_tag","embeddable":true,"href":"https:\/\/www.manaus.am.gov.br\/cgm\/wp-json\/wp\/v2\/tags?post=2515"}],"curies":[{"name":"wp","href":"https:\/\/api.w.org\/{rel}","templated":true}]}}