{"id":2511,"date":"2025-08-22T09:42:49","date_gmt":"2025-08-22T13:42:49","guid":{"rendered":"https:\/\/www.manaus.am.gov.br\/cgm\/prefeitura-gestaodedados-evento\/"},"modified":"2025-08-22T09:42:50","modified_gmt":"2025-08-22T13:42:50","slug":"prefeitura-gestaodedados-evento","status":"publish","type":"post","link":"https:\/\/www.manaus.am.gov.br\/cgm\/prefeitura-gestaodedados-evento\/","title":{"rendered":"Prefeitura de Manaus \u00e9 destaque no debate sobre gest\u00e3o de dados e seguran\u00e7a da informa\u00e7\u00e3o"},"content":{"rendered":"\n<p>A Prefeitura de Manaus, por meio da Controladoria-Geral do Munic\u00edpio (CGM), participou, na tarde de quinta-feira, 21\/8, do \u201c1\u00ba Encontro da Rede Amazonense de Prote\u00e7\u00e3o de Dados\u201d.<\/p>\n\n\n\n<p>O evento, realizado no audit\u00f3rio do Tribunal de Justi\u00e7a do Estado do Amazonas (TJ-AM), reuniu especialistas, autoridades e representantes p\u00fablicos em tr\u00eas pain\u00e9is de debate. As discuss\u00f5es abordaram a cultura da privacidade, os desafios da prote\u00e7\u00e3o de dados e a troca de experi\u00eancias sobre a implementa\u00e7\u00e3o de estrat\u00e9gias e projetos em \u00f3rg\u00e3os p\u00fablicos.<\/p>\n\n\n\n<p>A encarregada-geral de dados pessoais da Prefeitura de Manaus e controladora-geral adjunta do munic\u00edpio, Lucilene Viana, ministrou palestra com o tema \u201cFortalecimento da Seguran\u00e7a da Informa\u00e7\u00e3o e Gest\u00e3o de Dados na Prefeitura de Manaus\u201d.<\/p>\n\n\n\n<p>\u201cEste \u00e9 um evento importante para o cidad\u00e3o, pois contribui para a melhoria dos servi\u00e7os p\u00fablicos prestados pela prefeitura. Estamos aqui para debater a prote\u00e7\u00e3o de dados por meio do uso da tecnologia, utilizando as ferramentas necess\u00e1rias para que a Lei Geral de Prote\u00e7\u00e3o de Dados seja efetivamente cumprida, de acordo com suas normativas\u201d, destacou.<\/p>\n\n\n\n<p>Lucilene Viana tamb\u00e9m apresentou o hist\u00f3rico da implanta\u00e7\u00e3o da Lei Geral de Prote\u00e7\u00e3o de Dados (LGPD), na Prefeitura de Manaus, desde 2021.\u201cEsse trabalho tem sido marcado por avan\u00e7os significativos e de grandes conquistas. Estamos na fase final de implanta\u00e7\u00e3o, com o aux\u00edlio direto dos&nbsp;subencarregados&nbsp;de prote\u00e7\u00e3o de dados, em cada \u00f3rg\u00e3o do munic\u00edpio\u201d, comentou.<\/p>\n\n\n\n<p>Ao concluir sua participa\u00e7\u00e3o, a controladora-adjunta refor\u00e7ou o compromisso da gest\u00e3o municipal com&nbsp;a pauta em debate. \u201cNosso objetivo \u00e9 proteger os dados do cidad\u00e3o contra vazamentos, preservando informa\u00e7\u00f5es sens\u00edveis, como CPF e outros dados pessoais. Estamos empenhados em buscar estrat\u00e9gias que fortale\u00e7am essa prote\u00e7\u00e3o, sempre com integridade, transpar\u00eancia e efici\u00eancia\u201d, afirmou.<\/p>\n\n\n\n<p>A desembargadora V\u00e2nia Marques Marinho, presidente do Comit\u00ea Gestor de Prote\u00e7\u00e3o de Dados (CGPD\/TJ-AM), tamb\u00e9m ressaltou a import\u00e2ncia da atua\u00e7\u00e3o integrada para o fortalecimento da rede.<\/p>\n\n\n\n<p>\u201cMesmo diante dos desafios de uma regi\u00e3o de grandes propor\u00e7\u00f5es como o Amazonas, estamos trabalhando de forma colaborativa, compartilhando conhecimento e superando obst\u00e1culos de maneira conjunta. Assim, temos a possibilidade de alcan\u00e7ar um grau de maturidade de excel\u00eancia em menor tempo, que \u00e9 a finalidade da rede\u201d, concluiu.<\/p>\n\n\n\n<p>&#8212; &#8212; &#8212;<\/p>\n\n\n\n<p><strong>Texto\u00a0<\/strong>&#8211; Oliveira Junior \/ CGM<\/p>\n\n\n\n<p><strong>Fotos\u00a0<\/strong>&#8211; Valdo Le\u00e3o \/ Semcom<\/p>\n\n\n\n<p><strong>Dispon\u00edveis em\u00a0<\/strong>&#8211;\u00a0<a href=\"https:\/\/flic.kr\/s\/aHBqjCrtiJ\" target=\"_blank\" rel=\"noreferrer noopener\">https:\/\/flic.kr\/s\/aHBqjCrtiJ<\/a><\/p>\n","protected":false},"excerpt":{"rendered":"","protected":false},"author":23,"featured_media":2512,"comment_status":"closed","ping_status":"closed","sticky":false,"template":"","format":"standard","meta":{"footnotes":""},"categories":[187],"tags":[7,188,189,21,190],"acf":[],"yoast_head":"<!-- This site is optimized with the Yoast SEO plugin v23.0 - https:\/\/yoast.com\/wordpress\/plugins\/seo\/ -->\n<title>Prefeitura de Manaus \u00e9 destaque no debate sobre gest\u00e3o de dados e seguran\u00e7a da informa\u00e7\u00e3o<\/title>\n<meta name=\"description\" content=\"A Prefeitura de Manaus, por meio da Controladoria-Geral do Munic\u00edpio (CGM), participou, na tarde de quinta-feira, 21\/8, do \u201c1\u00ba Encontro da Rede Amazonense de Prote\u00e7\u00e3o de Dados\u201d.\" \/>\n<meta name=\"robots\" content=\"index, follow, max-snippet:-1, max-image-preview:large, max-video-preview:-1\" \/>\n<link rel=\"canonical\" href=\"https:\/\/www.manaus.am.gov.br\/cgm\/prefeitura-gestaodedados-evento\/\" \/>\n<meta property=\"og:locale\" content=\"pt_BR\" \/>\n<meta property=\"og:type\" content=\"article\" \/>\n<meta property=\"og:title\" content=\"Prefeitura de Manaus \u00e9 destaque no debate sobre gest\u00e3o de dados e seguran\u00e7a da informa\u00e7\u00e3o\" \/>\n<meta property=\"og:description\" content=\"A Prefeitura de Manaus, por meio da Controladoria-Geral do Munic\u00edpio (CGM), participou, na tarde de quinta-feira, 21\/8, do \u201c1\u00ba Encontro da Rede Amazonense de Prote\u00e7\u00e3o de Dados\u201d.\" \/>\n<meta property=\"og:url\" content=\"https:\/\/www.manaus.am.gov.br\/cgm\/prefeitura-gestaodedados-evento\/\" \/>\n<meta property=\"og:site_name\" content=\"CGM\" \/>\n<meta property=\"article:publisher\" content=\"https:\/\/www.facebook.com\/cgmmanaus\" \/>\n<meta property=\"article:published_time\" content=\"2025-08-22T13:42:49+00:00\" \/>\n<meta property=\"article:modified_time\" content=\"2025-08-22T13:42:50+00:00\" \/>\n<meta property=\"og:image\" content=\"https:\/\/www.manaus.am.gov.br\/cgm\/wp-content\/uploads\/sites\/9\/2025\/08\/54736528205_7c52f20330_c.jpg\" \/>\n\t<meta property=\"og:image:width\" content=\"799\" \/>\n\t<meta property=\"og:image:height\" content=\"533\" \/>\n\t<meta property=\"og:image:type\" content=\"image\/jpeg\" \/>\n<meta name=\"author\" content=\"Adriana Costa\" \/>\n<meta name=\"twitter:card\" content=\"summary_large_image\" \/>\n<meta name=\"twitter:label1\" content=\"Written by\" \/>\n\t<meta name=\"twitter:data1\" content=\"Adriana Costa\" \/>\n\t<meta name=\"twitter:label2\" content=\"Est. reading time\" \/>\n\t<meta name=\"twitter:data2\" content=\"3 minutos\" \/>\n<script type=\"application\/ld+json\" class=\"yoast-schema-graph\">{\"@context\":\"https:\/\/schema.org\",\"@graph\":[{\"@type\":\"Article\",\"@id\":\"https:\/\/www.manaus.am.gov.br\/cgm\/prefeitura-gestaodedados-evento\/#article\",\"isPartOf\":{\"@id\":\"https:\/\/www.manaus.am.gov.br\/cgm\/prefeitura-gestaodedados-evento\/\"},\"author\":{\"name\":\"Adriana Costa\",\"@id\":\"https:\/\/www.manaus.am.gov.br\/cgm\/#\/schema\/person\/4e49f4e267757a06ca072ec61b2b9968\"},\"headline\":\"Prefeitura de Manaus \u00e9 destaque no debate sobre gest\u00e3o de dados e seguran\u00e7a da informa\u00e7\u00e3o\",\"datePublished\":\"2025-08-22T13:42:49+00:00\",\"dateModified\":\"2025-08-22T13:42:50+00:00\",\"mainEntityOfPage\":{\"@id\":\"https:\/\/www.manaus.am.gov.br\/cgm\/prefeitura-gestaodedados-evento\/\"},\"wordCount\":444,\"publisher\":{\"@id\":\"https:\/\/www.manaus.am.gov.br\/cgm\/#organization\"},\"image\":{\"@id\":\"https:\/\/www.manaus.am.gov.br\/cgm\/prefeitura-gestaodedados-evento\/#primaryimage\"},\"thumbnailUrl\":\"https:\/\/www.manaus.am.gov.br\/cgm\/wp-content\/uploads\/sites\/9\/2025\/08\/54736528205_7c52f20330_c.jpg\",\"keywords\":[\"CGM\",\"evento\",\"gest\u00e3o de dados\",\"prefeitura de manaus\",\"seguran\u00e7a da informa\u00e7\u00e3o\"],\"articleSection\":[\"Eventos\"],\"inLanguage\":\"pt-BR\"},{\"@type\":\"WebPage\",\"@id\":\"https:\/\/www.manaus.am.gov.br\/cgm\/prefeitura-gestaodedados-evento\/\",\"url\":\"https:\/\/www.manaus.am.gov.br\/cgm\/prefeitura-gestaodedados-evento\/\",\"name\":\"Prefeitura de Manaus \u00e9 destaque no debate sobre gest\u00e3o de dados e seguran\u00e7a da informa\u00e7\u00e3o\",\"isPartOf\":{\"@id\":\"https:\/\/www.manaus.am.gov.br\/cgm\/#website\"},\"primaryImageOfPage\":{\"@id\":\"https:\/\/www.manaus.am.gov.br\/cgm\/prefeitura-gestaodedados-evento\/#primaryimage\"},\"image\":{\"@id\":\"https:\/\/www.manaus.am.gov.br\/cgm\/prefeitura-gestaodedados-evento\/#primaryimage\"},\"thumbnailUrl\":\"https:\/\/www.manaus.am.gov.br\/cgm\/wp-content\/uploads\/sites\/9\/2025\/08\/54736528205_7c52f20330_c.jpg\",\"datePublished\":\"2025-08-22T13:42:49+00:00\",\"dateModified\":\"2025-08-22T13:42:50+00:00\",\"description\":\"A Prefeitura de Manaus, por meio da Controladoria-Geral do Munic\u00edpio (CGM), participou, na tarde de quinta-feira, 21\/8, do \u201c1\u00ba Encontro da Rede Amazonense de Prote\u00e7\u00e3o de Dados\u201d.\",\"inLanguage\":\"pt-BR\",\"potentialAction\":[{\"@type\":\"ReadAction\",\"target\":[\"https:\/\/www.manaus.am.gov.br\/cgm\/prefeitura-gestaodedados-evento\/\"]}]},{\"@type\":\"ImageObject\",\"inLanguage\":\"pt-BR\",\"@id\":\"https:\/\/www.manaus.am.gov.br\/cgm\/prefeitura-gestaodedados-evento\/#primaryimage\",\"url\":\"https:\/\/www.manaus.am.gov.br\/cgm\/wp-content\/uploads\/sites\/9\/2025\/08\/54736528205_7c52f20330_c.jpg\",\"contentUrl\":\"https:\/\/www.manaus.am.gov.br\/cgm\/wp-content\/uploads\/sites\/9\/2025\/08\/54736528205_7c52f20330_c.jpg\",\"width\":799,\"height\":533},{\"@type\":\"WebSite\",\"@id\":\"https:\/\/www.manaus.am.gov.br\/cgm\/#website\",\"url\":\"https:\/\/www.manaus.am.gov.br\/cgm\/\",\"name\":\"CGM\",\"description\":\"Controladoria Geral do Munic\u00edpio\",\"publisher\":{\"@id\":\"https:\/\/www.manaus.am.gov.br\/cgm\/#organization\"},\"alternateName\":\"Controladoria-Geral do Munic\u00edpio\",\"potentialAction\":[{\"@type\":\"SearchAction\",\"target\":{\"@type\":\"EntryPoint\",\"urlTemplate\":\"https:\/\/www.manaus.am.gov.br\/cgm\/?s={search_term_string}\"},\"query-input\":\"required name=search_term_string\"}],\"inLanguage\":\"pt-BR\"},{\"@type\":\"Organization\",\"@id\":\"https:\/\/www.manaus.am.gov.br\/cgm\/#organization\",\"name\":\"Prefeitura de Manaus\",\"alternateName\":\"Prefeitura Municipal de Manaus\",\"url\":\"https:\/\/www.manaus.am.gov.br\/cgm\/\",\"logo\":{\"@type\":\"ImageObject\",\"inLanguage\":\"pt-BR\",\"@id\":\"https:\/\/www.manaus.am.gov.br\/cgm\/#\/schema\/logo\/image\/\",\"url\":\"https:\/\/www.manaus.am.gov.br\/cgm\/wp-content\/uploads\/sites\/9\/2024\/06\/favicon.png\",\"contentUrl\":\"https:\/\/www.manaus.am.gov.br\/cgm\/wp-content\/uploads\/sites\/9\/2024\/06\/favicon.png\",\"width\":300,\"height\":300,\"caption\":\"Prefeitura de Manaus\"},\"image\":{\"@id\":\"https:\/\/www.manaus.am.gov.br\/cgm\/#\/schema\/logo\/image\/\"},\"sameAs\":[\"https:\/\/www.facebook.com\/cgmmanaus\",\"https:\/\/www.instagram.com\/cgmmanaus\/\"]},{\"@type\":\"Person\",\"@id\":\"https:\/\/www.manaus.am.gov.br\/cgm\/#\/schema\/person\/4e49f4e267757a06ca072ec61b2b9968\",\"name\":\"Adriana Costa\",\"image\":{\"@type\":\"ImageObject\",\"inLanguage\":\"pt-BR\",\"@id\":\"https:\/\/www.manaus.am.gov.br\/cgm\/#\/schema\/person\/image\/\",\"url\":\"https:\/\/secure.gravatar.com\/avatar\/576258617ef7194f718179e766d57bd4?s=96&d=mm&r=g\",\"contentUrl\":\"https:\/\/secure.gravatar.com\/avatar\/576258617ef7194f718179e766d57bd4?s=96&d=mm&r=g\",\"caption\":\"Adriana Costa\"}}]}<\/script>\n<!-- \/ Yoast SEO plugin. -->","yoast_head_json":{"title":"Prefeitura de Manaus \u00e9 destaque no debate sobre gest\u00e3o de dados e seguran\u00e7a da informa\u00e7\u00e3o","description":"A Prefeitura de Manaus, por meio da Controladoria-Geral do Munic\u00edpio (CGM), participou, na tarde de quinta-feira, 21\/8, do \u201c1\u00ba Encontro da Rede Amazonense de Prote\u00e7\u00e3o de Dados\u201d.","robots":{"index":"index","follow":"follow","max-snippet":"max-snippet:-1","max-image-preview":"max-image-preview:large","max-video-preview":"max-video-preview:-1"},"canonical":"https:\/\/www.manaus.am.gov.br\/cgm\/prefeitura-gestaodedados-evento\/","og_locale":"pt_BR","og_type":"article","og_title":"Prefeitura de Manaus \u00e9 destaque no debate sobre gest\u00e3o de dados e seguran\u00e7a da informa\u00e7\u00e3o","og_description":"A Prefeitura de Manaus, por meio da Controladoria-Geral do Munic\u00edpio (CGM), participou, na tarde de quinta-feira, 21\/8, do \u201c1\u00ba Encontro da Rede Amazonense de Prote\u00e7\u00e3o de Dados\u201d.","og_url":"https:\/\/www.manaus.am.gov.br\/cgm\/prefeitura-gestaodedados-evento\/","og_site_name":"CGM","article_publisher":"https:\/\/www.facebook.com\/cgmmanaus","article_published_time":"2025-08-22T13:42:49+00:00","article_modified_time":"2025-08-22T13:42:50+00:00","og_image":[{"width":799,"height":533,"url":"https:\/\/www.manaus.am.gov.br\/cgm\/wp-content\/uploads\/sites\/9\/2025\/08\/54736528205_7c52f20330_c.jpg","type":"image\/jpeg"}],"author":"Adriana Costa","twitter_card":"summary_large_image","twitter_misc":{"Written by":"Adriana Costa","Est. reading time":"3 minutos"},"schema":{"@context":"https:\/\/schema.org","@graph":[{"@type":"Article","@id":"https:\/\/www.manaus.am.gov.br\/cgm\/prefeitura-gestaodedados-evento\/#article","isPartOf":{"@id":"https:\/\/www.manaus.am.gov.br\/cgm\/prefeitura-gestaodedados-evento\/"},"author":{"name":"Adriana Costa","@id":"https:\/\/www.manaus.am.gov.br\/cgm\/#\/schema\/person\/4e49f4e267757a06ca072ec61b2b9968"},"headline":"Prefeitura de Manaus \u00e9 destaque no debate sobre gest\u00e3o de dados e seguran\u00e7a da informa\u00e7\u00e3o","datePublished":"2025-08-22T13:42:49+00:00","dateModified":"2025-08-22T13:42:50+00:00","mainEntityOfPage":{"@id":"https:\/\/www.manaus.am.gov.br\/cgm\/prefeitura-gestaodedados-evento\/"},"wordCount":444,"publisher":{"@id":"https:\/\/www.manaus.am.gov.br\/cgm\/#organization"},"image":{"@id":"https:\/\/www.manaus.am.gov.br\/cgm\/prefeitura-gestaodedados-evento\/#primaryimage"},"thumbnailUrl":"https:\/\/www.manaus.am.gov.br\/cgm\/wp-content\/uploads\/sites\/9\/2025\/08\/54736528205_7c52f20330_c.jpg","keywords":["CGM","evento","gest\u00e3o de dados","prefeitura de manaus","seguran\u00e7a da informa\u00e7\u00e3o"],"articleSection":["Eventos"],"inLanguage":"pt-BR"},{"@type":"WebPage","@id":"https:\/\/www.manaus.am.gov.br\/cgm\/prefeitura-gestaodedados-evento\/","url":"https:\/\/www.manaus.am.gov.br\/cgm\/prefeitura-gestaodedados-evento\/","name":"Prefeitura de Manaus \u00e9 destaque no debate sobre gest\u00e3o de dados e seguran\u00e7a da informa\u00e7\u00e3o","isPartOf":{"@id":"https:\/\/www.manaus.am.gov.br\/cgm\/#website"},"primaryImageOfPage":{"@id":"https:\/\/www.manaus.am.gov.br\/cgm\/prefeitura-gestaodedados-evento\/#primaryimage"},"image":{"@id":"https:\/\/www.manaus.am.gov.br\/cgm\/prefeitura-gestaodedados-evento\/#primaryimage"},"thumbnailUrl":"https:\/\/www.manaus.am.gov.br\/cgm\/wp-content\/uploads\/sites\/9\/2025\/08\/54736528205_7c52f20330_c.jpg","datePublished":"2025-08-22T13:42:49+00:00","dateModified":"2025-08-22T13:42:50+00:00","description":"A Prefeitura de Manaus, por meio da Controladoria-Geral do Munic\u00edpio (CGM), participou, na tarde de quinta-feira, 21\/8, do \u201c1\u00ba Encontro da Rede Amazonense de Prote\u00e7\u00e3o de Dados\u201d.","inLanguage":"pt-BR","potentialAction":[{"@type":"ReadAction","target":["https:\/\/www.manaus.am.gov.br\/cgm\/prefeitura-gestaodedados-evento\/"]}]},{"@type":"ImageObject","inLanguage":"pt-BR","@id":"https:\/\/www.manaus.am.gov.br\/cgm\/prefeitura-gestaodedados-evento\/#primaryimage","url":"https:\/\/www.manaus.am.gov.br\/cgm\/wp-content\/uploads\/sites\/9\/2025\/08\/54736528205_7c52f20330_c.jpg","contentUrl":"https:\/\/www.manaus.am.gov.br\/cgm\/wp-content\/uploads\/sites\/9\/2025\/08\/54736528205_7c52f20330_c.jpg","width":799,"height":533},{"@type":"WebSite","@id":"https:\/\/www.manaus.am.gov.br\/cgm\/#website","url":"https:\/\/www.manaus.am.gov.br\/cgm\/","name":"CGM","description":"Controladoria Geral do Munic\u00edpio","publisher":{"@id":"https:\/\/www.manaus.am.gov.br\/cgm\/#organization"},"alternateName":"Controladoria-Geral do Munic\u00edpio","potentialAction":[{"@type":"SearchAction","target":{"@type":"EntryPoint","urlTemplate":"https:\/\/www.manaus.am.gov.br\/cgm\/?s={search_term_string}"},"query-input":"required name=search_term_string"}],"inLanguage":"pt-BR"},{"@type":"Organization","@id":"https:\/\/www.manaus.am.gov.br\/cgm\/#organization","name":"Prefeitura de Manaus","alternateName":"Prefeitura Municipal de Manaus","url":"https:\/\/www.manaus.am.gov.br\/cgm\/","logo":{"@type":"ImageObject","inLanguage":"pt-BR","@id":"https:\/\/www.manaus.am.gov.br\/cgm\/#\/schema\/logo\/image\/","url":"https:\/\/www.manaus.am.gov.br\/cgm\/wp-content\/uploads\/sites\/9\/2024\/06\/favicon.png","contentUrl":"https:\/\/www.manaus.am.gov.br\/cgm\/wp-content\/uploads\/sites\/9\/2024\/06\/favicon.png","width":300,"height":300,"caption":"Prefeitura de Manaus"},"image":{"@id":"https:\/\/www.manaus.am.gov.br\/cgm\/#\/schema\/logo\/image\/"},"sameAs":["https:\/\/www.facebook.com\/cgmmanaus","https:\/\/www.instagram.com\/cgmmanaus\/"]},{"@type":"Person","@id":"https:\/\/www.manaus.am.gov.br\/cgm\/#\/schema\/person\/4e49f4e267757a06ca072ec61b2b9968","name":"Adriana Costa","image":{"@type":"ImageObject","inLanguage":"pt-BR","@id":"https:\/\/www.manaus.am.gov.br\/cgm\/#\/schema\/person\/image\/","url":"https:\/\/secure.gravatar.com\/avatar\/576258617ef7194f718179e766d57bd4?s=96&d=mm&r=g","contentUrl":"https:\/\/secure.gravatar.com\/avatar\/576258617ef7194f718179e766d57bd4?s=96&d=mm&r=g","caption":"Adriana Costa"}}]}},"_links":{"self":[{"href":"https:\/\/www.manaus.am.gov.br\/cgm\/wp-json\/wp\/v2\/posts\/2511"}],"collection":[{"href":"https:\/\/www.manaus.am.gov.br\/cgm\/wp-json\/wp\/v2\/posts"}],"about":[{"href":"https:\/\/www.manaus.am.gov.br\/cgm\/wp-json\/wp\/v2\/types\/post"}],"author":[{"embeddable":true,"href":"https:\/\/www.manaus.am.gov.br\/cgm\/wp-json\/wp\/v2\/users\/23"}],"replies":[{"embeddable":true,"href":"https:\/\/www.manaus.am.gov.br\/cgm\/wp-json\/wp\/v2\/comments?post=2511"}],"version-history":[{"count":0,"href":"https:\/\/www.manaus.am.gov.br\/cgm\/wp-json\/wp\/v2\/posts\/2511\/revisions"}],"wp:featuredmedia":[{"embeddable":true,"href":"https:\/\/www.manaus.am.gov.br\/cgm\/wp-json\/wp\/v2\/media\/2512"}],"wp:attachment":[{"href":"https:\/\/www.manaus.am.gov.br\/cgm\/wp-json\/wp\/v2\/media?parent=2511"}],"wp:term":[{"taxonomy":"category","embeddable":true,"href":"https:\/\/www.manaus.am.gov.br\/cgm\/wp-json\/wp\/v2\/categories?post=2511"},{"taxonomy":"post_tag","embeddable":true,"href":"https:\/\/www.manaus.am.gov.br\/cgm\/wp-json\/wp\/v2\/tags?post=2511"}],"curies":[{"name":"wp","href":"https:\/\/api.w.org\/{rel}","templated":true}]}}