{"id":2461,"date":"2025-06-18T16:25:06","date_gmt":"2025-06-18T20:25:06","guid":{"rendered":"https:\/\/www.manaus.am.gov.br\/cgm\/plano-de-integridade-e-1o-codigo-de-etica-da-prefeitura-de-manaus\/"},"modified":"2025-06-18T16:25:07","modified_gmt":"2025-06-18T20:25:07","slug":"plano-de-integridade-e-1o-codigo-de-etica-da-prefeitura-de-manaus","status":"publish","type":"post","link":"https:\/\/www.manaus.am.gov.br\/cgm\/plano-de-integridade-e-1o-codigo-de-etica-da-prefeitura-de-manaus\/","title":{"rendered":"Prefeito David Almeida lidera lan\u00e7amento hist\u00f3rico do Plano de Integridade e 1\u00ba C\u00f3digo de \u00c9tica da Prefeitura de Manaus"},"content":{"rendered":"\n<p>A Prefeitura de Manaus deu um passo hist\u00f3rico para fortalecer a \u00e9tica, a transpar\u00eancia e a efici\u00eancia na gest\u00e3o p\u00fablica. Na manh\u00e3 desta quarta-feira, 18\/6, o prefeito David Almeida lan\u00e7ou oficialmente o Plano de Integridade e o C\u00f3digo de \u00c9tica dos Agentes P\u00fablicos e da Alta Administra\u00e7\u00e3o, durante cerim\u00f4nia na sede do Tribunal de Contas do Estado do Amazonas (TCE-AM). O lan\u00e7amento contou com a presen\u00e7a do vice-governador Tadeu de Souza, da presidente da corte de contas, Yara Lins, do conselheiro Josu\u00e9 Neto e de autoridades do Executivo municipal e estadual.<\/p>\n\n\n\n<p>Com esta iniciativa in\u00e9dita, Manaus passa a contar com seu primeiro C\u00f3digo de \u00c9tica, estabelecendo regras claras de conduta para todos os servidores p\u00fablicos municipais, abrangendo a administra\u00e7\u00e3o direta, indireta e servidores tempor\u00e1rios. \u201cAqui n\u00e3o tem nada que mentir. Estamos buscando efici\u00eancia, transpar\u00eancia e, acima de tudo, bons servi\u00e7os para a popula\u00e7\u00e3o\u201d, destacou o prefeito David Almeida.<\/p>\n\n\n\n<p>O Plano de Integridade faz parte do Programa de Integridade e Compliance da prefeitura e tem como objetivo prevenir, detectar e corrigir desvios de conduta na administra\u00e7\u00e3o p\u00fablica, por meio de gest\u00e3o de riscos, canais seguros de den\u00fancia, fiscaliza\u00e7\u00e3o constante e capacita\u00e7\u00e3o dos servidores. O foco \u00e9 garantir que o servi\u00e7o p\u00fablico municipal atue sempre dentro da legalidade, com respeito ao patrim\u00f4nio p\u00fablico e aos cidad\u00e3os.<\/p>\n\n\n\n<p>\u201cEsse c\u00f3digo e o plano de integridade v\u00e3o aproximar ainda mais a prefeitura da popula\u00e7\u00e3o, porque refor\u00e7am o comportamento \u00e9tico, o respeito e o compromisso com a qualidade dos servi\u00e7os que prestamos todos os dias\u201d, explicou o controlador-geral do munic\u00edpio, Alessandro Moreira.<\/p>\n\n\n\n<p>Embora j\u00e1 existissem c\u00f3digos de \u00e9tica em n\u00edvel federal e estadual, Manaus ainda n\u00e3o possu\u00eda sua regulamenta\u00e7\u00e3o espec\u00edfica. Agora, com este novo instrumento, o munic\u00edpio define princ\u00edpios como integridade, respeito, combate ao ass\u00e9dio, abuso de poder, conflitos de interesse e uso indevido de informa\u00e7\u00f5es privilegiadas.<\/p>\n\n\n\n<p>O vice-governador do Amazonas, Tadeu de Souza, ressaltou a import\u00e2ncia do avan\u00e7o. \u201cMais do que obedecer regras, o programa de integridade cria um ambiente institucional onde a \u00e9tica se torna um valor do dia a dia. Fortalece a credibilidade da gest\u00e3o p\u00fablica, protege a imagem do gestor e assegura que as a\u00e7\u00f5es governamentais cheguem efetivamente \u00e0 popula\u00e7\u00e3o\u201d, afirmou.<\/p>\n\n\n\n<p><strong>Um processo iniciado em 2022<\/strong><\/p>\n\n\n\n<p>O Programa de Integridade e Compliance da Prefeitura de Manaus come\u00e7ou em 2022, com a edi\u00e7\u00e3o dos Decretos Municipais n\u00ba 5.436, 5.437 e 5.438, criando as bases legais para a nova pol\u00edtica de governan\u00e7a. Desde ent\u00e3o, foram constitu\u00eddas as Equipes T\u00e9cnicas de Integridade e Compliance (ETICo), o Comit\u00ea de Governan\u00e7a P\u00fablica (CGov), modernizada a Ouvidoria-Geral e elaborados manuais de gest\u00e3o de riscos e \u00edndices de integridade.<\/p>\n\n\n\n<p>Agora, com o lan\u00e7amento oficial do Plano de Integridade e do C\u00f3digo de \u00c9tica, a prefeitura consolida uma pol\u00edtica s\u00f3lida de governan\u00e7a p\u00fablica e reafirma o compromisso com a entrega de servi\u00e7os de qualidade, com total responsabilidade sobre o uso dos recursos p\u00fablicos.<\/p>\n\n\n\n<p>\u201cEstamos implantando medidas concretas que protegem o interesse p\u00fablico, aumentam a confian\u00e7a da sociedade e garantem que cada real investido pela prefeitura traga resultados efetivos para a popula\u00e7\u00e3o de Manaus\u201d, concluiu o prefeito.<\/p>\n\n\n\n<p>\u2014 \u2014 \u2014<br><strong>Texto &#8211;<\/strong> Emanuelle Baires\/Semcom<br><strong>Fotos &#8211; <\/strong>Dhyeizo Lemos e Antonio Pereira \/Semcom<br><strong>Dispon\u00edveis em &#8211;\u00a0 <\/strong><a href=\"https:\/\/flic.kr\/s\/aHBqjCipWE\">https:\/\/flic.kr\/s\/aHBqjCipWE<\/a><\/p>\n","protected":false},"excerpt":{"rendered":"","protected":false},"author":68,"featured_media":2462,"comment_status":"closed","ping_status":"closed","sticky":false,"template":"","format":"standard","meta":{"footnotes":""},"categories":[16],"tags":[60,182,21],"acf":[],"yoast_head":"<!-- This site is optimized with the Yoast SEO plugin v23.0 - https:\/\/yoast.com\/wordpress\/plugins\/seo\/ -->\n<title>Prefeito David Almeida lidera lan\u00e7amento hist\u00f3rico do Plano de Integridade e 1\u00ba C\u00f3digo de \u00c9tica da Prefeitura de Manaus<\/title>\n<meta name=\"description\" content=\"A Prefeitura de Manaus deu um passo hist\u00f3rico para fortalecer a \u00e9tica, a transpar\u00eancia e a efici\u00eancia na gest\u00e3o p\u00fablica. Na manh\u00e3 desta quarta-feira, 18\/6, o prefeito David Almeida lan\u00e7ou oficialmente o Plano de Integridade e o C\u00f3digo de \u00c9tica dos Agentes P\u00fablicos e da Alta Administra\u00e7\u00e3o, durante cerim\u00f4nia na sede do Tribunal de Contas do Estado do Amazonas (TCE-AM).\" \/>\n<meta name=\"robots\" content=\"index, follow, max-snippet:-1, max-image-preview:large, max-video-preview:-1\" \/>\n<link rel=\"canonical\" href=\"https:\/\/www.manaus.am.gov.br\/cgm\/plano-de-integridade-e-1o-codigo-de-etica-da-prefeitura-de-manaus\/\" \/>\n<meta property=\"og:locale\" content=\"pt_BR\" \/>\n<meta property=\"og:type\" content=\"article\" \/>\n<meta property=\"og:title\" content=\"Prefeito David Almeida lidera lan\u00e7amento hist\u00f3rico do Plano de Integridade e 1\u00ba C\u00f3digo de \u00c9tica da Prefeitura de Manaus\" \/>\n<meta property=\"og:description\" content=\"A Prefeitura de Manaus deu um passo hist\u00f3rico para fortalecer a \u00e9tica, a transpar\u00eancia e a efici\u00eancia na gest\u00e3o p\u00fablica. Na manh\u00e3 desta quarta-feira, 18\/6, o prefeito David Almeida lan\u00e7ou oficialmente o Plano de Integridade e o C\u00f3digo de \u00c9tica dos Agentes P\u00fablicos e da Alta Administra\u00e7\u00e3o, durante cerim\u00f4nia na sede do Tribunal de Contas do Estado do Amazonas (TCE-AM).\" \/>\n<meta property=\"og:url\" content=\"https:\/\/www.manaus.am.gov.br\/cgm\/plano-de-integridade-e-1o-codigo-de-etica-da-prefeitura-de-manaus\/\" \/>\n<meta property=\"og:site_name\" content=\"CGM\" \/>\n<meta property=\"article:publisher\" content=\"https:\/\/www.facebook.com\/cgmmanaus\" \/>\n<meta property=\"article:published_time\" content=\"2025-06-18T20:25:06+00:00\" \/>\n<meta property=\"article:modified_time\" content=\"2025-06-18T20:25:07+00:00\" \/>\n<meta property=\"og:image\" content=\"https:\/\/www.manaus.am.gov.br\/cgm\/wp-content\/uploads\/sites\/9\/2025\/06\/54598206151_ed8dfac91d_c.jpg\" \/>\n\t<meta property=\"og:image:width\" content=\"799\" \/>\n\t<meta property=\"og:image:height\" content=\"533\" \/>\n\t<meta property=\"og:image:type\" content=\"image\/jpeg\" \/>\n<meta name=\"author\" content=\"bvalente\" \/>\n<meta name=\"twitter:card\" content=\"summary_large_image\" \/>\n<meta name=\"twitter:label1\" content=\"Written by\" \/>\n\t<meta name=\"twitter:data1\" content=\"bvalente\" \/>\n\t<meta name=\"twitter:label2\" content=\"Est. reading time\" \/>\n\t<meta name=\"twitter:data2\" content=\"4 minutos\" \/>\n<script type=\"application\/ld+json\" class=\"yoast-schema-graph\">{\"@context\":\"https:\/\/schema.org\",\"@graph\":[{\"@type\":\"Article\",\"@id\":\"https:\/\/www.manaus.am.gov.br\/cgm\/plano-de-integridade-e-1o-codigo-de-etica-da-prefeitura-de-manaus\/#article\",\"isPartOf\":{\"@id\":\"https:\/\/www.manaus.am.gov.br\/cgm\/plano-de-integridade-e-1o-codigo-de-etica-da-prefeitura-de-manaus\/\"},\"author\":{\"name\":\"bvalente\",\"@id\":\"https:\/\/www.manaus.am.gov.br\/cgm\/#\/schema\/person\/466a0e03ae4b6062809046bd560ac955\"},\"headline\":\"Prefeito David Almeida lidera lan\u00e7amento hist\u00f3rico do Plano de Integridade e 1\u00ba C\u00f3digo de \u00c9tica da Prefeitura de Manaus\",\"datePublished\":\"2025-06-18T20:25:06+00:00\",\"dateModified\":\"2025-06-18T20:25:07+00:00\",\"mainEntityOfPage\":{\"@id\":\"https:\/\/www.manaus.am.gov.br\/cgm\/plano-de-integridade-e-1o-codigo-de-etica-da-prefeitura-de-manaus\/\"},\"wordCount\":617,\"publisher\":{\"@id\":\"https:\/\/www.manaus.am.gov.br\/cgm\/#organization\"},\"image\":{\"@id\":\"https:\/\/www.manaus.am.gov.br\/cgm\/plano-de-integridade-e-1o-codigo-de-etica-da-prefeitura-de-manaus\/#primaryimage\"},\"thumbnailUrl\":\"https:\/\/www.manaus.am.gov.br\/cgm\/wp-content\/uploads\/sites\/9\/2025\/06\/54598206151_ed8dfac91d_c.jpg\",\"keywords\":[\"David Almeida\",\"Prefeito David Almeida lidera lan\u00e7amento hist\u00f3rico do Plano de Integridade e 1\u00ba C\u00f3digo de \u00c9tica da Prefeitura de Manaus\",\"prefeitura de manaus\"],\"articleSection\":[\"Gest\u00e3o\"],\"inLanguage\":\"pt-BR\"},{\"@type\":\"WebPage\",\"@id\":\"https:\/\/www.manaus.am.gov.br\/cgm\/plano-de-integridade-e-1o-codigo-de-etica-da-prefeitura-de-manaus\/\",\"url\":\"https:\/\/www.manaus.am.gov.br\/cgm\/plano-de-integridade-e-1o-codigo-de-etica-da-prefeitura-de-manaus\/\",\"name\":\"Prefeito David Almeida lidera lan\u00e7amento hist\u00f3rico do Plano de Integridade e 1\u00ba C\u00f3digo de \u00c9tica da Prefeitura de Manaus\",\"isPartOf\":{\"@id\":\"https:\/\/www.manaus.am.gov.br\/cgm\/#website\"},\"primaryImageOfPage\":{\"@id\":\"https:\/\/www.manaus.am.gov.br\/cgm\/plano-de-integridade-e-1o-codigo-de-etica-da-prefeitura-de-manaus\/#primaryimage\"},\"image\":{\"@id\":\"https:\/\/www.manaus.am.gov.br\/cgm\/plano-de-integridade-e-1o-codigo-de-etica-da-prefeitura-de-manaus\/#primaryimage\"},\"thumbnailUrl\":\"https:\/\/www.manaus.am.gov.br\/cgm\/wp-content\/uploads\/sites\/9\/2025\/06\/54598206151_ed8dfac91d_c.jpg\",\"datePublished\":\"2025-06-18T20:25:06+00:00\",\"dateModified\":\"2025-06-18T20:25:07+00:00\",\"description\":\"A Prefeitura de Manaus deu um passo hist\u00f3rico para fortalecer a \u00e9tica, a transpar\u00eancia e a efici\u00eancia na gest\u00e3o p\u00fablica. Na manh\u00e3 desta quarta-feira, 18\/6, o prefeito David Almeida lan\u00e7ou oficialmente o Plano de Integridade e o C\u00f3digo de \u00c9tica dos Agentes P\u00fablicos e da Alta Administra\u00e7\u00e3o, durante cerim\u00f4nia na sede do Tribunal de Contas do Estado do Amazonas (TCE-AM).\",\"inLanguage\":\"pt-BR\",\"potentialAction\":[{\"@type\":\"ReadAction\",\"target\":[\"https:\/\/www.manaus.am.gov.br\/cgm\/plano-de-integridade-e-1o-codigo-de-etica-da-prefeitura-de-manaus\/\"]}]},{\"@type\":\"ImageObject\",\"inLanguage\":\"pt-BR\",\"@id\":\"https:\/\/www.manaus.am.gov.br\/cgm\/plano-de-integridade-e-1o-codigo-de-etica-da-prefeitura-de-manaus\/#primaryimage\",\"url\":\"https:\/\/www.manaus.am.gov.br\/cgm\/wp-content\/uploads\/sites\/9\/2025\/06\/54598206151_ed8dfac91d_c.jpg\",\"contentUrl\":\"https:\/\/www.manaus.am.gov.br\/cgm\/wp-content\/uploads\/sites\/9\/2025\/06\/54598206151_ed8dfac91d_c.jpg\",\"width\":799,\"height\":533},{\"@type\":\"WebSite\",\"@id\":\"https:\/\/www.manaus.am.gov.br\/cgm\/#website\",\"url\":\"https:\/\/www.manaus.am.gov.br\/cgm\/\",\"name\":\"CGM\",\"description\":\"Controladoria Geral do Munic\u00edpio\",\"publisher\":{\"@id\":\"https:\/\/www.manaus.am.gov.br\/cgm\/#organization\"},\"alternateName\":\"Controladoria-Geral do Munic\u00edpio\",\"potentialAction\":[{\"@type\":\"SearchAction\",\"target\":{\"@type\":\"EntryPoint\",\"urlTemplate\":\"https:\/\/www.manaus.am.gov.br\/cgm\/?s={search_term_string}\"},\"query-input\":\"required name=search_term_string\"}],\"inLanguage\":\"pt-BR\"},{\"@type\":\"Organization\",\"@id\":\"https:\/\/www.manaus.am.gov.br\/cgm\/#organization\",\"name\":\"Prefeitura de Manaus\",\"alternateName\":\"Prefeitura Municipal de Manaus\",\"url\":\"https:\/\/www.manaus.am.gov.br\/cgm\/\",\"logo\":{\"@type\":\"ImageObject\",\"inLanguage\":\"pt-BR\",\"@id\":\"https:\/\/www.manaus.am.gov.br\/cgm\/#\/schema\/logo\/image\/\",\"url\":\"https:\/\/www.manaus.am.gov.br\/cgm\/wp-content\/uploads\/sites\/9\/2024\/06\/favicon.png\",\"contentUrl\":\"https:\/\/www.manaus.am.gov.br\/cgm\/wp-content\/uploads\/sites\/9\/2024\/06\/favicon.png\",\"width\":300,\"height\":300,\"caption\":\"Prefeitura de Manaus\"},\"image\":{\"@id\":\"https:\/\/www.manaus.am.gov.br\/cgm\/#\/schema\/logo\/image\/\"},\"sameAs\":[\"https:\/\/www.facebook.com\/cgmmanaus\",\"https:\/\/www.instagram.com\/cgmmanaus\/\"]},{\"@type\":\"Person\",\"@id\":\"https:\/\/www.manaus.am.gov.br\/cgm\/#\/schema\/person\/466a0e03ae4b6062809046bd560ac955\",\"name\":\"bvalente\",\"image\":{\"@type\":\"ImageObject\",\"inLanguage\":\"pt-BR\",\"@id\":\"https:\/\/www.manaus.am.gov.br\/cgm\/#\/schema\/person\/image\/\",\"url\":\"https:\/\/secure.gravatar.com\/avatar\/3e69bc2b014bdad41adfec3a39de07d2?s=96&d=mm&r=g\",\"contentUrl\":\"https:\/\/secure.gravatar.com\/avatar\/3e69bc2b014bdad41adfec3a39de07d2?s=96&d=mm&r=g\",\"caption\":\"bvalente\"}}]}<\/script>\n<!-- \/ Yoast SEO plugin. -->","yoast_head_json":{"title":"Prefeito David Almeida lidera lan\u00e7amento hist\u00f3rico do Plano de Integridade e 1\u00ba C\u00f3digo de \u00c9tica da Prefeitura de Manaus","description":"A Prefeitura de Manaus deu um passo hist\u00f3rico para fortalecer a \u00e9tica, a transpar\u00eancia e a efici\u00eancia na gest\u00e3o p\u00fablica. Na manh\u00e3 desta quarta-feira, 18\/6, o prefeito David Almeida lan\u00e7ou oficialmente o Plano de Integridade e o C\u00f3digo de \u00c9tica dos Agentes P\u00fablicos e da Alta Administra\u00e7\u00e3o, durante cerim\u00f4nia na sede do Tribunal de Contas do Estado do Amazonas (TCE-AM).","robots":{"index":"index","follow":"follow","max-snippet":"max-snippet:-1","max-image-preview":"max-image-preview:large","max-video-preview":"max-video-preview:-1"},"canonical":"https:\/\/www.manaus.am.gov.br\/cgm\/plano-de-integridade-e-1o-codigo-de-etica-da-prefeitura-de-manaus\/","og_locale":"pt_BR","og_type":"article","og_title":"Prefeito David Almeida lidera lan\u00e7amento hist\u00f3rico do Plano de Integridade e 1\u00ba C\u00f3digo de \u00c9tica da Prefeitura de Manaus","og_description":"A Prefeitura de Manaus deu um passo hist\u00f3rico para fortalecer a \u00e9tica, a transpar\u00eancia e a efici\u00eancia na gest\u00e3o p\u00fablica. Na manh\u00e3 desta quarta-feira, 18\/6, o prefeito David Almeida lan\u00e7ou oficialmente o Plano de Integridade e o C\u00f3digo de \u00c9tica dos Agentes P\u00fablicos e da Alta Administra\u00e7\u00e3o, durante cerim\u00f4nia na sede do Tribunal de Contas do Estado do Amazonas (TCE-AM).","og_url":"https:\/\/www.manaus.am.gov.br\/cgm\/plano-de-integridade-e-1o-codigo-de-etica-da-prefeitura-de-manaus\/","og_site_name":"CGM","article_publisher":"https:\/\/www.facebook.com\/cgmmanaus","article_published_time":"2025-06-18T20:25:06+00:00","article_modified_time":"2025-06-18T20:25:07+00:00","og_image":[{"width":799,"height":533,"url":"https:\/\/www.manaus.am.gov.br\/cgm\/wp-content\/uploads\/sites\/9\/2025\/06\/54598206151_ed8dfac91d_c.jpg","type":"image\/jpeg"}],"author":"bvalente","twitter_card":"summary_large_image","twitter_misc":{"Written by":"bvalente","Est. reading time":"4 minutos"},"schema":{"@context":"https:\/\/schema.org","@graph":[{"@type":"Article","@id":"https:\/\/www.manaus.am.gov.br\/cgm\/plano-de-integridade-e-1o-codigo-de-etica-da-prefeitura-de-manaus\/#article","isPartOf":{"@id":"https:\/\/www.manaus.am.gov.br\/cgm\/plano-de-integridade-e-1o-codigo-de-etica-da-prefeitura-de-manaus\/"},"author":{"name":"bvalente","@id":"https:\/\/www.manaus.am.gov.br\/cgm\/#\/schema\/person\/466a0e03ae4b6062809046bd560ac955"},"headline":"Prefeito David Almeida lidera lan\u00e7amento hist\u00f3rico do Plano de Integridade e 1\u00ba C\u00f3digo de \u00c9tica da Prefeitura de Manaus","datePublished":"2025-06-18T20:25:06+00:00","dateModified":"2025-06-18T20:25:07+00:00","mainEntityOfPage":{"@id":"https:\/\/www.manaus.am.gov.br\/cgm\/plano-de-integridade-e-1o-codigo-de-etica-da-prefeitura-de-manaus\/"},"wordCount":617,"publisher":{"@id":"https:\/\/www.manaus.am.gov.br\/cgm\/#organization"},"image":{"@id":"https:\/\/www.manaus.am.gov.br\/cgm\/plano-de-integridade-e-1o-codigo-de-etica-da-prefeitura-de-manaus\/#primaryimage"},"thumbnailUrl":"https:\/\/www.manaus.am.gov.br\/cgm\/wp-content\/uploads\/sites\/9\/2025\/06\/54598206151_ed8dfac91d_c.jpg","keywords":["David Almeida","Prefeito David Almeida lidera lan\u00e7amento hist\u00f3rico do Plano de Integridade e 1\u00ba C\u00f3digo de \u00c9tica da Prefeitura de Manaus","prefeitura de manaus"],"articleSection":["Gest\u00e3o"],"inLanguage":"pt-BR"},{"@type":"WebPage","@id":"https:\/\/www.manaus.am.gov.br\/cgm\/plano-de-integridade-e-1o-codigo-de-etica-da-prefeitura-de-manaus\/","url":"https:\/\/www.manaus.am.gov.br\/cgm\/plano-de-integridade-e-1o-codigo-de-etica-da-prefeitura-de-manaus\/","name":"Prefeito David Almeida lidera lan\u00e7amento hist\u00f3rico do Plano de Integridade e 1\u00ba C\u00f3digo de \u00c9tica da Prefeitura de Manaus","isPartOf":{"@id":"https:\/\/www.manaus.am.gov.br\/cgm\/#website"},"primaryImageOfPage":{"@id":"https:\/\/www.manaus.am.gov.br\/cgm\/plano-de-integridade-e-1o-codigo-de-etica-da-prefeitura-de-manaus\/#primaryimage"},"image":{"@id":"https:\/\/www.manaus.am.gov.br\/cgm\/plano-de-integridade-e-1o-codigo-de-etica-da-prefeitura-de-manaus\/#primaryimage"},"thumbnailUrl":"https:\/\/www.manaus.am.gov.br\/cgm\/wp-content\/uploads\/sites\/9\/2025\/06\/54598206151_ed8dfac91d_c.jpg","datePublished":"2025-06-18T20:25:06+00:00","dateModified":"2025-06-18T20:25:07+00:00","description":"A Prefeitura de Manaus deu um passo hist\u00f3rico para fortalecer a \u00e9tica, a transpar\u00eancia e a efici\u00eancia na gest\u00e3o p\u00fablica. Na manh\u00e3 desta quarta-feira, 18\/6, o prefeito David Almeida lan\u00e7ou oficialmente o Plano de Integridade e o C\u00f3digo de \u00c9tica dos Agentes P\u00fablicos e da Alta Administra\u00e7\u00e3o, durante cerim\u00f4nia na sede do Tribunal de Contas do Estado do Amazonas (TCE-AM).","inLanguage":"pt-BR","potentialAction":[{"@type":"ReadAction","target":["https:\/\/www.manaus.am.gov.br\/cgm\/plano-de-integridade-e-1o-codigo-de-etica-da-prefeitura-de-manaus\/"]}]},{"@type":"ImageObject","inLanguage":"pt-BR","@id":"https:\/\/www.manaus.am.gov.br\/cgm\/plano-de-integridade-e-1o-codigo-de-etica-da-prefeitura-de-manaus\/#primaryimage","url":"https:\/\/www.manaus.am.gov.br\/cgm\/wp-content\/uploads\/sites\/9\/2025\/06\/54598206151_ed8dfac91d_c.jpg","contentUrl":"https:\/\/www.manaus.am.gov.br\/cgm\/wp-content\/uploads\/sites\/9\/2025\/06\/54598206151_ed8dfac91d_c.jpg","width":799,"height":533},{"@type":"WebSite","@id":"https:\/\/www.manaus.am.gov.br\/cgm\/#website","url":"https:\/\/www.manaus.am.gov.br\/cgm\/","name":"CGM","description":"Controladoria Geral do Munic\u00edpio","publisher":{"@id":"https:\/\/www.manaus.am.gov.br\/cgm\/#organization"},"alternateName":"Controladoria-Geral do Munic\u00edpio","potentialAction":[{"@type":"SearchAction","target":{"@type":"EntryPoint","urlTemplate":"https:\/\/www.manaus.am.gov.br\/cgm\/?s={search_term_string}"},"query-input":"required name=search_term_string"}],"inLanguage":"pt-BR"},{"@type":"Organization","@id":"https:\/\/www.manaus.am.gov.br\/cgm\/#organization","name":"Prefeitura de Manaus","alternateName":"Prefeitura Municipal de Manaus","url":"https:\/\/www.manaus.am.gov.br\/cgm\/","logo":{"@type":"ImageObject","inLanguage":"pt-BR","@id":"https:\/\/www.manaus.am.gov.br\/cgm\/#\/schema\/logo\/image\/","url":"https:\/\/www.manaus.am.gov.br\/cgm\/wp-content\/uploads\/sites\/9\/2024\/06\/favicon.png","contentUrl":"https:\/\/www.manaus.am.gov.br\/cgm\/wp-content\/uploads\/sites\/9\/2024\/06\/favicon.png","width":300,"height":300,"caption":"Prefeitura de Manaus"},"image":{"@id":"https:\/\/www.manaus.am.gov.br\/cgm\/#\/schema\/logo\/image\/"},"sameAs":["https:\/\/www.facebook.com\/cgmmanaus","https:\/\/www.instagram.com\/cgmmanaus\/"]},{"@type":"Person","@id":"https:\/\/www.manaus.am.gov.br\/cgm\/#\/schema\/person\/466a0e03ae4b6062809046bd560ac955","name":"bvalente","image":{"@type":"ImageObject","inLanguage":"pt-BR","@id":"https:\/\/www.manaus.am.gov.br\/cgm\/#\/schema\/person\/image\/","url":"https:\/\/secure.gravatar.com\/avatar\/3e69bc2b014bdad41adfec3a39de07d2?s=96&d=mm&r=g","contentUrl":"https:\/\/secure.gravatar.com\/avatar\/3e69bc2b014bdad41adfec3a39de07d2?s=96&d=mm&r=g","caption":"bvalente"}}]}},"_links":{"self":[{"href":"https:\/\/www.manaus.am.gov.br\/cgm\/wp-json\/wp\/v2\/posts\/2461"}],"collection":[{"href":"https:\/\/www.manaus.am.gov.br\/cgm\/wp-json\/wp\/v2\/posts"}],"about":[{"href":"https:\/\/www.manaus.am.gov.br\/cgm\/wp-json\/wp\/v2\/types\/post"}],"author":[{"embeddable":true,"href":"https:\/\/www.manaus.am.gov.br\/cgm\/wp-json\/wp\/v2\/users\/68"}],"replies":[{"embeddable":true,"href":"https:\/\/www.manaus.am.gov.br\/cgm\/wp-json\/wp\/v2\/comments?post=2461"}],"version-history":[{"count":0,"href":"https:\/\/www.manaus.am.gov.br\/cgm\/wp-json\/wp\/v2\/posts\/2461\/revisions"}],"wp:featuredmedia":[{"embeddable":true,"href":"https:\/\/www.manaus.am.gov.br\/cgm\/wp-json\/wp\/v2\/media\/2462"}],"wp:attachment":[{"href":"https:\/\/www.manaus.am.gov.br\/cgm\/wp-json\/wp\/v2\/media?parent=2461"}],"wp:term":[{"taxonomy":"category","embeddable":true,"href":"https:\/\/www.manaus.am.gov.br\/cgm\/wp-json\/wp\/v2\/categories?post=2461"},{"taxonomy":"post_tag","embeddable":true,"href":"https:\/\/www.manaus.am.gov.br\/cgm\/wp-json\/wp\/v2\/tags?post=2461"}],"curies":[{"name":"wp","href":"https:\/\/api.w.org\/{rel}","templated":true}]}}