{"id":2026,"date":"2025-01-23T17:53:03","date_gmt":"2025-01-23T21:53:03","guid":{"rendered":"https:\/\/www.manaus.am.gov.br\/cgm\/administracao-cgm-manaus\/"},"modified":"2025-01-23T17:53:04","modified_gmt":"2025-01-23T21:53:04","slug":"administracao-cgm-manaus","status":"publish","type":"post","link":"https:\/\/www.manaus.am.gov.br\/cgm\/administracao-cgm-manaus\/","title":{"rendered":"Alessandro Moreira assume a Controladoria-Geral do Munic\u00edpio, tra\u00e7ando metas positivas para 2025 na administra\u00e7\u00e3o"},"content":{"rendered":"\n<p>A Prefeitura de Manaus tem nova mudan\u00e7a no seu quadro de gestores municipais. Alessandro Moreira assume a Controladoria-Geral do Munic\u00edpio, a convite do prefeito de Manaus, David Almeida, e sucede Arnaldo Flores, que assumiu o Instituto Municipal de Mobilidade Urbana (IMMU), \u00f3rg\u00e3o que desde janeiro deste ano era presidido interinamente pelo vice-prefeito e secret\u00e1rio municipal de infraestrutura, Renato Junior.<\/p>\n\n\n\n<p>Agora na CGM, o gestor destacou a oportunidade de estar \u00e0 frente da pasta, exaltando sua relev\u00e2ncia dentro da prefeitura. \u201c\u00c9 uma grande honra, agrade\u00e7o muito o convite do prefeito David Almeida pela confian\u00e7a em uma atividade t\u00e3o importante e t\u00e3o relevante para os resultados e metas da gest\u00e3o\u201d.<\/p>\n\n\n\n<p>O novo controlador-geral chega com a miss\u00e3o de dar continuidade e ampliar a efici\u00eancia no cumprimento das atividades inerentes ao controle interno, visando promover maior efic\u00e1cia e transpar\u00eancia nas a\u00e7\u00f5es do Executivo municipal dentro dos par\u00e2metros legais.<\/p>\n\n\n\n<p>\u201cNa gest\u00e3o do prefeito David Almeida, h\u00e1 sempre a determina\u00e7\u00e3o do trabalho conjunto entre os \u00f3rg\u00e3os da prefeitura, e que tenhamos um planejamento \u00fanico e uma \u00fanica dire\u00e7\u00e3o, que \u00e9 melhorar a qualidade de vida da popula\u00e7\u00e3o de Manaus. Portanto, o papel da Controladoria \u00e9 esse, de simplificar, facilitar, fazer com que os \u00f3rg\u00e3os consigam melhores resultados, otimizando os recursos dispon\u00edveis, cumprindo sempre com todas as determina\u00e7\u00f5es, conforme a lei determina no \u00e2mbito do munic\u00edpio\u201d, finalizou Moreira.<\/p>\n\n\n\n<p><strong>Perfil<\/strong><\/p>\n\n\n\n<p>Alessandro Moreira, 52 anos, \u00e9 natural de Feira de Santana, na Bahia, e iniciou sua carreira p\u00fablica em 2006 como auditor de Finan\u00e7as e Controle do Tesouro Estadual, na Secretaria de Estado de Fazenda do Amazonas, foi controlador-geral do Estado do Amazonas em 2017 e retornou \u00e0 fun\u00e7\u00e3o em 2019. Em janeiro de 2021, assumiu a fun\u00e7\u00e3o de vice-presidente de Assuntos Estrat\u00e9gicos do Conselho Municipal de Gest\u00e3o Estrat\u00e9gica de Manaus, sendo respons\u00e1vel pelo Plano Estrat\u00e9gico Manaus Cidade Global.<\/p>\n\n\n\n<p>\u2014 \u2014 \u2014\u00a0<br><strong>Texto e foto &#8211;<\/strong> Oliveira Junior \/ CGM<\/p>\n","protected":false},"excerpt":{"rendered":"","protected":false},"author":68,"featured_media":2027,"comment_status":"closed","ping_status":"closed","sticky":false,"template":"","format":"standard","meta":{"footnotes":""},"categories":[16],"tags":[150,90,21],"acf":[],"yoast_head":"<!-- This site is optimized with the Yoast SEO plugin v23.0 - https:\/\/yoast.com\/wordpress\/plugins\/seo\/ -->\n<title>Alessandro Moreira assume a Controladoria-Geral do Munic\u00edpio, tra\u00e7ando metas positivas para 2025 na administra\u00e7\u00e3o<\/title>\n<meta name=\"description\" content=\"A Prefeitura de Manaus tem nova mudan\u00e7a no seu quadro de gestores municipais. Alessandro Moreira assume a Controladoria-Geral do Munic\u00edpio, a convite do prefeito de Manaus, David Almeida, e sucede Arnaldo Flores, que assumiu o Instituto Municipal de Mobilidade Urbana (IMMU), \u00f3rg\u00e3o que desde janeiro deste ano era presidido interinamente pelo vice-prefeito e secret\u00e1rio municipal de infraestrutura, Renato Junior.\" \/>\n<meta name=\"robots\" content=\"index, follow, max-snippet:-1, max-image-preview:large, max-video-preview:-1\" \/>\n<link rel=\"canonical\" href=\"https:\/\/www.manaus.am.gov.br\/cgm\/administracao-cgm-manaus\/\" \/>\n<meta property=\"og:locale\" content=\"pt_BR\" \/>\n<meta property=\"og:type\" content=\"article\" \/>\n<meta property=\"og:title\" content=\"Alessandro Moreira assume a Controladoria-Geral do Munic\u00edpio, tra\u00e7ando metas positivas para 2025 na administra\u00e7\u00e3o\" \/>\n<meta property=\"og:description\" content=\"A Prefeitura de Manaus tem nova mudan\u00e7a no seu quadro de gestores municipais. Alessandro Moreira assume a Controladoria-Geral do Munic\u00edpio, a convite do prefeito de Manaus, David Almeida, e sucede Arnaldo Flores, que assumiu o Instituto Municipal de Mobilidade Urbana (IMMU), \u00f3rg\u00e3o que desde janeiro deste ano era presidido interinamente pelo vice-prefeito e secret\u00e1rio municipal de infraestrutura, Renato Junior.\" \/>\n<meta property=\"og:url\" content=\"https:\/\/www.manaus.am.gov.br\/cgm\/administracao-cgm-manaus\/\" \/>\n<meta property=\"og:site_name\" content=\"CGM\" \/>\n<meta property=\"article:publisher\" content=\"https:\/\/www.facebook.com\/cgmmanaus\" \/>\n<meta property=\"article:published_time\" content=\"2025-01-23T21:53:03+00:00\" \/>\n<meta property=\"article:modified_time\" content=\"2025-01-23T21:53:04+00:00\" \/>\n<meta property=\"og:image\" content=\"https:\/\/www.manaus.am.gov.br\/cgm\/wp-content\/uploads\/sites\/9\/2025\/01\/Alessandro-Moreira-assume-a-Controladoria-Geral-do-Municipio-tracando-metas-positivas-para-2025-na-administracao-.jpg\" \/>\n\t<meta property=\"og:image:width\" content=\"800\" \/>\n\t<meta property=\"og:image:height\" content=\"600\" \/>\n\t<meta property=\"og:image:type\" content=\"image\/jpeg\" \/>\n<meta name=\"author\" content=\"bvalente\" \/>\n<meta name=\"twitter:card\" content=\"summary_large_image\" \/>\n<meta name=\"twitter:label1\" content=\"Written by\" \/>\n\t<meta name=\"twitter:data1\" content=\"bvalente\" \/>\n\t<meta name=\"twitter:label2\" content=\"Est. reading time\" \/>\n\t<meta name=\"twitter:data2\" content=\"2 minutos\" \/>\n<script type=\"application\/ld+json\" class=\"yoast-schema-graph\">{\"@context\":\"https:\/\/schema.org\",\"@graph\":[{\"@type\":\"Article\",\"@id\":\"https:\/\/www.manaus.am.gov.br\/cgm\/administracao-cgm-manaus\/#article\",\"isPartOf\":{\"@id\":\"https:\/\/www.manaus.am.gov.br\/cgm\/administracao-cgm-manaus\/\"},\"author\":{\"name\":\"bvalente\",\"@id\":\"https:\/\/www.manaus.am.gov.br\/cgm\/#\/schema\/person\/466a0e03ae4b6062809046bd560ac955\"},\"headline\":\"Alessandro Moreira assume a Controladoria-Geral do Munic\u00edpio, tra\u00e7ando metas positivas para 2025 na administra\u00e7\u00e3o\",\"datePublished\":\"2025-01-23T21:53:03+00:00\",\"dateModified\":\"2025-01-23T21:53:04+00:00\",\"mainEntityOfPage\":{\"@id\":\"https:\/\/www.manaus.am.gov.br\/cgm\/administracao-cgm-manaus\/\"},\"wordCount\":347,\"publisher\":{\"@id\":\"https:\/\/www.manaus.am.gov.br\/cgm\/#organization\"},\"image\":{\"@id\":\"https:\/\/www.manaus.am.gov.br\/cgm\/administracao-cgm-manaus\/#primaryimage\"},\"thumbnailUrl\":\"https:\/\/www.manaus.am.gov.br\/cgm\/wp-content\/uploads\/sites\/9\/2025\/01\/Alessandro-Moreira-assume-a-Controladoria-Geral-do-Municipio-tracando-metas-positivas-para-2025-na-administracao-.jpg\",\"keywords\":[\"administra\u00e7\u00e3o municipal\",\"Controladoria-Geral do Munic\u00edpio (CGM)\",\"prefeitura de manaus\"],\"articleSection\":[\"Gest\u00e3o\"],\"inLanguage\":\"pt-BR\"},{\"@type\":\"WebPage\",\"@id\":\"https:\/\/www.manaus.am.gov.br\/cgm\/administracao-cgm-manaus\/\",\"url\":\"https:\/\/www.manaus.am.gov.br\/cgm\/administracao-cgm-manaus\/\",\"name\":\"Alessandro Moreira assume a Controladoria-Geral do Munic\u00edpio, tra\u00e7ando metas positivas para 2025 na administra\u00e7\u00e3o\",\"isPartOf\":{\"@id\":\"https:\/\/www.manaus.am.gov.br\/cgm\/#website\"},\"primaryImageOfPage\":{\"@id\":\"https:\/\/www.manaus.am.gov.br\/cgm\/administracao-cgm-manaus\/#primaryimage\"},\"image\":{\"@id\":\"https:\/\/www.manaus.am.gov.br\/cgm\/administracao-cgm-manaus\/#primaryimage\"},\"thumbnailUrl\":\"https:\/\/www.manaus.am.gov.br\/cgm\/wp-content\/uploads\/sites\/9\/2025\/01\/Alessandro-Moreira-assume-a-Controladoria-Geral-do-Municipio-tracando-metas-positivas-para-2025-na-administracao-.jpg\",\"datePublished\":\"2025-01-23T21:53:03+00:00\",\"dateModified\":\"2025-01-23T21:53:04+00:00\",\"description\":\"A Prefeitura de Manaus tem nova mudan\u00e7a no seu quadro de gestores municipais. Alessandro Moreira assume a Controladoria-Geral do Munic\u00edpio, a convite do prefeito de Manaus, David Almeida, e sucede Arnaldo Flores, que assumiu o Instituto Municipal de Mobilidade Urbana (IMMU), \u00f3rg\u00e3o que desde janeiro deste ano era presidido interinamente pelo vice-prefeito e secret\u00e1rio municipal de infraestrutura, Renato Junior.\",\"inLanguage\":\"pt-BR\",\"potentialAction\":[{\"@type\":\"ReadAction\",\"target\":[\"https:\/\/www.manaus.am.gov.br\/cgm\/administracao-cgm-manaus\/\"]}]},{\"@type\":\"ImageObject\",\"inLanguage\":\"pt-BR\",\"@id\":\"https:\/\/www.manaus.am.gov.br\/cgm\/administracao-cgm-manaus\/#primaryimage\",\"url\":\"https:\/\/www.manaus.am.gov.br\/cgm\/wp-content\/uploads\/sites\/9\/2025\/01\/Alessandro-Moreira-assume-a-Controladoria-Geral-do-Municipio-tracando-metas-positivas-para-2025-na-administracao-.jpg\",\"contentUrl\":\"https:\/\/www.manaus.am.gov.br\/cgm\/wp-content\/uploads\/sites\/9\/2025\/01\/Alessandro-Moreira-assume-a-Controladoria-Geral-do-Municipio-tracando-metas-positivas-para-2025-na-administracao-.jpg\",\"width\":800,\"height\":600},{\"@type\":\"WebSite\",\"@id\":\"https:\/\/www.manaus.am.gov.br\/cgm\/#website\",\"url\":\"https:\/\/www.manaus.am.gov.br\/cgm\/\",\"name\":\"CGM\",\"description\":\"Controladoria Geral do Munic\u00edpio\",\"publisher\":{\"@id\":\"https:\/\/www.manaus.am.gov.br\/cgm\/#organization\"},\"alternateName\":\"Controladoria-Geral do Munic\u00edpio\",\"potentialAction\":[{\"@type\":\"SearchAction\",\"target\":{\"@type\":\"EntryPoint\",\"urlTemplate\":\"https:\/\/www.manaus.am.gov.br\/cgm\/?s={search_term_string}\"},\"query-input\":\"required name=search_term_string\"}],\"inLanguage\":\"pt-BR\"},{\"@type\":\"Organization\",\"@id\":\"https:\/\/www.manaus.am.gov.br\/cgm\/#organization\",\"name\":\"Prefeitura de Manaus\",\"alternateName\":\"Prefeitura Municipal de Manaus\",\"url\":\"https:\/\/www.manaus.am.gov.br\/cgm\/\",\"logo\":{\"@type\":\"ImageObject\",\"inLanguage\":\"pt-BR\",\"@id\":\"https:\/\/www.manaus.am.gov.br\/cgm\/#\/schema\/logo\/image\/\",\"url\":\"https:\/\/www.manaus.am.gov.br\/cgm\/wp-content\/uploads\/sites\/9\/2024\/06\/favicon.png\",\"contentUrl\":\"https:\/\/www.manaus.am.gov.br\/cgm\/wp-content\/uploads\/sites\/9\/2024\/06\/favicon.png\",\"width\":300,\"height\":300,\"caption\":\"Prefeitura de Manaus\"},\"image\":{\"@id\":\"https:\/\/www.manaus.am.gov.br\/cgm\/#\/schema\/logo\/image\/\"},\"sameAs\":[\"https:\/\/www.facebook.com\/cgmmanaus\",\"https:\/\/www.instagram.com\/cgmmanaus\/\"]},{\"@type\":\"Person\",\"@id\":\"https:\/\/www.manaus.am.gov.br\/cgm\/#\/schema\/person\/466a0e03ae4b6062809046bd560ac955\",\"name\":\"bvalente\",\"image\":{\"@type\":\"ImageObject\",\"inLanguage\":\"pt-BR\",\"@id\":\"https:\/\/www.manaus.am.gov.br\/cgm\/#\/schema\/person\/image\/\",\"url\":\"https:\/\/secure.gravatar.com\/avatar\/3e69bc2b014bdad41adfec3a39de07d2?s=96&d=mm&r=g\",\"contentUrl\":\"https:\/\/secure.gravatar.com\/avatar\/3e69bc2b014bdad41adfec3a39de07d2?s=96&d=mm&r=g\",\"caption\":\"bvalente\"}}]}<\/script>\n<!-- \/ Yoast SEO plugin. -->","yoast_head_json":{"title":"Alessandro Moreira assume a Controladoria-Geral do Munic\u00edpio, tra\u00e7ando metas positivas para 2025 na administra\u00e7\u00e3o","description":"A Prefeitura de Manaus tem nova mudan\u00e7a no seu quadro de gestores municipais. Alessandro Moreira assume a Controladoria-Geral do Munic\u00edpio, a convite do prefeito de Manaus, David Almeida, e sucede Arnaldo Flores, que assumiu o Instituto Municipal de Mobilidade Urbana (IMMU), \u00f3rg\u00e3o que desde janeiro deste ano era presidido interinamente pelo vice-prefeito e secret\u00e1rio municipal de infraestrutura, Renato Junior.","robots":{"index":"index","follow":"follow","max-snippet":"max-snippet:-1","max-image-preview":"max-image-preview:large","max-video-preview":"max-video-preview:-1"},"canonical":"https:\/\/www.manaus.am.gov.br\/cgm\/administracao-cgm-manaus\/","og_locale":"pt_BR","og_type":"article","og_title":"Alessandro Moreira assume a Controladoria-Geral do Munic\u00edpio, tra\u00e7ando metas positivas para 2025 na administra\u00e7\u00e3o","og_description":"A Prefeitura de Manaus tem nova mudan\u00e7a no seu quadro de gestores municipais. Alessandro Moreira assume a Controladoria-Geral do Munic\u00edpio, a convite do prefeito de Manaus, David Almeida, e sucede Arnaldo Flores, que assumiu o Instituto Municipal de Mobilidade Urbana (IMMU), \u00f3rg\u00e3o que desde janeiro deste ano era presidido interinamente pelo vice-prefeito e secret\u00e1rio municipal de infraestrutura, Renato Junior.","og_url":"https:\/\/www.manaus.am.gov.br\/cgm\/administracao-cgm-manaus\/","og_site_name":"CGM","article_publisher":"https:\/\/www.facebook.com\/cgmmanaus","article_published_time":"2025-01-23T21:53:03+00:00","article_modified_time":"2025-01-23T21:53:04+00:00","og_image":[{"width":800,"height":600,"url":"https:\/\/www.manaus.am.gov.br\/cgm\/wp-content\/uploads\/sites\/9\/2025\/01\/Alessandro-Moreira-assume-a-Controladoria-Geral-do-Municipio-tracando-metas-positivas-para-2025-na-administracao-.jpg","type":"image\/jpeg"}],"author":"bvalente","twitter_card":"summary_large_image","twitter_misc":{"Written by":"bvalente","Est. reading time":"2 minutos"},"schema":{"@context":"https:\/\/schema.org","@graph":[{"@type":"Article","@id":"https:\/\/www.manaus.am.gov.br\/cgm\/administracao-cgm-manaus\/#article","isPartOf":{"@id":"https:\/\/www.manaus.am.gov.br\/cgm\/administracao-cgm-manaus\/"},"author":{"name":"bvalente","@id":"https:\/\/www.manaus.am.gov.br\/cgm\/#\/schema\/person\/466a0e03ae4b6062809046bd560ac955"},"headline":"Alessandro Moreira assume a Controladoria-Geral do Munic\u00edpio, tra\u00e7ando metas positivas para 2025 na administra\u00e7\u00e3o","datePublished":"2025-01-23T21:53:03+00:00","dateModified":"2025-01-23T21:53:04+00:00","mainEntityOfPage":{"@id":"https:\/\/www.manaus.am.gov.br\/cgm\/administracao-cgm-manaus\/"},"wordCount":347,"publisher":{"@id":"https:\/\/www.manaus.am.gov.br\/cgm\/#organization"},"image":{"@id":"https:\/\/www.manaus.am.gov.br\/cgm\/administracao-cgm-manaus\/#primaryimage"},"thumbnailUrl":"https:\/\/www.manaus.am.gov.br\/cgm\/wp-content\/uploads\/sites\/9\/2025\/01\/Alessandro-Moreira-assume-a-Controladoria-Geral-do-Municipio-tracando-metas-positivas-para-2025-na-administracao-.jpg","keywords":["administra\u00e7\u00e3o municipal","Controladoria-Geral do Munic\u00edpio (CGM)","prefeitura de manaus"],"articleSection":["Gest\u00e3o"],"inLanguage":"pt-BR"},{"@type":"WebPage","@id":"https:\/\/www.manaus.am.gov.br\/cgm\/administracao-cgm-manaus\/","url":"https:\/\/www.manaus.am.gov.br\/cgm\/administracao-cgm-manaus\/","name":"Alessandro Moreira assume a Controladoria-Geral do Munic\u00edpio, tra\u00e7ando metas positivas para 2025 na administra\u00e7\u00e3o","isPartOf":{"@id":"https:\/\/www.manaus.am.gov.br\/cgm\/#website"},"primaryImageOfPage":{"@id":"https:\/\/www.manaus.am.gov.br\/cgm\/administracao-cgm-manaus\/#primaryimage"},"image":{"@id":"https:\/\/www.manaus.am.gov.br\/cgm\/administracao-cgm-manaus\/#primaryimage"},"thumbnailUrl":"https:\/\/www.manaus.am.gov.br\/cgm\/wp-content\/uploads\/sites\/9\/2025\/01\/Alessandro-Moreira-assume-a-Controladoria-Geral-do-Municipio-tracando-metas-positivas-para-2025-na-administracao-.jpg","datePublished":"2025-01-23T21:53:03+00:00","dateModified":"2025-01-23T21:53:04+00:00","description":"A Prefeitura de Manaus tem nova mudan\u00e7a no seu quadro de gestores municipais. Alessandro Moreira assume a Controladoria-Geral do Munic\u00edpio, a convite do prefeito de Manaus, David Almeida, e sucede Arnaldo Flores, que assumiu o Instituto Municipal de Mobilidade Urbana (IMMU), \u00f3rg\u00e3o que desde janeiro deste ano era presidido interinamente pelo vice-prefeito e secret\u00e1rio municipal de infraestrutura, Renato Junior.","inLanguage":"pt-BR","potentialAction":[{"@type":"ReadAction","target":["https:\/\/www.manaus.am.gov.br\/cgm\/administracao-cgm-manaus\/"]}]},{"@type":"ImageObject","inLanguage":"pt-BR","@id":"https:\/\/www.manaus.am.gov.br\/cgm\/administracao-cgm-manaus\/#primaryimage","url":"https:\/\/www.manaus.am.gov.br\/cgm\/wp-content\/uploads\/sites\/9\/2025\/01\/Alessandro-Moreira-assume-a-Controladoria-Geral-do-Municipio-tracando-metas-positivas-para-2025-na-administracao-.jpg","contentUrl":"https:\/\/www.manaus.am.gov.br\/cgm\/wp-content\/uploads\/sites\/9\/2025\/01\/Alessandro-Moreira-assume-a-Controladoria-Geral-do-Municipio-tracando-metas-positivas-para-2025-na-administracao-.jpg","width":800,"height":600},{"@type":"WebSite","@id":"https:\/\/www.manaus.am.gov.br\/cgm\/#website","url":"https:\/\/www.manaus.am.gov.br\/cgm\/","name":"CGM","description":"Controladoria Geral do Munic\u00edpio","publisher":{"@id":"https:\/\/www.manaus.am.gov.br\/cgm\/#organization"},"alternateName":"Controladoria-Geral do Munic\u00edpio","potentialAction":[{"@type":"SearchAction","target":{"@type":"EntryPoint","urlTemplate":"https:\/\/www.manaus.am.gov.br\/cgm\/?s={search_term_string}"},"query-input":"required name=search_term_string"}],"inLanguage":"pt-BR"},{"@type":"Organization","@id":"https:\/\/www.manaus.am.gov.br\/cgm\/#organization","name":"Prefeitura de Manaus","alternateName":"Prefeitura Municipal de Manaus","url":"https:\/\/www.manaus.am.gov.br\/cgm\/","logo":{"@type":"ImageObject","inLanguage":"pt-BR","@id":"https:\/\/www.manaus.am.gov.br\/cgm\/#\/schema\/logo\/image\/","url":"https:\/\/www.manaus.am.gov.br\/cgm\/wp-content\/uploads\/sites\/9\/2024\/06\/favicon.png","contentUrl":"https:\/\/www.manaus.am.gov.br\/cgm\/wp-content\/uploads\/sites\/9\/2024\/06\/favicon.png","width":300,"height":300,"caption":"Prefeitura de Manaus"},"image":{"@id":"https:\/\/www.manaus.am.gov.br\/cgm\/#\/schema\/logo\/image\/"},"sameAs":["https:\/\/www.facebook.com\/cgmmanaus","https:\/\/www.instagram.com\/cgmmanaus\/"]},{"@type":"Person","@id":"https:\/\/www.manaus.am.gov.br\/cgm\/#\/schema\/person\/466a0e03ae4b6062809046bd560ac955","name":"bvalente","image":{"@type":"ImageObject","inLanguage":"pt-BR","@id":"https:\/\/www.manaus.am.gov.br\/cgm\/#\/schema\/person\/image\/","url":"https:\/\/secure.gravatar.com\/avatar\/3e69bc2b014bdad41adfec3a39de07d2?s=96&d=mm&r=g","contentUrl":"https:\/\/secure.gravatar.com\/avatar\/3e69bc2b014bdad41adfec3a39de07d2?s=96&d=mm&r=g","caption":"bvalente"}}]}},"_links":{"self":[{"href":"https:\/\/www.manaus.am.gov.br\/cgm\/wp-json\/wp\/v2\/posts\/2026"}],"collection":[{"href":"https:\/\/www.manaus.am.gov.br\/cgm\/wp-json\/wp\/v2\/posts"}],"about":[{"href":"https:\/\/www.manaus.am.gov.br\/cgm\/wp-json\/wp\/v2\/types\/post"}],"author":[{"embeddable":true,"href":"https:\/\/www.manaus.am.gov.br\/cgm\/wp-json\/wp\/v2\/users\/68"}],"replies":[{"embeddable":true,"href":"https:\/\/www.manaus.am.gov.br\/cgm\/wp-json\/wp\/v2\/comments?post=2026"}],"version-history":[{"count":0,"href":"https:\/\/www.manaus.am.gov.br\/cgm\/wp-json\/wp\/v2\/posts\/2026\/revisions"}],"wp:featuredmedia":[{"embeddable":true,"href":"https:\/\/www.manaus.am.gov.br\/cgm\/wp-json\/wp\/v2\/media\/2027"}],"wp:attachment":[{"href":"https:\/\/www.manaus.am.gov.br\/cgm\/wp-json\/wp\/v2\/media?parent=2026"}],"wp:term":[{"taxonomy":"category","embeddable":true,"href":"https:\/\/www.manaus.am.gov.br\/cgm\/wp-json\/wp\/v2\/categories?post=2026"},{"taxonomy":"post_tag","embeddable":true,"href":"https:\/\/www.manaus.am.gov.br\/cgm\/wp-json\/wp\/v2\/tags?post=2026"}],"curies":[{"name":"wp","href":"https:\/\/api.w.org\/{rel}","templated":true}]}}