{"id":1143,"date":"2021-08-19T14:33:05","date_gmt":"2021-08-19T18:33:05","guid":{"rendered":"https:\/\/www.manaus.am.gov.br\/cgm\/controladoria-da-prefeitura-de-manaus-acompanha-vistorias-da-ageman-nos-servicos-essenciais\/"},"modified":"2021-08-19T14:33:05","modified_gmt":"2021-08-19T18:33:05","slug":"controladoria-da-prefeitura-de-manaus-acompanha-vistorias-da-ageman-nos-servicos-essenciais","status":"publish","type":"post","link":"https:\/\/www.manaus.am.gov.br\/cgm\/controladoria-da-prefeitura-de-manaus-acompanha-vistorias-da-ageman-nos-servicos-essenciais\/","title":{"rendered":"Controladoria da Prefeitura de Manaus acompanha vistorias da Ageman nos servi\u00e7os essenciais"},"content":{"rendered":"\n<p>A Controladoria Geral do Munic\u00edpio de Manaus (CGM) tem acompanhado as a\u00e7\u00f5es de fiscaliza\u00e7\u00e3o e as vistorias realizadas pelas equipes t\u00e9cnicas da Ag\u00eancia Reguladora dos Servi\u00e7os P\u00fablicos Delegados do Munic\u00edpio de Manaus (Ageman) junto \u00e0s concession\u00e1rias dos servi\u00e7os de abastecimento de \u00e1gua e esgotamento sanit\u00e1rio, ilumina\u00e7\u00e3o p\u00fablica e Zona Azul.<\/p>\n\n\n<div class=\"wp-block-image\">\n<figure class=\"aligncenter\"><img decoding=\"async\" src=\"https:\/\/www.manaus.am.gov.br\/cgm\/wp-content\/uploads\/sites\/9\/2023\/05\/51388936748_60d293458e_o-720x407.jpg\" alt=\"\" class=\"wp-image-1144\"\/><\/figure><\/div>\n\n\n<p>As inspe\u00e7\u00f5es externas da CGM passaram a integrar a&nbsp;auditoria de acompanhamento de gest\u00e3o em todas as \u00e1reas da Prefeitura de Manaus,&nbsp;por determina\u00e7\u00e3o do prefeito David Almeida.<\/p>\n\n\n\n<p>Na Ageman, as vistorias&nbsp;est\u00e3o ocorrendo diariamente em diversas zonas da cidade, onde as auditoras est\u00e3o tendo a oportunidade de conversar com os usu\u00e1rios, avaliar&nbsp;<em>in loco<\/em>&nbsp;o funcionamento dos servi\u00e7os, al\u00e9m de visita \u00e0s sedes das empresas, onde s\u00e3o coletados dados sobre os sistemas de operacionaliza\u00e7\u00e3o junto aos gestores das concession\u00e1rias.<\/p>\n\n\n\n<p>\u201cDesde a cria\u00e7\u00e3o da Ageman, a Controladoria j\u00e1 vinha&nbsp;analisando os departamentos de controle de gest\u00e3o, or\u00e7ament\u00e1ria, financeira, gest\u00e3o de pessoas, patrimonial, entre outros&nbsp;e com essas inspe\u00e7\u00f5es externas, isso tem corroborado com o trabalho e assegurado um melhor esclarecimento sobre as nossas atividades em torno da regula\u00e7\u00e3o e da fiscaliza\u00e7\u00e3o dos servi\u00e7os p\u00fablicos delegados\u201d, destacou o diretor-presidente da Ageman, F\u00e1bio Alho, ao ressaltar a import\u00e2ncia do trabalho da CGM.<\/p>\n\n\n\n<p>No \u00e2mbito do saneamento b\u00e1sico, as inspe\u00e7\u00f5es da Controladoria foram realizadas no Residencial Parque dos Buritis, na zona Norte de Manaus, onde a equipe da Ageman verificou uma reclama\u00e7\u00e3o referente \u00e0 baixa press\u00e3o no abastecimento de \u00e1gua. As auditoras tamb\u00e9m conheceram o funcionamento do sistema de esgotamento sanit\u00e1rio Centro-Educandos.<\/p>\n\n\n\n<p>Na \u00e1rea da ilumina\u00e7\u00e3o p\u00fablica, a inspe\u00e7\u00e3o acompanhou uma vistoria da Diretoria de Gest\u00e3o Energ\u00e9tica e Ilumina\u00e7\u00e3o P\u00fablica nos bairros Zumbi e Jorge Teixeira, na zona Leste, al\u00e9m de uma visita \u00e0 sede da ManausLuz que ocorrer\u00e1 nesta sexta-feira, 20.<\/p>\n\n\n\n<p>O servi\u00e7o de estacionamento rotativo pago Zona Azul tamb\u00e9m foi alvo da inspe\u00e7\u00e3o da Controladoria. As auditoras estiveram com os t\u00e9cnicos da Ageman no Centro de Manaus, onde verificaram o funcionamento do servi\u00e7o, ouviram motoristas e tamb\u00e9m foram \u00e0 sede da empresa&nbsp;Tecnologia de Tr\u00e2nsito da Amaz\u00f4nia.<\/p>\n\n\n\n<p>A Controladoria tamb\u00e9m tem acompanhado a rotina da Ouvidoria da Ageman que funciona no PAC do shopping Jornalista Phelippe Daou, no bairro Jorge Teixeira, na zona Leste. A estrutura atende \u00e0s demandas dos usu\u00e1rios referentes aos servi\u00e7os regulados na modalidade presencial e on-line por meio do site&nbsp;<a href=\"http:\/\/www.ageman.manaus.am.gov.br\/ouvidoria\" data-saferedirecturl=\"https:\/\/www.google.com\/url?q=http:\/\/www.ageman.manaus.am.gov.br\/ouvidoria&amp;source=gmail&amp;ust=1629484180182000&amp;usg=AFQjCNF6V9TSwL_mfVLwBS5TBN6UXqcXlQ\">www.ageman.manaus.am.gov.br\/ouvidoria<\/a>, e-mail&nbsp;<a href=\"mailto:ouvidoria.ageman@gmail.com\">ouvidoria.ageman@gmail.com<\/a>, whatsapp 98842-5821 e 0800-092-3511.<\/p>\n\n\n\n<p>&#8212; &#8212; &#8212;<\/p>\n\n\n\n<p><strong>Texto &#8211;&nbsp;<\/strong>Tereza Te\u00f3filo<strong>&nbsp;<\/strong>\/ Ageman<strong><br>Fotos &#8211;&nbsp;<\/strong>Divulga\u00e7\u00e3o \/ Ageman<\/p>\n\n\n\n<p><strong>Dispon\u00edveis em &#8211;&nbsp;<\/strong><a href=\"https:\/\/flic.kr\/s\/aHsmWrBsZo\" data-saferedirecturl=\"https:\/\/www.google.com\/url?q=https:\/\/flic.kr\/s\/aHsmWrBsZo&amp;source=gmail&amp;ust=1629484180183000&amp;usg=AFQjCNEPRTbo0n-M6zFHCT-C017TriWSdw\">https:\/\/flic.kr\/s\/aHsmWrBsZo<\/a><\/p>\n","protected":false},"excerpt":{"rendered":"","protected":false},"author":24,"featured_media":0,"comment_status":"closed","ping_status":"closed","sticky":false,"template":"","format":"standard","meta":{"footnotes":""},"categories":[58],"tags":[40,5,59,60,61,62,63,64,10],"acf":[],"yoast_head":"<!-- This site is optimized with the Yoast SEO plugin v23.0 - https:\/\/yoast.com\/wordpress\/plugins\/seo\/ -->\n<title>Controladoria da Prefeitura de Manaus acompanha vistorias da Ageman nos servi\u00e7os essenciais - CGM<\/title>\n<meta name=\"robots\" content=\"index, follow, max-snippet:-1, max-image-preview:large, max-video-preview:-1\" \/>\n<link rel=\"canonical\" href=\"https:\/\/www.manaus.am.gov.br\/cgm\/controladoria-da-prefeitura-de-manaus-acompanha-vistorias-da-ageman-nos-servicos-essenciais\/\" \/>\n<meta property=\"og:locale\" content=\"pt_BR\" \/>\n<meta property=\"og:type\" content=\"article\" \/>\n<meta property=\"og:title\" content=\"Controladoria da Prefeitura de Manaus acompanha vistorias da Ageman nos servi\u00e7os essenciais - CGM\" \/>\n<meta property=\"og:url\" content=\"https:\/\/www.manaus.am.gov.br\/cgm\/controladoria-da-prefeitura-de-manaus-acompanha-vistorias-da-ageman-nos-servicos-essenciais\/\" \/>\n<meta property=\"og:site_name\" content=\"CGM\" \/>\n<meta property=\"article:publisher\" content=\"https:\/\/www.facebook.com\/cgmmanaus\" \/>\n<meta property=\"article:published_time\" content=\"2021-08-19T18:33:05+00:00\" \/>\n<meta property=\"og:image\" content=\"https:\/\/www.manaus.am.gov.br\/cgm\/wp-content\/uploads\/sites\/9\/2023\/05\/51388936748_60d293458e_o-720x407.jpg\" \/>\n<meta name=\"author\" content=\"Cl\u00e1udia Barbosa\" \/>\n<meta name=\"twitter:card\" content=\"summary_large_image\" \/>\n<meta name=\"twitter:label1\" content=\"Written by\" \/>\n\t<meta name=\"twitter:data1\" content=\"Cl\u00e1udia Barbosa\" \/>\n\t<meta name=\"twitter:label2\" content=\"Est. reading time\" \/>\n\t<meta name=\"twitter:data2\" content=\"3 minutos\" \/>\n<script type=\"application\/ld+json\" class=\"yoast-schema-graph\">{\"@context\":\"https:\/\/schema.org\",\"@graph\":[{\"@type\":\"Article\",\"@id\":\"https:\/\/www.manaus.am.gov.br\/cgm\/controladoria-da-prefeitura-de-manaus-acompanha-vistorias-da-ageman-nos-servicos-essenciais\/#article\",\"isPartOf\":{\"@id\":\"https:\/\/www.manaus.am.gov.br\/cgm\/controladoria-da-prefeitura-de-manaus-acompanha-vistorias-da-ageman-nos-servicos-essenciais\/\"},\"author\":{\"name\":\"Cl\u00e1udia Barbosa\",\"@id\":\"https:\/\/www.manaus.am.gov.br\/cgm\/#\/schema\/person\/d0a166b5031154c33c77794ddc9a827e\"},\"headline\":\"Controladoria da Prefeitura de Manaus acompanha vistorias da Ageman nos servi\u00e7os essenciais\",\"datePublished\":\"2021-08-19T18:33:05+00:00\",\"dateModified\":\"2021-08-19T18:33:05+00:00\",\"mainEntityOfPage\":{\"@id\":\"https:\/\/www.manaus.am.gov.br\/cgm\/controladoria-da-prefeitura-de-manaus-acompanha-vistorias-da-ageman-nos-servicos-essenciais\/\"},\"wordCount\":507,\"publisher\":{\"@id\":\"https:\/\/www.manaus.am.gov.br\/cgm\/#organization\"},\"image\":{\"@id\":\"https:\/\/www.manaus.am.gov.br\/cgm\/controladoria-da-prefeitura-de-manaus-acompanha-vistorias-da-ageman-nos-servicos-essenciais\/#primaryimage\"},\"thumbnailUrl\":\"https:\/\/www.manaus.am.gov.br\/cgm\/wp-content\/uploads\/sites\/9\/2023\/05\/51388936748_60d293458e_o-720x407.jpg\",\"keywords\":[\"abastecimento\",\"ageman\",\"\u00e1gua\",\"David Almeida\",\"esgotamento sanitario\",\"F\u00e1bio Alho\",\"Ilumina\u00e7\u00e3o P\u00fablica\",\"servi\u00e7os\",\"zona azul\"],\"articleSection\":[\"A\u00e7\u00f5es\"],\"inLanguage\":\"pt-BR\"},{\"@type\":\"WebPage\",\"@id\":\"https:\/\/www.manaus.am.gov.br\/cgm\/controladoria-da-prefeitura-de-manaus-acompanha-vistorias-da-ageman-nos-servicos-essenciais\/\",\"url\":\"https:\/\/www.manaus.am.gov.br\/cgm\/controladoria-da-prefeitura-de-manaus-acompanha-vistorias-da-ageman-nos-servicos-essenciais\/\",\"name\":\"Controladoria da Prefeitura de Manaus acompanha vistorias da Ageman nos servi\u00e7os essenciais - CGM\",\"isPartOf\":{\"@id\":\"https:\/\/www.manaus.am.gov.br\/cgm\/#website\"},\"primaryImageOfPage\":{\"@id\":\"https:\/\/www.manaus.am.gov.br\/cgm\/controladoria-da-prefeitura-de-manaus-acompanha-vistorias-da-ageman-nos-servicos-essenciais\/#primaryimage\"},\"image\":{\"@id\":\"https:\/\/www.manaus.am.gov.br\/cgm\/controladoria-da-prefeitura-de-manaus-acompanha-vistorias-da-ageman-nos-servicos-essenciais\/#primaryimage\"},\"thumbnailUrl\":\"https:\/\/www.manaus.am.gov.br\/cgm\/wp-content\/uploads\/sites\/9\/2023\/05\/51388936748_60d293458e_o-720x407.jpg\",\"datePublished\":\"2021-08-19T18:33:05+00:00\",\"dateModified\":\"2021-08-19T18:33:05+00:00\",\"inLanguage\":\"pt-BR\",\"potentialAction\":[{\"@type\":\"ReadAction\",\"target\":[\"https:\/\/www.manaus.am.gov.br\/cgm\/controladoria-da-prefeitura-de-manaus-acompanha-vistorias-da-ageman-nos-servicos-essenciais\/\"]}]},{\"@type\":\"ImageObject\",\"inLanguage\":\"pt-BR\",\"@id\":\"https:\/\/www.manaus.am.gov.br\/cgm\/controladoria-da-prefeitura-de-manaus-acompanha-vistorias-da-ageman-nos-servicos-essenciais\/#primaryimage\",\"url\":\"https:\/\/www.manaus.am.gov.br\/cgm\/wp-content\/uploads\/sites\/9\/2023\/05\/51388936748_60d293458e_o.jpg\",\"contentUrl\":\"https:\/\/www.manaus.am.gov.br\/cgm\/wp-content\/uploads\/sites\/9\/2023\/05\/51388936748_60d293458e_o.jpg\",\"width\":1280,\"height\":720},{\"@type\":\"WebSite\",\"@id\":\"https:\/\/www.manaus.am.gov.br\/cgm\/#website\",\"url\":\"https:\/\/www.manaus.am.gov.br\/cgm\/\",\"name\":\"CGM\",\"description\":\"Controladoria Geral do Munic\u00edpio\",\"publisher\":{\"@id\":\"https:\/\/www.manaus.am.gov.br\/cgm\/#organization\"},\"alternateName\":\"Controladoria-Geral do Munic\u00edpio\",\"potentialAction\":[{\"@type\":\"SearchAction\",\"target\":{\"@type\":\"EntryPoint\",\"urlTemplate\":\"https:\/\/www.manaus.am.gov.br\/cgm\/?s={search_term_string}\"},\"query-input\":\"required name=search_term_string\"}],\"inLanguage\":\"pt-BR\"},{\"@type\":\"Organization\",\"@id\":\"https:\/\/www.manaus.am.gov.br\/cgm\/#organization\",\"name\":\"Prefeitura de Manaus\",\"alternateName\":\"Prefeitura Municipal de Manaus\",\"url\":\"https:\/\/www.manaus.am.gov.br\/cgm\/\",\"logo\":{\"@type\":\"ImageObject\",\"inLanguage\":\"pt-BR\",\"@id\":\"https:\/\/www.manaus.am.gov.br\/cgm\/#\/schema\/logo\/image\/\",\"url\":\"https:\/\/www.manaus.am.gov.br\/cgm\/wp-content\/uploads\/sites\/9\/2024\/06\/favicon.png\",\"contentUrl\":\"https:\/\/www.manaus.am.gov.br\/cgm\/wp-content\/uploads\/sites\/9\/2024\/06\/favicon.png\",\"width\":300,\"height\":300,\"caption\":\"Prefeitura de Manaus\"},\"image\":{\"@id\":\"https:\/\/www.manaus.am.gov.br\/cgm\/#\/schema\/logo\/image\/\"},\"sameAs\":[\"https:\/\/www.facebook.com\/cgmmanaus\",\"https:\/\/www.instagram.com\/cgmmanaus\/\"]},{\"@type\":\"Person\",\"@id\":\"https:\/\/www.manaus.am.gov.br\/cgm\/#\/schema\/person\/d0a166b5031154c33c77794ddc9a827e\",\"name\":\"Cl\u00e1udia Barbosa\",\"image\":{\"@type\":\"ImageObject\",\"inLanguage\":\"pt-BR\",\"@id\":\"https:\/\/www.manaus.am.gov.br\/cgm\/#\/schema\/person\/image\/\",\"url\":\"https:\/\/secure.gravatar.com\/avatar\/42958a1cf007f1a00534009218c72590?s=96&d=mm&r=g\",\"contentUrl\":\"https:\/\/secure.gravatar.com\/avatar\/42958a1cf007f1a00534009218c72590?s=96&d=mm&r=g\",\"caption\":\"Cl\u00e1udia Barbosa\"}}]}<\/script>\n<!-- \/ Yoast SEO plugin. -->","yoast_head_json":{"title":"Controladoria da Prefeitura de Manaus acompanha vistorias da Ageman nos servi\u00e7os essenciais - CGM","robots":{"index":"index","follow":"follow","max-snippet":"max-snippet:-1","max-image-preview":"max-image-preview:large","max-video-preview":"max-video-preview:-1"},"canonical":"https:\/\/www.manaus.am.gov.br\/cgm\/controladoria-da-prefeitura-de-manaus-acompanha-vistorias-da-ageman-nos-servicos-essenciais\/","og_locale":"pt_BR","og_type":"article","og_title":"Controladoria da Prefeitura de Manaus acompanha vistorias da Ageman nos servi\u00e7os essenciais - CGM","og_url":"https:\/\/www.manaus.am.gov.br\/cgm\/controladoria-da-prefeitura-de-manaus-acompanha-vistorias-da-ageman-nos-servicos-essenciais\/","og_site_name":"CGM","article_publisher":"https:\/\/www.facebook.com\/cgmmanaus","article_published_time":"2021-08-19T18:33:05+00:00","og_image":[{"url":"https:\/\/www.manaus.am.gov.br\/cgm\/wp-content\/uploads\/sites\/9\/2023\/05\/51388936748_60d293458e_o-720x407.jpg"}],"author":"Cl\u00e1udia Barbosa","twitter_card":"summary_large_image","twitter_misc":{"Written by":"Cl\u00e1udia Barbosa","Est. reading time":"3 minutos"},"schema":{"@context":"https:\/\/schema.org","@graph":[{"@type":"Article","@id":"https:\/\/www.manaus.am.gov.br\/cgm\/controladoria-da-prefeitura-de-manaus-acompanha-vistorias-da-ageman-nos-servicos-essenciais\/#article","isPartOf":{"@id":"https:\/\/www.manaus.am.gov.br\/cgm\/controladoria-da-prefeitura-de-manaus-acompanha-vistorias-da-ageman-nos-servicos-essenciais\/"},"author":{"name":"Cl\u00e1udia Barbosa","@id":"https:\/\/www.manaus.am.gov.br\/cgm\/#\/schema\/person\/d0a166b5031154c33c77794ddc9a827e"},"headline":"Controladoria da Prefeitura de Manaus acompanha vistorias da Ageman nos servi\u00e7os essenciais","datePublished":"2021-08-19T18:33:05+00:00","dateModified":"2021-08-19T18:33:05+00:00","mainEntityOfPage":{"@id":"https:\/\/www.manaus.am.gov.br\/cgm\/controladoria-da-prefeitura-de-manaus-acompanha-vistorias-da-ageman-nos-servicos-essenciais\/"},"wordCount":507,"publisher":{"@id":"https:\/\/www.manaus.am.gov.br\/cgm\/#organization"},"image":{"@id":"https:\/\/www.manaus.am.gov.br\/cgm\/controladoria-da-prefeitura-de-manaus-acompanha-vistorias-da-ageman-nos-servicos-essenciais\/#primaryimage"},"thumbnailUrl":"https:\/\/www.manaus.am.gov.br\/cgm\/wp-content\/uploads\/sites\/9\/2023\/05\/51388936748_60d293458e_o-720x407.jpg","keywords":["abastecimento","ageman","\u00e1gua","David Almeida","esgotamento sanitario","F\u00e1bio Alho","Ilumina\u00e7\u00e3o P\u00fablica","servi\u00e7os","zona azul"],"articleSection":["A\u00e7\u00f5es"],"inLanguage":"pt-BR"},{"@type":"WebPage","@id":"https:\/\/www.manaus.am.gov.br\/cgm\/controladoria-da-prefeitura-de-manaus-acompanha-vistorias-da-ageman-nos-servicos-essenciais\/","url":"https:\/\/www.manaus.am.gov.br\/cgm\/controladoria-da-prefeitura-de-manaus-acompanha-vistorias-da-ageman-nos-servicos-essenciais\/","name":"Controladoria da Prefeitura de Manaus acompanha vistorias da Ageman nos servi\u00e7os essenciais - CGM","isPartOf":{"@id":"https:\/\/www.manaus.am.gov.br\/cgm\/#website"},"primaryImageOfPage":{"@id":"https:\/\/www.manaus.am.gov.br\/cgm\/controladoria-da-prefeitura-de-manaus-acompanha-vistorias-da-ageman-nos-servicos-essenciais\/#primaryimage"},"image":{"@id":"https:\/\/www.manaus.am.gov.br\/cgm\/controladoria-da-prefeitura-de-manaus-acompanha-vistorias-da-ageman-nos-servicos-essenciais\/#primaryimage"},"thumbnailUrl":"https:\/\/www.manaus.am.gov.br\/cgm\/wp-content\/uploads\/sites\/9\/2023\/05\/51388936748_60d293458e_o-720x407.jpg","datePublished":"2021-08-19T18:33:05+00:00","dateModified":"2021-08-19T18:33:05+00:00","inLanguage":"pt-BR","potentialAction":[{"@type":"ReadAction","target":["https:\/\/www.manaus.am.gov.br\/cgm\/controladoria-da-prefeitura-de-manaus-acompanha-vistorias-da-ageman-nos-servicos-essenciais\/"]}]},{"@type":"ImageObject","inLanguage":"pt-BR","@id":"https:\/\/www.manaus.am.gov.br\/cgm\/controladoria-da-prefeitura-de-manaus-acompanha-vistorias-da-ageman-nos-servicos-essenciais\/#primaryimage","url":"https:\/\/www.manaus.am.gov.br\/cgm\/wp-content\/uploads\/sites\/9\/2023\/05\/51388936748_60d293458e_o.jpg","contentUrl":"https:\/\/www.manaus.am.gov.br\/cgm\/wp-content\/uploads\/sites\/9\/2023\/05\/51388936748_60d293458e_o.jpg","width":1280,"height":720},{"@type":"WebSite","@id":"https:\/\/www.manaus.am.gov.br\/cgm\/#website","url":"https:\/\/www.manaus.am.gov.br\/cgm\/","name":"CGM","description":"Controladoria Geral do Munic\u00edpio","publisher":{"@id":"https:\/\/www.manaus.am.gov.br\/cgm\/#organization"},"alternateName":"Controladoria-Geral do Munic\u00edpio","potentialAction":[{"@type":"SearchAction","target":{"@type":"EntryPoint","urlTemplate":"https:\/\/www.manaus.am.gov.br\/cgm\/?s={search_term_string}"},"query-input":"required name=search_term_string"}],"inLanguage":"pt-BR"},{"@type":"Organization","@id":"https:\/\/www.manaus.am.gov.br\/cgm\/#organization","name":"Prefeitura de Manaus","alternateName":"Prefeitura Municipal de Manaus","url":"https:\/\/www.manaus.am.gov.br\/cgm\/","logo":{"@type":"ImageObject","inLanguage":"pt-BR","@id":"https:\/\/www.manaus.am.gov.br\/cgm\/#\/schema\/logo\/image\/","url":"https:\/\/www.manaus.am.gov.br\/cgm\/wp-content\/uploads\/sites\/9\/2024\/06\/favicon.png","contentUrl":"https:\/\/www.manaus.am.gov.br\/cgm\/wp-content\/uploads\/sites\/9\/2024\/06\/favicon.png","width":300,"height":300,"caption":"Prefeitura de Manaus"},"image":{"@id":"https:\/\/www.manaus.am.gov.br\/cgm\/#\/schema\/logo\/image\/"},"sameAs":["https:\/\/www.facebook.com\/cgmmanaus","https:\/\/www.instagram.com\/cgmmanaus\/"]},{"@type":"Person","@id":"https:\/\/www.manaus.am.gov.br\/cgm\/#\/schema\/person\/d0a166b5031154c33c77794ddc9a827e","name":"Cl\u00e1udia Barbosa","image":{"@type":"ImageObject","inLanguage":"pt-BR","@id":"https:\/\/www.manaus.am.gov.br\/cgm\/#\/schema\/person\/image\/","url":"https:\/\/secure.gravatar.com\/avatar\/42958a1cf007f1a00534009218c72590?s=96&d=mm&r=g","contentUrl":"https:\/\/secure.gravatar.com\/avatar\/42958a1cf007f1a00534009218c72590?s=96&d=mm&r=g","caption":"Cl\u00e1udia Barbosa"}}]}},"_links":{"self":[{"href":"https:\/\/www.manaus.am.gov.br\/cgm\/wp-json\/wp\/v2\/posts\/1143"}],"collection":[{"href":"https:\/\/www.manaus.am.gov.br\/cgm\/wp-json\/wp\/v2\/posts"}],"about":[{"href":"https:\/\/www.manaus.am.gov.br\/cgm\/wp-json\/wp\/v2\/types\/post"}],"author":[{"embeddable":true,"href":"https:\/\/www.manaus.am.gov.br\/cgm\/wp-json\/wp\/v2\/users\/24"}],"replies":[{"embeddable":true,"href":"https:\/\/www.manaus.am.gov.br\/cgm\/wp-json\/wp\/v2\/comments?post=1143"}],"version-history":[{"count":1,"href":"https:\/\/www.manaus.am.gov.br\/cgm\/wp-json\/wp\/v2\/posts\/1143\/revisions"}],"predecessor-version":[{"id":1145,"href":"https:\/\/www.manaus.am.gov.br\/cgm\/wp-json\/wp\/v2\/posts\/1143\/revisions\/1145"}],"wp:attachment":[{"href":"https:\/\/www.manaus.am.gov.br\/cgm\/wp-json\/wp\/v2\/media?parent=1143"}],"wp:term":[{"taxonomy":"category","embeddable":true,"href":"https:\/\/www.manaus.am.gov.br\/cgm\/wp-json\/wp\/v2\/categories?post=1143"},{"taxonomy":"post_tag","embeddable":true,"href":"https:\/\/www.manaus.am.gov.br\/cgm\/wp-json\/wp\/v2\/tags?post=1143"}],"curies":[{"name":"wp","href":"https:\/\/api.w.org\/{rel}","templated":true}]}}