{"id":1138,"date":"2021-09-16T15:11:13","date_gmt":"2021-09-16T19:11:13","guid":{"rendered":"https:\/\/www.manaus.am.gov.br\/cgm\/controladoria-geral-acompanha-ageman-nos-testes-de-eficiencia-da-iluminacao-publica-de-manaus\/"},"modified":"2021-09-16T15:11:13","modified_gmt":"2021-09-16T19:11:13","slug":"controladoria-geral-acompanha-ageman-nos-testes-de-eficiencia-da-iluminacao-publica-de-manaus","status":"publish","type":"post","link":"https:\/\/www.manaus.am.gov.br\/cgm\/controladoria-geral-acompanha-ageman-nos-testes-de-eficiencia-da-iluminacao-publica-de-manaus\/","title":{"rendered":"Controladoria Geral acompanha Ageman nos testes de efici\u00eancia da ilumina\u00e7\u00e3o p\u00fablica de Manaus"},"content":{"rendered":"<p>A Controladoria Geral do Munic\u00edpio (CGM) acompanhou, nesta semana, os testes de efici\u00eancia das l\u00e2mpadas a LED que est\u00e3o sendo vistoriadas pela Ag\u00eancia Reguladora dos Servi\u00e7os P\u00fablicos Delegados do Munic\u00edpio de Manaus (Ageman), nos postes da ilumina\u00e7\u00e3o p\u00fablica de ruas e avenidas da capital amazonense.<\/p>\n<p>&nbsp;<\/p>\n<p>&nbsp;<\/p>\n<p><img loading=\"lazy\" decoding=\"async\" class=\"size-full wp-image-1139 img-responsive aligncenter\" src=\"https:\/\/www.manaus.am.gov.br\/cgm\/wp-content\/uploads\/sites\/9\/2023\/05\/testes-led.jpeg\" alt=\"\" width=\"1600\" height=\"1200\" srcset=\"https:\/\/www.manaus.am.gov.br\/cgm\/wp-content\/uploads\/sites\/9\/2023\/05\/testes-led.jpeg 1600w, https:\/\/www.manaus.am.gov.br\/cgm\/wp-content\/uploads\/sites\/9\/2023\/05\/testes-led-300x225.jpeg 300w, https:\/\/www.manaus.am.gov.br\/cgm\/wp-content\/uploads\/sites\/9\/2023\/05\/testes-led-1024x768.jpeg 1024w, https:\/\/www.manaus.am.gov.br\/cgm\/wp-content\/uploads\/sites\/9\/2023\/05\/testes-led-768x576.jpeg 768w, https:\/\/www.manaus.am.gov.br\/cgm\/wp-content\/uploads\/sites\/9\/2023\/05\/testes-led-1536x1152.jpeg 1536w\" sizes=\"(max-width: 1600px) 100vw, 1600px\" \/><\/p>\n<p>&nbsp;<\/p>\n<p>&nbsp;<\/p>\n<p>As inspe\u00e7\u00f5es externas da CGM passaram a integrar a&nbsp;auditoria de acompanhamento de gest\u00e3o em todas as \u00e1reas da Prefeitura de Manaus,&nbsp;por determina\u00e7\u00e3o do prefeito David Almeida, e a vistoria desta quarta-feira, 15\/4, foi realizada \u00e0 noite nos bairros Reden\u00e7\u00e3o, Parque 10 de Novembro e S\u00e3o Jorge, com a participa\u00e7\u00e3o de moradores, auditores da controladoria, engenheiros da Diretoria de Gest\u00e3o Energ\u00e9tica e Ilumina\u00e7\u00e3o P\u00fablica da Ageman, al\u00e9m de funcion\u00e1rios da&nbsp;Manausluz.<\/p>\n<p>&nbsp;<\/p>\n<p>O diretor de Gest\u00e3o Energ\u00e9tica e Ilumina\u00e7\u00e3o P\u00fablica da Ageman, engenheiro Everaldo Leal, explica que os t\u00e9cnicos realizam testes das condi\u00e7\u00f5es de luminosidade estabelecidas em norma t\u00e9cnica, aferindo a medida em \u201cLux\u201d de uma determinada quantidade de pontos (15 a 20 pontos) marcados no pr\u00f3prio piso da via, numa \u00e1rea demarcada entre dois postes consecutivos, com uso de um lux\u00edmetro. Ap\u00f3s as medi\u00e7\u00f5es anotadas, calcula-se a m\u00e9dia dos valores, sendo apurados os \u00edndices de ilumin\u00e2ncia m\u00e9dia e o fator de uniformidade.<\/p>\n<p>&nbsp;<\/p>\n<p>O primeiro \u00e9 comparado com o valor m\u00ednimo previsto em norma para a classe da via, e o segundo avalia a distribui\u00e7\u00e3o uniforme da ilumina\u00e7\u00e3o emitida pelas lumin\u00e1rias LED entre os dois postes, fator que sendo baixo, pode ser percebido na pr\u00e1tica por meio do excesso de sombras entre dois postes, o que causa desconforto aos motoristas que trafegam pelas vias.<\/p>\n<p>&nbsp;<\/p>\n<p>\u201cHavendo n\u00e3o conformidade nos valores apurados, o projeto executado \u00e9 reavaliado, podendo de forma geral, ocorrer a troca das l\u00e2mpadas por outras de maior pot\u00eancia\u201d, afirmou o diretor.<\/p>\n<p>&nbsp;<\/p>\n<p>Em ambas avalia\u00e7\u00f5es, s\u00e3o considerados o volume de tr\u00e1fego de ve\u00edculos e o fluxo de pedestres, itens de extrema import\u00e2ncia, porque qualquer inconsist\u00eancia apontada, significa que o projeto feito para atender aquela via n\u00e3o est\u00e1 nos padr\u00f5es t\u00e9cnicos de qualidade exigidos pela norma e isso poder\u00e1 causar desconforto e inseguran\u00e7a aos pedestres e condutores de ve\u00edculos.<\/p>\n<p>&nbsp;<\/p>\n<p>Conforme prev\u00ea o contrato de concess\u00e3o da ilumina\u00e7\u00e3o p\u00fablica, as duas medi\u00e7\u00f5es seguem as diretrizes da norma ABNT NBR 5101:2012 e s\u00e3o realizadas a partir de amostras aleat\u00f3rias de pontos luminosos modernizados, baseadas numa quantidade definida contratualmente entre 150 e 200 pontos para cada 100 mil pontos modernizados.<\/p>\n<p>&nbsp;<\/p>\n<p>O morador da rua 16 do conjunto Hileia, Claudemir Co\u00ealho, fez quest\u00e3o de acompanhar a vistoria e destacou a import\u00e2ncia do servi\u00e7o para a seguran\u00e7a.<\/p>\n<p>&nbsp;<\/p>\n<p>&#8220;Com a nova ilumina\u00e7\u00e3o conseguimos visualizar a rua toda \u00e0 noite, o que no passado era inseguro. Muitas vezes ao chegar em casa de carro, representava um risco para entrar e ver quem estava pr\u00f3ximo a sua casa&#8221;, relatou o usu\u00e1rio.<\/p>\n<p>&nbsp;<\/p>\n<p>&nbsp;<\/p>\n<p>&#8212; &#8212; &#8212;<\/p>\n<p><strong>Texto &#8211; <\/strong>Tereza Te\u00f3filo \/ Ageman<\/p>\n<p><strong>Foto &#8211; <\/strong>Divulga\u00e7\u00e3o \/ Ageman<\/p>\n","protected":false},"excerpt":{"rendered":"","protected":false},"author":31,"featured_media":0,"comment_status":"closed","ping_status":"closed","sticky":false,"template":"","format":"standard","meta":{"footnotes":""},"categories":[50],"tags":[51,52,53,54],"acf":[],"yoast_head":"<!-- This site is optimized with the Yoast SEO plugin v23.0 - https:\/\/yoast.com\/wordpress\/plugins\/seo\/ -->\n<title>Controladoria Geral acompanha Ageman nos testes de efici\u00eancia da ilumina\u00e7\u00e3o p\u00fablica de Manaus - CGM<\/title>\n<meta name=\"robots\" content=\"index, follow, max-snippet:-1, max-image-preview:large, max-video-preview:-1\" \/>\n<link rel=\"canonical\" href=\"https:\/\/www.manaus.am.gov.br\/cgm\/controladoria-geral-acompanha-ageman-nos-testes-de-eficiencia-da-iluminacao-publica-de-manaus\/\" \/>\n<meta property=\"og:locale\" content=\"pt_BR\" \/>\n<meta property=\"og:type\" content=\"article\" \/>\n<meta property=\"og:title\" content=\"Controladoria Geral acompanha Ageman nos testes de efici\u00eancia da ilumina\u00e7\u00e3o p\u00fablica de Manaus - CGM\" \/>\n<meta property=\"og:url\" content=\"https:\/\/www.manaus.am.gov.br\/cgm\/controladoria-geral-acompanha-ageman-nos-testes-de-eficiencia-da-iluminacao-publica-de-manaus\/\" \/>\n<meta property=\"og:site_name\" content=\"CGM\" \/>\n<meta property=\"article:publisher\" content=\"https:\/\/www.facebook.com\/cgmmanaus\" \/>\n<meta property=\"article:published_time\" content=\"2021-09-16T19:11:13+00:00\" \/>\n<meta property=\"og:image\" content=\"https:\/\/www.manaus.am.gov.br\/cgm\/wp-content\/uploads\/sites\/9\/2023\/05\/testes-led.jpeg\" \/>\n<meta name=\"author\" content=\"Renata Felix\" \/>\n<meta name=\"twitter:card\" content=\"summary_large_image\" \/>\n<meta name=\"twitter:label1\" content=\"Written by\" \/>\n\t<meta name=\"twitter:data1\" content=\"Renata Felix\" \/>\n\t<meta name=\"twitter:label2\" content=\"Est. reading time\" \/>\n\t<meta name=\"twitter:data2\" content=\"3 minutos\" \/>\n<script type=\"application\/ld+json\" class=\"yoast-schema-graph\">{\"@context\":\"https:\/\/schema.org\",\"@graph\":[{\"@type\":\"Article\",\"@id\":\"https:\/\/www.manaus.am.gov.br\/cgm\/controladoria-geral-acompanha-ageman-nos-testes-de-eficiencia-da-iluminacao-publica-de-manaus\/#article\",\"isPartOf\":{\"@id\":\"https:\/\/www.manaus.am.gov.br\/cgm\/controladoria-geral-acompanha-ageman-nos-testes-de-eficiencia-da-iluminacao-publica-de-manaus\/\"},\"author\":{\"name\":\"Renata Felix\",\"@id\":\"https:\/\/www.manaus.am.gov.br\/cgm\/#\/schema\/person\/4eea2a8f78dc853097abb026f728aa06\"},\"headline\":\"Controladoria Geral acompanha Ageman nos testes de efici\u00eancia da ilumina\u00e7\u00e3o p\u00fablica de Manaus\",\"datePublished\":\"2021-09-16T19:11:13+00:00\",\"dateModified\":\"2021-09-16T19:11:13+00:00\",\"mainEntityOfPage\":{\"@id\":\"https:\/\/www.manaus.am.gov.br\/cgm\/controladoria-geral-acompanha-ageman-nos-testes-de-eficiencia-da-iluminacao-publica-de-manaus\/\"},\"wordCount\":559,\"publisher\":{\"@id\":\"https:\/\/www.manaus.am.gov.br\/cgm\/#organization\"},\"image\":{\"@id\":\"https:\/\/www.manaus.am.gov.br\/cgm\/controladoria-geral-acompanha-ageman-nos-testes-de-eficiencia-da-iluminacao-publica-de-manaus\/#primaryimage\"},\"thumbnailUrl\":\"https:\/\/www.manaus.am.gov.br\/cgm\/wp-content\/uploads\/sites\/9\/2023\/05\/testes-led.jpeg\",\"keywords\":[\"ilumina\u00e7\u00e3o\",\"LED\",\"testes de efici\u00eancia\",\"vistoria\"],\"articleSection\":[\"Ilumina\u00e7\u00e3o\"],\"inLanguage\":\"pt-BR\"},{\"@type\":\"WebPage\",\"@id\":\"https:\/\/www.manaus.am.gov.br\/cgm\/controladoria-geral-acompanha-ageman-nos-testes-de-eficiencia-da-iluminacao-publica-de-manaus\/\",\"url\":\"https:\/\/www.manaus.am.gov.br\/cgm\/controladoria-geral-acompanha-ageman-nos-testes-de-eficiencia-da-iluminacao-publica-de-manaus\/\",\"name\":\"Controladoria Geral acompanha Ageman nos testes de efici\u00eancia da ilumina\u00e7\u00e3o p\u00fablica de Manaus - CGM\",\"isPartOf\":{\"@id\":\"https:\/\/www.manaus.am.gov.br\/cgm\/#website\"},\"primaryImageOfPage\":{\"@id\":\"https:\/\/www.manaus.am.gov.br\/cgm\/controladoria-geral-acompanha-ageman-nos-testes-de-eficiencia-da-iluminacao-publica-de-manaus\/#primaryimage\"},\"image\":{\"@id\":\"https:\/\/www.manaus.am.gov.br\/cgm\/controladoria-geral-acompanha-ageman-nos-testes-de-eficiencia-da-iluminacao-publica-de-manaus\/#primaryimage\"},\"thumbnailUrl\":\"https:\/\/www.manaus.am.gov.br\/cgm\/wp-content\/uploads\/sites\/9\/2023\/05\/testes-led.jpeg\",\"datePublished\":\"2021-09-16T19:11:13+00:00\",\"dateModified\":\"2021-09-16T19:11:13+00:00\",\"inLanguage\":\"pt-BR\",\"potentialAction\":[{\"@type\":\"ReadAction\",\"target\":[\"https:\/\/www.manaus.am.gov.br\/cgm\/controladoria-geral-acompanha-ageman-nos-testes-de-eficiencia-da-iluminacao-publica-de-manaus\/\"]}]},{\"@type\":\"ImageObject\",\"inLanguage\":\"pt-BR\",\"@id\":\"https:\/\/www.manaus.am.gov.br\/cgm\/controladoria-geral-acompanha-ageman-nos-testes-de-eficiencia-da-iluminacao-publica-de-manaus\/#primaryimage\",\"url\":\"https:\/\/www.manaus.am.gov.br\/cgm\/wp-content\/uploads\/sites\/9\/2023\/05\/testes-led.jpeg\",\"contentUrl\":\"https:\/\/www.manaus.am.gov.br\/cgm\/wp-content\/uploads\/sites\/9\/2023\/05\/testes-led.jpeg\",\"width\":1600,\"height\":1200},{\"@type\":\"WebSite\",\"@id\":\"https:\/\/www.manaus.am.gov.br\/cgm\/#website\",\"url\":\"https:\/\/www.manaus.am.gov.br\/cgm\/\",\"name\":\"CGM\",\"description\":\"Controladoria Geral do Munic\u00edpio\",\"publisher\":{\"@id\":\"https:\/\/www.manaus.am.gov.br\/cgm\/#organization\"},\"alternateName\":\"Controladoria-Geral do Munic\u00edpio\",\"potentialAction\":[{\"@type\":\"SearchAction\",\"target\":{\"@type\":\"EntryPoint\",\"urlTemplate\":\"https:\/\/www.manaus.am.gov.br\/cgm\/?s={search_term_string}\"},\"query-input\":\"required name=search_term_string\"}],\"inLanguage\":\"pt-BR\"},{\"@type\":\"Organization\",\"@id\":\"https:\/\/www.manaus.am.gov.br\/cgm\/#organization\",\"name\":\"Prefeitura de Manaus\",\"alternateName\":\"Prefeitura Municipal de Manaus\",\"url\":\"https:\/\/www.manaus.am.gov.br\/cgm\/\",\"logo\":{\"@type\":\"ImageObject\",\"inLanguage\":\"pt-BR\",\"@id\":\"https:\/\/www.manaus.am.gov.br\/cgm\/#\/schema\/logo\/image\/\",\"url\":\"https:\/\/www.manaus.am.gov.br\/cgm\/wp-content\/uploads\/sites\/9\/2024\/06\/favicon.png\",\"contentUrl\":\"https:\/\/www.manaus.am.gov.br\/cgm\/wp-content\/uploads\/sites\/9\/2024\/06\/favicon.png\",\"width\":300,\"height\":300,\"caption\":\"Prefeitura de Manaus\"},\"image\":{\"@id\":\"https:\/\/www.manaus.am.gov.br\/cgm\/#\/schema\/logo\/image\/\"},\"sameAs\":[\"https:\/\/www.facebook.com\/cgmmanaus\",\"https:\/\/www.instagram.com\/cgmmanaus\/\"]},{\"@type\":\"Person\",\"@id\":\"https:\/\/www.manaus.am.gov.br\/cgm\/#\/schema\/person\/4eea2a8f78dc853097abb026f728aa06\",\"name\":\"Renata Felix\",\"image\":{\"@type\":\"ImageObject\",\"inLanguage\":\"pt-BR\",\"@id\":\"https:\/\/www.manaus.am.gov.br\/cgm\/#\/schema\/person\/image\/\",\"url\":\"https:\/\/secure.gravatar.com\/avatar\/3c196cf9d3b837b24c8edb2c50fd8f29?s=96&d=mm&r=g\",\"contentUrl\":\"https:\/\/secure.gravatar.com\/avatar\/3c196cf9d3b837b24c8edb2c50fd8f29?s=96&d=mm&r=g\",\"caption\":\"Renata Felix\"}}]}<\/script>\n<!-- \/ Yoast SEO plugin. -->","yoast_head_json":{"title":"Controladoria Geral acompanha Ageman nos testes de efici\u00eancia da ilumina\u00e7\u00e3o p\u00fablica de Manaus - CGM","robots":{"index":"index","follow":"follow","max-snippet":"max-snippet:-1","max-image-preview":"max-image-preview:large","max-video-preview":"max-video-preview:-1"},"canonical":"https:\/\/www.manaus.am.gov.br\/cgm\/controladoria-geral-acompanha-ageman-nos-testes-de-eficiencia-da-iluminacao-publica-de-manaus\/","og_locale":"pt_BR","og_type":"article","og_title":"Controladoria Geral acompanha Ageman nos testes de efici\u00eancia da ilumina\u00e7\u00e3o p\u00fablica de Manaus - CGM","og_url":"https:\/\/www.manaus.am.gov.br\/cgm\/controladoria-geral-acompanha-ageman-nos-testes-de-eficiencia-da-iluminacao-publica-de-manaus\/","og_site_name":"CGM","article_publisher":"https:\/\/www.facebook.com\/cgmmanaus","article_published_time":"2021-09-16T19:11:13+00:00","og_image":[{"url":"https:\/\/www.manaus.am.gov.br\/cgm\/wp-content\/uploads\/sites\/9\/2023\/05\/testes-led.jpeg"}],"author":"Renata Felix","twitter_card":"summary_large_image","twitter_misc":{"Written by":"Renata Felix","Est. reading time":"3 minutos"},"schema":{"@context":"https:\/\/schema.org","@graph":[{"@type":"Article","@id":"https:\/\/www.manaus.am.gov.br\/cgm\/controladoria-geral-acompanha-ageman-nos-testes-de-eficiencia-da-iluminacao-publica-de-manaus\/#article","isPartOf":{"@id":"https:\/\/www.manaus.am.gov.br\/cgm\/controladoria-geral-acompanha-ageman-nos-testes-de-eficiencia-da-iluminacao-publica-de-manaus\/"},"author":{"name":"Renata Felix","@id":"https:\/\/www.manaus.am.gov.br\/cgm\/#\/schema\/person\/4eea2a8f78dc853097abb026f728aa06"},"headline":"Controladoria Geral acompanha Ageman nos testes de efici\u00eancia da ilumina\u00e7\u00e3o p\u00fablica de Manaus","datePublished":"2021-09-16T19:11:13+00:00","dateModified":"2021-09-16T19:11:13+00:00","mainEntityOfPage":{"@id":"https:\/\/www.manaus.am.gov.br\/cgm\/controladoria-geral-acompanha-ageman-nos-testes-de-eficiencia-da-iluminacao-publica-de-manaus\/"},"wordCount":559,"publisher":{"@id":"https:\/\/www.manaus.am.gov.br\/cgm\/#organization"},"image":{"@id":"https:\/\/www.manaus.am.gov.br\/cgm\/controladoria-geral-acompanha-ageman-nos-testes-de-eficiencia-da-iluminacao-publica-de-manaus\/#primaryimage"},"thumbnailUrl":"https:\/\/www.manaus.am.gov.br\/cgm\/wp-content\/uploads\/sites\/9\/2023\/05\/testes-led.jpeg","keywords":["ilumina\u00e7\u00e3o","LED","testes de efici\u00eancia","vistoria"],"articleSection":["Ilumina\u00e7\u00e3o"],"inLanguage":"pt-BR"},{"@type":"WebPage","@id":"https:\/\/www.manaus.am.gov.br\/cgm\/controladoria-geral-acompanha-ageman-nos-testes-de-eficiencia-da-iluminacao-publica-de-manaus\/","url":"https:\/\/www.manaus.am.gov.br\/cgm\/controladoria-geral-acompanha-ageman-nos-testes-de-eficiencia-da-iluminacao-publica-de-manaus\/","name":"Controladoria Geral acompanha Ageman nos testes de efici\u00eancia da ilumina\u00e7\u00e3o p\u00fablica de Manaus - CGM","isPartOf":{"@id":"https:\/\/www.manaus.am.gov.br\/cgm\/#website"},"primaryImageOfPage":{"@id":"https:\/\/www.manaus.am.gov.br\/cgm\/controladoria-geral-acompanha-ageman-nos-testes-de-eficiencia-da-iluminacao-publica-de-manaus\/#primaryimage"},"image":{"@id":"https:\/\/www.manaus.am.gov.br\/cgm\/controladoria-geral-acompanha-ageman-nos-testes-de-eficiencia-da-iluminacao-publica-de-manaus\/#primaryimage"},"thumbnailUrl":"https:\/\/www.manaus.am.gov.br\/cgm\/wp-content\/uploads\/sites\/9\/2023\/05\/testes-led.jpeg","datePublished":"2021-09-16T19:11:13+00:00","dateModified":"2021-09-16T19:11:13+00:00","inLanguage":"pt-BR","potentialAction":[{"@type":"ReadAction","target":["https:\/\/www.manaus.am.gov.br\/cgm\/controladoria-geral-acompanha-ageman-nos-testes-de-eficiencia-da-iluminacao-publica-de-manaus\/"]}]},{"@type":"ImageObject","inLanguage":"pt-BR","@id":"https:\/\/www.manaus.am.gov.br\/cgm\/controladoria-geral-acompanha-ageman-nos-testes-de-eficiencia-da-iluminacao-publica-de-manaus\/#primaryimage","url":"https:\/\/www.manaus.am.gov.br\/cgm\/wp-content\/uploads\/sites\/9\/2023\/05\/testes-led.jpeg","contentUrl":"https:\/\/www.manaus.am.gov.br\/cgm\/wp-content\/uploads\/sites\/9\/2023\/05\/testes-led.jpeg","width":1600,"height":1200},{"@type":"WebSite","@id":"https:\/\/www.manaus.am.gov.br\/cgm\/#website","url":"https:\/\/www.manaus.am.gov.br\/cgm\/","name":"CGM","description":"Controladoria Geral do Munic\u00edpio","publisher":{"@id":"https:\/\/www.manaus.am.gov.br\/cgm\/#organization"},"alternateName":"Controladoria-Geral do Munic\u00edpio","potentialAction":[{"@type":"SearchAction","target":{"@type":"EntryPoint","urlTemplate":"https:\/\/www.manaus.am.gov.br\/cgm\/?s={search_term_string}"},"query-input":"required name=search_term_string"}],"inLanguage":"pt-BR"},{"@type":"Organization","@id":"https:\/\/www.manaus.am.gov.br\/cgm\/#organization","name":"Prefeitura de Manaus","alternateName":"Prefeitura Municipal de Manaus","url":"https:\/\/www.manaus.am.gov.br\/cgm\/","logo":{"@type":"ImageObject","inLanguage":"pt-BR","@id":"https:\/\/www.manaus.am.gov.br\/cgm\/#\/schema\/logo\/image\/","url":"https:\/\/www.manaus.am.gov.br\/cgm\/wp-content\/uploads\/sites\/9\/2024\/06\/favicon.png","contentUrl":"https:\/\/www.manaus.am.gov.br\/cgm\/wp-content\/uploads\/sites\/9\/2024\/06\/favicon.png","width":300,"height":300,"caption":"Prefeitura de Manaus"},"image":{"@id":"https:\/\/www.manaus.am.gov.br\/cgm\/#\/schema\/logo\/image\/"},"sameAs":["https:\/\/www.facebook.com\/cgmmanaus","https:\/\/www.instagram.com\/cgmmanaus\/"]},{"@type":"Person","@id":"https:\/\/www.manaus.am.gov.br\/cgm\/#\/schema\/person\/4eea2a8f78dc853097abb026f728aa06","name":"Renata Felix","image":{"@type":"ImageObject","inLanguage":"pt-BR","@id":"https:\/\/www.manaus.am.gov.br\/cgm\/#\/schema\/person\/image\/","url":"https:\/\/secure.gravatar.com\/avatar\/3c196cf9d3b837b24c8edb2c50fd8f29?s=96&d=mm&r=g","contentUrl":"https:\/\/secure.gravatar.com\/avatar\/3c196cf9d3b837b24c8edb2c50fd8f29?s=96&d=mm&r=g","caption":"Renata Felix"}}]}},"_links":{"self":[{"href":"https:\/\/www.manaus.am.gov.br\/cgm\/wp-json\/wp\/v2\/posts\/1138"}],"collection":[{"href":"https:\/\/www.manaus.am.gov.br\/cgm\/wp-json\/wp\/v2\/posts"}],"about":[{"href":"https:\/\/www.manaus.am.gov.br\/cgm\/wp-json\/wp\/v2\/types\/post"}],"author":[{"embeddable":true,"href":"https:\/\/www.manaus.am.gov.br\/cgm\/wp-json\/wp\/v2\/users\/31"}],"replies":[{"embeddable":true,"href":"https:\/\/www.manaus.am.gov.br\/cgm\/wp-json\/wp\/v2\/comments?post=1138"}],"version-history":[{"count":1,"href":"https:\/\/www.manaus.am.gov.br\/cgm\/wp-json\/wp\/v2\/posts\/1138\/revisions"}],"predecessor-version":[{"id":1140,"href":"https:\/\/www.manaus.am.gov.br\/cgm\/wp-json\/wp\/v2\/posts\/1138\/revisions\/1140"}],"wp:attachment":[{"href":"https:\/\/www.manaus.am.gov.br\/cgm\/wp-json\/wp\/v2\/media?parent=1138"}],"wp:term":[{"taxonomy":"category","embeddable":true,"href":"https:\/\/www.manaus.am.gov.br\/cgm\/wp-json\/wp\/v2\/categories?post=1138"},{"taxonomy":"post_tag","embeddable":true,"href":"https:\/\/www.manaus.am.gov.br\/cgm\/wp-json\/wp\/v2\/tags?post=1138"}],"curies":[{"name":"wp","href":"https:\/\/api.w.org\/{rel}","templated":true}]}}