{"id":1130,"date":"2022-07-20T17:26:13","date_gmt":"2022-07-20T21:26:13","guid":{"rendered":"https:\/\/www.manaus.am.gov.br\/cgm\/controladoria-acompanha-ageman-em-obra-de-abastecimento-de-agua-na-comunidade-ismail-aziz\/"},"modified":"2022-07-20T17:26:13","modified_gmt":"2022-07-20T21:26:13","slug":"controladoria-acompanha-ageman-em-obra-de-abastecimento-de-agua-na-comunidade-ismail-aziz","status":"publish","type":"post","link":"https:\/\/www.manaus.am.gov.br\/cgm\/controladoria-acompanha-ageman-em-obra-de-abastecimento-de-agua-na-comunidade-ismail-aziz\/","title":{"rendered":"Controladoria acompanha Ageman em obra de abastecimento de \u00e1gua na comunidade Ismail Aziz"},"content":{"rendered":"\n<p><span style=\"font-family: verdana, geneva, sans-serif;\">A Controladoria-Geral do Munic\u00edpio (CGM) come\u00e7ou a acompanhar as a\u00e7\u00f5es de fiscaliza\u00e7\u00e3o e vistorias realizadas pelos t\u00e9cnicos da Ag\u00eancia Reguladora dos Servi\u00e7os P\u00fablicos Delegados do Munic\u00edpio de Manaus (Ageman) em diversas localidades da capital.<\/span><\/p>\n\n\n<div class=\"wp-block-image\">\n<figure class=\"aligncenter\"><img decoding=\"async\" src=\"https:\/\/www.manaus.am.gov.br\/cgm\/wp-content\/uploads\/sites\/9\/2023\/05\/Vistoria-1-720x407.jpg\" alt=\"\" class=\"wp-image-1131\"\/><\/figure><\/div>\n\n\n<p><span style=\"font-family: verdana, geneva, sans-serif;\">No \u00e2mbito do saneamento b\u00e1sico, as servidoras designadas para atuar no controle interno estiveram na comunidade Ismail Aziz, no bairro Tarum\u00e3-A\u00e7u, na zona Oeste, onde as equipes de engenharia da Ageman est\u00e3o fiscalizando as obras de implanta\u00e7\u00e3o de rede de \u00e1gua tratada que vai atender aos mais de 5 mil moradores do lugar.<\/span><\/p>\n\n\n\n<p><span style=\"font-family: verdana, geneva, sans-serif;\">A estrutura do sistema isolado de abastecimento de \u00e1gua da comunidade Ismail Aziz compreende um reservat\u00f3rio e um po\u00e7o tubular. Os trabalhos come\u00e7aram h\u00e1 dois meses e dever\u00e3o ser conclu\u00eddos em agosto.<\/span><\/p>\n\n\n\n<p><span style=\"font-family: verdana, geneva, sans-serif;\">No total, est\u00e3o sendo assentados 5,5 mil metros de rede e 900 liga\u00e7\u00f5es de \u00e1gua. Todos os usu\u00e1rios dever\u00e3o fazer parte da Tarifa Social, a qual garante desconto de 50% para as fam\u00edlias que consumirem at\u00e9 15 metros c\u00fabicos de \u00e1gua por m\u00eas (o equivalente a 15 caixas d\u2019\u00e1gua de mil litros).<\/span><\/p>\n\n\n\n<p><span style=\"font-family: verdana, geneva, sans-serif;\">As obras est\u00e3o sendo executadas pela concession\u00e1ria \u00c1guas de Manaus.<\/span><\/p>\n\n\n\n<p><span style=\"font-family: verdana, geneva, sans-serif;\">A diretora t\u00e9cnica de Concess\u00f5es, Obras e Saneamento da Ageman, Suzy Tavares, explicou que o abastecimento de \u00e1gua da comunidade era feito por meio de dois po\u00e7os comunit\u00e1rios antigos.<\/span><\/p>\n\n\n\n<p><span style=\"font-family: verdana, geneva, sans-serif;\">\u201cAgora os moradores receber\u00e3o \u00e1gua de qualidade e n\u00f3s estamos regularmente acompanhando a execu\u00e7\u00e3o desse projeto que foi um pleito do prefeito David Almeida, j\u00e1 que a \u00e1rea ainda n\u00e3o estava integrada ao sistema p\u00fablico de abastecimento de \u00e1gua\u201d, informou.<\/span><\/p>\n\n\n\n<p><span style=\"font-family: verdana, geneva, sans-serif;\">Durante a vistoria, as servidoras da CGM conversam com os usu\u00e1rios, avaliam o funcionamento dos servi\u00e7os, o andamento das obras e os engenheiros da Ageman auxiliam no esclarecimento das informa\u00e7\u00f5es t\u00e9cnicas.<\/span><\/p>\n\n\n\n<p><span style=\"font-family: verdana, geneva, sans-serif;\">As inspe\u00e7\u00f5es externas da CGM passaram a integrar a auditoria de acompanhamento de gest\u00e3o em todas as \u00e1reas da Prefeitura de Manaus, a pedido do prefeito David Almeida desde o in\u00edcio de sua gest\u00e3o.<\/span><\/p>\n\n\n\n<p><span style=\"font-family: verdana, geneva, sans-serif;\">&#8212; &#8212; &#8212;<\/span><\/p>\n\n\n\n<p><span style=\"font-family: verdana, geneva, sans-serif;\"><strong>Texto<\/strong> &#8211; Tereza Te\u00f3filo \/ Ageman<\/span><\/p>\n\n\n\n<p><span style=\"font-family: verdana, geneva, sans-serif;\"><strong>Foto<\/strong>&nbsp;&#8211; Divulga\u00e7\u00e3o \/ Ageman<\/span><\/p>\n","protected":false},"excerpt":{"rendered":"","protected":false},"author":8,"featured_media":0,"comment_status":"closed","ping_status":"closed","sticky":false,"template":"","format":"standard","meta":{"footnotes":""},"categories":[34],"tags":[40,5,7,41,42],"acf":[],"yoast_head":"<!-- This site is optimized with the Yoast SEO plugin v23.0 - https:\/\/yoast.com\/wordpress\/plugins\/seo\/ -->\n<title>Controladoria acompanha Ageman em obra de abastecimento de \u00e1gua na comunidade Ismail Aziz - CGM<\/title>\n<meta name=\"robots\" content=\"index, follow, max-snippet:-1, max-image-preview:large, max-video-preview:-1\" \/>\n<link rel=\"canonical\" href=\"https:\/\/www.manaus.am.gov.br\/cgm\/controladoria-acompanha-ageman-em-obra-de-abastecimento-de-agua-na-comunidade-ismail-aziz\/\" \/>\n<meta property=\"og:locale\" content=\"pt_BR\" \/>\n<meta property=\"og:type\" content=\"article\" \/>\n<meta property=\"og:title\" content=\"Controladoria acompanha Ageman em obra de abastecimento de \u00e1gua na comunidade Ismail Aziz - CGM\" \/>\n<meta property=\"og:url\" content=\"https:\/\/www.manaus.am.gov.br\/cgm\/controladoria-acompanha-ageman-em-obra-de-abastecimento-de-agua-na-comunidade-ismail-aziz\/\" \/>\n<meta property=\"og:site_name\" content=\"CGM\" \/>\n<meta property=\"article:publisher\" content=\"https:\/\/www.facebook.com\/cgmmanaus\" \/>\n<meta property=\"article:published_time\" content=\"2022-07-20T21:26:13+00:00\" \/>\n<meta property=\"og:image\" content=\"https:\/\/www.manaus.am.gov.br\/cgm\/wp-content\/uploads\/sites\/9\/2023\/05\/Vistoria-1-720x407.jpg\" \/>\n<meta name=\"author\" content=\"Glauber Farias\" \/>\n<meta name=\"twitter:card\" content=\"summary_large_image\" \/>\n<meta name=\"twitter:label1\" content=\"Written by\" \/>\n\t<meta name=\"twitter:data1\" content=\"Glauber Farias\" \/>\n\t<meta name=\"twitter:label2\" content=\"Est. reading time\" \/>\n\t<meta name=\"twitter:data2\" content=\"2 minutos\" \/>\n<script type=\"application\/ld+json\" class=\"yoast-schema-graph\">{\"@context\":\"https:\/\/schema.org\",\"@graph\":[{\"@type\":\"Article\",\"@id\":\"https:\/\/www.manaus.am.gov.br\/cgm\/controladoria-acompanha-ageman-em-obra-de-abastecimento-de-agua-na-comunidade-ismail-aziz\/#article\",\"isPartOf\":{\"@id\":\"https:\/\/www.manaus.am.gov.br\/cgm\/controladoria-acompanha-ageman-em-obra-de-abastecimento-de-agua-na-comunidade-ismail-aziz\/\"},\"author\":{\"name\":\"Glauber Farias\",\"@id\":\"https:\/\/www.manaus.am.gov.br\/cgm\/#\/schema\/person\/fe69d2249d78e7a3112d42bc34c44a58\"},\"headline\":\"Controladoria acompanha Ageman em obra de abastecimento de \u00e1gua na comunidade Ismail Aziz\",\"datePublished\":\"2022-07-20T21:26:13+00:00\",\"dateModified\":\"2022-07-20T21:26:13+00:00\",\"mainEntityOfPage\":{\"@id\":\"https:\/\/www.manaus.am.gov.br\/cgm\/controladoria-acompanha-ageman-em-obra-de-abastecimento-de-agua-na-comunidade-ismail-aziz\/\"},\"wordCount\":383,\"publisher\":{\"@id\":\"https:\/\/www.manaus.am.gov.br\/cgm\/#organization\"},\"image\":{\"@id\":\"https:\/\/www.manaus.am.gov.br\/cgm\/controladoria-acompanha-ageman-em-obra-de-abastecimento-de-agua-na-comunidade-ismail-aziz\/#primaryimage\"},\"thumbnailUrl\":\"https:\/\/www.manaus.am.gov.br\/cgm\/wp-content\/uploads\/sites\/9\/2023\/05\/Vistoria-1-720x407.jpg\",\"keywords\":[\"abastecimento\",\"ageman\",\"CGM\",\"comunidade Ismail Aziz\",\"vistorias\"],\"articleSection\":[\"Regula\u00e7\u00e3o\"],\"inLanguage\":\"pt-BR\"},{\"@type\":\"WebPage\",\"@id\":\"https:\/\/www.manaus.am.gov.br\/cgm\/controladoria-acompanha-ageman-em-obra-de-abastecimento-de-agua-na-comunidade-ismail-aziz\/\",\"url\":\"https:\/\/www.manaus.am.gov.br\/cgm\/controladoria-acompanha-ageman-em-obra-de-abastecimento-de-agua-na-comunidade-ismail-aziz\/\",\"name\":\"Controladoria acompanha Ageman em obra de abastecimento de \u00e1gua na comunidade Ismail Aziz - CGM\",\"isPartOf\":{\"@id\":\"https:\/\/www.manaus.am.gov.br\/cgm\/#website\"},\"primaryImageOfPage\":{\"@id\":\"https:\/\/www.manaus.am.gov.br\/cgm\/controladoria-acompanha-ageman-em-obra-de-abastecimento-de-agua-na-comunidade-ismail-aziz\/#primaryimage\"},\"image\":{\"@id\":\"https:\/\/www.manaus.am.gov.br\/cgm\/controladoria-acompanha-ageman-em-obra-de-abastecimento-de-agua-na-comunidade-ismail-aziz\/#primaryimage\"},\"thumbnailUrl\":\"https:\/\/www.manaus.am.gov.br\/cgm\/wp-content\/uploads\/sites\/9\/2023\/05\/Vistoria-1-720x407.jpg\",\"datePublished\":\"2022-07-20T21:26:13+00:00\",\"dateModified\":\"2022-07-20T21:26:13+00:00\",\"inLanguage\":\"pt-BR\",\"potentialAction\":[{\"@type\":\"ReadAction\",\"target\":[\"https:\/\/www.manaus.am.gov.br\/cgm\/controladoria-acompanha-ageman-em-obra-de-abastecimento-de-agua-na-comunidade-ismail-aziz\/\"]}]},{\"@type\":\"ImageObject\",\"inLanguage\":\"pt-BR\",\"@id\":\"https:\/\/www.manaus.am.gov.br\/cgm\/controladoria-acompanha-ageman-em-obra-de-abastecimento-de-agua-na-comunidade-ismail-aziz\/#primaryimage\",\"url\":\"https:\/\/www.manaus.am.gov.br\/cgm\/wp-content\/uploads\/sites\/9\/2023\/05\/Vistoria-1.jpg\",\"contentUrl\":\"https:\/\/www.manaus.am.gov.br\/cgm\/wp-content\/uploads\/sites\/9\/2023\/05\/Vistoria-1.jpg\",\"width\":1600,\"height\":1200},{\"@type\":\"WebSite\",\"@id\":\"https:\/\/www.manaus.am.gov.br\/cgm\/#website\",\"url\":\"https:\/\/www.manaus.am.gov.br\/cgm\/\",\"name\":\"CGM\",\"description\":\"Controladoria Geral do Munic\u00edpio\",\"publisher\":{\"@id\":\"https:\/\/www.manaus.am.gov.br\/cgm\/#organization\"},\"alternateName\":\"Controladoria-Geral do Munic\u00edpio\",\"potentialAction\":[{\"@type\":\"SearchAction\",\"target\":{\"@type\":\"EntryPoint\",\"urlTemplate\":\"https:\/\/www.manaus.am.gov.br\/cgm\/?s={search_term_string}\"},\"query-input\":\"required name=search_term_string\"}],\"inLanguage\":\"pt-BR\"},{\"@type\":\"Organization\",\"@id\":\"https:\/\/www.manaus.am.gov.br\/cgm\/#organization\",\"name\":\"Prefeitura de Manaus\",\"alternateName\":\"Prefeitura Municipal de Manaus\",\"url\":\"https:\/\/www.manaus.am.gov.br\/cgm\/\",\"logo\":{\"@type\":\"ImageObject\",\"inLanguage\":\"pt-BR\",\"@id\":\"https:\/\/www.manaus.am.gov.br\/cgm\/#\/schema\/logo\/image\/\",\"url\":\"https:\/\/www.manaus.am.gov.br\/cgm\/wp-content\/uploads\/sites\/9\/2024\/06\/favicon.png\",\"contentUrl\":\"https:\/\/www.manaus.am.gov.br\/cgm\/wp-content\/uploads\/sites\/9\/2024\/06\/favicon.png\",\"width\":300,\"height\":300,\"caption\":\"Prefeitura de Manaus\"},\"image\":{\"@id\":\"https:\/\/www.manaus.am.gov.br\/cgm\/#\/schema\/logo\/image\/\"},\"sameAs\":[\"https:\/\/www.facebook.com\/cgmmanaus\",\"https:\/\/www.instagram.com\/cgmmanaus\/\"]},{\"@type\":\"Person\",\"@id\":\"https:\/\/www.manaus.am.gov.br\/cgm\/#\/schema\/person\/fe69d2249d78e7a3112d42bc34c44a58\",\"name\":\"Glauber Farias\",\"image\":{\"@type\":\"ImageObject\",\"inLanguage\":\"pt-BR\",\"@id\":\"https:\/\/www.manaus.am.gov.br\/cgm\/#\/schema\/person\/image\/\",\"url\":\"https:\/\/secure.gravatar.com\/avatar\/eb33200ffd19538372f635b2165531c0?s=96&d=mm&r=g\",\"contentUrl\":\"https:\/\/secure.gravatar.com\/avatar\/eb33200ffd19538372f635b2165531c0?s=96&d=mm&r=g\",\"caption\":\"Glauber Farias\"}}]}<\/script>\n<!-- \/ Yoast SEO plugin. -->","yoast_head_json":{"title":"Controladoria acompanha Ageman em obra de abastecimento de \u00e1gua na comunidade Ismail Aziz - CGM","robots":{"index":"index","follow":"follow","max-snippet":"max-snippet:-1","max-image-preview":"max-image-preview:large","max-video-preview":"max-video-preview:-1"},"canonical":"https:\/\/www.manaus.am.gov.br\/cgm\/controladoria-acompanha-ageman-em-obra-de-abastecimento-de-agua-na-comunidade-ismail-aziz\/","og_locale":"pt_BR","og_type":"article","og_title":"Controladoria acompanha Ageman em obra de abastecimento de \u00e1gua na comunidade Ismail Aziz - CGM","og_url":"https:\/\/www.manaus.am.gov.br\/cgm\/controladoria-acompanha-ageman-em-obra-de-abastecimento-de-agua-na-comunidade-ismail-aziz\/","og_site_name":"CGM","article_publisher":"https:\/\/www.facebook.com\/cgmmanaus","article_published_time":"2022-07-20T21:26:13+00:00","og_image":[{"url":"https:\/\/www.manaus.am.gov.br\/cgm\/wp-content\/uploads\/sites\/9\/2023\/05\/Vistoria-1-720x407.jpg"}],"author":"Glauber Farias","twitter_card":"summary_large_image","twitter_misc":{"Written by":"Glauber Farias","Est. reading time":"2 minutos"},"schema":{"@context":"https:\/\/schema.org","@graph":[{"@type":"Article","@id":"https:\/\/www.manaus.am.gov.br\/cgm\/controladoria-acompanha-ageman-em-obra-de-abastecimento-de-agua-na-comunidade-ismail-aziz\/#article","isPartOf":{"@id":"https:\/\/www.manaus.am.gov.br\/cgm\/controladoria-acompanha-ageman-em-obra-de-abastecimento-de-agua-na-comunidade-ismail-aziz\/"},"author":{"name":"Glauber Farias","@id":"https:\/\/www.manaus.am.gov.br\/cgm\/#\/schema\/person\/fe69d2249d78e7a3112d42bc34c44a58"},"headline":"Controladoria acompanha Ageman em obra de abastecimento de \u00e1gua na comunidade Ismail Aziz","datePublished":"2022-07-20T21:26:13+00:00","dateModified":"2022-07-20T21:26:13+00:00","mainEntityOfPage":{"@id":"https:\/\/www.manaus.am.gov.br\/cgm\/controladoria-acompanha-ageman-em-obra-de-abastecimento-de-agua-na-comunidade-ismail-aziz\/"},"wordCount":383,"publisher":{"@id":"https:\/\/www.manaus.am.gov.br\/cgm\/#organization"},"image":{"@id":"https:\/\/www.manaus.am.gov.br\/cgm\/controladoria-acompanha-ageman-em-obra-de-abastecimento-de-agua-na-comunidade-ismail-aziz\/#primaryimage"},"thumbnailUrl":"https:\/\/www.manaus.am.gov.br\/cgm\/wp-content\/uploads\/sites\/9\/2023\/05\/Vistoria-1-720x407.jpg","keywords":["abastecimento","ageman","CGM","comunidade Ismail Aziz","vistorias"],"articleSection":["Regula\u00e7\u00e3o"],"inLanguage":"pt-BR"},{"@type":"WebPage","@id":"https:\/\/www.manaus.am.gov.br\/cgm\/controladoria-acompanha-ageman-em-obra-de-abastecimento-de-agua-na-comunidade-ismail-aziz\/","url":"https:\/\/www.manaus.am.gov.br\/cgm\/controladoria-acompanha-ageman-em-obra-de-abastecimento-de-agua-na-comunidade-ismail-aziz\/","name":"Controladoria acompanha Ageman em obra de abastecimento de \u00e1gua na comunidade Ismail Aziz - CGM","isPartOf":{"@id":"https:\/\/www.manaus.am.gov.br\/cgm\/#website"},"primaryImageOfPage":{"@id":"https:\/\/www.manaus.am.gov.br\/cgm\/controladoria-acompanha-ageman-em-obra-de-abastecimento-de-agua-na-comunidade-ismail-aziz\/#primaryimage"},"image":{"@id":"https:\/\/www.manaus.am.gov.br\/cgm\/controladoria-acompanha-ageman-em-obra-de-abastecimento-de-agua-na-comunidade-ismail-aziz\/#primaryimage"},"thumbnailUrl":"https:\/\/www.manaus.am.gov.br\/cgm\/wp-content\/uploads\/sites\/9\/2023\/05\/Vistoria-1-720x407.jpg","datePublished":"2022-07-20T21:26:13+00:00","dateModified":"2022-07-20T21:26:13+00:00","inLanguage":"pt-BR","potentialAction":[{"@type":"ReadAction","target":["https:\/\/www.manaus.am.gov.br\/cgm\/controladoria-acompanha-ageman-em-obra-de-abastecimento-de-agua-na-comunidade-ismail-aziz\/"]}]},{"@type":"ImageObject","inLanguage":"pt-BR","@id":"https:\/\/www.manaus.am.gov.br\/cgm\/controladoria-acompanha-ageman-em-obra-de-abastecimento-de-agua-na-comunidade-ismail-aziz\/#primaryimage","url":"https:\/\/www.manaus.am.gov.br\/cgm\/wp-content\/uploads\/sites\/9\/2023\/05\/Vistoria-1.jpg","contentUrl":"https:\/\/www.manaus.am.gov.br\/cgm\/wp-content\/uploads\/sites\/9\/2023\/05\/Vistoria-1.jpg","width":1600,"height":1200},{"@type":"WebSite","@id":"https:\/\/www.manaus.am.gov.br\/cgm\/#website","url":"https:\/\/www.manaus.am.gov.br\/cgm\/","name":"CGM","description":"Controladoria Geral do Munic\u00edpio","publisher":{"@id":"https:\/\/www.manaus.am.gov.br\/cgm\/#organization"},"alternateName":"Controladoria-Geral do Munic\u00edpio","potentialAction":[{"@type":"SearchAction","target":{"@type":"EntryPoint","urlTemplate":"https:\/\/www.manaus.am.gov.br\/cgm\/?s={search_term_string}"},"query-input":"required name=search_term_string"}],"inLanguage":"pt-BR"},{"@type":"Organization","@id":"https:\/\/www.manaus.am.gov.br\/cgm\/#organization","name":"Prefeitura de Manaus","alternateName":"Prefeitura Municipal de Manaus","url":"https:\/\/www.manaus.am.gov.br\/cgm\/","logo":{"@type":"ImageObject","inLanguage":"pt-BR","@id":"https:\/\/www.manaus.am.gov.br\/cgm\/#\/schema\/logo\/image\/","url":"https:\/\/www.manaus.am.gov.br\/cgm\/wp-content\/uploads\/sites\/9\/2024\/06\/favicon.png","contentUrl":"https:\/\/www.manaus.am.gov.br\/cgm\/wp-content\/uploads\/sites\/9\/2024\/06\/favicon.png","width":300,"height":300,"caption":"Prefeitura de Manaus"},"image":{"@id":"https:\/\/www.manaus.am.gov.br\/cgm\/#\/schema\/logo\/image\/"},"sameAs":["https:\/\/www.facebook.com\/cgmmanaus","https:\/\/www.instagram.com\/cgmmanaus\/"]},{"@type":"Person","@id":"https:\/\/www.manaus.am.gov.br\/cgm\/#\/schema\/person\/fe69d2249d78e7a3112d42bc34c44a58","name":"Glauber Farias","image":{"@type":"ImageObject","inLanguage":"pt-BR","@id":"https:\/\/www.manaus.am.gov.br\/cgm\/#\/schema\/person\/image\/","url":"https:\/\/secure.gravatar.com\/avatar\/eb33200ffd19538372f635b2165531c0?s=96&d=mm&r=g","contentUrl":"https:\/\/secure.gravatar.com\/avatar\/eb33200ffd19538372f635b2165531c0?s=96&d=mm&r=g","caption":"Glauber Farias"}}]}},"_links":{"self":[{"href":"https:\/\/www.manaus.am.gov.br\/cgm\/wp-json\/wp\/v2\/posts\/1130"}],"collection":[{"href":"https:\/\/www.manaus.am.gov.br\/cgm\/wp-json\/wp\/v2\/posts"}],"about":[{"href":"https:\/\/www.manaus.am.gov.br\/cgm\/wp-json\/wp\/v2\/types\/post"}],"author":[{"embeddable":true,"href":"https:\/\/www.manaus.am.gov.br\/cgm\/wp-json\/wp\/v2\/users\/8"}],"replies":[{"embeddable":true,"href":"https:\/\/www.manaus.am.gov.br\/cgm\/wp-json\/wp\/v2\/comments?post=1130"}],"version-history":[{"count":1,"href":"https:\/\/www.manaus.am.gov.br\/cgm\/wp-json\/wp\/v2\/posts\/1130\/revisions"}],"predecessor-version":[{"id":1133,"href":"https:\/\/www.manaus.am.gov.br\/cgm\/wp-json\/wp\/v2\/posts\/1130\/revisions\/1133"}],"wp:attachment":[{"href":"https:\/\/www.manaus.am.gov.br\/cgm\/wp-json\/wp\/v2\/media?parent=1130"}],"wp:term":[{"taxonomy":"category","embeddable":true,"href":"https:\/\/www.manaus.am.gov.br\/cgm\/wp-json\/wp\/v2\/categories?post=1130"},{"taxonomy":"post_tag","embeddable":true,"href":"https:\/\/www.manaus.am.gov.br\/cgm\/wp-json\/wp\/v2\/tags?post=1130"}],"curies":[{"name":"wp","href":"https:\/\/api.w.org\/{rel}","templated":true}]}}