{"id":1129,"date":"2013-04-22T11:09:53","date_gmt":"2013-04-22T15:09:53","guid":{"rendered":"https:\/\/www.manaus.am.gov.br\/cgm\/cgm-promove-curso-de-controle-interno\/"},"modified":"2023-05-12T17:44:11","modified_gmt":"2023-05-12T21:44:11","slug":"cgm-promove-curso-de-controle-interno","status":"publish","type":"post","link":"https:\/\/www.manaus.am.gov.br\/cgm\/cgm-promove-curso-de-controle-interno\/","title":{"rendered":"CGM promove curso de controle interno"},"content":{"rendered":"\n<p>A Secretaria Municipal de Finan\u00e7as, Planejamento e Tecnologia da Informa\u00e7\u00e3o (Semef), por meio da Controladoria Geral do Munic\u00edpio (CGM), inicia na pr\u00f3xima semana o plano de capacita\u00e7\u00e3o e treinamento voltados para os servidores municipais da \u00e1rea de controladoria. O primeiro curso ocorrer\u00e1 nos dia 25 e 29 na Funda\u00e7\u00e3o Escola de Servi\u00e7o P\u00fablico Municipal e Inclus\u00e3o Socioeducacional (FESPM).<\/p>\n\n\n\n<p>Para iniciar a programa\u00e7\u00e3o, aproximadamente 60 servidores dever\u00e3o participar deste primeiro m\u00f3dulo, que vai tratar dos \u2018pressupostos e requisitos a serem observados na atividade de auditoria realizada nos processos de licita\u00e7\u00f5es, contratos administrativos e conv\u00eanios\u2019.<\/p>\n\n\n\n<p>De acordo com o controlador geral adjunto, Arnaldo Flores, a inten\u00e7\u00e3o \u00e9 conscientizar os servidores sobre a \u00e1rea de controle e seu papel orientador nos processos, assim como inibir pr\u00e1ticas il\u00edcitas e foras das conformidades legais. \u201cQueremos despertar o interesse de cada colaborador para conhecimentos pr\u00e1ticos, com foco em controle interno\u201d, disse.<\/p>\n\n\n\n<p>Os cursos de capacita\u00e7\u00e3o dever\u00e3o seguir ao longo de todo o ano. O publico alvo, segundo Arnaldo Flores, \u00e9 formado pelos servidores da Controladoria, Inspetoria da Semef e n\u00facleos de controle interno das secretarias municipais.<\/p>\n\n\n\n<p>Mais informa\u00e7\u00f5es: 3625-6666.<\/p>\n","protected":false},"excerpt":{"rendered":"","protected":false},"author":10,"featured_media":0,"comment_status":"open","ping_status":"open","sticky":false,"template":"","format":"standard","meta":{"footnotes":""},"categories":[38,39],"tags":[],"acf":[],"yoast_head":"<!-- This site is optimized with the Yoast SEO plugin v23.0 - https:\/\/yoast.com\/wordpress\/plugins\/seo\/ -->\n<title>CGM promove curso de controle interno - CGM<\/title>\n<meta name=\"robots\" content=\"index, follow, max-snippet:-1, max-image-preview:large, max-video-preview:-1\" \/>\n<link rel=\"canonical\" href=\"https:\/\/www.manaus.am.gov.br\/cgm\/cgm-promove-curso-de-controle-interno\/\" \/>\n<meta property=\"og:locale\" content=\"pt_BR\" \/>\n<meta property=\"og:type\" content=\"article\" \/>\n<meta property=\"og:title\" content=\"CGM promove curso de controle interno - CGM\" \/>\n<meta property=\"og:url\" content=\"https:\/\/www.manaus.am.gov.br\/cgm\/cgm-promove-curso-de-controle-interno\/\" \/>\n<meta property=\"og:site_name\" content=\"CGM\" \/>\n<meta property=\"article:publisher\" content=\"https:\/\/www.facebook.com\/cgmmanaus\" \/>\n<meta property=\"article:published_time\" content=\"2013-04-22T15:09:53+00:00\" \/>\n<meta property=\"article:modified_time\" content=\"2023-05-12T21:44:11+00:00\" \/>\n<meta property=\"og:image\" content=\"https:\/\/www.manaus.am.gov.br\/cgm\/wp-content\/uploads\/sites\/9\/2024\/07\/thumb-default-2.png\" \/>\n\t<meta property=\"og:image:width\" content=\"966\" \/>\n\t<meta property=\"og:image:height\" content=\"520\" \/>\n\t<meta property=\"og:image:type\" content=\"image\/png\" \/>\n<meta name=\"author\" content=\"pmmweb\" \/>\n<meta name=\"twitter:card\" content=\"summary_large_image\" \/>\n<meta name=\"twitter:label1\" content=\"Written by\" \/>\n\t<meta name=\"twitter:data1\" content=\"pmmweb\" \/>\n\t<meta name=\"twitter:label2\" content=\"Est. reading time\" \/>\n\t<meta name=\"twitter:data2\" content=\"2 minutos\" \/>\n<script type=\"application\/ld+json\" class=\"yoast-schema-graph\">{\"@context\":\"https:\/\/schema.org\",\"@graph\":[{\"@type\":\"Article\",\"@id\":\"https:\/\/www.manaus.am.gov.br\/cgm\/cgm-promove-curso-de-controle-interno\/#article\",\"isPartOf\":{\"@id\":\"https:\/\/www.manaus.am.gov.br\/cgm\/cgm-promove-curso-de-controle-interno\/\"},\"author\":{\"name\":\"pmmweb\",\"@id\":\"https:\/\/www.manaus.am.gov.br\/cgm\/#\/schema\/person\/bbedae65f5a1dd5159c7eb0ba6692fcf\"},\"headline\":\"CGM promove curso de controle interno\",\"datePublished\":\"2013-04-22T15:09:53+00:00\",\"dateModified\":\"2023-05-12T21:44:11+00:00\",\"mainEntityOfPage\":{\"@id\":\"https:\/\/www.manaus.am.gov.br\/cgm\/cgm-promove-curso-de-controle-interno\/\"},\"wordCount\":206,\"commentCount\":0,\"publisher\":{\"@id\":\"https:\/\/www.manaus.am.gov.br\/cgm\/#organization\"},\"articleSection\":[\"Manaus\",\"Not\u00edcias\"],\"inLanguage\":\"pt-BR\",\"potentialAction\":[{\"@type\":\"CommentAction\",\"name\":\"Comment\",\"target\":[\"https:\/\/www.manaus.am.gov.br\/cgm\/cgm-promove-curso-de-controle-interno\/#respond\"]}]},{\"@type\":\"WebPage\",\"@id\":\"https:\/\/www.manaus.am.gov.br\/cgm\/cgm-promove-curso-de-controle-interno\/\",\"url\":\"https:\/\/www.manaus.am.gov.br\/cgm\/cgm-promove-curso-de-controle-interno\/\",\"name\":\"CGM promove curso de controle interno - CGM\",\"isPartOf\":{\"@id\":\"https:\/\/www.manaus.am.gov.br\/cgm\/#website\"},\"datePublished\":\"2013-04-22T15:09:53+00:00\",\"dateModified\":\"2023-05-12T21:44:11+00:00\",\"inLanguage\":\"pt-BR\",\"potentialAction\":[{\"@type\":\"ReadAction\",\"target\":[\"https:\/\/www.manaus.am.gov.br\/cgm\/cgm-promove-curso-de-controle-interno\/\"]}]},{\"@type\":\"WebSite\",\"@id\":\"https:\/\/www.manaus.am.gov.br\/cgm\/#website\",\"url\":\"https:\/\/www.manaus.am.gov.br\/cgm\/\",\"name\":\"CGM\",\"description\":\"Controladoria Geral do Munic\u00edpio\",\"publisher\":{\"@id\":\"https:\/\/www.manaus.am.gov.br\/cgm\/#organization\"},\"alternateName\":\"Controladoria-Geral do Munic\u00edpio\",\"potentialAction\":[{\"@type\":\"SearchAction\",\"target\":{\"@type\":\"EntryPoint\",\"urlTemplate\":\"https:\/\/www.manaus.am.gov.br\/cgm\/?s={search_term_string}\"},\"query-input\":\"required name=search_term_string\"}],\"inLanguage\":\"pt-BR\"},{\"@type\":\"Organization\",\"@id\":\"https:\/\/www.manaus.am.gov.br\/cgm\/#organization\",\"name\":\"Prefeitura de Manaus\",\"alternateName\":\"Prefeitura Municipal de Manaus\",\"url\":\"https:\/\/www.manaus.am.gov.br\/cgm\/\",\"logo\":{\"@type\":\"ImageObject\",\"inLanguage\":\"pt-BR\",\"@id\":\"https:\/\/www.manaus.am.gov.br\/cgm\/#\/schema\/logo\/image\/\",\"url\":\"https:\/\/www.manaus.am.gov.br\/cgm\/wp-content\/uploads\/sites\/9\/2024\/06\/favicon.png\",\"contentUrl\":\"https:\/\/www.manaus.am.gov.br\/cgm\/wp-content\/uploads\/sites\/9\/2024\/06\/favicon.png\",\"width\":300,\"height\":300,\"caption\":\"Prefeitura de Manaus\"},\"image\":{\"@id\":\"https:\/\/www.manaus.am.gov.br\/cgm\/#\/schema\/logo\/image\/\"},\"sameAs\":[\"https:\/\/www.facebook.com\/cgmmanaus\",\"https:\/\/www.instagram.com\/cgmmanaus\/\"]},{\"@type\":\"Person\",\"@id\":\"https:\/\/www.manaus.am.gov.br\/cgm\/#\/schema\/person\/bbedae65f5a1dd5159c7eb0ba6692fcf\",\"name\":\"pmmweb\",\"image\":{\"@type\":\"ImageObject\",\"inLanguage\":\"pt-BR\",\"@id\":\"https:\/\/www.manaus.am.gov.br\/cgm\/#\/schema\/person\/image\/\",\"url\":\"https:\/\/secure.gravatar.com\/avatar\/a9c49fe3afa52d7ceb0e27b93b0b4354?s=96&d=mm&r=g\",\"contentUrl\":\"https:\/\/secure.gravatar.com\/avatar\/a9c49fe3afa52d7ceb0e27b93b0b4354?s=96&d=mm&r=g\",\"caption\":\"pmmweb\"}}]}<\/script>\n<!-- \/ Yoast SEO plugin. -->","yoast_head_json":{"title":"CGM promove curso de controle interno - CGM","robots":{"index":"index","follow":"follow","max-snippet":"max-snippet:-1","max-image-preview":"max-image-preview:large","max-video-preview":"max-video-preview:-1"},"canonical":"https:\/\/www.manaus.am.gov.br\/cgm\/cgm-promove-curso-de-controle-interno\/","og_locale":"pt_BR","og_type":"article","og_title":"CGM promove curso de controle interno - CGM","og_url":"https:\/\/www.manaus.am.gov.br\/cgm\/cgm-promove-curso-de-controle-interno\/","og_site_name":"CGM","article_publisher":"https:\/\/www.facebook.com\/cgmmanaus","article_published_time":"2013-04-22T15:09:53+00:00","article_modified_time":"2023-05-12T21:44:11+00:00","og_image":[{"width":966,"height":520,"url":"https:\/\/www.manaus.am.gov.br\/cgm\/wp-content\/uploads\/sites\/9\/2024\/07\/thumb-default-2.png","type":"image\/png"}],"author":"pmmweb","twitter_card":"summary_large_image","twitter_misc":{"Written by":"pmmweb","Est. reading time":"2 minutos"},"schema":{"@context":"https:\/\/schema.org","@graph":[{"@type":"Article","@id":"https:\/\/www.manaus.am.gov.br\/cgm\/cgm-promove-curso-de-controle-interno\/#article","isPartOf":{"@id":"https:\/\/www.manaus.am.gov.br\/cgm\/cgm-promove-curso-de-controle-interno\/"},"author":{"name":"pmmweb","@id":"https:\/\/www.manaus.am.gov.br\/cgm\/#\/schema\/person\/bbedae65f5a1dd5159c7eb0ba6692fcf"},"headline":"CGM promove curso de controle interno","datePublished":"2013-04-22T15:09:53+00:00","dateModified":"2023-05-12T21:44:11+00:00","mainEntityOfPage":{"@id":"https:\/\/www.manaus.am.gov.br\/cgm\/cgm-promove-curso-de-controle-interno\/"},"wordCount":206,"commentCount":0,"publisher":{"@id":"https:\/\/www.manaus.am.gov.br\/cgm\/#organization"},"articleSection":["Manaus","Not\u00edcias"],"inLanguage":"pt-BR","potentialAction":[{"@type":"CommentAction","name":"Comment","target":["https:\/\/www.manaus.am.gov.br\/cgm\/cgm-promove-curso-de-controle-interno\/#respond"]}]},{"@type":"WebPage","@id":"https:\/\/www.manaus.am.gov.br\/cgm\/cgm-promove-curso-de-controle-interno\/","url":"https:\/\/www.manaus.am.gov.br\/cgm\/cgm-promove-curso-de-controle-interno\/","name":"CGM promove curso de controle interno - CGM","isPartOf":{"@id":"https:\/\/www.manaus.am.gov.br\/cgm\/#website"},"datePublished":"2013-04-22T15:09:53+00:00","dateModified":"2023-05-12T21:44:11+00:00","inLanguage":"pt-BR","potentialAction":[{"@type":"ReadAction","target":["https:\/\/www.manaus.am.gov.br\/cgm\/cgm-promove-curso-de-controle-interno\/"]}]},{"@type":"WebSite","@id":"https:\/\/www.manaus.am.gov.br\/cgm\/#website","url":"https:\/\/www.manaus.am.gov.br\/cgm\/","name":"CGM","description":"Controladoria Geral do Munic\u00edpio","publisher":{"@id":"https:\/\/www.manaus.am.gov.br\/cgm\/#organization"},"alternateName":"Controladoria-Geral do Munic\u00edpio","potentialAction":[{"@type":"SearchAction","target":{"@type":"EntryPoint","urlTemplate":"https:\/\/www.manaus.am.gov.br\/cgm\/?s={search_term_string}"},"query-input":"required name=search_term_string"}],"inLanguage":"pt-BR"},{"@type":"Organization","@id":"https:\/\/www.manaus.am.gov.br\/cgm\/#organization","name":"Prefeitura de Manaus","alternateName":"Prefeitura Municipal de Manaus","url":"https:\/\/www.manaus.am.gov.br\/cgm\/","logo":{"@type":"ImageObject","inLanguage":"pt-BR","@id":"https:\/\/www.manaus.am.gov.br\/cgm\/#\/schema\/logo\/image\/","url":"https:\/\/www.manaus.am.gov.br\/cgm\/wp-content\/uploads\/sites\/9\/2024\/06\/favicon.png","contentUrl":"https:\/\/www.manaus.am.gov.br\/cgm\/wp-content\/uploads\/sites\/9\/2024\/06\/favicon.png","width":300,"height":300,"caption":"Prefeitura de Manaus"},"image":{"@id":"https:\/\/www.manaus.am.gov.br\/cgm\/#\/schema\/logo\/image\/"},"sameAs":["https:\/\/www.facebook.com\/cgmmanaus","https:\/\/www.instagram.com\/cgmmanaus\/"]},{"@type":"Person","@id":"https:\/\/www.manaus.am.gov.br\/cgm\/#\/schema\/person\/bbedae65f5a1dd5159c7eb0ba6692fcf","name":"pmmweb","image":{"@type":"ImageObject","inLanguage":"pt-BR","@id":"https:\/\/www.manaus.am.gov.br\/cgm\/#\/schema\/person\/image\/","url":"https:\/\/secure.gravatar.com\/avatar\/a9c49fe3afa52d7ceb0e27b93b0b4354?s=96&d=mm&r=g","contentUrl":"https:\/\/secure.gravatar.com\/avatar\/a9c49fe3afa52d7ceb0e27b93b0b4354?s=96&d=mm&r=g","caption":"pmmweb"}}]}},"_links":{"self":[{"href":"https:\/\/www.manaus.am.gov.br\/cgm\/wp-json\/wp\/v2\/posts\/1129"}],"collection":[{"href":"https:\/\/www.manaus.am.gov.br\/cgm\/wp-json\/wp\/v2\/posts"}],"about":[{"href":"https:\/\/www.manaus.am.gov.br\/cgm\/wp-json\/wp\/v2\/types\/post"}],"author":[{"embeddable":true,"href":"https:\/\/www.manaus.am.gov.br\/cgm\/wp-json\/wp\/v2\/users\/10"}],"replies":[{"embeddable":true,"href":"https:\/\/www.manaus.am.gov.br\/cgm\/wp-json\/wp\/v2\/comments?post=1129"}],"version-history":[{"count":0,"href":"https:\/\/www.manaus.am.gov.br\/cgm\/wp-json\/wp\/v2\/posts\/1129\/revisions"}],"wp:attachment":[{"href":"https:\/\/www.manaus.am.gov.br\/cgm\/wp-json\/wp\/v2\/media?parent=1129"}],"wp:term":[{"taxonomy":"category","embeddable":true,"href":"https:\/\/www.manaus.am.gov.br\/cgm\/wp-json\/wp\/v2\/categories?post=1129"},{"taxonomy":"post_tag","embeddable":true,"href":"https:\/\/www.manaus.am.gov.br\/cgm\/wp-json\/wp\/v2\/tags?post=1129"}],"curies":[{"name":"wp","href":"https:\/\/api.w.org\/{rel}","templated":true}]}}