{"id":1110,"date":"2023-05-05T14:56:13","date_gmt":"2023-05-05T18:56:13","guid":{"rendered":"https:\/\/www.manaus.am.gov.br\/cgm\/ageman-e-controladoria-geral-do-municipio-definem-rotinas-das-auditorias-de-2023\/"},"modified":"2023-10-16T11:07:19","modified_gmt":"2023-10-16T15:07:19","slug":"ageman-e-controladoria-geral-do-municipio-definem-rotinas-das-auditorias-de-2023","status":"publish","type":"post","link":"https:\/\/www.manaus.am.gov.br\/cgm\/ageman-e-controladoria-geral-do-municipio-definem-rotinas-das-auditorias-de-2023\/","title":{"rendered":"Ageman e Controladoria Geral do Munic\u00edpio definem rotinas das auditorias de 2023"},"content":{"rendered":"\n<p>Gestores da Ag\u00eancia Reguladora dos Servi\u00e7os P\u00fablicos Delegados do Munic\u00edpio de Manaus (Ageman) e da Controladoria Geral do Munic\u00edpio (CGM) definiram nesta semana, durante reuni\u00e3o preparat\u00f3ria, o cronograma das inspe\u00e7\u00f5es que ser\u00e3o realizadas junto ao \u00f3rg\u00e3o regulador em 2023.<\/p>\n\n\n\n<p>Al\u00e9m da apresenta\u00e7\u00e3o de documentos e processos referentes \u00e0s rotinas e procedimentos das \u00e1reas cont\u00e1bil, financeira, patrimonial, administrativa e de gest\u00e3o, os servidores da Controladoria tamb\u00e9m v\u00e3o fazer vistorias in loco a fim de conferir o trabalho de fiscaliza\u00e7\u00e3o e regula\u00e7\u00e3o realizados pelas equipes das diretorias que atuam junto aos servi\u00e7os regulados de abastecimento de \u00e1gua, esgotamento sanit\u00e1rio, ilumina\u00e7\u00e3o p\u00fablica e Zona Azul.<\/p>\n\n\n\n<p>As inspe\u00e7\u00f5es externas da CGM passaram a integrar a auditoria de acompanhamento de gest\u00e3o em todas as \u00e1reas da Prefeitura de Manaus, a pedido do prefeito David Almeida.<\/p>\n\n\n\n<p>O diretor-presidente da Ageman, Elson Andrade Ferreira J\u00fanior, ressaltou a import\u00e2ncia da atua\u00e7\u00e3o da Controladoria. \u201cAo atuar como um \u00f3rg\u00e3o de assessoramento aos gestores, visando auxiliar na ado\u00e7\u00e3o de medidas que possam nos ajudar a evitar imbr\u00f3glios junto ao Tribunal de Contas e demais \u00f3rg\u00e3os de controle externo\u201d, disse.<\/p>\n\n\n\n<p>Durante a reuni\u00e3o, que contou com a presen\u00e7a de servidores da Diretoria Administrativa e Financeira, al\u00e9m do Controle Interno da Ageman, al\u00e9m de servidores da CGM, a controladora-geral adjunta, Lucilene Flor\u00eancio Viana, informou que as auditorias ser\u00e3o realizadas trimestralmente e n\u00e3o mais semestralmente, como ocorria anteriormente. \u201cNossa expectativa \u00e9 que dessa forma possamos ter resultados mais c\u00e9leres\u201d, afirmou.<\/p>\n\n\n\n<p>Ao final das inspe\u00e7\u00f5es, a CGM ir\u00e1 elaborar um relat\u00f3rio de auditoria, o qual reunir\u00e1 constata\u00e7\u00f5es que dever\u00e3o ser sanadas pelo gestor, caso seja identificada alguma n\u00e3o-conformidade.<\/p>\n\n\n\n<p>&#8212; &#8212; &#8212;<\/p>\n\n\n\n<p><strong>Texto &#8211; <\/strong>Tereza Te\u00f3filo \/ Ageman<\/p>\n\n\n\n<p><strong>Foto<\/strong> &#8211; Divulga\u00e7\u00e3o \/ Ageman<\/p>\n","protected":false},"excerpt":{"rendered":"","protected":false},"author":39,"featured_media":1111,"comment_status":"closed","ping_status":"closed","sticky":false,"template":"","format":"standard","meta":{"footnotes":""},"categories":[34],"tags":[5,35,8,21,36,37],"acf":[],"yoast_head":"<!-- This site is optimized with the Yoast SEO plugin v23.0 - https:\/\/yoast.com\/wordpress\/plugins\/seo\/ -->\n<title>Ageman e Controladoria Geral do Munic\u00edpio definem rotinas das auditorias de 2023<\/title>\n<meta name=\"description\" content=\"Gestores da Ag\u00eancia Reguladora dos Servi\u00e7os P\u00fablicos Delegados do Munic\u00edpio de Manaus (Ageman) e da Controladoria Geral do Munic\u00edpio (CGM) definiram nesta semana, durante reuni\u00e3o preparat\u00f3ria, o cronograma das inspe\u00e7\u00f5es que ser\u00e3o realizadas junto ao \u00f3rg\u00e3o regulador em 2023.\" \/>\n<meta name=\"robots\" content=\"index, follow, max-snippet:-1, max-image-preview:large, max-video-preview:-1\" \/>\n<link rel=\"canonical\" href=\"https:\/\/www.manaus.am.gov.br\/cgm\/ageman-e-controladoria-geral-do-municipio-definem-rotinas-das-auditorias-de-2023\/\" \/>\n<meta property=\"og:locale\" content=\"pt_BR\" \/>\n<meta property=\"og:type\" content=\"article\" \/>\n<meta property=\"og:title\" content=\"Ageman e Controladoria Geral do Munic\u00edpio definem rotinas das auditorias de 2023\" \/>\n<meta property=\"og:description\" content=\"Gestores da Ag\u00eancia Reguladora dos Servi\u00e7os P\u00fablicos Delegados do Munic\u00edpio de Manaus (Ageman) e da Controladoria Geral do Munic\u00edpio (CGM) definiram nesta semana, durante reuni\u00e3o preparat\u00f3ria, o cronograma das inspe\u00e7\u00f5es que ser\u00e3o realizadas junto ao \u00f3rg\u00e3o regulador em 2023.\" \/>\n<meta property=\"og:url\" content=\"https:\/\/www.manaus.am.gov.br\/cgm\/ageman-e-controladoria-geral-do-municipio-definem-rotinas-das-auditorias-de-2023\/\" \/>\n<meta property=\"og:site_name\" content=\"CGM\" \/>\n<meta property=\"article:publisher\" content=\"https:\/\/www.facebook.com\/cgmmanaus\" \/>\n<meta property=\"article:published_time\" content=\"2023-05-05T18:56:13+00:00\" \/>\n<meta property=\"article:modified_time\" content=\"2023-10-16T15:07:19+00:00\" \/>\n<meta property=\"og:image\" content=\"https:\/\/www.manaus.am.gov.br\/cgm\/wp-content\/uploads\/sites\/9\/2023\/05\/Reuniao-preparatoria-Ageman-e-CGM-1.jpeg\" \/>\n\t<meta property=\"og:image:width\" content=\"1600\" \/>\n\t<meta property=\"og:image:height\" content=\"1200\" \/>\n\t<meta property=\"og:image:type\" content=\"image\/jpeg\" \/>\n<meta name=\"author\" content=\"Bruna Greco\" \/>\n<meta name=\"twitter:card\" content=\"summary_large_image\" \/>\n<meta name=\"twitter:label1\" content=\"Written by\" \/>\n\t<meta name=\"twitter:data1\" content=\"Bruna Greco\" \/>\n\t<meta name=\"twitter:label2\" content=\"Est. reading time\" \/>\n\t<meta name=\"twitter:data2\" content=\"2 minutos\" \/>\n<script type=\"application\/ld+json\" class=\"yoast-schema-graph\">{\"@context\":\"https:\/\/schema.org\",\"@graph\":[{\"@type\":\"Article\",\"@id\":\"https:\/\/www.manaus.am.gov.br\/cgm\/ageman-e-controladoria-geral-do-municipio-definem-rotinas-das-auditorias-de-2023\/#article\",\"isPartOf\":{\"@id\":\"https:\/\/www.manaus.am.gov.br\/cgm\/ageman-e-controladoria-geral-do-municipio-definem-rotinas-das-auditorias-de-2023\/\"},\"author\":{\"name\":\"Bruna Greco\",\"@id\":\"https:\/\/www.manaus.am.gov.br\/cgm\/#\/schema\/person\/05d223aea2bf115f9883a6ff3683d81b\"},\"headline\":\"Ageman e Controladoria Geral do Munic\u00edpio definem rotinas das auditorias de 2023\",\"datePublished\":\"2023-05-05T18:56:13+00:00\",\"dateModified\":\"2023-10-16T15:07:19+00:00\",\"mainEntityOfPage\":{\"@id\":\"https:\/\/www.manaus.am.gov.br\/cgm\/ageman-e-controladoria-geral-do-municipio-definem-rotinas-das-auditorias-de-2023\/\"},\"wordCount\":332,\"publisher\":{\"@id\":\"https:\/\/www.manaus.am.gov.br\/cgm\/#organization\"},\"image\":{\"@id\":\"https:\/\/www.manaus.am.gov.br\/cgm\/ageman-e-controladoria-geral-do-municipio-definem-rotinas-das-auditorias-de-2023\/#primaryimage\"},\"thumbnailUrl\":\"https:\/\/www.manaus.am.gov.br\/cgm\/wp-content\/uploads\/sites\/9\/2023\/05\/Reuniao-preparatoria-Ageman-e-CGM-1.jpeg\",\"keywords\":[\"ageman\",\"auditorias de 2023\",\"Controladoria Geral do Munic\u00edpio\",\"prefeitura de manaus\",\"rotinas das auditorias\",\"trabalho de fiscaliza\u00e7\u00e3o e regula\u00e7\u00e3o\"],\"articleSection\":[\"Regula\u00e7\u00e3o\"],\"inLanguage\":\"pt-BR\"},{\"@type\":\"WebPage\",\"@id\":\"https:\/\/www.manaus.am.gov.br\/cgm\/ageman-e-controladoria-geral-do-municipio-definem-rotinas-das-auditorias-de-2023\/\",\"url\":\"https:\/\/www.manaus.am.gov.br\/cgm\/ageman-e-controladoria-geral-do-municipio-definem-rotinas-das-auditorias-de-2023\/\",\"name\":\"Ageman e Controladoria Geral do Munic\u00edpio definem rotinas das auditorias de 2023\",\"isPartOf\":{\"@id\":\"https:\/\/www.manaus.am.gov.br\/cgm\/#website\"},\"primaryImageOfPage\":{\"@id\":\"https:\/\/www.manaus.am.gov.br\/cgm\/ageman-e-controladoria-geral-do-municipio-definem-rotinas-das-auditorias-de-2023\/#primaryimage\"},\"image\":{\"@id\":\"https:\/\/www.manaus.am.gov.br\/cgm\/ageman-e-controladoria-geral-do-municipio-definem-rotinas-das-auditorias-de-2023\/#primaryimage\"},\"thumbnailUrl\":\"https:\/\/www.manaus.am.gov.br\/cgm\/wp-content\/uploads\/sites\/9\/2023\/05\/Reuniao-preparatoria-Ageman-e-CGM-1.jpeg\",\"datePublished\":\"2023-05-05T18:56:13+00:00\",\"dateModified\":\"2023-10-16T15:07:19+00:00\",\"description\":\"Gestores da Ag\u00eancia Reguladora dos Servi\u00e7os P\u00fablicos Delegados do Munic\u00edpio de Manaus (Ageman) e da Controladoria Geral do Munic\u00edpio (CGM) definiram nesta semana, durante reuni\u00e3o preparat\u00f3ria, o cronograma das inspe\u00e7\u00f5es que ser\u00e3o realizadas junto ao \u00f3rg\u00e3o regulador em 2023.\",\"inLanguage\":\"pt-BR\",\"potentialAction\":[{\"@type\":\"ReadAction\",\"target\":[\"https:\/\/www.manaus.am.gov.br\/cgm\/ageman-e-controladoria-geral-do-municipio-definem-rotinas-das-auditorias-de-2023\/\"]}]},{\"@type\":\"ImageObject\",\"inLanguage\":\"pt-BR\",\"@id\":\"https:\/\/www.manaus.am.gov.br\/cgm\/ageman-e-controladoria-geral-do-municipio-definem-rotinas-das-auditorias-de-2023\/#primaryimage\",\"url\":\"https:\/\/www.manaus.am.gov.br\/cgm\/wp-content\/uploads\/sites\/9\/2023\/05\/Reuniao-preparatoria-Ageman-e-CGM-1.jpeg\",\"contentUrl\":\"https:\/\/www.manaus.am.gov.br\/cgm\/wp-content\/uploads\/sites\/9\/2023\/05\/Reuniao-preparatoria-Ageman-e-CGM-1.jpeg\",\"width\":1600,\"height\":1200},{\"@type\":\"WebSite\",\"@id\":\"https:\/\/www.manaus.am.gov.br\/cgm\/#website\",\"url\":\"https:\/\/www.manaus.am.gov.br\/cgm\/\",\"name\":\"CGM\",\"description\":\"Controladoria Geral do Munic\u00edpio\",\"publisher\":{\"@id\":\"https:\/\/www.manaus.am.gov.br\/cgm\/#organization\"},\"alternateName\":\"Controladoria-Geral do Munic\u00edpio\",\"potentialAction\":[{\"@type\":\"SearchAction\",\"target\":{\"@type\":\"EntryPoint\",\"urlTemplate\":\"https:\/\/www.manaus.am.gov.br\/cgm\/?s={search_term_string}\"},\"query-input\":\"required name=search_term_string\"}],\"inLanguage\":\"pt-BR\"},{\"@type\":\"Organization\",\"@id\":\"https:\/\/www.manaus.am.gov.br\/cgm\/#organization\",\"name\":\"Prefeitura de Manaus\",\"alternateName\":\"Prefeitura Municipal de Manaus\",\"url\":\"https:\/\/www.manaus.am.gov.br\/cgm\/\",\"logo\":{\"@type\":\"ImageObject\",\"inLanguage\":\"pt-BR\",\"@id\":\"https:\/\/www.manaus.am.gov.br\/cgm\/#\/schema\/logo\/image\/\",\"url\":\"https:\/\/www.manaus.am.gov.br\/cgm\/wp-content\/uploads\/sites\/9\/2024\/06\/favicon.png\",\"contentUrl\":\"https:\/\/www.manaus.am.gov.br\/cgm\/wp-content\/uploads\/sites\/9\/2024\/06\/favicon.png\",\"width\":300,\"height\":300,\"caption\":\"Prefeitura de Manaus\"},\"image\":{\"@id\":\"https:\/\/www.manaus.am.gov.br\/cgm\/#\/schema\/logo\/image\/\"},\"sameAs\":[\"https:\/\/www.facebook.com\/cgmmanaus\",\"https:\/\/www.instagram.com\/cgmmanaus\/\"]},{\"@type\":\"Person\",\"@id\":\"https:\/\/www.manaus.am.gov.br\/cgm\/#\/schema\/person\/05d223aea2bf115f9883a6ff3683d81b\",\"name\":\"Bruna Greco\",\"image\":{\"@type\":\"ImageObject\",\"inLanguage\":\"pt-BR\",\"@id\":\"https:\/\/www.manaus.am.gov.br\/cgm\/#\/schema\/person\/image\/\",\"url\":\"https:\/\/secure.gravatar.com\/avatar\/9c877d1a6adc2a055330e5c09a8653ce?s=96&d=mm&r=g\",\"contentUrl\":\"https:\/\/secure.gravatar.com\/avatar\/9c877d1a6adc2a055330e5c09a8653ce?s=96&d=mm&r=g\",\"caption\":\"Bruna Greco\"}}]}<\/script>\n<!-- \/ Yoast SEO plugin. -->","yoast_head_json":{"title":"Ageman e Controladoria Geral do Munic\u00edpio definem rotinas das auditorias de 2023","description":"Gestores da Ag\u00eancia Reguladora dos Servi\u00e7os P\u00fablicos Delegados do Munic\u00edpio de Manaus (Ageman) e da Controladoria Geral do Munic\u00edpio (CGM) definiram nesta semana, durante reuni\u00e3o preparat\u00f3ria, o cronograma das inspe\u00e7\u00f5es que ser\u00e3o realizadas junto ao \u00f3rg\u00e3o regulador em 2023.","robots":{"index":"index","follow":"follow","max-snippet":"max-snippet:-1","max-image-preview":"max-image-preview:large","max-video-preview":"max-video-preview:-1"},"canonical":"https:\/\/www.manaus.am.gov.br\/cgm\/ageman-e-controladoria-geral-do-municipio-definem-rotinas-das-auditorias-de-2023\/","og_locale":"pt_BR","og_type":"article","og_title":"Ageman e Controladoria Geral do Munic\u00edpio definem rotinas das auditorias de 2023","og_description":"Gestores da Ag\u00eancia Reguladora dos Servi\u00e7os P\u00fablicos Delegados do Munic\u00edpio de Manaus (Ageman) e da Controladoria Geral do Munic\u00edpio (CGM) definiram nesta semana, durante reuni\u00e3o preparat\u00f3ria, o cronograma das inspe\u00e7\u00f5es que ser\u00e3o realizadas junto ao \u00f3rg\u00e3o regulador em 2023.","og_url":"https:\/\/www.manaus.am.gov.br\/cgm\/ageman-e-controladoria-geral-do-municipio-definem-rotinas-das-auditorias-de-2023\/","og_site_name":"CGM","article_publisher":"https:\/\/www.facebook.com\/cgmmanaus","article_published_time":"2023-05-05T18:56:13+00:00","article_modified_time":"2023-10-16T15:07:19+00:00","og_image":[{"width":1600,"height":1200,"url":"https:\/\/www.manaus.am.gov.br\/cgm\/wp-content\/uploads\/sites\/9\/2023\/05\/Reuniao-preparatoria-Ageman-e-CGM-1.jpeg","type":"image\/jpeg"}],"author":"Bruna Greco","twitter_card":"summary_large_image","twitter_misc":{"Written by":"Bruna Greco","Est. reading time":"2 minutos"},"schema":{"@context":"https:\/\/schema.org","@graph":[{"@type":"Article","@id":"https:\/\/www.manaus.am.gov.br\/cgm\/ageman-e-controladoria-geral-do-municipio-definem-rotinas-das-auditorias-de-2023\/#article","isPartOf":{"@id":"https:\/\/www.manaus.am.gov.br\/cgm\/ageman-e-controladoria-geral-do-municipio-definem-rotinas-das-auditorias-de-2023\/"},"author":{"name":"Bruna Greco","@id":"https:\/\/www.manaus.am.gov.br\/cgm\/#\/schema\/person\/05d223aea2bf115f9883a6ff3683d81b"},"headline":"Ageman e Controladoria Geral do Munic\u00edpio definem rotinas das auditorias de 2023","datePublished":"2023-05-05T18:56:13+00:00","dateModified":"2023-10-16T15:07:19+00:00","mainEntityOfPage":{"@id":"https:\/\/www.manaus.am.gov.br\/cgm\/ageman-e-controladoria-geral-do-municipio-definem-rotinas-das-auditorias-de-2023\/"},"wordCount":332,"publisher":{"@id":"https:\/\/www.manaus.am.gov.br\/cgm\/#organization"},"image":{"@id":"https:\/\/www.manaus.am.gov.br\/cgm\/ageman-e-controladoria-geral-do-municipio-definem-rotinas-das-auditorias-de-2023\/#primaryimage"},"thumbnailUrl":"https:\/\/www.manaus.am.gov.br\/cgm\/wp-content\/uploads\/sites\/9\/2023\/05\/Reuniao-preparatoria-Ageman-e-CGM-1.jpeg","keywords":["ageman","auditorias de 2023","Controladoria Geral do Munic\u00edpio","prefeitura de manaus","rotinas das auditorias","trabalho de fiscaliza\u00e7\u00e3o e regula\u00e7\u00e3o"],"articleSection":["Regula\u00e7\u00e3o"],"inLanguage":"pt-BR"},{"@type":"WebPage","@id":"https:\/\/www.manaus.am.gov.br\/cgm\/ageman-e-controladoria-geral-do-municipio-definem-rotinas-das-auditorias-de-2023\/","url":"https:\/\/www.manaus.am.gov.br\/cgm\/ageman-e-controladoria-geral-do-municipio-definem-rotinas-das-auditorias-de-2023\/","name":"Ageman e Controladoria Geral do Munic\u00edpio definem rotinas das auditorias de 2023","isPartOf":{"@id":"https:\/\/www.manaus.am.gov.br\/cgm\/#website"},"primaryImageOfPage":{"@id":"https:\/\/www.manaus.am.gov.br\/cgm\/ageman-e-controladoria-geral-do-municipio-definem-rotinas-das-auditorias-de-2023\/#primaryimage"},"image":{"@id":"https:\/\/www.manaus.am.gov.br\/cgm\/ageman-e-controladoria-geral-do-municipio-definem-rotinas-das-auditorias-de-2023\/#primaryimage"},"thumbnailUrl":"https:\/\/www.manaus.am.gov.br\/cgm\/wp-content\/uploads\/sites\/9\/2023\/05\/Reuniao-preparatoria-Ageman-e-CGM-1.jpeg","datePublished":"2023-05-05T18:56:13+00:00","dateModified":"2023-10-16T15:07:19+00:00","description":"Gestores da Ag\u00eancia Reguladora dos Servi\u00e7os P\u00fablicos Delegados do Munic\u00edpio de Manaus (Ageman) e da Controladoria Geral do Munic\u00edpio (CGM) definiram nesta semana, durante reuni\u00e3o preparat\u00f3ria, o cronograma das inspe\u00e7\u00f5es que ser\u00e3o realizadas junto ao \u00f3rg\u00e3o regulador em 2023.","inLanguage":"pt-BR","potentialAction":[{"@type":"ReadAction","target":["https:\/\/www.manaus.am.gov.br\/cgm\/ageman-e-controladoria-geral-do-municipio-definem-rotinas-das-auditorias-de-2023\/"]}]},{"@type":"ImageObject","inLanguage":"pt-BR","@id":"https:\/\/www.manaus.am.gov.br\/cgm\/ageman-e-controladoria-geral-do-municipio-definem-rotinas-das-auditorias-de-2023\/#primaryimage","url":"https:\/\/www.manaus.am.gov.br\/cgm\/wp-content\/uploads\/sites\/9\/2023\/05\/Reuniao-preparatoria-Ageman-e-CGM-1.jpeg","contentUrl":"https:\/\/www.manaus.am.gov.br\/cgm\/wp-content\/uploads\/sites\/9\/2023\/05\/Reuniao-preparatoria-Ageman-e-CGM-1.jpeg","width":1600,"height":1200},{"@type":"WebSite","@id":"https:\/\/www.manaus.am.gov.br\/cgm\/#website","url":"https:\/\/www.manaus.am.gov.br\/cgm\/","name":"CGM","description":"Controladoria Geral do Munic\u00edpio","publisher":{"@id":"https:\/\/www.manaus.am.gov.br\/cgm\/#organization"},"alternateName":"Controladoria-Geral do Munic\u00edpio","potentialAction":[{"@type":"SearchAction","target":{"@type":"EntryPoint","urlTemplate":"https:\/\/www.manaus.am.gov.br\/cgm\/?s={search_term_string}"},"query-input":"required name=search_term_string"}],"inLanguage":"pt-BR"},{"@type":"Organization","@id":"https:\/\/www.manaus.am.gov.br\/cgm\/#organization","name":"Prefeitura de Manaus","alternateName":"Prefeitura Municipal de Manaus","url":"https:\/\/www.manaus.am.gov.br\/cgm\/","logo":{"@type":"ImageObject","inLanguage":"pt-BR","@id":"https:\/\/www.manaus.am.gov.br\/cgm\/#\/schema\/logo\/image\/","url":"https:\/\/www.manaus.am.gov.br\/cgm\/wp-content\/uploads\/sites\/9\/2024\/06\/favicon.png","contentUrl":"https:\/\/www.manaus.am.gov.br\/cgm\/wp-content\/uploads\/sites\/9\/2024\/06\/favicon.png","width":300,"height":300,"caption":"Prefeitura de Manaus"},"image":{"@id":"https:\/\/www.manaus.am.gov.br\/cgm\/#\/schema\/logo\/image\/"},"sameAs":["https:\/\/www.facebook.com\/cgmmanaus","https:\/\/www.instagram.com\/cgmmanaus\/"]},{"@type":"Person","@id":"https:\/\/www.manaus.am.gov.br\/cgm\/#\/schema\/person\/05d223aea2bf115f9883a6ff3683d81b","name":"Bruna Greco","image":{"@type":"ImageObject","inLanguage":"pt-BR","@id":"https:\/\/www.manaus.am.gov.br\/cgm\/#\/schema\/person\/image\/","url":"https:\/\/secure.gravatar.com\/avatar\/9c877d1a6adc2a055330e5c09a8653ce?s=96&d=mm&r=g","contentUrl":"https:\/\/secure.gravatar.com\/avatar\/9c877d1a6adc2a055330e5c09a8653ce?s=96&d=mm&r=g","caption":"Bruna Greco"}}]}},"_links":{"self":[{"href":"https:\/\/www.manaus.am.gov.br\/cgm\/wp-json\/wp\/v2\/posts\/1110"}],"collection":[{"href":"https:\/\/www.manaus.am.gov.br\/cgm\/wp-json\/wp\/v2\/posts"}],"about":[{"href":"https:\/\/www.manaus.am.gov.br\/cgm\/wp-json\/wp\/v2\/types\/post"}],"author":[{"embeddable":true,"href":"https:\/\/www.manaus.am.gov.br\/cgm\/wp-json\/wp\/v2\/users\/39"}],"replies":[{"embeddable":true,"href":"https:\/\/www.manaus.am.gov.br\/cgm\/wp-json\/wp\/v2\/comments?post=1110"}],"version-history":[{"count":1,"href":"https:\/\/www.manaus.am.gov.br\/cgm\/wp-json\/wp\/v2\/posts\/1110\/revisions"}],"predecessor-version":[{"id":1319,"href":"https:\/\/www.manaus.am.gov.br\/cgm\/wp-json\/wp\/v2\/posts\/1110\/revisions\/1319"}],"wp:featuredmedia":[{"embeddable":true,"href":"https:\/\/www.manaus.am.gov.br\/cgm\/wp-json\/wp\/v2\/media\/1111"}],"wp:attachment":[{"href":"https:\/\/www.manaus.am.gov.br\/cgm\/wp-json\/wp\/v2\/media?parent=1110"}],"wp:term":[{"taxonomy":"category","embeddable":true,"href":"https:\/\/www.manaus.am.gov.br\/cgm\/wp-json\/wp\/v2\/categories?post=1110"},{"taxonomy":"post_tag","embeddable":true,"href":"https:\/\/www.manaus.am.gov.br\/cgm\/wp-json\/wp\/v2\/tags?post=1110"}],"curies":[{"name":"wp","href":"https:\/\/api.w.org\/{rel}","templated":true}]}}