{"id":996,"date":"2023-09-29T22:43:24","date_gmt":"2023-09-30T02:43:24","guid":{"rendered":"https:\/\/www.manaus.am.gov.br\/ccc\/prefeitura-de-manaus-faz-busca-ativa-na-aldeia-indigena-terra-preta-para-inclusao-na-lei-paulo-gustavo\/"},"modified":"2023-09-29T22:43:24","modified_gmt":"2023-09-30T02:43:24","slug":"prefeitura-de-manaus-faz-busca-ativa-na-aldeia-indigena-terra-preta-para-inclusao-na-lei-paulo-gustavo","status":"publish","type":"post","link":"https:\/\/www.manaus.am.gov.br\/ccc\/prefeitura-de-manaus-faz-busca-ativa-na-aldeia-indigena-terra-preta-para-inclusao-na-lei-paulo-gustavo\/","title":{"rendered":"Prefeitura de Manaus faz busca ativa na aldeia ind\u00edgena Terra Preta para inclus\u00e3o na lei Paulo Gustavo"},"content":{"rendered":"\n<p>A Prefeitura de Manaus realizou no Centro Social da comunidade Aldeia Terra Preta, na zona ribeirinha, nesta sexta-feira, 29\/9, a\u00e7\u00f5es preparat\u00f3rias voltadas aos artistas, com vista \u00e0 implementa\u00e7\u00e3o da Lei Paulo Gustavo.&nbsp;<\/p>\n\n\n\n<p>As atividades voltadas aos artistas e fazedores de cultura ribeirinhos e ind\u00edgenas foram curso de elabora\u00e7\u00e3o de projetos culturais, feito em parceria com Sebrae-AM; coleta de dados para o cadastro pr\u00e9vio da LPG; e prospec\u00e7\u00e3o da busca ativa para inclus\u00e3o de artistas em situa\u00e7\u00e3o de vulnerabilidade que dificilmente participariam de projetos em processo seletivo, como exigido em geral pela LPG.&nbsp;<\/p>\n\n\n\n<p>Para o diretor-presidente da Funda\u00e7\u00e3o Municipal de Cultura, Turismo e Eventos (Manauscult), Osvaldo Cardoso, a busca ativa est\u00e1 dando oportunidades a talentos que muitas vezes ficam escondidos nas comunidades.<\/p>\n\n\n\n<p>\u201cMuitos talentos ficam escondidos nas comunidades, sem conseguirem chegar aos editais devido a v\u00e1rios fatores, entre eles, a comunica\u00e7\u00e3o. Com a busca ativa, estamos mudando essa realidade e cumprindo a determina\u00e7\u00e3o do prefeito David Almeida, de fazer com que a cultura e oportunidade cheguem a todos os artistas\u201d, disse.<\/p>\n\n\n\n<p>O presidente do Concultura, Ten\u00f3rio Telles, destaca o cumprimento ao esp\u00edrito da LPG que \u00e9 a inclus\u00e3o, al\u00e9m do sentido emergencial da lei.<\/p>\n\n\n\n<p>&#8220;Nossa expectativa \u00e9 que os benef\u00edcios da Lei Paulo Gustavo cheguem tamb\u00e9m \u00e0 popula\u00e7\u00e3o ribeirinha, contemplando os artistas e fazedores de cultura que vivem nas margens dos rios do entorno de Manaus. Tem sido uma experi\u00eancia humana e enriquecedora as visitas da Prefeitura de Manaus aos nossos criadores da zona rural&#8221;.<\/p>\n\n\n\n<p>A coordena\u00e7\u00e3o da implementa\u00e7\u00e3o da LPG municipal \u00e9 do vice-presidente, Neilo Batista, que tem acompanhado as a\u00e7\u00f5es e esclarecido as d\u00favidas dos artistas.<\/p>\n\n\n\n<p>&#8220;Temos percebido que boa parte dos artistas, mestres e agentes culturais n\u00e3o t\u00eam a consci\u00eancia das artes que praticam e a import\u00e2ncia que suas obras t\u00eam para a identidade e motiva\u00e7\u00e3o das suas comunidades&#8221;, explica, ao falar de cantadores e tocadores, tecedores de esteiras de fibras da floresta, lideran\u00e7as ind\u00edgenas e paj\u00e9s.<\/p>\n\n\n\n<p>&#8220;Encontramos nessas comunidades escritores e luthiers que vivem em anonimato com um potencial imenso de despertar o interesse do p\u00fablico urbano&#8221;.<\/p>\n\n\n<div class=\"wp-block-image\">\n<figure class=\"aligncenter size-full\"><img loading=\"lazy\" decoding=\"async\" width=\"799\" height=\"533\" src=\"https:\/\/www.manaus.am.gov.br\/ccc\/wp-content\/uploads\/sites\/4\/2023\/12\/53222734965_2ccc724294_c.jpg\" alt=\"\" class=\"wp-image-997\" srcset=\"https:\/\/www.manaus.am.gov.br\/ccc\/wp-content\/uploads\/sites\/4\/2023\/12\/53222734965_2ccc724294_c.jpg 799w, https:\/\/www.manaus.am.gov.br\/ccc\/wp-content\/uploads\/sites\/4\/2023\/12\/53222734965_2ccc724294_c-300x200.jpg 300w, https:\/\/www.manaus.am.gov.br\/ccc\/wp-content\/uploads\/sites\/4\/2023\/12\/53222734965_2ccc724294_c-768x512.jpg 768w\" sizes=\"(max-width: 799px) 100vw, 799px\" \/><\/figure><\/div>\n\n\n<p>O conselheiro de cultura \u00e9tnica, Ludimar Gon\u00e7alves Kokama, disse que essa a\u00e7\u00e3o vem para dar a possibilidade da comunidade ind\u00edgena na aldeia Terra Preta, e demais comunidades aqui do entorno, de concorrer aos mais de trinta projetos do segmento, al\u00e9m de 20% da cota ind\u00edgena nas outras linguagens na LPG.<\/p>\n\n\n\n<p>&#8220;Ent\u00e3o ter\u00e1 bastante vagas para serem preenchidas. Ent\u00e3o dessa forma\u00e7\u00e3o abre-se uma oportunidade in\u00e9dita \u00e0s comunidades ribeirinhas e ind\u00edgenas&#8221;, afirmou.<\/p>\n\n\n\n<p>O produtor audiovisual da Etnia Bar\u00e9, Felipe Filho, conta que \u00e9 muito importante porque \u00e9 dif\u00edcil o acesso \u00e0 informa\u00e7\u00e3o na comunidade.<\/p>\n\n\n\n<p>&#8220;As a\u00e7\u00f5es que v\u00eam at\u00e9 aqui a gente valoriza muito e, principalmente, agora porque abre oportunidade pra gente trabalhar nesse segmento&#8221;. Ele conta que j\u00e1 vem trabalhando h\u00e1 quatro anos no Audiovisual e a inten\u00e7\u00e3o \u00e9 concorrer no edital com um projeto fazendo um document\u00e1rio sobre a comunidade Terra Preta, contando um pouco da viv\u00eancia, da cultura da l\u00edngua e da origem do povo.<\/p>\n\n\n\n<p>Participaram da a\u00e7\u00e3o mais de 60 pessoas, moradores das comunidades pr\u00f3ximas.<\/p>\n\n\n\n<h2 class=\"wp-block-heading\">Busca ativa<\/h2>\n\n\n\n<p>Desde o m\u00eas de setembro, a a\u00e7\u00e3o foi realizada e at\u00e9 agora quatro buscas ativas aos artistas e fazedores de cultura localizados em comunidades rurais, ribeirinhas e na periferia do entorno e na cidade de Manaus.&nbsp;<\/p>\n\n\n\n<p>Nessas a\u00e7\u00f5es foram prospectados mestres da cultura popular, artistas e artes\u00e3os que nunca haviam participado das a\u00e7\u00f5es governamentais de apoio e fomento aos fazedores de cultura. Foram coletados dados dos artistas que n\u00e3o t\u00eam acesso \u00e0 conex\u00e3o por Internet para elaborar e inscrever seus projetos.<\/p>\n\n\n\n<p>&#8212; &#8212; &#8212;<\/p>\n\n\n\n<p><strong>Texto<\/strong> &#8211; Crist\u00f3v\u00e3o Nonato&nbsp; \/ Manauscult<\/p>\n\n\n\n<p><strong>Fotos<\/strong> \u2013 Phil Limma \/ Semcom<\/p>\n\n\n\n<p>Dispon\u00edveis em &#8211; <a href=\"https:\/\/flic.kr\/s\/aHBqjAWFQW\">https:\/\/flic.kr\/s\/aHBqjAWFQW<\/a><\/p>\n","protected":false},"excerpt":{"rendered":"","protected":false},"author":31,"featured_media":998,"comment_status":"closed","ping_status":"closed","sticky":false,"template":"","format":"standard","meta":{"footnotes":""},"categories":[295],"tags":[345,346,347],"acf":[],"yoast_head":"<!-- This site is optimized with the Yoast SEO plugin v23.0 - https:\/\/yoast.com\/wordpress\/plugins\/seo\/ -->\n<title>Prefeitura de Manaus faz busca ativa na aldeia ind\u00edgena Terra Preta para inclus\u00e3o na lei Paulo Gustavo - CCC<\/title>\n<meta name=\"robots\" content=\"index, follow, max-snippet:-1, max-image-preview:large, max-video-preview:-1\" \/>\n<link rel=\"canonical\" href=\"https:\/\/www.manaus.am.gov.br\/ccc\/prefeitura-de-manaus-faz-busca-ativa-na-aldeia-indigena-terra-preta-para-inclusao-na-lei-paulo-gustavo\/\" \/>\n<meta property=\"og:locale\" content=\"pt_BR\" \/>\n<meta property=\"og:type\" content=\"article\" \/>\n<meta property=\"og:title\" content=\"Prefeitura de Manaus faz busca ativa na aldeia ind\u00edgena Terra Preta para inclus\u00e3o na lei Paulo Gustavo - CCC\" \/>\n<meta property=\"og:url\" content=\"https:\/\/www.manaus.am.gov.br\/ccc\/prefeitura-de-manaus-faz-busca-ativa-na-aldeia-indigena-terra-preta-para-inclusao-na-lei-paulo-gustavo\/\" \/>\n<meta property=\"og:site_name\" content=\"CCC\" \/>\n<meta property=\"article:published_time\" content=\"2023-09-30T02:43:24+00:00\" \/>\n<meta property=\"og:image\" content=\"https:\/\/www.manaus.am.gov.br\/ccc\/wp-content\/uploads\/sites\/4\/2023\/12\/53221366847_b4a226c7ab_c.jpg\" \/>\n\t<meta property=\"og:image:width\" content=\"799\" \/>\n\t<meta property=\"og:image:height\" content=\"533\" \/>\n\t<meta property=\"og:image:type\" content=\"image\/jpeg\" \/>\n<meta name=\"author\" content=\"Renata Felix\" \/>\n<meta name=\"twitter:card\" content=\"summary_large_image\" \/>\n<meta name=\"twitter:label1\" content=\"Written by\" \/>\n\t<meta name=\"twitter:data1\" content=\"Renata Felix\" \/>\n\t<meta name=\"twitter:label2\" content=\"Est. reading time\" \/>\n\t<meta name=\"twitter:data2\" content=\"4 minutos\" \/>\n<script type=\"application\/ld+json\" class=\"yoast-schema-graph\">{\"@context\":\"https:\/\/schema.org\",\"@graph\":[{\"@type\":\"WebPage\",\"@id\":\"https:\/\/www.manaus.am.gov.br\/ccc\/prefeitura-de-manaus-faz-busca-ativa-na-aldeia-indigena-terra-preta-para-inclusao-na-lei-paulo-gustavo\/\",\"url\":\"https:\/\/www.manaus.am.gov.br\/ccc\/prefeitura-de-manaus-faz-busca-ativa-na-aldeia-indigena-terra-preta-para-inclusao-na-lei-paulo-gustavo\/\",\"name\":\"Prefeitura de Manaus faz busca ativa na aldeia ind\u00edgena Terra Preta para inclus\u00e3o na lei Paulo Gustavo - CCC\",\"isPartOf\":{\"@id\":\"https:\/\/www.manaus.am.gov.br\/ccc\/#website\"},\"primaryImageOfPage\":{\"@id\":\"https:\/\/www.manaus.am.gov.br\/ccc\/prefeitura-de-manaus-faz-busca-ativa-na-aldeia-indigena-terra-preta-para-inclusao-na-lei-paulo-gustavo\/#primaryimage\"},\"image\":{\"@id\":\"https:\/\/www.manaus.am.gov.br\/ccc\/prefeitura-de-manaus-faz-busca-ativa-na-aldeia-indigena-terra-preta-para-inclusao-na-lei-paulo-gustavo\/#primaryimage\"},\"thumbnailUrl\":\"https:\/\/www.manaus.am.gov.br\/ccc\/wp-content\/uploads\/sites\/4\/2023\/12\/53221366847_b4a226c7ab_c.jpg\",\"datePublished\":\"2023-09-30T02:43:24+00:00\",\"dateModified\":\"2023-09-30T02:43:24+00:00\",\"author\":{\"@id\":\"https:\/\/www.manaus.am.gov.br\/ccc\/#\/schema\/person\/4eea2a8f78dc853097abb026f728aa06\"},\"inLanguage\":\"pt-BR\",\"potentialAction\":[{\"@type\":\"ReadAction\",\"target\":[\"https:\/\/www.manaus.am.gov.br\/ccc\/prefeitura-de-manaus-faz-busca-ativa-na-aldeia-indigena-terra-preta-para-inclusao-na-lei-paulo-gustavo\/\"]}]},{\"@type\":\"ImageObject\",\"inLanguage\":\"pt-BR\",\"@id\":\"https:\/\/www.manaus.am.gov.br\/ccc\/prefeitura-de-manaus-faz-busca-ativa-na-aldeia-indigena-terra-preta-para-inclusao-na-lei-paulo-gustavo\/#primaryimage\",\"url\":\"https:\/\/www.manaus.am.gov.br\/ccc\/wp-content\/uploads\/sites\/4\/2023\/12\/53221366847_b4a226c7ab_c.jpg\",\"contentUrl\":\"https:\/\/www.manaus.am.gov.br\/ccc\/wp-content\/uploads\/sites\/4\/2023\/12\/53221366847_b4a226c7ab_c.jpg\",\"width\":799,\"height\":533},{\"@type\":\"WebSite\",\"@id\":\"https:\/\/www.manaus.am.gov.br\/ccc\/#website\",\"url\":\"https:\/\/www.manaus.am.gov.br\/ccc\/\",\"name\":\"CCC\",\"description\":\"Centro de Coopera\u00e7\u00e3o da Cidade\",\"alternateName\":\"Centro de Coopera\u00e7\u00e3o da Cidade\",\"potentialAction\":[{\"@type\":\"SearchAction\",\"target\":{\"@type\":\"EntryPoint\",\"urlTemplate\":\"https:\/\/www.manaus.am.gov.br\/ccc\/?s={search_term_string}\"},\"query-input\":\"required name=search_term_string\"}],\"inLanguage\":\"pt-BR\"},{\"@type\":\"Person\",\"@id\":\"https:\/\/www.manaus.am.gov.br\/ccc\/#\/schema\/person\/4eea2a8f78dc853097abb026f728aa06\",\"name\":\"Renata Felix\",\"image\":{\"@type\":\"ImageObject\",\"inLanguage\":\"pt-BR\",\"@id\":\"https:\/\/www.manaus.am.gov.br\/ccc\/#\/schema\/person\/image\/\",\"url\":\"https:\/\/secure.gravatar.com\/avatar\/3c196cf9d3b837b24c8edb2c50fd8f29?s=96&d=mm&r=g\",\"contentUrl\":\"https:\/\/secure.gravatar.com\/avatar\/3c196cf9d3b837b24c8edb2c50fd8f29?s=96&d=mm&r=g\",\"caption\":\"Renata Felix\"}}]}<\/script>\n<!-- \/ Yoast SEO plugin. -->","yoast_head_json":{"title":"Prefeitura de Manaus faz busca ativa na aldeia ind\u00edgena Terra Preta para inclus\u00e3o na lei Paulo Gustavo - CCC","robots":{"index":"index","follow":"follow","max-snippet":"max-snippet:-1","max-image-preview":"max-image-preview:large","max-video-preview":"max-video-preview:-1"},"canonical":"https:\/\/www.manaus.am.gov.br\/ccc\/prefeitura-de-manaus-faz-busca-ativa-na-aldeia-indigena-terra-preta-para-inclusao-na-lei-paulo-gustavo\/","og_locale":"pt_BR","og_type":"article","og_title":"Prefeitura de Manaus faz busca ativa na aldeia ind\u00edgena Terra Preta para inclus\u00e3o na lei Paulo Gustavo - CCC","og_url":"https:\/\/www.manaus.am.gov.br\/ccc\/prefeitura-de-manaus-faz-busca-ativa-na-aldeia-indigena-terra-preta-para-inclusao-na-lei-paulo-gustavo\/","og_site_name":"CCC","article_published_time":"2023-09-30T02:43:24+00:00","og_image":[{"width":799,"height":533,"url":"https:\/\/www.manaus.am.gov.br\/ccc\/wp-content\/uploads\/sites\/4\/2023\/12\/53221366847_b4a226c7ab_c.jpg","type":"image\/jpeg"}],"author":"Renata Felix","twitter_card":"summary_large_image","twitter_misc":{"Written by":"Renata Felix","Est. reading time":"4 minutos"},"schema":{"@context":"https:\/\/schema.org","@graph":[{"@type":"WebPage","@id":"https:\/\/www.manaus.am.gov.br\/ccc\/prefeitura-de-manaus-faz-busca-ativa-na-aldeia-indigena-terra-preta-para-inclusao-na-lei-paulo-gustavo\/","url":"https:\/\/www.manaus.am.gov.br\/ccc\/prefeitura-de-manaus-faz-busca-ativa-na-aldeia-indigena-terra-preta-para-inclusao-na-lei-paulo-gustavo\/","name":"Prefeitura de Manaus faz busca ativa na aldeia ind\u00edgena Terra Preta para inclus\u00e3o na lei Paulo Gustavo - CCC","isPartOf":{"@id":"https:\/\/www.manaus.am.gov.br\/ccc\/#website"},"primaryImageOfPage":{"@id":"https:\/\/www.manaus.am.gov.br\/ccc\/prefeitura-de-manaus-faz-busca-ativa-na-aldeia-indigena-terra-preta-para-inclusao-na-lei-paulo-gustavo\/#primaryimage"},"image":{"@id":"https:\/\/www.manaus.am.gov.br\/ccc\/prefeitura-de-manaus-faz-busca-ativa-na-aldeia-indigena-terra-preta-para-inclusao-na-lei-paulo-gustavo\/#primaryimage"},"thumbnailUrl":"https:\/\/www.manaus.am.gov.br\/ccc\/wp-content\/uploads\/sites\/4\/2023\/12\/53221366847_b4a226c7ab_c.jpg","datePublished":"2023-09-30T02:43:24+00:00","dateModified":"2023-09-30T02:43:24+00:00","author":{"@id":"https:\/\/www.manaus.am.gov.br\/ccc\/#\/schema\/person\/4eea2a8f78dc853097abb026f728aa06"},"inLanguage":"pt-BR","potentialAction":[{"@type":"ReadAction","target":["https:\/\/www.manaus.am.gov.br\/ccc\/prefeitura-de-manaus-faz-busca-ativa-na-aldeia-indigena-terra-preta-para-inclusao-na-lei-paulo-gustavo\/"]}]},{"@type":"ImageObject","inLanguage":"pt-BR","@id":"https:\/\/www.manaus.am.gov.br\/ccc\/prefeitura-de-manaus-faz-busca-ativa-na-aldeia-indigena-terra-preta-para-inclusao-na-lei-paulo-gustavo\/#primaryimage","url":"https:\/\/www.manaus.am.gov.br\/ccc\/wp-content\/uploads\/sites\/4\/2023\/12\/53221366847_b4a226c7ab_c.jpg","contentUrl":"https:\/\/www.manaus.am.gov.br\/ccc\/wp-content\/uploads\/sites\/4\/2023\/12\/53221366847_b4a226c7ab_c.jpg","width":799,"height":533},{"@type":"WebSite","@id":"https:\/\/www.manaus.am.gov.br\/ccc\/#website","url":"https:\/\/www.manaus.am.gov.br\/ccc\/","name":"CCC","description":"Centro de Coopera\u00e7\u00e3o da Cidade","alternateName":"Centro de Coopera\u00e7\u00e3o da Cidade","potentialAction":[{"@type":"SearchAction","target":{"@type":"EntryPoint","urlTemplate":"https:\/\/www.manaus.am.gov.br\/ccc\/?s={search_term_string}"},"query-input":"required name=search_term_string"}],"inLanguage":"pt-BR"},{"@type":"Person","@id":"https:\/\/www.manaus.am.gov.br\/ccc\/#\/schema\/person\/4eea2a8f78dc853097abb026f728aa06","name":"Renata Felix","image":{"@type":"ImageObject","inLanguage":"pt-BR","@id":"https:\/\/www.manaus.am.gov.br\/ccc\/#\/schema\/person\/image\/","url":"https:\/\/secure.gravatar.com\/avatar\/3c196cf9d3b837b24c8edb2c50fd8f29?s=96&d=mm&r=g","contentUrl":"https:\/\/secure.gravatar.com\/avatar\/3c196cf9d3b837b24c8edb2c50fd8f29?s=96&d=mm&r=g","caption":"Renata Felix"}}]}},"_links":{"self":[{"href":"https:\/\/www.manaus.am.gov.br\/ccc\/wp-json\/wp\/v2\/posts\/996"}],"collection":[{"href":"https:\/\/www.manaus.am.gov.br\/ccc\/wp-json\/wp\/v2\/posts"}],"about":[{"href":"https:\/\/www.manaus.am.gov.br\/ccc\/wp-json\/wp\/v2\/types\/post"}],"author":[{"embeddable":true,"href":"https:\/\/www.manaus.am.gov.br\/ccc\/wp-json\/wp\/v2\/users\/31"}],"replies":[{"embeddable":true,"href":"https:\/\/www.manaus.am.gov.br\/ccc\/wp-json\/wp\/v2\/comments?post=996"}],"version-history":[{"count":1,"href":"https:\/\/www.manaus.am.gov.br\/ccc\/wp-json\/wp\/v2\/posts\/996\/revisions"}],"predecessor-version":[{"id":999,"href":"https:\/\/www.manaus.am.gov.br\/ccc\/wp-json\/wp\/v2\/posts\/996\/revisions\/999"}],"wp:featuredmedia":[{"embeddable":true,"href":"https:\/\/www.manaus.am.gov.br\/ccc\/wp-json\/wp\/v2\/media\/998"}],"wp:attachment":[{"href":"https:\/\/www.manaus.am.gov.br\/ccc\/wp-json\/wp\/v2\/media?parent=996"}],"wp:term":[{"taxonomy":"category","embeddable":true,"href":"https:\/\/www.manaus.am.gov.br\/ccc\/wp-json\/wp\/v2\/categories?post=996"},{"taxonomy":"post_tag","embeddable":true,"href":"https:\/\/www.manaus.am.gov.br\/ccc\/wp-json\/wp\/v2\/tags?post=996"}],"curies":[{"name":"wp","href":"https:\/\/api.w.org\/{rel}","templated":true}]}}