{"id":782,"date":"2023-07-31T15:47:35","date_gmt":"2023-07-31T19:47:35","guid":{"rendered":"https:\/\/www.manaus.am.gov.br\/ccc\/prefeitura-de-manaus-dialoga-com-associacao-dos-flutuantes-do-taruma-sobre-decisao-judicial\/"},"modified":"2023-11-22T15:28:00","modified_gmt":"2023-11-22T19:28:00","slug":"prefeitura-de-manaus-dialoga-com-associacao-dos-flutuantes-do-taruma-sobre-decisao-judicial","status":"publish","type":"post","link":"https:\/\/www.manaus.am.gov.br\/ccc\/prefeitura-de-manaus-dialoga-com-associacao-dos-flutuantes-do-taruma-sobre-decisao-judicial\/","title":{"rendered":"Prefeitura de Manaus dialoga com associa\u00e7\u00e3o dos flutuantes do Tarum\u00e3 sobre decis\u00e3o judicial"},"content":{"rendered":"\n<p>O prefeito de Manaus, David Almeida, ao lado do vice-prefeito e chefe da Casa Civil, Marcos Rotta, recebeu, nesta segunda-feira, 31\/7, representantes da Associa\u00e7\u00e3o dos Flutuantes do Rio Tarum\u00e3-A\u00e7u (Afluta) e dos moradores da comunidade na marina do Davi, que buscam modificar a decis\u00e3o expedida no dia 7 de junho, pelo juiz titular da Vara Especializada em Meio Ambiente (Vema), Moacir Pereira Batista, que ordena a retirada dos mais de 900 flutuantes instalados na localidade.<\/p>\n\n\n\n<p>Durante o encontro no Centro de Coopera\u00e7\u00e3o da Cidade (CCC), localizado no Adrian\u00f3polis, zona Centro-Sul, os representantes demonstraram dados que apontam que muitos dos flutuantes do local est\u00e3o regularizados.<\/p>\n\n\n\n<p>Presente na reuni\u00e3o, o titular da Secretaria Municipal de Meio Ambiente e Sustentabilidade (Semmas), Ant\u00f4nio Stroski, explicou que entre os dias 29\/6 e 20\/7, foi realizada uma a\u00e7\u00e3o que notificou todos os flutuantes do Tarum\u00e3-A\u00e7u. Al\u00e9m disso, ocorreu a atualiza\u00e7\u00e3o do sistema de monitoramento da Prefeitura de Manaus.<\/p>\n\n\n\n<p>\u201cO entendimento do prefeito David Almeida \u00e9 que sim, n\u00f3s devemos levar em considera\u00e7\u00e3o ao cumprimento da decis\u00e3o da Justi\u00e7a, os aspectos sociais e econ\u00f4mico tamb\u00e9m. \u00c9 uma reuni\u00e3o em que discutimos a extens\u00e3o do cumprimento desta decis\u00e3o e qual a melhor solu\u00e7\u00e3o tamb\u00e9m, que inevitavelmente passa pela necessidade de um reordenamento\u201d, afirmou Stroski.<\/p>\n\n\n\n<p><strong>Mapa<\/strong><\/p>\n\n\n\n<p>Ap\u00f3s a primeira fase da opera\u00e7\u00e3o, a Semmas descobriu que dos 913 flutuantes instalados ao longo do Tarum\u00e3-A\u00e7u, 194 s\u00e3o residenciais, 251 garagens, 415 comerciais e 53 s\u00e3o p\u00ederes.<\/p>\n\n\n\n<p>Para o procurador-geral do Munic\u00edpio (PGM), Rafael Bertazzo, \u00e9 fundamental que todas as d\u00favidas existentes no processo de retirada sejam esclarecidas para que a popula\u00e7\u00e3o que est\u00e1 regular n\u00e3o seja prejudicada no final do processo.<\/p>\n\n\n\n<p>\u201cExiste uma ordem judicial que obriga a prefeitura a remover os flutuantes at\u00e9 o dia 31 de dezembro de 2023, s\u00f3 que essa ordem necessita de esclarecimento maior em v\u00e1rias \u00e1reas, seja financeira, operacional e geogr\u00e1fica, pois torna inexequ\u00edvel. Vale lembrar que essa determina\u00e7\u00e3o n\u00e3o \u00e9 da prefeitura. Existe uma ordem judicial que obriga essa remo\u00e7\u00e3o. S\u00f3 que ela tem que ser feita com muita cautela, porque existem flutuantes j\u00e1 regularizados. Existem flutuantes de fam\u00edlias que moram l\u00e1. Ent\u00e3o, a prefeitura vai tomar todos os cuidados para que no final da opera\u00e7\u00e3o s\u00f3 sejam retirados os flutuantes que estiverem irregulares\u201d, enfatizou Bertazzo.<\/p>\n\n\n\n<p>Presidente da Afluta, Nildo Affonso, salientou o resultado positivo da reuni\u00e3o, uma vez que o prefeito David Almeida se mostrou sens\u00edvel \u00e0s solicita\u00e7\u00f5es.<\/p>\n\n\n\n<p>\u201cN\u00f3s viemos conversar com o prefeito devido a essa nossa preocupa\u00e7\u00e3o. Entendemos que a prefeitura est\u00e1 respons\u00e1vel pelo cumprimento de uma decis\u00e3o, mas existem quest\u00f5es sociais. S\u00e3o muitas fam\u00edlias, muitos empregos e o prefeito mostrou-se sens\u00edvel a esta pauta\u201d, afirmou.<\/p>\n\n\n\n<p><strong>Decis\u00e3o da Justi\u00e7a<\/strong><\/p>\n\n\n\n<p>O juiz titular da Vara Especializada do Meio Ambiente (Vema), Moacir Pereira Batista, expediu a \u00faltima Decis\u00e3o Interlocut\u00f3ria, no dia 7 de junho, determinando ao munic\u00edpio de Manaus a retirada dos flutuantes irregulares do Tarum\u00e3-A\u00e7u. Assim, confirmou decis\u00e3o anterior do juiz substituto da Vema, Di\u00f3genes Vidal Pessoa Neto, do dia 16 de agosto de 2021.<\/p>\n\n\n\n<p>&#8212; &#8212; &#8212;<\/p>\n\n\n\n<p><strong>Texto<\/strong> \u2013 Thiago Fernando \/ Semcom<\/p>\n\n\n\n<p><strong>Fotos<\/strong> \u2013 Dhyeizo Lemos \/ Semcom<\/p>\n\n\n\n<p>Dispon\u00edveis em \u2013 <a href=\"https:\/\/flic.kr\/s\/aHBqjAPt8v\">https:\/\/flic.kr\/s\/aHBqjAPt8v<\/a><\/p>\n","protected":false},"excerpt":{"rendered":"","protected":false},"author":31,"featured_media":783,"comment_status":"closed","ping_status":"closed","sticky":false,"template":"","format":"standard","meta":{"footnotes":""},"categories":[5],"tags":[264,265,266,267,268],"acf":[],"yoast_head":"<!-- This site is optimized with the Yoast SEO plugin v23.0 - https:\/\/yoast.com\/wordpress\/plugins\/seo\/ -->\n<title>Prefeitura de Manaus dialoga com associa\u00e7\u00e3o dos flutuantes do Tarum\u00e3 sobre decis\u00e3o judicial - CCC<\/title>\n<meta name=\"robots\" content=\"index, follow, max-snippet:-1, max-image-preview:large, max-video-preview:-1\" \/>\n<link rel=\"canonical\" href=\"https:\/\/www.manaus.am.gov.br\/ccc\/prefeitura-de-manaus-dialoga-com-associacao-dos-flutuantes-do-taruma-sobre-decisao-judicial\/\" \/>\n<meta property=\"og:locale\" content=\"pt_BR\" \/>\n<meta property=\"og:type\" content=\"article\" \/>\n<meta property=\"og:title\" content=\"Prefeitura de Manaus dialoga com associa\u00e7\u00e3o dos flutuantes do Tarum\u00e3 sobre decis\u00e3o judicial - CCC\" \/>\n<meta property=\"og:url\" content=\"https:\/\/www.manaus.am.gov.br\/ccc\/prefeitura-de-manaus-dialoga-com-associacao-dos-flutuantes-do-taruma-sobre-decisao-judicial\/\" \/>\n<meta property=\"og:site_name\" content=\"CCC\" \/>\n<meta property=\"article:published_time\" content=\"2023-07-31T19:47:35+00:00\" \/>\n<meta property=\"article:modified_time\" content=\"2023-11-22T19:28:00+00:00\" \/>\n<meta property=\"og:image\" content=\"https:\/\/www.manaus.am.gov.br\/ccc\/wp-content\/uploads\/sites\/4\/2023\/11\/53084860679_f55eb95f17_c.jpg\" \/>\n\t<meta property=\"og:image:width\" content=\"800\" \/>\n\t<meta property=\"og:image:height\" content=\"600\" \/>\n\t<meta property=\"og:image:type\" content=\"image\/jpeg\" \/>\n<meta name=\"author\" content=\"Renata Felix\" \/>\n<meta name=\"twitter:card\" content=\"summary_large_image\" \/>\n<meta name=\"twitter:label1\" content=\"Written by\" \/>\n\t<meta name=\"twitter:data1\" content=\"Renata Felix\" \/>\n\t<meta name=\"twitter:label2\" content=\"Est. reading time\" \/>\n\t<meta name=\"twitter:data2\" content=\"3 minutos\" \/>\n<script type=\"application\/ld+json\" class=\"yoast-schema-graph\">{\"@context\":\"https:\/\/schema.org\",\"@graph\":[{\"@type\":\"WebPage\",\"@id\":\"https:\/\/www.manaus.am.gov.br\/ccc\/prefeitura-de-manaus-dialoga-com-associacao-dos-flutuantes-do-taruma-sobre-decisao-judicial\/\",\"url\":\"https:\/\/www.manaus.am.gov.br\/ccc\/prefeitura-de-manaus-dialoga-com-associacao-dos-flutuantes-do-taruma-sobre-decisao-judicial\/\",\"name\":\"Prefeitura de Manaus dialoga com associa\u00e7\u00e3o dos flutuantes do Tarum\u00e3 sobre decis\u00e3o judicial - CCC\",\"isPartOf\":{\"@id\":\"https:\/\/www.manaus.am.gov.br\/ccc\/#website\"},\"primaryImageOfPage\":{\"@id\":\"https:\/\/www.manaus.am.gov.br\/ccc\/prefeitura-de-manaus-dialoga-com-associacao-dos-flutuantes-do-taruma-sobre-decisao-judicial\/#primaryimage\"},\"image\":{\"@id\":\"https:\/\/www.manaus.am.gov.br\/ccc\/prefeitura-de-manaus-dialoga-com-associacao-dos-flutuantes-do-taruma-sobre-decisao-judicial\/#primaryimage\"},\"thumbnailUrl\":\"https:\/\/www.manaus.am.gov.br\/ccc\/wp-content\/uploads\/sites\/4\/2023\/11\/53084860679_f55eb95f17_c.jpg\",\"datePublished\":\"2023-07-31T19:47:35+00:00\",\"dateModified\":\"2023-11-22T19:28:00+00:00\",\"author\":{\"@id\":\"https:\/\/www.manaus.am.gov.br\/ccc\/#\/schema\/person\/4eea2a8f78dc853097abb026f728aa06\"},\"inLanguage\":\"pt-BR\",\"potentialAction\":[{\"@type\":\"ReadAction\",\"target\":[\"https:\/\/www.manaus.am.gov.br\/ccc\/prefeitura-de-manaus-dialoga-com-associacao-dos-flutuantes-do-taruma-sobre-decisao-judicial\/\"]}]},{\"@type\":\"ImageObject\",\"inLanguage\":\"pt-BR\",\"@id\":\"https:\/\/www.manaus.am.gov.br\/ccc\/prefeitura-de-manaus-dialoga-com-associacao-dos-flutuantes-do-taruma-sobre-decisao-judicial\/#primaryimage\",\"url\":\"https:\/\/www.manaus.am.gov.br\/ccc\/wp-content\/uploads\/sites\/4\/2023\/11\/53084860679_f55eb95f17_c.jpg\",\"contentUrl\":\"https:\/\/www.manaus.am.gov.br\/ccc\/wp-content\/uploads\/sites\/4\/2023\/11\/53084860679_f55eb95f17_c.jpg\",\"width\":800,\"height\":600},{\"@type\":\"WebSite\",\"@id\":\"https:\/\/www.manaus.am.gov.br\/ccc\/#website\",\"url\":\"https:\/\/www.manaus.am.gov.br\/ccc\/\",\"name\":\"CCC\",\"description\":\"Centro de Coopera\u00e7\u00e3o da Cidade\",\"alternateName\":\"Centro de Coopera\u00e7\u00e3o da Cidade\",\"potentialAction\":[{\"@type\":\"SearchAction\",\"target\":{\"@type\":\"EntryPoint\",\"urlTemplate\":\"https:\/\/www.manaus.am.gov.br\/ccc\/?s={search_term_string}\"},\"query-input\":\"required name=search_term_string\"}],\"inLanguage\":\"pt-BR\"},{\"@type\":\"Person\",\"@id\":\"https:\/\/www.manaus.am.gov.br\/ccc\/#\/schema\/person\/4eea2a8f78dc853097abb026f728aa06\",\"name\":\"Renata Felix\",\"image\":{\"@type\":\"ImageObject\",\"inLanguage\":\"pt-BR\",\"@id\":\"https:\/\/www.manaus.am.gov.br\/ccc\/#\/schema\/person\/image\/\",\"url\":\"https:\/\/secure.gravatar.com\/avatar\/3c196cf9d3b837b24c8edb2c50fd8f29?s=96&d=mm&r=g\",\"contentUrl\":\"https:\/\/secure.gravatar.com\/avatar\/3c196cf9d3b837b24c8edb2c50fd8f29?s=96&d=mm&r=g\",\"caption\":\"Renata Felix\"}}]}<\/script>\n<!-- \/ Yoast SEO plugin. -->","yoast_head_json":{"title":"Prefeitura de Manaus dialoga com associa\u00e7\u00e3o dos flutuantes do Tarum\u00e3 sobre decis\u00e3o judicial - CCC","robots":{"index":"index","follow":"follow","max-snippet":"max-snippet:-1","max-image-preview":"max-image-preview:large","max-video-preview":"max-video-preview:-1"},"canonical":"https:\/\/www.manaus.am.gov.br\/ccc\/prefeitura-de-manaus-dialoga-com-associacao-dos-flutuantes-do-taruma-sobre-decisao-judicial\/","og_locale":"pt_BR","og_type":"article","og_title":"Prefeitura de Manaus dialoga com associa\u00e7\u00e3o dos flutuantes do Tarum\u00e3 sobre decis\u00e3o judicial - CCC","og_url":"https:\/\/www.manaus.am.gov.br\/ccc\/prefeitura-de-manaus-dialoga-com-associacao-dos-flutuantes-do-taruma-sobre-decisao-judicial\/","og_site_name":"CCC","article_published_time":"2023-07-31T19:47:35+00:00","article_modified_time":"2023-11-22T19:28:00+00:00","og_image":[{"width":800,"height":600,"url":"https:\/\/www.manaus.am.gov.br\/ccc\/wp-content\/uploads\/sites\/4\/2023\/11\/53084860679_f55eb95f17_c.jpg","type":"image\/jpeg"}],"author":"Renata Felix","twitter_card":"summary_large_image","twitter_misc":{"Written by":"Renata Felix","Est. reading time":"3 minutos"},"schema":{"@context":"https:\/\/schema.org","@graph":[{"@type":"WebPage","@id":"https:\/\/www.manaus.am.gov.br\/ccc\/prefeitura-de-manaus-dialoga-com-associacao-dos-flutuantes-do-taruma-sobre-decisao-judicial\/","url":"https:\/\/www.manaus.am.gov.br\/ccc\/prefeitura-de-manaus-dialoga-com-associacao-dos-flutuantes-do-taruma-sobre-decisao-judicial\/","name":"Prefeitura de Manaus dialoga com associa\u00e7\u00e3o dos flutuantes do Tarum\u00e3 sobre decis\u00e3o judicial - CCC","isPartOf":{"@id":"https:\/\/www.manaus.am.gov.br\/ccc\/#website"},"primaryImageOfPage":{"@id":"https:\/\/www.manaus.am.gov.br\/ccc\/prefeitura-de-manaus-dialoga-com-associacao-dos-flutuantes-do-taruma-sobre-decisao-judicial\/#primaryimage"},"image":{"@id":"https:\/\/www.manaus.am.gov.br\/ccc\/prefeitura-de-manaus-dialoga-com-associacao-dos-flutuantes-do-taruma-sobre-decisao-judicial\/#primaryimage"},"thumbnailUrl":"https:\/\/www.manaus.am.gov.br\/ccc\/wp-content\/uploads\/sites\/4\/2023\/11\/53084860679_f55eb95f17_c.jpg","datePublished":"2023-07-31T19:47:35+00:00","dateModified":"2023-11-22T19:28:00+00:00","author":{"@id":"https:\/\/www.manaus.am.gov.br\/ccc\/#\/schema\/person\/4eea2a8f78dc853097abb026f728aa06"},"inLanguage":"pt-BR","potentialAction":[{"@type":"ReadAction","target":["https:\/\/www.manaus.am.gov.br\/ccc\/prefeitura-de-manaus-dialoga-com-associacao-dos-flutuantes-do-taruma-sobre-decisao-judicial\/"]}]},{"@type":"ImageObject","inLanguage":"pt-BR","@id":"https:\/\/www.manaus.am.gov.br\/ccc\/prefeitura-de-manaus-dialoga-com-associacao-dos-flutuantes-do-taruma-sobre-decisao-judicial\/#primaryimage","url":"https:\/\/www.manaus.am.gov.br\/ccc\/wp-content\/uploads\/sites\/4\/2023\/11\/53084860679_f55eb95f17_c.jpg","contentUrl":"https:\/\/www.manaus.am.gov.br\/ccc\/wp-content\/uploads\/sites\/4\/2023\/11\/53084860679_f55eb95f17_c.jpg","width":800,"height":600},{"@type":"WebSite","@id":"https:\/\/www.manaus.am.gov.br\/ccc\/#website","url":"https:\/\/www.manaus.am.gov.br\/ccc\/","name":"CCC","description":"Centro de Coopera\u00e7\u00e3o da Cidade","alternateName":"Centro de Coopera\u00e7\u00e3o da Cidade","potentialAction":[{"@type":"SearchAction","target":{"@type":"EntryPoint","urlTemplate":"https:\/\/www.manaus.am.gov.br\/ccc\/?s={search_term_string}"},"query-input":"required name=search_term_string"}],"inLanguage":"pt-BR"},{"@type":"Person","@id":"https:\/\/www.manaus.am.gov.br\/ccc\/#\/schema\/person\/4eea2a8f78dc853097abb026f728aa06","name":"Renata Felix","image":{"@type":"ImageObject","inLanguage":"pt-BR","@id":"https:\/\/www.manaus.am.gov.br\/ccc\/#\/schema\/person\/image\/","url":"https:\/\/secure.gravatar.com\/avatar\/3c196cf9d3b837b24c8edb2c50fd8f29?s=96&d=mm&r=g","contentUrl":"https:\/\/secure.gravatar.com\/avatar\/3c196cf9d3b837b24c8edb2c50fd8f29?s=96&d=mm&r=g","caption":"Renata Felix"}}]}},"_links":{"self":[{"href":"https:\/\/www.manaus.am.gov.br\/ccc\/wp-json\/wp\/v2\/posts\/782"}],"collection":[{"href":"https:\/\/www.manaus.am.gov.br\/ccc\/wp-json\/wp\/v2\/posts"}],"about":[{"href":"https:\/\/www.manaus.am.gov.br\/ccc\/wp-json\/wp\/v2\/types\/post"}],"author":[{"embeddable":true,"href":"https:\/\/www.manaus.am.gov.br\/ccc\/wp-json\/wp\/v2\/users\/31"}],"replies":[{"embeddable":true,"href":"https:\/\/www.manaus.am.gov.br\/ccc\/wp-json\/wp\/v2\/comments?post=782"}],"version-history":[{"count":0,"href":"https:\/\/www.manaus.am.gov.br\/ccc\/wp-json\/wp\/v2\/posts\/782\/revisions"}],"wp:featuredmedia":[{"embeddable":true,"href":"https:\/\/www.manaus.am.gov.br\/ccc\/wp-json\/wp\/v2\/media\/783"}],"wp:attachment":[{"href":"https:\/\/www.manaus.am.gov.br\/ccc\/wp-json\/wp\/v2\/media?parent=782"}],"wp:term":[{"taxonomy":"category","embeddable":true,"href":"https:\/\/www.manaus.am.gov.br\/ccc\/wp-json\/wp\/v2\/categories?post=782"},{"taxonomy":"post_tag","embeddable":true,"href":"https:\/\/www.manaus.am.gov.br\/ccc\/wp-json\/wp\/v2\/tags?post=782"}],"curies":[{"name":"wp","href":"https:\/\/api.w.org\/{rel}","templated":true}]}}