{"id":751,"date":"2023-10-31T09:31:34","date_gmt":"2023-10-31T13:31:34","guid":{"rendered":"https:\/\/www.manaus.am.gov.br\/ccc\/representantes-da-prefeitura-de-manaus-realizam-visita-tecnica-ao-centro-de-operacoes-de-recife\/"},"modified":"2023-10-31T09:50:38","modified_gmt":"2023-10-31T13:50:38","slug":"representantes-da-prefeitura-de-manaus-realizam-visita-tecnica-ao-centro-de-operacoes-de-recife","status":"publish","type":"post","link":"https:\/\/www.manaus.am.gov.br\/ccc\/representantes-da-prefeitura-de-manaus-realizam-visita-tecnica-ao-centro-de-operacoes-de-recife\/","title":{"rendered":"<strong>Representantes da Prefeitura de Manaus realizam visita t\u00e9cnica ao Centro de Opera\u00e7\u00f5es de Recife<\/strong>"},"content":{"rendered":"\n<p>Neste m\u00eas de outubro, a Prefeitura de Manaus, representada pelo Centro de Coopera\u00e7\u00e3o da Cidade (CCC), realizou uma visita t\u00e9cnica de grande relev\u00e2ncia ao Centro de Opera\u00e7\u00f5es da Prefeitura de Recife, em Pernambuco. A iniciativa surgiu a convite da Empresa Imagem Geossistemas e Com\u00e9rcio Ltda., que reuniu importantes figuras no campo da intelig\u00eancia geogr\u00e1fica.<\/p>\n\n\n\n<p>O superintendente do CCC, Sandro Elias Diz, se uniu ao diretor-executivo da Esri para as Am\u00e9ricas, Carlos Cardona, e \u00e0 equipe da empresa Imagem Geossistemas para essa visita exclusiva.<\/p>\n\n\n\n<p>O encontro teve como objetivo estabelecer uma plataforma de compartilhamento de conhecimentos e experi\u00eancias a respeito da utiliza\u00e7\u00e3o da intelig\u00eancia geogr\u00e1fica nos Centros de Opera\u00e7\u00f5es e Centros de Coopera\u00e7\u00e3o da Cidade.<\/p>\n\n\n\n<p>A integra\u00e7\u00e3o dos centros \u00e9 de grande import\u00e2ncia, pois fortalece a efici\u00eancia na gest\u00e3o urbana, inovando a administra\u00e7\u00e3o de cidades, utilizando dados geoespaciais e tecnologias avan\u00e7adas para tomar decis\u00f5es baseadas em informa\u00e7\u00f5es precisas.<\/p>\n\n\n\n<p>Por isso, acredita-se que essa intera\u00e7\u00e3o enriquecer\u00e1 a vis\u00e3o e a pr\u00e1tica de ambos os lados, ao mesmo tempo em que solidificar\u00e1 os la\u00e7os de coopera\u00e7\u00e3o e da troca de informa\u00e7\u00f5es no aprimoramento das opera\u00e7\u00f5es e servi\u00e7os urbanos, tornando a cidade de Manaus cada vez mais inteligente.<\/p>\n\n\n\n<p>Pioneiro na gest\u00e3o urbana inteligente, o Centro de Opera\u00e7\u00f5es da Prefeitura de Recife atua com tecnologias avan\u00e7adas e desempenha um papel crucial na monitoriza\u00e7\u00e3o e otimiza\u00e7\u00e3o de opera\u00e7\u00f5es, utilizando dados geoespaciais com objetivo de tornar a cidade cada vez mais eficiente, segura e conectada.<\/p>\n\n\n\n<p><strong>Intelig\u00eancia geogr\u00e1fica<\/strong><\/p>\n\n\n\n<p>Reconhecida como l\u00edder em solu\u00e7\u00f5es de intelig\u00eancia geogr\u00e1fica, a Esri desempenha o papel de implementa\u00e7\u00e3o de tecnologias avan\u00e7adas de geolocaliza\u00e7\u00e3o em aplica\u00e7\u00f5es que variam de an\u00e1lise de dados geoespaciais at\u00e9 a gest\u00e3o de recursos naturais, gerando ferramentas e servi\u00e7os que permitem a coleta, an\u00e1lise e visualiza\u00e7\u00e3o de informa\u00e7\u00f5es geogr\u00e1ficas, contribuindo para a tomada de decis\u00f5es mais informadas e r\u00e1pidas.<\/p>\n\n\n\n<p><strong>Empresa Imagem Geossistemas<\/strong><\/p>\n\n\n\n<p>Especializada em solu\u00e7\u00f5es de geotecnologia e intelig\u00eancia geogr\u00e1fica, a Empresa Imagem Geossistemas \u00e9 uma empresa brasileira que desempenha um papel fundamental no fornecimento de tecnologias avan\u00e7adas e servi\u00e7os relacionados a dados geoespaciais, fortalecendo o interc\u00e2mbio de informa\u00e7\u00f5es e o desenvolvimento de cidades mais inteligentes.<\/p>\n\n\n\n<p>&#8212; &#8212; &#8212;<\/p>\n\n\n\n<p><strong>Texto &#8211;&nbsp;<\/strong>Ana Clara Sena\/CCC<\/p>\n\n\n\n<p><strong>Foto<\/strong>&nbsp;\u2013 Divulga\u00e7\u00e3o\/CCC<\/p>\n\n\n\n<p><\/p>\n","protected":false},"excerpt":{"rendered":"","protected":false},"author":23,"featured_media":752,"comment_status":"closed","ping_status":"closed","sticky":false,"template":"","format":"standard","meta":{"footnotes":""},"categories":[235],"tags":[11,245,246,38,247],"acf":[],"yoast_head":"<!-- This site is optimized with the Yoast SEO plugin v23.0 - https:\/\/yoast.com\/wordpress\/plugins\/seo\/ -->\n<title>Representantes da Prefeitura de Manaus realizam visita t\u00e9cnica ao Centro de Opera\u00e7\u00f5es de Recife<\/title>\n<meta name=\"description\" content=\"Neste m\u00eas de outubro, a Prefeitura de Manaus, representada pelo Centro de Coopera\u00e7\u00e3o da Cidade (CCC), realizou uma visita t\u00e9cnica de grande relev\u00e2ncia ao Centro de Opera\u00e7\u00f5es da Prefeitura de Recife, em Pernambuco. A iniciativa surgiu a convite da Empresa Imagem Geossistemas e Com\u00e9rcio Ltda., que reuniu importantes figuras no campo da intelig\u00eancia geogr\u00e1fica.\" \/>\n<meta name=\"robots\" content=\"index, follow, max-snippet:-1, max-image-preview:large, max-video-preview:-1\" \/>\n<link rel=\"canonical\" href=\"https:\/\/www.manaus.am.gov.br\/ccc\/representantes-da-prefeitura-de-manaus-realizam-visita-tecnica-ao-centro-de-operacoes-de-recife\/\" \/>\n<meta property=\"og:locale\" content=\"pt_BR\" \/>\n<meta property=\"og:type\" content=\"article\" \/>\n<meta property=\"og:title\" content=\"Representantes da Prefeitura de Manaus realizam visita t\u00e9cnica ao Centro de Opera\u00e7\u00f5es de Recife\" \/>\n<meta property=\"og:description\" content=\"Neste m\u00eas de outubro, a Prefeitura de Manaus, representada pelo Centro de Coopera\u00e7\u00e3o da Cidade (CCC), realizou uma visita t\u00e9cnica de grande relev\u00e2ncia ao Centro de Opera\u00e7\u00f5es da Prefeitura de Recife, em Pernambuco. A iniciativa surgiu a convite da Empresa Imagem Geossistemas e Com\u00e9rcio Ltda., que reuniu importantes figuras no campo da intelig\u00eancia geogr\u00e1fica.\" \/>\n<meta property=\"og:url\" content=\"https:\/\/www.manaus.am.gov.br\/ccc\/representantes-da-prefeitura-de-manaus-realizam-visita-tecnica-ao-centro-de-operacoes-de-recife\/\" \/>\n<meta property=\"og:site_name\" content=\"CCC\" \/>\n<meta property=\"article:published_time\" content=\"2023-10-31T13:31:34+00:00\" \/>\n<meta property=\"article:modified_time\" content=\"2023-10-31T13:50:38+00:00\" \/>\n<meta property=\"og:image\" content=\"https:\/\/www.manaus.am.gov.br\/ccc\/wp-content\/uploads\/sites\/4\/2023\/10\/IMG-20231030-WA0061.jpg\" \/>\n\t<meta property=\"og:image:width\" content=\"1067\" \/>\n\t<meta property=\"og:image:height\" content=\"713\" \/>\n\t<meta property=\"og:image:type\" content=\"image\/jpeg\" \/>\n<meta name=\"author\" content=\"Adriana Costa\" \/>\n<meta name=\"twitter:card\" content=\"summary_large_image\" \/>\n<meta name=\"twitter:label1\" content=\"Written by\" \/>\n\t<meta name=\"twitter:data1\" content=\"Adriana Costa\" \/>\n<script type=\"application\/ld+json\" class=\"yoast-schema-graph\">{\"@context\":\"https:\/\/schema.org\",\"@graph\":[{\"@type\":\"WebPage\",\"@id\":\"https:\/\/www.manaus.am.gov.br\/ccc\/representantes-da-prefeitura-de-manaus-realizam-visita-tecnica-ao-centro-de-operacoes-de-recife\/\",\"url\":\"https:\/\/www.manaus.am.gov.br\/ccc\/representantes-da-prefeitura-de-manaus-realizam-visita-tecnica-ao-centro-de-operacoes-de-recife\/\",\"name\":\"Representantes da Prefeitura de Manaus realizam visita t\u00e9cnica ao Centro de Opera\u00e7\u00f5es de Recife\",\"isPartOf\":{\"@id\":\"https:\/\/www.manaus.am.gov.br\/ccc\/#website\"},\"primaryImageOfPage\":{\"@id\":\"https:\/\/www.manaus.am.gov.br\/ccc\/representantes-da-prefeitura-de-manaus-realizam-visita-tecnica-ao-centro-de-operacoes-de-recife\/#primaryimage\"},\"image\":{\"@id\":\"https:\/\/www.manaus.am.gov.br\/ccc\/representantes-da-prefeitura-de-manaus-realizam-visita-tecnica-ao-centro-de-operacoes-de-recife\/#primaryimage\"},\"thumbnailUrl\":\"https:\/\/www.manaus.am.gov.br\/ccc\/wp-content\/uploads\/sites\/4\/2023\/10\/IMG-20231030-WA0061.jpg\",\"datePublished\":\"2023-10-31T13:31:34+00:00\",\"dateModified\":\"2023-10-31T13:50:38+00:00\",\"author\":{\"@id\":\"https:\/\/www.manaus.am.gov.br\/ccc\/#\/schema\/person\/4e49f4e267757a06ca072ec61b2b9968\"},\"description\":\"Neste m\u00eas de outubro, a Prefeitura de Manaus, representada pelo Centro de Coopera\u00e7\u00e3o da Cidade (CCC), realizou uma visita t\u00e9cnica de grande relev\u00e2ncia ao Centro de Opera\u00e7\u00f5es da Prefeitura de Recife, em Pernambuco. A iniciativa surgiu a convite da Empresa Imagem Geossistemas e Com\u00e9rcio Ltda., que reuniu importantes figuras no campo da intelig\u00eancia geogr\u00e1fica.\",\"inLanguage\":\"pt-BR\",\"potentialAction\":[{\"@type\":\"ReadAction\",\"target\":[\"https:\/\/www.manaus.am.gov.br\/ccc\/representantes-da-prefeitura-de-manaus-realizam-visita-tecnica-ao-centro-de-operacoes-de-recife\/\"]}]},{\"@type\":\"ImageObject\",\"inLanguage\":\"pt-BR\",\"@id\":\"https:\/\/www.manaus.am.gov.br\/ccc\/representantes-da-prefeitura-de-manaus-realizam-visita-tecnica-ao-centro-de-operacoes-de-recife\/#primaryimage\",\"url\":\"https:\/\/www.manaus.am.gov.br\/ccc\/wp-content\/uploads\/sites\/4\/2023\/10\/IMG-20231030-WA0061.jpg\",\"contentUrl\":\"https:\/\/www.manaus.am.gov.br\/ccc\/wp-content\/uploads\/sites\/4\/2023\/10\/IMG-20231030-WA0061.jpg\",\"width\":1067,\"height\":713},{\"@type\":\"WebSite\",\"@id\":\"https:\/\/www.manaus.am.gov.br\/ccc\/#website\",\"url\":\"https:\/\/www.manaus.am.gov.br\/ccc\/\",\"name\":\"CCC\",\"description\":\"Centro de Coopera\u00e7\u00e3o da Cidade\",\"alternateName\":\"Centro de Coopera\u00e7\u00e3o da Cidade\",\"potentialAction\":[{\"@type\":\"SearchAction\",\"target\":{\"@type\":\"EntryPoint\",\"urlTemplate\":\"https:\/\/www.manaus.am.gov.br\/ccc\/?s={search_term_string}\"},\"query-input\":\"required name=search_term_string\"}],\"inLanguage\":\"pt-BR\"},{\"@type\":\"Person\",\"@id\":\"https:\/\/www.manaus.am.gov.br\/ccc\/#\/schema\/person\/4e49f4e267757a06ca072ec61b2b9968\",\"name\":\"Adriana Costa\",\"image\":{\"@type\":\"ImageObject\",\"inLanguage\":\"pt-BR\",\"@id\":\"https:\/\/www.manaus.am.gov.br\/ccc\/#\/schema\/person\/image\/\",\"url\":\"https:\/\/secure.gravatar.com\/avatar\/576258617ef7194f718179e766d57bd4?s=96&d=mm&r=g\",\"contentUrl\":\"https:\/\/secure.gravatar.com\/avatar\/576258617ef7194f718179e766d57bd4?s=96&d=mm&r=g\",\"caption\":\"Adriana Costa\"}}]}<\/script>\n<!-- \/ Yoast SEO plugin. -->","yoast_head_json":{"title":"Representantes da Prefeitura de Manaus realizam visita t\u00e9cnica ao Centro de Opera\u00e7\u00f5es de Recife","description":"Neste m\u00eas de outubro, a Prefeitura de Manaus, representada pelo Centro de Coopera\u00e7\u00e3o da Cidade (CCC), realizou uma visita t\u00e9cnica de grande relev\u00e2ncia ao Centro de Opera\u00e7\u00f5es da Prefeitura de Recife, em Pernambuco. A iniciativa surgiu a convite da Empresa Imagem Geossistemas e Com\u00e9rcio Ltda., que reuniu importantes figuras no campo da intelig\u00eancia geogr\u00e1fica.","robots":{"index":"index","follow":"follow","max-snippet":"max-snippet:-1","max-image-preview":"max-image-preview:large","max-video-preview":"max-video-preview:-1"},"canonical":"https:\/\/www.manaus.am.gov.br\/ccc\/representantes-da-prefeitura-de-manaus-realizam-visita-tecnica-ao-centro-de-operacoes-de-recife\/","og_locale":"pt_BR","og_type":"article","og_title":"Representantes da Prefeitura de Manaus realizam visita t\u00e9cnica ao Centro de Opera\u00e7\u00f5es de Recife","og_description":"Neste m\u00eas de outubro, a Prefeitura de Manaus, representada pelo Centro de Coopera\u00e7\u00e3o da Cidade (CCC), realizou uma visita t\u00e9cnica de grande relev\u00e2ncia ao Centro de Opera\u00e7\u00f5es da Prefeitura de Recife, em Pernambuco. A iniciativa surgiu a convite da Empresa Imagem Geossistemas e Com\u00e9rcio Ltda., que reuniu importantes figuras no campo da intelig\u00eancia geogr\u00e1fica.","og_url":"https:\/\/www.manaus.am.gov.br\/ccc\/representantes-da-prefeitura-de-manaus-realizam-visita-tecnica-ao-centro-de-operacoes-de-recife\/","og_site_name":"CCC","article_published_time":"2023-10-31T13:31:34+00:00","article_modified_time":"2023-10-31T13:50:38+00:00","og_image":[{"width":1067,"height":713,"url":"https:\/\/www.manaus.am.gov.br\/ccc\/wp-content\/uploads\/sites\/4\/2023\/10\/IMG-20231030-WA0061.jpg","type":"image\/jpeg"}],"author":"Adriana Costa","twitter_card":"summary_large_image","twitter_misc":{"Written by":"Adriana Costa"},"schema":{"@context":"https:\/\/schema.org","@graph":[{"@type":"WebPage","@id":"https:\/\/www.manaus.am.gov.br\/ccc\/representantes-da-prefeitura-de-manaus-realizam-visita-tecnica-ao-centro-de-operacoes-de-recife\/","url":"https:\/\/www.manaus.am.gov.br\/ccc\/representantes-da-prefeitura-de-manaus-realizam-visita-tecnica-ao-centro-de-operacoes-de-recife\/","name":"Representantes da Prefeitura de Manaus realizam visita t\u00e9cnica ao Centro de Opera\u00e7\u00f5es de Recife","isPartOf":{"@id":"https:\/\/www.manaus.am.gov.br\/ccc\/#website"},"primaryImageOfPage":{"@id":"https:\/\/www.manaus.am.gov.br\/ccc\/representantes-da-prefeitura-de-manaus-realizam-visita-tecnica-ao-centro-de-operacoes-de-recife\/#primaryimage"},"image":{"@id":"https:\/\/www.manaus.am.gov.br\/ccc\/representantes-da-prefeitura-de-manaus-realizam-visita-tecnica-ao-centro-de-operacoes-de-recife\/#primaryimage"},"thumbnailUrl":"https:\/\/www.manaus.am.gov.br\/ccc\/wp-content\/uploads\/sites\/4\/2023\/10\/IMG-20231030-WA0061.jpg","datePublished":"2023-10-31T13:31:34+00:00","dateModified":"2023-10-31T13:50:38+00:00","author":{"@id":"https:\/\/www.manaus.am.gov.br\/ccc\/#\/schema\/person\/4e49f4e267757a06ca072ec61b2b9968"},"description":"Neste m\u00eas de outubro, a Prefeitura de Manaus, representada pelo Centro de Coopera\u00e7\u00e3o da Cidade (CCC), realizou uma visita t\u00e9cnica de grande relev\u00e2ncia ao Centro de Opera\u00e7\u00f5es da Prefeitura de Recife, em Pernambuco. A iniciativa surgiu a convite da Empresa Imagem Geossistemas e Com\u00e9rcio Ltda., que reuniu importantes figuras no campo da intelig\u00eancia geogr\u00e1fica.","inLanguage":"pt-BR","potentialAction":[{"@type":"ReadAction","target":["https:\/\/www.manaus.am.gov.br\/ccc\/representantes-da-prefeitura-de-manaus-realizam-visita-tecnica-ao-centro-de-operacoes-de-recife\/"]}]},{"@type":"ImageObject","inLanguage":"pt-BR","@id":"https:\/\/www.manaus.am.gov.br\/ccc\/representantes-da-prefeitura-de-manaus-realizam-visita-tecnica-ao-centro-de-operacoes-de-recife\/#primaryimage","url":"https:\/\/www.manaus.am.gov.br\/ccc\/wp-content\/uploads\/sites\/4\/2023\/10\/IMG-20231030-WA0061.jpg","contentUrl":"https:\/\/www.manaus.am.gov.br\/ccc\/wp-content\/uploads\/sites\/4\/2023\/10\/IMG-20231030-WA0061.jpg","width":1067,"height":713},{"@type":"WebSite","@id":"https:\/\/www.manaus.am.gov.br\/ccc\/#website","url":"https:\/\/www.manaus.am.gov.br\/ccc\/","name":"CCC","description":"Centro de Coopera\u00e7\u00e3o da Cidade","alternateName":"Centro de Coopera\u00e7\u00e3o da Cidade","potentialAction":[{"@type":"SearchAction","target":{"@type":"EntryPoint","urlTemplate":"https:\/\/www.manaus.am.gov.br\/ccc\/?s={search_term_string}"},"query-input":"required name=search_term_string"}],"inLanguage":"pt-BR"},{"@type":"Person","@id":"https:\/\/www.manaus.am.gov.br\/ccc\/#\/schema\/person\/4e49f4e267757a06ca072ec61b2b9968","name":"Adriana Costa","image":{"@type":"ImageObject","inLanguage":"pt-BR","@id":"https:\/\/www.manaus.am.gov.br\/ccc\/#\/schema\/person\/image\/","url":"https:\/\/secure.gravatar.com\/avatar\/576258617ef7194f718179e766d57bd4?s=96&d=mm&r=g","contentUrl":"https:\/\/secure.gravatar.com\/avatar\/576258617ef7194f718179e766d57bd4?s=96&d=mm&r=g","caption":"Adriana Costa"}}]}},"_links":{"self":[{"href":"https:\/\/www.manaus.am.gov.br\/ccc\/wp-json\/wp\/v2\/posts\/751"}],"collection":[{"href":"https:\/\/www.manaus.am.gov.br\/ccc\/wp-json\/wp\/v2\/posts"}],"about":[{"href":"https:\/\/www.manaus.am.gov.br\/ccc\/wp-json\/wp\/v2\/types\/post"}],"author":[{"embeddable":true,"href":"https:\/\/www.manaus.am.gov.br\/ccc\/wp-json\/wp\/v2\/users\/23"}],"replies":[{"embeddable":true,"href":"https:\/\/www.manaus.am.gov.br\/ccc\/wp-json\/wp\/v2\/comments?post=751"}],"version-history":[{"count":1,"href":"https:\/\/www.manaus.am.gov.br\/ccc\/wp-json\/wp\/v2\/posts\/751\/revisions"}],"predecessor-version":[{"id":753,"href":"https:\/\/www.manaus.am.gov.br\/ccc\/wp-json\/wp\/v2\/posts\/751\/revisions\/753"}],"wp:featuredmedia":[{"embeddable":true,"href":"https:\/\/www.manaus.am.gov.br\/ccc\/wp-json\/wp\/v2\/media\/752"}],"wp:attachment":[{"href":"https:\/\/www.manaus.am.gov.br\/ccc\/wp-json\/wp\/v2\/media?parent=751"}],"wp:term":[{"taxonomy":"category","embeddable":true,"href":"https:\/\/www.manaus.am.gov.br\/ccc\/wp-json\/wp\/v2\/categories?post=751"},{"taxonomy":"post_tag","embeddable":true,"href":"https:\/\/www.manaus.am.gov.br\/ccc\/wp-json\/wp\/v2\/tags?post=751"}],"curies":[{"name":"wp","href":"https:\/\/api.w.org\/{rel}","templated":true}]}}