{"id":747,"date":"2023-10-30T20:03:52","date_gmt":"2023-10-31T00:03:52","guid":{"rendered":"https:\/\/www.manaus.am.gov.br\/ccc\/prefeitura-de-manaus-leva-conscientizacao-sobre-o-cancer-de-mama-as-servidoras-do-centro-de-cooperacao-da-cidade\/"},"modified":"2023-10-30T20:03:54","modified_gmt":"2023-10-31T00:03:54","slug":"prefeitura-de-manaus-leva-conscientizacao-sobre-o-cancer-de-mama-as-servidoras-do-centro-de-cooperacao-da-cidade","status":"publish","type":"post","link":"https:\/\/www.manaus.am.gov.br\/ccc\/prefeitura-de-manaus-leva-conscientizacao-sobre-o-cancer-de-mama-as-servidoras-do-centro-de-cooperacao-da-cidade\/","title":{"rendered":"<strong>Prefeitura de Manaus leva conscientiza\u00e7\u00e3o sobre o c\u00e2ncer de mama \u00e0s servidoras do Centro de Coopera\u00e7\u00e3o da Cidade<\/strong>"},"content":{"rendered":"\n<p>A Prefeitura de Manaus, por interm\u00e9dio do Centro de Coopera\u00e7\u00e3o da Cidade (CCC), demonstrou seu compromisso com a conscientiza\u00e7\u00e3o sobre a import\u00e2ncia da sa\u00fade da mulher ao organizar um evento dedicado ao fortalecimento do Outubro Rosa, campanha de combate ao c\u00e2ncer de mama, destinado \u00e0s servidoras do \u00f3rg\u00e3o, nesta segunda-feira, 30\/10.<\/p>\n\n\n\n<p>O evento contou com uma palestra informativa ministrada pela enfermeira Gerda Co\u00ealho, da Divis\u00e3o de Aten\u00e7\u00e3o \u00e0 Sa\u00fade da Mulher da Secretaria Municipal de Sa\u00fade (Semsa), al\u00e9m de um caf\u00e9 da manh\u00e3 regional e um espa\u00e7o instagram\u00e1vel que promoveu a valoriza\u00e7\u00e3o da sa\u00fade das mulheres.<\/p>\n\n\n\n<p>O evento ofereceu uma oportunidade \u00fanica para as servidoras do CCC se informarem sobre a import\u00e2ncia da preven\u00e7\u00e3o e do diagn\u00f3stico precoce do c\u00e2ncer de mama, um dos principais desafios de sa\u00fade enfrentados pelas mulheres em todo o mundo.<\/p>\n\n\n\n<p>Durante a palestra, a enfermeira Gerda Co\u00ealho abordou diversos t\u00f3picos essenciais relacionados ao c\u00e2ncer de mama, incluindo fatores de risco, fatores protetores, diagn\u00f3stico, tratamento e fluxos da rede de aten\u00e7\u00e3o \u00e0 sa\u00fade. As servidoras puderam tirar d\u00favidas e compartilhar experi\u00eancias, fortalecendo seu entendimento sobre essa quest\u00e3o de sa\u00fade fundamental.<\/p>\n\n\n\n<p><strong>Proposta<\/strong><\/p>\n\n\n\n<p>O evento tamb\u00e9m proporcionou um ambiente de descontra\u00e7\u00e3o e celebra\u00e7\u00e3o da vida, com um caf\u00e9 da manh\u00e3 regional repleto de iguarias locais. No entanto, um dos destaques do evento foi o espa\u00e7o instagram\u00e1vel, onde as servidoras puderam tirar fotos e compartilhar mensagens inspiradoras.<\/p>\n\n\n\n<p>Um espelho adornado com flores e a frase &#8220;Se olhe, se ame, se cuide&#8221; incentivou a reflex\u00e3o sobre a import\u00e2ncia da autoestima e do autocuidado na busca pela sa\u00fade plena.<\/p>\n\n\n\n<p>O CCC acredita que a conscientiza\u00e7\u00e3o sobre o c\u00e2ncer de mama e a promo\u00e7\u00e3o da sa\u00fade da mulher s\u00e3o quest\u00f5es que merecem aten\u00e7\u00e3o cont\u00ednua. Eventos como este desempenham um papel crucial na educa\u00e7\u00e3o e no apoio \u00e0s mulheres, permitindo que elas tomem decis\u00f5es informadas sobre sua sa\u00fade.<\/p>\n\n\n\n<p>O Outubro Rosa \u00e9 um movimento global dedicado \u00e0 conscientiza\u00e7\u00e3o sobre o c\u00e2ncer de mama e \u00e0 promo\u00e7\u00e3o da detec\u00e7\u00e3o precoce. O CCC se orgulha de ter feito sua parte na dissemina\u00e7\u00e3o da informa\u00e7\u00e3o e na celebra\u00e7\u00e3o da for\u00e7a e da resili\u00eancia das mulheres.<\/p>\n\n\n\n<p>&#8212; &#8212; &#8212;<\/p>\n\n\n\n<p><strong>Texto &#8211;<\/strong>&nbsp;Samira El Kebbe \/ CCC<\/p>\n\n\n\n<p><strong>Foto &#8211;<\/strong>Adriano Gomes \/ CCC<\/p>\n","protected":false},"excerpt":{"rendered":"","protected":false},"author":31,"featured_media":748,"comment_status":"closed","ping_status":"closed","sticky":false,"template":"","format":"standard","meta":{"footnotes":""},"categories":[238],"tags":[239,240,241],"acf":[],"yoast_head":"<!-- This site is optimized with the Yoast SEO plugin v23.0 - https:\/\/yoast.com\/wordpress\/plugins\/seo\/ -->\n<title>Prefeitura de Manaus leva conscientiza\u00e7\u00e3o sobre o c\u00e2ncer de mama \u00e0s servidoras do Centro de Coopera\u00e7\u00e3o da Cidade - CCC<\/title>\n<meta name=\"robots\" content=\"index, follow, max-snippet:-1, max-image-preview:large, max-video-preview:-1\" \/>\n<link rel=\"canonical\" href=\"https:\/\/www.manaus.am.gov.br\/ccc\/prefeitura-de-manaus-leva-conscientizacao-sobre-o-cancer-de-mama-as-servidoras-do-centro-de-cooperacao-da-cidade\/\" \/>\n<meta property=\"og:locale\" content=\"pt_BR\" \/>\n<meta property=\"og:type\" content=\"article\" \/>\n<meta property=\"og:title\" content=\"Prefeitura de Manaus leva conscientiza\u00e7\u00e3o sobre o c\u00e2ncer de mama \u00e0s servidoras do Centro de Coopera\u00e7\u00e3o da Cidade - CCC\" \/>\n<meta property=\"og:url\" content=\"https:\/\/www.manaus.am.gov.br\/ccc\/prefeitura-de-manaus-leva-conscientizacao-sobre-o-cancer-de-mama-as-servidoras-do-centro-de-cooperacao-da-cidade\/\" \/>\n<meta property=\"og:site_name\" content=\"CCC\" \/>\n<meta property=\"article:published_time\" content=\"2023-10-31T00:03:52+00:00\" \/>\n<meta property=\"article:modified_time\" content=\"2023-10-31T00:03:54+00:00\" \/>\n<meta property=\"og:image\" content=\"https:\/\/www.manaus.am.gov.br\/ccc\/wp-content\/uploads\/sites\/4\/2023\/10\/WhatsApp-Image-2023-10-30-at-18.46.08.jpeg\" \/>\n\t<meta property=\"og:image:width\" content=\"1600\" \/>\n\t<meta property=\"og:image:height\" content=\"1200\" \/>\n\t<meta property=\"og:image:type\" content=\"image\/jpeg\" \/>\n<meta name=\"author\" content=\"Renata Felix\" \/>\n<meta name=\"twitter:card\" content=\"summary_large_image\" \/>\n<meta name=\"twitter:label1\" content=\"Written by\" \/>\n\t<meta name=\"twitter:data1\" content=\"Renata Felix\" \/>\n\t<meta name=\"twitter:label2\" content=\"Est. reading time\" \/>\n\t<meta name=\"twitter:data2\" content=\"2 minutos\" \/>\n<script type=\"application\/ld+json\" class=\"yoast-schema-graph\">{\"@context\":\"https:\/\/schema.org\",\"@graph\":[{\"@type\":\"WebPage\",\"@id\":\"https:\/\/www.manaus.am.gov.br\/ccc\/prefeitura-de-manaus-leva-conscientizacao-sobre-o-cancer-de-mama-as-servidoras-do-centro-de-cooperacao-da-cidade\/\",\"url\":\"https:\/\/www.manaus.am.gov.br\/ccc\/prefeitura-de-manaus-leva-conscientizacao-sobre-o-cancer-de-mama-as-servidoras-do-centro-de-cooperacao-da-cidade\/\",\"name\":\"Prefeitura de Manaus leva conscientiza\u00e7\u00e3o sobre o c\u00e2ncer de mama \u00e0s servidoras do Centro de Coopera\u00e7\u00e3o da Cidade - CCC\",\"isPartOf\":{\"@id\":\"https:\/\/www.manaus.am.gov.br\/ccc\/#website\"},\"primaryImageOfPage\":{\"@id\":\"https:\/\/www.manaus.am.gov.br\/ccc\/prefeitura-de-manaus-leva-conscientizacao-sobre-o-cancer-de-mama-as-servidoras-do-centro-de-cooperacao-da-cidade\/#primaryimage\"},\"image\":{\"@id\":\"https:\/\/www.manaus.am.gov.br\/ccc\/prefeitura-de-manaus-leva-conscientizacao-sobre-o-cancer-de-mama-as-servidoras-do-centro-de-cooperacao-da-cidade\/#primaryimage\"},\"thumbnailUrl\":\"https:\/\/www.manaus.am.gov.br\/ccc\/wp-content\/uploads\/sites\/4\/2023\/10\/WhatsApp-Image-2023-10-30-at-18.46.08.jpeg\",\"datePublished\":\"2023-10-31T00:03:52+00:00\",\"dateModified\":\"2023-10-31T00:03:54+00:00\",\"author\":{\"@id\":\"https:\/\/www.manaus.am.gov.br\/ccc\/#\/schema\/person\/4eea2a8f78dc853097abb026f728aa06\"},\"inLanguage\":\"pt-BR\",\"potentialAction\":[{\"@type\":\"ReadAction\",\"target\":[\"https:\/\/www.manaus.am.gov.br\/ccc\/prefeitura-de-manaus-leva-conscientizacao-sobre-o-cancer-de-mama-as-servidoras-do-centro-de-cooperacao-da-cidade\/\"]}]},{\"@type\":\"ImageObject\",\"inLanguage\":\"pt-BR\",\"@id\":\"https:\/\/www.manaus.am.gov.br\/ccc\/prefeitura-de-manaus-leva-conscientizacao-sobre-o-cancer-de-mama-as-servidoras-do-centro-de-cooperacao-da-cidade\/#primaryimage\",\"url\":\"https:\/\/www.manaus.am.gov.br\/ccc\/wp-content\/uploads\/sites\/4\/2023\/10\/WhatsApp-Image-2023-10-30-at-18.46.08.jpeg\",\"contentUrl\":\"https:\/\/www.manaus.am.gov.br\/ccc\/wp-content\/uploads\/sites\/4\/2023\/10\/WhatsApp-Image-2023-10-30-at-18.46.08.jpeg\",\"width\":1600,\"height\":1200,\"caption\":\"Grupos de mulheres reunidas em v\u00e1rias mesas assistindo a uma palestra\"},{\"@type\":\"WebSite\",\"@id\":\"https:\/\/www.manaus.am.gov.br\/ccc\/#website\",\"url\":\"https:\/\/www.manaus.am.gov.br\/ccc\/\",\"name\":\"CCC\",\"description\":\"Centro de Coopera\u00e7\u00e3o da Cidade\",\"alternateName\":\"Centro de Coopera\u00e7\u00e3o da Cidade\",\"potentialAction\":[{\"@type\":\"SearchAction\",\"target\":{\"@type\":\"EntryPoint\",\"urlTemplate\":\"https:\/\/www.manaus.am.gov.br\/ccc\/?s={search_term_string}\"},\"query-input\":\"required name=search_term_string\"}],\"inLanguage\":\"pt-BR\"},{\"@type\":\"Person\",\"@id\":\"https:\/\/www.manaus.am.gov.br\/ccc\/#\/schema\/person\/4eea2a8f78dc853097abb026f728aa06\",\"name\":\"Renata Felix\",\"image\":{\"@type\":\"ImageObject\",\"inLanguage\":\"pt-BR\",\"@id\":\"https:\/\/www.manaus.am.gov.br\/ccc\/#\/schema\/person\/image\/\",\"url\":\"https:\/\/secure.gravatar.com\/avatar\/3c196cf9d3b837b24c8edb2c50fd8f29?s=96&d=mm&r=g\",\"contentUrl\":\"https:\/\/secure.gravatar.com\/avatar\/3c196cf9d3b837b24c8edb2c50fd8f29?s=96&d=mm&r=g\",\"caption\":\"Renata Felix\"}}]}<\/script>\n<!-- \/ Yoast SEO plugin. -->","yoast_head_json":{"title":"Prefeitura de Manaus leva conscientiza\u00e7\u00e3o sobre o c\u00e2ncer de mama \u00e0s servidoras do Centro de Coopera\u00e7\u00e3o da Cidade - CCC","robots":{"index":"index","follow":"follow","max-snippet":"max-snippet:-1","max-image-preview":"max-image-preview:large","max-video-preview":"max-video-preview:-1"},"canonical":"https:\/\/www.manaus.am.gov.br\/ccc\/prefeitura-de-manaus-leva-conscientizacao-sobre-o-cancer-de-mama-as-servidoras-do-centro-de-cooperacao-da-cidade\/","og_locale":"pt_BR","og_type":"article","og_title":"Prefeitura de Manaus leva conscientiza\u00e7\u00e3o sobre o c\u00e2ncer de mama \u00e0s servidoras do Centro de Coopera\u00e7\u00e3o da Cidade - CCC","og_url":"https:\/\/www.manaus.am.gov.br\/ccc\/prefeitura-de-manaus-leva-conscientizacao-sobre-o-cancer-de-mama-as-servidoras-do-centro-de-cooperacao-da-cidade\/","og_site_name":"CCC","article_published_time":"2023-10-31T00:03:52+00:00","article_modified_time":"2023-10-31T00:03:54+00:00","og_image":[{"width":1600,"height":1200,"url":"https:\/\/www.manaus.am.gov.br\/ccc\/wp-content\/uploads\/sites\/4\/2023\/10\/WhatsApp-Image-2023-10-30-at-18.46.08.jpeg","type":"image\/jpeg"}],"author":"Renata Felix","twitter_card":"summary_large_image","twitter_misc":{"Written by":"Renata Felix","Est. reading time":"2 minutos"},"schema":{"@context":"https:\/\/schema.org","@graph":[{"@type":"WebPage","@id":"https:\/\/www.manaus.am.gov.br\/ccc\/prefeitura-de-manaus-leva-conscientizacao-sobre-o-cancer-de-mama-as-servidoras-do-centro-de-cooperacao-da-cidade\/","url":"https:\/\/www.manaus.am.gov.br\/ccc\/prefeitura-de-manaus-leva-conscientizacao-sobre-o-cancer-de-mama-as-servidoras-do-centro-de-cooperacao-da-cidade\/","name":"Prefeitura de Manaus leva conscientiza\u00e7\u00e3o sobre o c\u00e2ncer de mama \u00e0s servidoras do Centro de Coopera\u00e7\u00e3o da Cidade - CCC","isPartOf":{"@id":"https:\/\/www.manaus.am.gov.br\/ccc\/#website"},"primaryImageOfPage":{"@id":"https:\/\/www.manaus.am.gov.br\/ccc\/prefeitura-de-manaus-leva-conscientizacao-sobre-o-cancer-de-mama-as-servidoras-do-centro-de-cooperacao-da-cidade\/#primaryimage"},"image":{"@id":"https:\/\/www.manaus.am.gov.br\/ccc\/prefeitura-de-manaus-leva-conscientizacao-sobre-o-cancer-de-mama-as-servidoras-do-centro-de-cooperacao-da-cidade\/#primaryimage"},"thumbnailUrl":"https:\/\/www.manaus.am.gov.br\/ccc\/wp-content\/uploads\/sites\/4\/2023\/10\/WhatsApp-Image-2023-10-30-at-18.46.08.jpeg","datePublished":"2023-10-31T00:03:52+00:00","dateModified":"2023-10-31T00:03:54+00:00","author":{"@id":"https:\/\/www.manaus.am.gov.br\/ccc\/#\/schema\/person\/4eea2a8f78dc853097abb026f728aa06"},"inLanguage":"pt-BR","potentialAction":[{"@type":"ReadAction","target":["https:\/\/www.manaus.am.gov.br\/ccc\/prefeitura-de-manaus-leva-conscientizacao-sobre-o-cancer-de-mama-as-servidoras-do-centro-de-cooperacao-da-cidade\/"]}]},{"@type":"ImageObject","inLanguage":"pt-BR","@id":"https:\/\/www.manaus.am.gov.br\/ccc\/prefeitura-de-manaus-leva-conscientizacao-sobre-o-cancer-de-mama-as-servidoras-do-centro-de-cooperacao-da-cidade\/#primaryimage","url":"https:\/\/www.manaus.am.gov.br\/ccc\/wp-content\/uploads\/sites\/4\/2023\/10\/WhatsApp-Image-2023-10-30-at-18.46.08.jpeg","contentUrl":"https:\/\/www.manaus.am.gov.br\/ccc\/wp-content\/uploads\/sites\/4\/2023\/10\/WhatsApp-Image-2023-10-30-at-18.46.08.jpeg","width":1600,"height":1200,"caption":"Grupos de mulheres reunidas em v\u00e1rias mesas assistindo a uma palestra"},{"@type":"WebSite","@id":"https:\/\/www.manaus.am.gov.br\/ccc\/#website","url":"https:\/\/www.manaus.am.gov.br\/ccc\/","name":"CCC","description":"Centro de Coopera\u00e7\u00e3o da Cidade","alternateName":"Centro de Coopera\u00e7\u00e3o da Cidade","potentialAction":[{"@type":"SearchAction","target":{"@type":"EntryPoint","urlTemplate":"https:\/\/www.manaus.am.gov.br\/ccc\/?s={search_term_string}"},"query-input":"required name=search_term_string"}],"inLanguage":"pt-BR"},{"@type":"Person","@id":"https:\/\/www.manaus.am.gov.br\/ccc\/#\/schema\/person\/4eea2a8f78dc853097abb026f728aa06","name":"Renata Felix","image":{"@type":"ImageObject","inLanguage":"pt-BR","@id":"https:\/\/www.manaus.am.gov.br\/ccc\/#\/schema\/person\/image\/","url":"https:\/\/secure.gravatar.com\/avatar\/3c196cf9d3b837b24c8edb2c50fd8f29?s=96&d=mm&r=g","contentUrl":"https:\/\/secure.gravatar.com\/avatar\/3c196cf9d3b837b24c8edb2c50fd8f29?s=96&d=mm&r=g","caption":"Renata Felix"}}]}},"_links":{"self":[{"href":"https:\/\/www.manaus.am.gov.br\/ccc\/wp-json\/wp\/v2\/posts\/747"}],"collection":[{"href":"https:\/\/www.manaus.am.gov.br\/ccc\/wp-json\/wp\/v2\/posts"}],"about":[{"href":"https:\/\/www.manaus.am.gov.br\/ccc\/wp-json\/wp\/v2\/types\/post"}],"author":[{"embeddable":true,"href":"https:\/\/www.manaus.am.gov.br\/ccc\/wp-json\/wp\/v2\/users\/31"}],"replies":[{"embeddable":true,"href":"https:\/\/www.manaus.am.gov.br\/ccc\/wp-json\/wp\/v2\/comments?post=747"}],"version-history":[{"count":0,"href":"https:\/\/www.manaus.am.gov.br\/ccc\/wp-json\/wp\/v2\/posts\/747\/revisions"}],"wp:featuredmedia":[{"embeddable":true,"href":"https:\/\/www.manaus.am.gov.br\/ccc\/wp-json\/wp\/v2\/media\/748"}],"wp:attachment":[{"href":"https:\/\/www.manaus.am.gov.br\/ccc\/wp-json\/wp\/v2\/media?parent=747"}],"wp:term":[{"taxonomy":"category","embeddable":true,"href":"https:\/\/www.manaus.am.gov.br\/ccc\/wp-json\/wp\/v2\/categories?post=747"},{"taxonomy":"post_tag","embeddable":true,"href":"https:\/\/www.manaus.am.gov.br\/ccc\/wp-json\/wp\/v2\/tags?post=747"}],"curies":[{"name":"wp","href":"https:\/\/api.w.org\/{rel}","templated":true}]}}