{"id":741,"date":"2023-10-16T17:01:46","date_gmt":"2023-10-16T21:01:46","guid":{"rendered":"https:\/\/www.manaus.am.gov.br\/ccc\/perimetro-externo-da-arena-da-amazonia-e-monitorado-pela-prefeitura-de-manaus-durante-evento-futebolistico\/"},"modified":"2023-10-16T17:01:47","modified_gmt":"2023-10-16T21:01:47","slug":"perimetro-externo-da-arena-da-amazonia-e-monitorado-pela-prefeitura-de-manaus-durante-evento-futebolistico","status":"publish","type":"post","link":"https:\/\/www.manaus.am.gov.br\/ccc\/perimetro-externo-da-arena-da-amazonia-e-monitorado-pela-prefeitura-de-manaus-durante-evento-futebolistico\/","title":{"rendered":"<strong>Per\u00edmetro externo da Arena da Amaz\u00f4nia \u00e9 monitorado pela Prefeitura de Manaus durante evento futebol\u00edstico<\/strong>"},"content":{"rendered":"\n<p>A Prefeitura de Manaus, por interm\u00e9dio do Centro de Coopera\u00e7\u00e3o da Cidade (CCC), realizou, novamente, nesse domingo, 15\/10, o monitoramento por imagens do per\u00edmetro externo da Arena da Amaz\u00f4nia, na zona Centro-Sul, para a realiza\u00e7\u00e3o do jogo entre Amazonas FC X Brusque-SC,&nbsp;na \u00faltima rodada da S\u00e9rie C do Campeonato Brasileiro.<\/p>\n\n\n\n<p>Durante o evento, o CCC monitorou a regi\u00e3o por meio de 15 c\u00e2meras anal\u00edticas, do modelo Bullet 2MP, e acompanharam em tempo real e com alta resolu\u00e7\u00e3o de imagens cada metro de vias pr\u00f3ximas ao est\u00e1dio, tanto no sentido bairro\/Centro como no sentido contr\u00e1rio.<\/p>\n\n\n\n<p>A convite do Centro Integrado de Comando e Controle Local (CICC-L), um dos \u00f3rg\u00e3os operacionais da Secretaria de Seguran\u00e7a P\u00fablica do Estado do Amazonas (SSP-AM), o Centro de Coopera\u00e7\u00e3o da Cidade de Manaus integrou o colegiado de organiza\u00e7\u00e3o e monitoramento geral do evento futebol\u00edstico desde o dia 7\/10, data em que aconteceu a partida entre os clubes Amazonas FC X Botafogo-PB, no qual o time amazonense venceu por 2&#215;0 o time paraibano.<\/p>\n\n\n\n<p>O colegiado, ativado \u00e0s 14h,&nbsp;uma hora antes do momento da abertura dos port\u00f5es para entrada do p\u00fablico,&nbsp;foi marcado por quatro reuni\u00f5es em hor\u00e1rios estrat\u00e9gicos de movimenta\u00e7\u00e3o dos torcedores na Arena da Amaz\u00f4nia. De acordo com o superintendente do CCC, Sandro Diz, a coopera\u00e7\u00e3o entre os dois \u00f3rg\u00e3os de monitoramento tem sido fortalecida na atual gest\u00e3o.<\/p>\n\n\n\n<p>\u201cNesses dois jogos importantes para a cena esportiva da nossa regi\u00e3o, nosso corpo t\u00e9cnico monitorou toda a movimenta\u00e7\u00e3o de pessoas e ve\u00edculos ao redor da Arena da Amaz\u00f4nia. N\u00f3s, do CCC, estamos sempre dispostos em cooperar na expans\u00e3o da sensa\u00e7\u00e3o de seguran\u00e7a e bem-estar da popula\u00e7\u00e3o, sobretudo nos eventos geradores de grande p\u00fablico. A parceria que estamos construindo com o CICC foi fortalecida na atual gest\u00e3o da Prefeitura de Manaus e isso reflete no avan\u00e7o de uma cidade cada vez mais inteligente por meio das tecnologias modernas e de integra\u00e7\u00e3o\u201d, fundamentou o superintendente do CCC.<\/p>\n\n\n\n<p>Para o coordenador de Planejamento Integrado da&nbsp;Secretaria Executiva Adjunta de Planejamento e Gest\u00e3o Integrada (Seagi), coronel Jos\u00e9 Neto, o monitoramento em conjunto com o CCC otimiza a resolu\u00e7\u00e3o r\u00e1pida de poss\u00edveis ocorr\u00eancias em casos de emerg\u00eancia.<\/p>\n\n\n\n<p>\u201cO CCC \u00e9 o nosso parceiro fundamental, porque, com o seu monitoramento na parte externa, ele nos auxilia com rela\u00e7\u00e3o a ocorr\u00eancias que acontecem fora do est\u00e1dio. E juntamente com a\u00e7\u00e3o dos parceiros municipais como a Semacc, o IMMU, a Semseg e a Visa Manaus s\u00e3o \u00f3rg\u00e3os fundamentais para o \u00eaxito da nossa miss\u00e3o. N\u00f3s agradecemos o apoio da Prefeitura de Manaus que sempre est\u00e1 conosco nas opera\u00e7\u00f5es integradas\u201d, disse.<\/p>\n\n\n\n<p><strong>Vias monitoradas pelo CCC<\/strong><\/p>\n\n\n\n<p>Tanto nos dias 7 e 16\/10, o monitoramento do Centro de Coopera\u00e7\u00e3o da Cidade no per\u00edmetro externo da Arena da Amaz\u00f4nia alcan\u00e7ou 12 vias p\u00fablicas que foram acompanhadas pelo \u00f3rg\u00e3o municipal, sendo elas:<\/p>\n\n\n\n<p>No sentido bairro\/Centro, nas proximidades da Delegacia-Geral de Pol\u00edcia Civil do Amazonas, foram monitoradas as avenidas Pedro Teixeira com a Dom Pedro. A avenida Constantino Nery com a avenida Pedro Teixeira, al\u00e9m das ruas Loris Cordovil, Maromba e as avenidas Darcy Vargas, Torquato Tapaj\u00f3s e Djalma Batista.<\/p>\n\n\n\n<p>Em rela\u00e7\u00e3o ao sentido Centro\/bairro, foram monitoradas as avenidas M\u00e1rio Ypiranga, na travessa com o viaduto Governador&nbsp;<em>Pl\u00ednio<\/em>&nbsp;Ramos&nbsp;<em>Coelho e a&nbsp;<\/em>Desembargador Jo\u00e3o Machado com a rua Professora Cacilda Pedroso.<\/p>\n\n\n\n<p>\u00c9 importante ressaltar que as c\u00e2meras do CCC, do modelo Bullet 2MP, possuem caracter\u00edsticas t\u00e9cnicas de maior resist\u00eancia a quest\u00f5es de clima e outras eventuais intemp\u00e9ries. S\u00e3o fixadas em postes e paredes, sendo ideais em ambientes externos com alta circula\u00e7\u00e3o de pessoas e ve\u00edculos.<\/p>\n\n\n\n<p><strong>Efetivo municipal &nbsp;<\/strong><\/p>\n\n\n\n<p>Outras secretarias integraram o efetivo municipal do colegiado de organiza\u00e7\u00e3o geral do evento, por meio de a\u00e7\u00f5es no per\u00edmetro externo da Arena da Amaz\u00f4nia, todas com o aux\u00edlio do monitoramento realizado pelo CCC.<\/p>\n\n\n\n<p>Nos dois dias de jogos, a Secretaria Municipal de Seguran\u00e7a P\u00fablica e Defesa Social (Semseg) cedeu dez guardas municipais que atuaram, em apoio aos \u00f3rg\u00e3os fiscalizadores do munic\u00edpio, com refor\u00e7o na seguran\u00e7a e a garantia da integridade f\u00edsica do p\u00fablico.<\/p>\n\n\n\n<p>A Secretaria Municipal de Abastecimento, Centro e Com\u00e9rcio Informal (Semacc) disponibilizou 35 agentes para ordenar mais de 200 vendedores ambulantes que movimentaram o com\u00e9rcio de alimentos, bebidas e acess\u00f3rios no entorno do est\u00e1dio.<\/p>\n\n\n\n<p>O fluxo de tr\u00e2nsito no per\u00edmetro externo foi conduzido por meio do Instituto Municipal de Mobilidade Urbana (IMMU), que realizou o controle vi\u00e1rio, auxiliando na travessia de pedestres e no bloqueio de vias do entorno da arena. Para isso, o instituto disponibilizou viaturas, motocicletas e um guincho de reboque.<\/p>\n\n\n\n<p>As equipes de Vigil\u00e2ncia Sanit\u00e1ria Municipal (Visa Manaus) fiscalizaram a seguran\u00e7a alimentar, o aporte das ambul\u00e2ncias e ambulat\u00f3rio, para preven\u00e7\u00e3o e controle durante as atividades que envolveram produtos, servi\u00e7os e engenharia sanit\u00e1ria nas proximidades da Arena da Amaz\u00f4nia.<\/p>\n\n\n\n<p>&#8212; &#8212; &#8212;<\/p>\n\n\n\n<p><strong>Texto e Foto &#8211;&nbsp;<\/strong>&nbsp;Samira El kebbe \/ CCC<\/p>\n\n\n\n<p>&#8212; &#8212; &#8211;<\/p>\n\n\n\n<p>CCC &#8211; Centro de Coopera\u00e7\u00e3o da Cidade de Manaus<\/p>\n\n\n\n<p>Assessora Respons\u00e1vel: Samira El kebbe &#8211; (92) 98114-5151<\/p>\n\n\n\n<p>E-mail:&nbsp;<a href=\"mailto:manausccc@gmail.com\" target=\"_blank\" rel=\"noreferrer noopener\">manausccc@gmail.com<\/a><\/p>\n","protected":false},"excerpt":{"rendered":"","protected":false},"author":31,"featured_media":742,"comment_status":"closed","ping_status":"closed","sticky":false,"template":"","format":"standard","meta":{"footnotes":""},"categories":[10],"tags":[233,11,234,29],"acf":[],"yoast_head":"<!-- This site is optimized with the Yoast SEO plugin v23.0 - https:\/\/yoast.com\/wordpress\/plugins\/seo\/ -->\n<title>Per\u00edmetro externo da Arena da Amaz\u00f4nia \u00e9 monitorado pela Prefeitura de Manaus durante evento futebol\u00edstico - CCC<\/title>\n<meta name=\"robots\" content=\"index, follow, max-snippet:-1, max-image-preview:large, max-video-preview:-1\" \/>\n<link rel=\"canonical\" href=\"https:\/\/www.manaus.am.gov.br\/ccc\/perimetro-externo-da-arena-da-amazonia-e-monitorado-pela-prefeitura-de-manaus-durante-evento-futebolistico\/\" \/>\n<meta property=\"og:locale\" content=\"pt_BR\" \/>\n<meta property=\"og:type\" content=\"article\" \/>\n<meta property=\"og:title\" content=\"Per\u00edmetro externo da Arena da Amaz\u00f4nia \u00e9 monitorado pela Prefeitura de Manaus durante evento futebol\u00edstico - CCC\" \/>\n<meta property=\"og:url\" content=\"https:\/\/www.manaus.am.gov.br\/ccc\/perimetro-externo-da-arena-da-amazonia-e-monitorado-pela-prefeitura-de-manaus-durante-evento-futebolistico\/\" \/>\n<meta property=\"og:site_name\" content=\"CCC\" \/>\n<meta property=\"article:published_time\" content=\"2023-10-16T21:01:46+00:00\" \/>\n<meta property=\"article:modified_time\" content=\"2023-10-16T21:01:47+00:00\" \/>\n<meta property=\"og:image\" content=\"https:\/\/www.manaus.am.gov.br\/ccc\/wp-content\/uploads\/sites\/4\/2023\/10\/WhatsApp-Image-2023-10-16-at-15.56.56.jpeg\" \/>\n\t<meta property=\"og:image:width\" content=\"1600\" \/>\n\t<meta property=\"og:image:height\" content=\"1200\" \/>\n\t<meta property=\"og:image:type\" content=\"image\/jpeg\" \/>\n<meta name=\"author\" content=\"Renata Felix\" \/>\n<meta name=\"twitter:card\" content=\"summary_large_image\" \/>\n<meta name=\"twitter:label1\" content=\"Written by\" \/>\n\t<meta name=\"twitter:data1\" content=\"Renata Felix\" \/>\n\t<meta name=\"twitter:label2\" content=\"Est. reading time\" \/>\n\t<meta name=\"twitter:data2\" content=\"5 minutos\" \/>\n<script type=\"application\/ld+json\" class=\"yoast-schema-graph\">{\"@context\":\"https:\/\/schema.org\",\"@graph\":[{\"@type\":\"WebPage\",\"@id\":\"https:\/\/www.manaus.am.gov.br\/ccc\/perimetro-externo-da-arena-da-amazonia-e-monitorado-pela-prefeitura-de-manaus-durante-evento-futebolistico\/\",\"url\":\"https:\/\/www.manaus.am.gov.br\/ccc\/perimetro-externo-da-arena-da-amazonia-e-monitorado-pela-prefeitura-de-manaus-durante-evento-futebolistico\/\",\"name\":\"Per\u00edmetro externo da Arena da Amaz\u00f4nia \u00e9 monitorado pela Prefeitura de Manaus durante evento futebol\u00edstico - CCC\",\"isPartOf\":{\"@id\":\"https:\/\/www.manaus.am.gov.br\/ccc\/#website\"},\"primaryImageOfPage\":{\"@id\":\"https:\/\/www.manaus.am.gov.br\/ccc\/perimetro-externo-da-arena-da-amazonia-e-monitorado-pela-prefeitura-de-manaus-durante-evento-futebolistico\/#primaryimage\"},\"image\":{\"@id\":\"https:\/\/www.manaus.am.gov.br\/ccc\/perimetro-externo-da-arena-da-amazonia-e-monitorado-pela-prefeitura-de-manaus-durante-evento-futebolistico\/#primaryimage\"},\"thumbnailUrl\":\"https:\/\/www.manaus.am.gov.br\/ccc\/wp-content\/uploads\/sites\/4\/2023\/10\/WhatsApp-Image-2023-10-16-at-15.56.56.jpeg\",\"datePublished\":\"2023-10-16T21:01:46+00:00\",\"dateModified\":\"2023-10-16T21:01:47+00:00\",\"author\":{\"@id\":\"https:\/\/www.manaus.am.gov.br\/ccc\/#\/schema\/person\/4eea2a8f78dc853097abb026f728aa06\"},\"inLanguage\":\"pt-BR\",\"potentialAction\":[{\"@type\":\"ReadAction\",\"target\":[\"https:\/\/www.manaus.am.gov.br\/ccc\/perimetro-externo-da-arena-da-amazonia-e-monitorado-pela-prefeitura-de-manaus-durante-evento-futebolistico\/\"]}]},{\"@type\":\"ImageObject\",\"inLanguage\":\"pt-BR\",\"@id\":\"https:\/\/www.manaus.am.gov.br\/ccc\/perimetro-externo-da-arena-da-amazonia-e-monitorado-pela-prefeitura-de-manaus-durante-evento-futebolistico\/#primaryimage\",\"url\":\"https:\/\/www.manaus.am.gov.br\/ccc\/wp-content\/uploads\/sites\/4\/2023\/10\/WhatsApp-Image-2023-10-16-at-15.56.56.jpeg\",\"contentUrl\":\"https:\/\/www.manaus.am.gov.br\/ccc\/wp-content\/uploads\/sites\/4\/2023\/10\/WhatsApp-Image-2023-10-16-at-15.56.56.jpeg\",\"width\":1600,\"height\":1200},{\"@type\":\"WebSite\",\"@id\":\"https:\/\/www.manaus.am.gov.br\/ccc\/#website\",\"url\":\"https:\/\/www.manaus.am.gov.br\/ccc\/\",\"name\":\"CCC\",\"description\":\"Centro de Coopera\u00e7\u00e3o da Cidade\",\"alternateName\":\"Centro de Coopera\u00e7\u00e3o da Cidade\",\"potentialAction\":[{\"@type\":\"SearchAction\",\"target\":{\"@type\":\"EntryPoint\",\"urlTemplate\":\"https:\/\/www.manaus.am.gov.br\/ccc\/?s={search_term_string}\"},\"query-input\":\"required name=search_term_string\"}],\"inLanguage\":\"pt-BR\"},{\"@type\":\"Person\",\"@id\":\"https:\/\/www.manaus.am.gov.br\/ccc\/#\/schema\/person\/4eea2a8f78dc853097abb026f728aa06\",\"name\":\"Renata Felix\",\"image\":{\"@type\":\"ImageObject\",\"inLanguage\":\"pt-BR\",\"@id\":\"https:\/\/www.manaus.am.gov.br\/ccc\/#\/schema\/person\/image\/\",\"url\":\"https:\/\/secure.gravatar.com\/avatar\/3c196cf9d3b837b24c8edb2c50fd8f29?s=96&d=mm&r=g\",\"contentUrl\":\"https:\/\/secure.gravatar.com\/avatar\/3c196cf9d3b837b24c8edb2c50fd8f29?s=96&d=mm&r=g\",\"caption\":\"Renata Felix\"}}]}<\/script>\n<!-- \/ Yoast SEO plugin. -->","yoast_head_json":{"title":"Per\u00edmetro externo da Arena da Amaz\u00f4nia \u00e9 monitorado pela Prefeitura de Manaus durante evento futebol\u00edstico - CCC","robots":{"index":"index","follow":"follow","max-snippet":"max-snippet:-1","max-image-preview":"max-image-preview:large","max-video-preview":"max-video-preview:-1"},"canonical":"https:\/\/www.manaus.am.gov.br\/ccc\/perimetro-externo-da-arena-da-amazonia-e-monitorado-pela-prefeitura-de-manaus-durante-evento-futebolistico\/","og_locale":"pt_BR","og_type":"article","og_title":"Per\u00edmetro externo da Arena da Amaz\u00f4nia \u00e9 monitorado pela Prefeitura de Manaus durante evento futebol\u00edstico - CCC","og_url":"https:\/\/www.manaus.am.gov.br\/ccc\/perimetro-externo-da-arena-da-amazonia-e-monitorado-pela-prefeitura-de-manaus-durante-evento-futebolistico\/","og_site_name":"CCC","article_published_time":"2023-10-16T21:01:46+00:00","article_modified_time":"2023-10-16T21:01:47+00:00","og_image":[{"width":1600,"height":1200,"url":"https:\/\/www.manaus.am.gov.br\/ccc\/wp-content\/uploads\/sites\/4\/2023\/10\/WhatsApp-Image-2023-10-16-at-15.56.56.jpeg","type":"image\/jpeg"}],"author":"Renata Felix","twitter_card":"summary_large_image","twitter_misc":{"Written by":"Renata Felix","Est. reading time":"5 minutos"},"schema":{"@context":"https:\/\/schema.org","@graph":[{"@type":"WebPage","@id":"https:\/\/www.manaus.am.gov.br\/ccc\/perimetro-externo-da-arena-da-amazonia-e-monitorado-pela-prefeitura-de-manaus-durante-evento-futebolistico\/","url":"https:\/\/www.manaus.am.gov.br\/ccc\/perimetro-externo-da-arena-da-amazonia-e-monitorado-pela-prefeitura-de-manaus-durante-evento-futebolistico\/","name":"Per\u00edmetro externo da Arena da Amaz\u00f4nia \u00e9 monitorado pela Prefeitura de Manaus durante evento futebol\u00edstico - CCC","isPartOf":{"@id":"https:\/\/www.manaus.am.gov.br\/ccc\/#website"},"primaryImageOfPage":{"@id":"https:\/\/www.manaus.am.gov.br\/ccc\/perimetro-externo-da-arena-da-amazonia-e-monitorado-pela-prefeitura-de-manaus-durante-evento-futebolistico\/#primaryimage"},"image":{"@id":"https:\/\/www.manaus.am.gov.br\/ccc\/perimetro-externo-da-arena-da-amazonia-e-monitorado-pela-prefeitura-de-manaus-durante-evento-futebolistico\/#primaryimage"},"thumbnailUrl":"https:\/\/www.manaus.am.gov.br\/ccc\/wp-content\/uploads\/sites\/4\/2023\/10\/WhatsApp-Image-2023-10-16-at-15.56.56.jpeg","datePublished":"2023-10-16T21:01:46+00:00","dateModified":"2023-10-16T21:01:47+00:00","author":{"@id":"https:\/\/www.manaus.am.gov.br\/ccc\/#\/schema\/person\/4eea2a8f78dc853097abb026f728aa06"},"inLanguage":"pt-BR","potentialAction":[{"@type":"ReadAction","target":["https:\/\/www.manaus.am.gov.br\/ccc\/perimetro-externo-da-arena-da-amazonia-e-monitorado-pela-prefeitura-de-manaus-durante-evento-futebolistico\/"]}]},{"@type":"ImageObject","inLanguage":"pt-BR","@id":"https:\/\/www.manaus.am.gov.br\/ccc\/perimetro-externo-da-arena-da-amazonia-e-monitorado-pela-prefeitura-de-manaus-durante-evento-futebolistico\/#primaryimage","url":"https:\/\/www.manaus.am.gov.br\/ccc\/wp-content\/uploads\/sites\/4\/2023\/10\/WhatsApp-Image-2023-10-16-at-15.56.56.jpeg","contentUrl":"https:\/\/www.manaus.am.gov.br\/ccc\/wp-content\/uploads\/sites\/4\/2023\/10\/WhatsApp-Image-2023-10-16-at-15.56.56.jpeg","width":1600,"height":1200},{"@type":"WebSite","@id":"https:\/\/www.manaus.am.gov.br\/ccc\/#website","url":"https:\/\/www.manaus.am.gov.br\/ccc\/","name":"CCC","description":"Centro de Coopera\u00e7\u00e3o da Cidade","alternateName":"Centro de Coopera\u00e7\u00e3o da Cidade","potentialAction":[{"@type":"SearchAction","target":{"@type":"EntryPoint","urlTemplate":"https:\/\/www.manaus.am.gov.br\/ccc\/?s={search_term_string}"},"query-input":"required name=search_term_string"}],"inLanguage":"pt-BR"},{"@type":"Person","@id":"https:\/\/www.manaus.am.gov.br\/ccc\/#\/schema\/person\/4eea2a8f78dc853097abb026f728aa06","name":"Renata Felix","image":{"@type":"ImageObject","inLanguage":"pt-BR","@id":"https:\/\/www.manaus.am.gov.br\/ccc\/#\/schema\/person\/image\/","url":"https:\/\/secure.gravatar.com\/avatar\/3c196cf9d3b837b24c8edb2c50fd8f29?s=96&d=mm&r=g","contentUrl":"https:\/\/secure.gravatar.com\/avatar\/3c196cf9d3b837b24c8edb2c50fd8f29?s=96&d=mm&r=g","caption":"Renata Felix"}}]}},"_links":{"self":[{"href":"https:\/\/www.manaus.am.gov.br\/ccc\/wp-json\/wp\/v2\/posts\/741"}],"collection":[{"href":"https:\/\/www.manaus.am.gov.br\/ccc\/wp-json\/wp\/v2\/posts"}],"about":[{"href":"https:\/\/www.manaus.am.gov.br\/ccc\/wp-json\/wp\/v2\/types\/post"}],"author":[{"embeddable":true,"href":"https:\/\/www.manaus.am.gov.br\/ccc\/wp-json\/wp\/v2\/users\/31"}],"replies":[{"embeddable":true,"href":"https:\/\/www.manaus.am.gov.br\/ccc\/wp-json\/wp\/v2\/comments?post=741"}],"version-history":[{"count":0,"href":"https:\/\/www.manaus.am.gov.br\/ccc\/wp-json\/wp\/v2\/posts\/741\/revisions"}],"wp:featuredmedia":[{"embeddable":true,"href":"https:\/\/www.manaus.am.gov.br\/ccc\/wp-json\/wp\/v2\/media\/742"}],"wp:attachment":[{"href":"https:\/\/www.manaus.am.gov.br\/ccc\/wp-json\/wp\/v2\/media?parent=741"}],"wp:term":[{"taxonomy":"category","embeddable":true,"href":"https:\/\/www.manaus.am.gov.br\/ccc\/wp-json\/wp\/v2\/categories?post=741"},{"taxonomy":"post_tag","embeddable":true,"href":"https:\/\/www.manaus.am.gov.br\/ccc\/wp-json\/wp\/v2\/tags?post=741"}],"curies":[{"name":"wp","href":"https:\/\/api.w.org\/{rel}","templated":true}]}}