{"id":737,"date":"2023-10-11T18:53:14","date_gmt":"2023-10-11T22:53:14","guid":{"rendered":"https:\/\/www.manaus.am.gov.br\/ccc\/prefeitura-informa-que-manaus-entra-em-estagio-de-mobilizacao-devido-a-fumaca-que-encobre-a-cidade\/"},"modified":"2023-11-22T14:56:09","modified_gmt":"2023-11-22T18:56:09","slug":"prefeitura-informa-que-manaus-entra-em-estagio-de-mobilizacao-devido-a-fumaca-que-encobre-a-cidade","status":"publish","type":"post","link":"https:\/\/www.manaus.am.gov.br\/ccc\/prefeitura-informa-que-manaus-entra-em-estagio-de-mobilizacao-devido-a-fumaca-que-encobre-a-cidade\/","title":{"rendered":"Prefeitura informa que Manaus entra em est\u00e1gio de \u2018Mobiliza\u00e7\u00e3o\u2019 devido \u00e0 fuma\u00e7a que encobre a cidade"},"content":{"rendered":"\n<p>A Prefeitura de Manaus, via Centro de Coopera\u00e7\u00e3o da Cidade (CCC), torna p\u00fablico que, por consequ\u00eancia da fuma\u00e7a que voltou a encobrir o munic\u00edpio de Manaus, foi necess\u00e1rio realizar a altera\u00e7\u00e3o do status da capital para \u201cMobiliza\u00e7\u00e3o\u201d, nesta quarta-feira, 11\/10.<\/p>\n\n\n\n<p>A altera\u00e7\u00e3o foi analisada por especialistas de sa\u00fade e meio ambiente das Secretarias Municipais de Sa\u00fade (Semsa); e de Meio Ambiente e Sustentabilidade (Semmas), devido \u00e0 fuma\u00e7a proveniente das queimadas.<\/p>\n\n\n\n<p>Como esclarece o superintendente do CCC, Sandro Diz, o est\u00e1gio de Mobiliza\u00e7\u00e3o \u00e9 classificado como o segundo n\u00edvel, em uma escala de cinco, e significa que h\u00e1 riscos de ocorr\u00eancias de alto impacto na cidade devido a um evento previsto ou a partir da an\u00e1lise de dados provenientes de especialistas.<\/p>\n\n\n\n<p>\u201cA decis\u00e3o foi alinhada, em conjunto com a Semsa e a Semmas, com o objetivo de padronizar e agilizar a comunica\u00e7\u00e3o sobre os reflexos dos diversos tipos de a\u00e7\u00f5es que a Prefeitura de Manaus est\u00e1 realizando para acolher e orientar \u00e0 popula\u00e7\u00e3o sobre as queimadas, que s\u00e3o&nbsp;prejudiciais tanto ao meio ambiente quanto \u00e0 sa\u00fade humana\u201d, afirmou o superintendente.<\/p>\n\n\n\n<p><strong>Recomenda\u00e7\u00f5es&nbsp;de Sa\u00fade<\/strong><\/p>\n\n\n\n<p>Para evitar problemas de sa\u00fade relacionados \u00e0 exposi\u00e7\u00e3o \u00e0 fuma\u00e7a, a Semsa recomenda que medidas de prote\u00e7\u00e3o simples sejam adotadas na rotina das fam\u00edlias.<\/p>\n\n\n\n<p>A prote\u00e7\u00e3o individual pode ser feita especialmente com o uso de m\u00e1scaras, hidrata\u00e7\u00e3o oral, com o consumo refor\u00e7ado de l\u00edquidos, principalmente \u00e1gua, e a lavagem dos olhos e do nariz, usando-se soro fisiol\u00f3gico para evitar o ressecamento e o agravamento de quadros de irrita\u00e7\u00e3o.<\/p>\n\n\n\n<p>No ambiente dom\u00e9stico, \u00e9 importante o uso de umidificadores, vaporizadores ou de uma bacia com \u00e1gua para deixar os c\u00f4modos mais \u00famidos.<\/p>\n\n\n\n<p>\u201cEstamos em um cen\u00e1rio at\u00edpico e \u00e9 importante que todos adotem alguns cuidados, com aten\u00e7\u00e3o especial \u00e0s crian\u00e7as, aos idosos e aos que s\u00e3o mais sens\u00edveis \u00e0s condi\u00e7\u00f5es clim\u00e1ticas, como as pessoas que t\u00eam rinites al\u00e9rgicas e asma, por exemplo\u201d, alerta a titular da Semsa, Sh\u00e1dia Fraxe, destacando que a exposi\u00e7\u00e3o \u00e0 fuma\u00e7a pode causar desde desconfortos leves e passageiros a sintomas como dor de cabe\u00e7a e dor de garganta, dificuldade respirat\u00f3ria, lacrimejamento e vermelhid\u00e3o nos olhos e crises al\u00e9rgicas.<\/p>\n\n\n\n<p>A secret\u00e1ria recomenda que, al\u00e9m das medidas de prote\u00e7\u00e3o respirat\u00f3ria mais comuns, \u00e9 importante que, dentro do poss\u00edvel, as pessoas evitem aglomera\u00e7\u00f5es, circular em \u00e1reas pr\u00f3ximas a queimadas e sair no hor\u00e1rio de maior calor, desde o final da manh\u00e3 at\u00e9 o meio da tarde.<\/p>\n\n\n\n<p>Nos casos de agravamento de sintomas, principalmente dificuldade para respirar (falta de ar), a pessoa deve procurar uma unidade de sa\u00fade de pronto atendimento.<\/p>\n\n\n\n<p><strong>Dados<\/strong><\/p>\n\n\n\n<p>De acordo com dados do programa Queimadas, do Instituto Nacional de Pesquisas Espaciais (Inpe) e que foram levantados pela Prefeitura de Manaus, via Semmas, as queimadas t\u00eam origem nos munic\u00edpios da Regi\u00e3o Metropolitana de Manaus (RMM).<\/p>\n\n\n\n<p>Nos \u00faltimos dois dias, conforme dados do Inpe, foram registrados 504 focos de queimadas no Amazonas, sendo que o munic\u00edpio de Autazes, a 111 quil\u00f4metros de Manaus, registrou 105, o que representa 20,8% do total registrado no Amazonas.<\/p>\n\n\n\n<p>Al\u00e9m de Autazes, os munic\u00edpios de Careiro (50 focos), Careiro da V\u00e1rzea (26 focos), Itacoatiara (24 focos) e Manacapuru (18) est\u00e3o entre os dez munic\u00edpios que mais registraram focos de queimadas nos \u00faltimos dois dias, segundo os dados do Inpe.<\/p>\n\n\n\n<p>Manaus, neste mesmo per\u00edodo, registrou tr\u00eas focos de queimadas, todos na zona rural, sendo dois nas proximidades da BR-174, rodovia que liga o Roraima e Amazonas, e o terceiro foi registrado nas proximidades da comunidade Nossa Senhora de Nazar\u00e9, no rio Amazonas.<\/p>\n\n\n\n<p><strong>Den\u00fancias<\/strong><\/p>\n\n\n\n<p>De 1\u00ba a 10 de outubro, a Semmas recebeu 14 den\u00fancias de queimadas dentro do per\u00edodo urbano de Manaus. A secretaria passou todos os registros para os \u00f3rg\u00e3os de Seguran\u00e7a P\u00fablica do Estado com o objetivo de identificar os autores.<\/p>\n\n\n\n<p>Al\u00e9m disso, a Semmas tem feito um trabalho de resfriamento dos parques da cidade. Todos os dias, os caminh\u00f5es-pipa est\u00e3o atuando nesse trabalho, no sentido de evitar algum foco de inc\u00eandio nas unidades administradas pela secretaria.<\/p>\n\n\n\n<p>O \u00f3rg\u00e3o municipal de Meio Ambiente aproveita para refor\u00e7ar que a popula\u00e7\u00e3o pode contribuir denunciando qualquer tipo de queimada pelo WhatsApp (92) 98842-2161 ou no e-mail:&nbsp;<a href=\"mailto:defis.semmas@gmail.com\" target=\"_blank\" rel=\"noreferrer noopener\">defis.semmas@gmail.com<\/a>.<\/p>\n\n\n\n<p>&#8212; &#8212; &#8212;<\/p>\n\n\n\n<p><strong>Texto &#8211;&nbsp;<\/strong>Samira El kebbe \/ CCC, Andrea Arruda \/ Semsa e Divulga\u00e7\u00e3o \/ Semmas<\/p>\n\n\n\n<p><strong>Foto <\/strong>\u2013 Jo\u00e3o Viana \/ Semcom<\/p>\n","protected":false},"excerpt":{"rendered":"","protected":false},"author":31,"featured_media":738,"comment_status":"closed","ping_status":"closed","sticky":false,"template":"","format":"standard","meta":{"footnotes":""},"categories":[230],"tags":[83,231,232],"acf":[],"yoast_head":"<!-- This site is optimized with the Yoast SEO plugin v23.0 - https:\/\/yoast.com\/wordpress\/plugins\/seo\/ -->\n<title>Prefeitura informa que Manaus entra em est\u00e1gio de \u2018Mobiliza\u00e7\u00e3o\u2019 devido \u00e0 fuma\u00e7a que encobre a cidade - CCC<\/title>\n<meta name=\"robots\" content=\"index, follow, max-snippet:-1, max-image-preview:large, max-video-preview:-1\" \/>\n<link rel=\"canonical\" href=\"https:\/\/www.manaus.am.gov.br\/ccc\/prefeitura-informa-que-manaus-entra-em-estagio-de-mobilizacao-devido-a-fumaca-que-encobre-a-cidade\/\" \/>\n<meta property=\"og:locale\" content=\"pt_BR\" \/>\n<meta property=\"og:type\" content=\"article\" \/>\n<meta property=\"og:title\" content=\"Prefeitura informa que Manaus entra em est\u00e1gio de \u2018Mobiliza\u00e7\u00e3o\u2019 devido \u00e0 fuma\u00e7a que encobre a cidade - CCC\" \/>\n<meta property=\"og:url\" content=\"https:\/\/www.manaus.am.gov.br\/ccc\/prefeitura-informa-que-manaus-entra-em-estagio-de-mobilizacao-devido-a-fumaca-que-encobre-a-cidade\/\" \/>\n<meta property=\"og:site_name\" content=\"CCC\" \/>\n<meta property=\"article:published_time\" content=\"2023-10-11T22:53:14+00:00\" \/>\n<meta property=\"article:modified_time\" content=\"2023-11-22T18:56:09+00:00\" \/>\n<meta property=\"og:image\" content=\"https:\/\/www.manaus.am.gov.br\/ccc\/wp-content\/uploads\/sites\/4\/2023\/10\/WhatsApp-Image-2023-10-11-at-18.43.01.jpeg\" \/>\n\t<meta property=\"og:image:width\" content=\"4160\" \/>\n\t<meta property=\"og:image:height\" content=\"2773\" \/>\n\t<meta property=\"og:image:type\" content=\"image\/jpeg\" \/>\n<meta name=\"author\" content=\"Renata Felix\" \/>\n<meta name=\"twitter:card\" content=\"summary_large_image\" \/>\n<meta name=\"twitter:label1\" content=\"Written by\" \/>\n\t<meta name=\"twitter:data1\" content=\"Renata Felix\" \/>\n\t<meta name=\"twitter:label2\" content=\"Est. reading time\" \/>\n\t<meta name=\"twitter:data2\" content=\"5 minutos\" \/>\n<script type=\"application\/ld+json\" class=\"yoast-schema-graph\">{\"@context\":\"https:\/\/schema.org\",\"@graph\":[{\"@type\":\"WebPage\",\"@id\":\"https:\/\/www.manaus.am.gov.br\/ccc\/prefeitura-informa-que-manaus-entra-em-estagio-de-mobilizacao-devido-a-fumaca-que-encobre-a-cidade\/\",\"url\":\"https:\/\/www.manaus.am.gov.br\/ccc\/prefeitura-informa-que-manaus-entra-em-estagio-de-mobilizacao-devido-a-fumaca-que-encobre-a-cidade\/\",\"name\":\"Prefeitura informa que Manaus entra em est\u00e1gio de \u2018Mobiliza\u00e7\u00e3o\u2019 devido \u00e0 fuma\u00e7a que encobre a cidade - CCC\",\"isPartOf\":{\"@id\":\"https:\/\/www.manaus.am.gov.br\/ccc\/#website\"},\"primaryImageOfPage\":{\"@id\":\"https:\/\/www.manaus.am.gov.br\/ccc\/prefeitura-informa-que-manaus-entra-em-estagio-de-mobilizacao-devido-a-fumaca-que-encobre-a-cidade\/#primaryimage\"},\"image\":{\"@id\":\"https:\/\/www.manaus.am.gov.br\/ccc\/prefeitura-informa-que-manaus-entra-em-estagio-de-mobilizacao-devido-a-fumaca-que-encobre-a-cidade\/#primaryimage\"},\"thumbnailUrl\":\"https:\/\/www.manaus.am.gov.br\/ccc\/wp-content\/uploads\/sites\/4\/2023\/10\/WhatsApp-Image-2023-10-11-at-18.43.01.jpeg\",\"datePublished\":\"2023-10-11T22:53:14+00:00\",\"dateModified\":\"2023-11-22T18:56:09+00:00\",\"author\":{\"@id\":\"https:\/\/www.manaus.am.gov.br\/ccc\/#\/schema\/person\/4eea2a8f78dc853097abb026f728aa06\"},\"inLanguage\":\"pt-BR\",\"potentialAction\":[{\"@type\":\"ReadAction\",\"target\":[\"https:\/\/www.manaus.am.gov.br\/ccc\/prefeitura-informa-que-manaus-entra-em-estagio-de-mobilizacao-devido-a-fumaca-que-encobre-a-cidade\/\"]}]},{\"@type\":\"ImageObject\",\"inLanguage\":\"pt-BR\",\"@id\":\"https:\/\/www.manaus.am.gov.br\/ccc\/prefeitura-informa-que-manaus-entra-em-estagio-de-mobilizacao-devido-a-fumaca-que-encobre-a-cidade\/#primaryimage\",\"url\":\"https:\/\/www.manaus.am.gov.br\/ccc\/wp-content\/uploads\/sites\/4\/2023\/10\/WhatsApp-Image-2023-10-11-at-18.43.01.jpeg\",\"contentUrl\":\"https:\/\/www.manaus.am.gov.br\/ccc\/wp-content\/uploads\/sites\/4\/2023\/10\/WhatsApp-Image-2023-10-11-at-18.43.01.jpeg\",\"width\":4160,\"height\":2773},{\"@type\":\"WebSite\",\"@id\":\"https:\/\/www.manaus.am.gov.br\/ccc\/#website\",\"url\":\"https:\/\/www.manaus.am.gov.br\/ccc\/\",\"name\":\"CCC\",\"description\":\"Centro de Coopera\u00e7\u00e3o da Cidade\",\"alternateName\":\"Centro de Coopera\u00e7\u00e3o da Cidade\",\"potentialAction\":[{\"@type\":\"SearchAction\",\"target\":{\"@type\":\"EntryPoint\",\"urlTemplate\":\"https:\/\/www.manaus.am.gov.br\/ccc\/?s={search_term_string}\"},\"query-input\":\"required name=search_term_string\"}],\"inLanguage\":\"pt-BR\"},{\"@type\":\"Person\",\"@id\":\"https:\/\/www.manaus.am.gov.br\/ccc\/#\/schema\/person\/4eea2a8f78dc853097abb026f728aa06\",\"name\":\"Renata Felix\",\"image\":{\"@type\":\"ImageObject\",\"inLanguage\":\"pt-BR\",\"@id\":\"https:\/\/www.manaus.am.gov.br\/ccc\/#\/schema\/person\/image\/\",\"url\":\"https:\/\/secure.gravatar.com\/avatar\/3c196cf9d3b837b24c8edb2c50fd8f29?s=96&d=mm&r=g\",\"contentUrl\":\"https:\/\/secure.gravatar.com\/avatar\/3c196cf9d3b837b24c8edb2c50fd8f29?s=96&d=mm&r=g\",\"caption\":\"Renata Felix\"}}]}<\/script>\n<!-- \/ Yoast SEO plugin. -->","yoast_head_json":{"title":"Prefeitura informa que Manaus entra em est\u00e1gio de \u2018Mobiliza\u00e7\u00e3o\u2019 devido \u00e0 fuma\u00e7a que encobre a cidade - CCC","robots":{"index":"index","follow":"follow","max-snippet":"max-snippet:-1","max-image-preview":"max-image-preview:large","max-video-preview":"max-video-preview:-1"},"canonical":"https:\/\/www.manaus.am.gov.br\/ccc\/prefeitura-informa-que-manaus-entra-em-estagio-de-mobilizacao-devido-a-fumaca-que-encobre-a-cidade\/","og_locale":"pt_BR","og_type":"article","og_title":"Prefeitura informa que Manaus entra em est\u00e1gio de \u2018Mobiliza\u00e7\u00e3o\u2019 devido \u00e0 fuma\u00e7a que encobre a cidade - CCC","og_url":"https:\/\/www.manaus.am.gov.br\/ccc\/prefeitura-informa-que-manaus-entra-em-estagio-de-mobilizacao-devido-a-fumaca-que-encobre-a-cidade\/","og_site_name":"CCC","article_published_time":"2023-10-11T22:53:14+00:00","article_modified_time":"2023-11-22T18:56:09+00:00","og_image":[{"width":4160,"height":2773,"url":"https:\/\/www.manaus.am.gov.br\/ccc\/wp-content\/uploads\/sites\/4\/2023\/10\/WhatsApp-Image-2023-10-11-at-18.43.01.jpeg","type":"image\/jpeg"}],"author":"Renata Felix","twitter_card":"summary_large_image","twitter_misc":{"Written by":"Renata Felix","Est. reading time":"5 minutos"},"schema":{"@context":"https:\/\/schema.org","@graph":[{"@type":"WebPage","@id":"https:\/\/www.manaus.am.gov.br\/ccc\/prefeitura-informa-que-manaus-entra-em-estagio-de-mobilizacao-devido-a-fumaca-que-encobre-a-cidade\/","url":"https:\/\/www.manaus.am.gov.br\/ccc\/prefeitura-informa-que-manaus-entra-em-estagio-de-mobilizacao-devido-a-fumaca-que-encobre-a-cidade\/","name":"Prefeitura informa que Manaus entra em est\u00e1gio de \u2018Mobiliza\u00e7\u00e3o\u2019 devido \u00e0 fuma\u00e7a que encobre a cidade - CCC","isPartOf":{"@id":"https:\/\/www.manaus.am.gov.br\/ccc\/#website"},"primaryImageOfPage":{"@id":"https:\/\/www.manaus.am.gov.br\/ccc\/prefeitura-informa-que-manaus-entra-em-estagio-de-mobilizacao-devido-a-fumaca-que-encobre-a-cidade\/#primaryimage"},"image":{"@id":"https:\/\/www.manaus.am.gov.br\/ccc\/prefeitura-informa-que-manaus-entra-em-estagio-de-mobilizacao-devido-a-fumaca-que-encobre-a-cidade\/#primaryimage"},"thumbnailUrl":"https:\/\/www.manaus.am.gov.br\/ccc\/wp-content\/uploads\/sites\/4\/2023\/10\/WhatsApp-Image-2023-10-11-at-18.43.01.jpeg","datePublished":"2023-10-11T22:53:14+00:00","dateModified":"2023-11-22T18:56:09+00:00","author":{"@id":"https:\/\/www.manaus.am.gov.br\/ccc\/#\/schema\/person\/4eea2a8f78dc853097abb026f728aa06"},"inLanguage":"pt-BR","potentialAction":[{"@type":"ReadAction","target":["https:\/\/www.manaus.am.gov.br\/ccc\/prefeitura-informa-que-manaus-entra-em-estagio-de-mobilizacao-devido-a-fumaca-que-encobre-a-cidade\/"]}]},{"@type":"ImageObject","inLanguage":"pt-BR","@id":"https:\/\/www.manaus.am.gov.br\/ccc\/prefeitura-informa-que-manaus-entra-em-estagio-de-mobilizacao-devido-a-fumaca-que-encobre-a-cidade\/#primaryimage","url":"https:\/\/www.manaus.am.gov.br\/ccc\/wp-content\/uploads\/sites\/4\/2023\/10\/WhatsApp-Image-2023-10-11-at-18.43.01.jpeg","contentUrl":"https:\/\/www.manaus.am.gov.br\/ccc\/wp-content\/uploads\/sites\/4\/2023\/10\/WhatsApp-Image-2023-10-11-at-18.43.01.jpeg","width":4160,"height":2773},{"@type":"WebSite","@id":"https:\/\/www.manaus.am.gov.br\/ccc\/#website","url":"https:\/\/www.manaus.am.gov.br\/ccc\/","name":"CCC","description":"Centro de Coopera\u00e7\u00e3o da Cidade","alternateName":"Centro de Coopera\u00e7\u00e3o da Cidade","potentialAction":[{"@type":"SearchAction","target":{"@type":"EntryPoint","urlTemplate":"https:\/\/www.manaus.am.gov.br\/ccc\/?s={search_term_string}"},"query-input":"required name=search_term_string"}],"inLanguage":"pt-BR"},{"@type":"Person","@id":"https:\/\/www.manaus.am.gov.br\/ccc\/#\/schema\/person\/4eea2a8f78dc853097abb026f728aa06","name":"Renata Felix","image":{"@type":"ImageObject","inLanguage":"pt-BR","@id":"https:\/\/www.manaus.am.gov.br\/ccc\/#\/schema\/person\/image\/","url":"https:\/\/secure.gravatar.com\/avatar\/3c196cf9d3b837b24c8edb2c50fd8f29?s=96&d=mm&r=g","contentUrl":"https:\/\/secure.gravatar.com\/avatar\/3c196cf9d3b837b24c8edb2c50fd8f29?s=96&d=mm&r=g","caption":"Renata Felix"}}]}},"_links":{"self":[{"href":"https:\/\/www.manaus.am.gov.br\/ccc\/wp-json\/wp\/v2\/posts\/737"}],"collection":[{"href":"https:\/\/www.manaus.am.gov.br\/ccc\/wp-json\/wp\/v2\/posts"}],"about":[{"href":"https:\/\/www.manaus.am.gov.br\/ccc\/wp-json\/wp\/v2\/types\/post"}],"author":[{"embeddable":true,"href":"https:\/\/www.manaus.am.gov.br\/ccc\/wp-json\/wp\/v2\/users\/31"}],"replies":[{"embeddable":true,"href":"https:\/\/www.manaus.am.gov.br\/ccc\/wp-json\/wp\/v2\/comments?post=737"}],"version-history":[{"count":3,"href":"https:\/\/www.manaus.am.gov.br\/ccc\/wp-json\/wp\/v2\/posts\/737\/revisions"}],"predecessor-version":[{"id":778,"href":"https:\/\/www.manaus.am.gov.br\/ccc\/wp-json\/wp\/v2\/posts\/737\/revisions\/778"}],"wp:featuredmedia":[{"embeddable":true,"href":"https:\/\/www.manaus.am.gov.br\/ccc\/wp-json\/wp\/v2\/media\/738"}],"wp:attachment":[{"href":"https:\/\/www.manaus.am.gov.br\/ccc\/wp-json\/wp\/v2\/media?parent=737"}],"wp:term":[{"taxonomy":"category","embeddable":true,"href":"https:\/\/www.manaus.am.gov.br\/ccc\/wp-json\/wp\/v2\/categories?post=737"},{"taxonomy":"post_tag","embeddable":true,"href":"https:\/\/www.manaus.am.gov.br\/ccc\/wp-json\/wp\/v2\/tags?post=737"}],"curies":[{"name":"wp","href":"https:\/\/api.w.org\/{rel}","templated":true}]}}