{"id":726,"date":"2023-10-08T14:25:09","date_gmt":"2023-10-08T18:25:09","guid":{"rendered":"https:\/\/www.manaus.am.gov.br\/ccc\/ccc-integra-colegiado-do-cicc-para-monitoramento-no-perimetro-externo-da-arena-da-amazonia\/"},"modified":"2023-10-08T14:26:31","modified_gmt":"2023-10-08T18:26:31","slug":"ccc-integra-colegiado-do-cicc-para-monitoramento-no-perimetro-externo-da-arena-da-amazonia","status":"publish","type":"post","link":"https:\/\/www.manaus.am.gov.br\/ccc\/ccc-integra-colegiado-do-cicc-para-monitoramento-no-perimetro-externo-da-arena-da-amazonia\/","title":{"rendered":"<strong>CCC integra colegiado do CICC para monitoramento no per\u00edmetro externo da Arena da Amaz\u00f4nia<\/strong>"},"content":{"rendered":"\n<p>A Prefeitura de Manaus, por interm\u00e9dio do Centro de Coopera\u00e7\u00e3o da Cidade (CCC), integrou, neste s\u00e1bado, 7\/10, o colegiado respons\u00e1vel pela organiza\u00e7\u00e3o e monitoramento por imagens do per\u00edmetro externo da Arena da Amaz\u00f4nia, na zona Centro-Sul, para a realiza\u00e7\u00e3o do jogo entre Amazonas FC X Botafogo-PB.<\/p>\n\n\n\n<p>O Centro de Coopera\u00e7\u00e3o da Cidade ficou respons\u00e1vel por monitorar todo o per\u00edmetro externo da Arena da Amaz\u00f4nia por meio das 12 c\u00e2meras, do modelo Bullet 2MP, que vigiaram, em tempo real e com alta resolu\u00e7\u00e3o de imagens, cada metro de todas as vias pr\u00f3ximas ao est\u00e1dio.<\/p>\n\n\n\n<p>\u201cO evento futebol\u00edstico foi todo filmado, monitorado e acompanhado de forma on-line por nosso corpo t\u00e9cnico. N\u00f3s podemos tomar medidas muito r\u00e1pidas e orientamos a a\u00e7\u00e3o de seguran\u00e7a, de tr\u00e2nsito, de com\u00e9rcio dos ambulantes, de vigil\u00e2ncia sanit\u00e1ria, tudo por meio do nosso Centro de Coopera\u00e7\u00e3o da Cidade em conjunto com as equipes do CICC. O resultado foi uma partida tranquila e sem ocorr\u00eancias de grande vulto\u201d, afirmou o superintendente do CCC, Sandro Diz.<\/p>\n\n\n\n<p>O colegiado foi coordenado pelo Centro Integrado de Comando e Controle (CICC), um dos \u00f3rg\u00e3os operacionais da Secretaria de Seguran\u00e7a P\u00fablica do Amazonas (SSP-AM), que convidou o CCC para estruturar um centro integrado de monitoramento bem no meio da Arena da Amaz\u00f4nia, ativado \u00e0s 14h deste s\u00e1bado.<\/p>\n\n\n\n<p>\u201cEssa coopera\u00e7\u00e3o entre os dois \u00f3rg\u00e3os \u00e9 fundamental. CICC e CCC, por parte da prefeitura, \u00e9 uma combina\u00e7\u00e3o perfeita e a gente j\u00e1 vem h\u00e1 muito tempo nessa parceria. Sempre quando a gente necessita deles, eles comparecem. Assim vamos caminhando juntos pela integra\u00e7\u00e3o das for\u00e7as\u201d, destacou o coronel Almir Cavalcante, secret\u00e1rio executivo-adjunto de Planejamento e Gest\u00e3o Integrada da SEAGI\/SSP-AM.<\/p>\n\n\n\n<p><\/p>\n\n\n\n<figure class=\"wp-block-gallery has-nested-images columns-default is-cropped wp-block-gallery-1 is-layout-flex wp-block-gallery-is-layout-flex\">\n<figure class=\"wp-block-image size-full\"><img loading=\"lazy\" decoding=\"async\" width=\"828\" height=\"455\" data-id=\"727\" src=\"https:\/\/www.manaus.am.gov.br\/ccc\/wp-content\/uploads\/sites\/4\/2023\/10\/Monitoramento-no-perimetro-externo-da-Arena-da-Amazonia-1.jpeg\" alt=\"\" class=\"wp-image-727\" srcset=\"https:\/\/www.manaus.am.gov.br\/ccc\/wp-content\/uploads\/sites\/4\/2023\/10\/Monitoramento-no-perimetro-externo-da-Arena-da-Amazonia-1.jpeg 828w, https:\/\/www.manaus.am.gov.br\/ccc\/wp-content\/uploads\/sites\/4\/2023\/10\/Monitoramento-no-perimetro-externo-da-Arena-da-Amazonia-1-300x165.jpeg 300w, https:\/\/www.manaus.am.gov.br\/ccc\/wp-content\/uploads\/sites\/4\/2023\/10\/Monitoramento-no-perimetro-externo-da-Arena-da-Amazonia-1-768x422.jpeg 768w\" sizes=\"(max-width: 828px) 100vw, 828px\" \/><\/figure>\n<\/figure>\n\n\n\n<p><\/p>\n\n\n\n<p>Essa grande festa que a torcida amazonense fez na Arena da Amaz\u00f4nia contribuiu para a vit\u00f3ria hist\u00f3rica do clube local. Nas palavras do diretor-jur\u00eddico do Amazonas FC, Hemerson Lima, a import\u00e2ncia da integra\u00e7\u00e3o municipal e estadual para garantir a seguran\u00e7a da popula\u00e7\u00e3o nos eventos incentiva a continua\u00e7\u00e3o da cena esportiva na regi\u00e3o.<\/p>\n\n\n\n<p>\u201c\u00c9 de fundamental import\u00e2ncia que o poder p\u00fablico municipal e estadual participe desses grandes eventos. N\u00f3s tivemos um p\u00fablico recorde presente na Arena da Amaz\u00f4nia e aqui eu quero agradecer todos os \u00f3rg\u00e3os que est\u00e3o somando for\u00e7as, para que a gente possa entregar um espet\u00e1culo para a popula\u00e7\u00e3o amazonense, que merece\u201d, frisou Hemerson.<\/p>\n\n\n\n<p>Torcedor do Amazonas FC, o banc\u00e1rio Pedro Marques, de 32 anos, foi com a fam\u00edlia prestigiar a vit\u00f3ria do clube local. Para ele, que expressou contentamento com o evento, relata que se sentiu seguro e que estar\u00e1 presente no pr\u00f3ximo jogo.<\/p>\n\n\n\n<p>\u201cA gente percebeu que em eventos como esse de grande escala, \u00e9 importante ter a presen\u00e7a de c\u00e2meras de seguran\u00e7a monitorando tudo, principalmente para a gente que vem com crian\u00e7as, com a fam\u00edlia. Quero parabenizar essa parceria do poder p\u00fablico municipal e estadual, n\u00f3s voltaremos no pr\u00f3ximo jogo com certeza\u201d expressou o torcedor.<\/p>\n\n\n\n<p><strong>Efetivo municipal integrado<\/strong><\/p>\n\n\n\n<p>Outras secretarias municipais tamb\u00e9m integraram o colegiado de responsabilidade do evento realizando a\u00e7\u00f5es no per\u00edmetro externo da Arena da Amaz\u00f4nia, todas com o aux\u00edlio do monitoramento feito pelo CCC.<\/p>\n\n\n\n<p>A Secretaria Municipal de Abastecimento, Centro e Com\u00e9rcio Informal (Semacc) disponibilizou 20 agentes para ordenar mais de 180 vendedores ambulantes que circularam no entorno do est\u00e1dio.<\/p>\n\n\n\n<p>Com rela\u00e7\u00e3o ao fluxo de tr\u00e2nsito no per\u00edmetro, o Instituto Municipal de Mobilidade Urbana (IMMU) realizou o controle vi\u00e1rio, auxiliando na travessia de pedestres e no bloqueio de vias do entorno da arena. Para isso, o instituto disponibilizou dez viaturas, 30 motocicletas e um guincho de reboque.<\/p>\n\n\n\n<p>As equipes de Vigil\u00e2ncia Sanit\u00e1ria Municipal (Visa Manaus) fiscalizaram a seguran\u00e7a alimentar, o aporte das ambul\u00e2ncias e ambulat\u00f3rio, para preven\u00e7\u00e3o e controle durante as atividades que envolveram produtos, servi\u00e7os e engenharia sanit\u00e1ria nas proximidades da Arena da Amaz\u00f4nia.<\/p>\n\n\n\n<p>&#8212; &#8212; &#8212;<\/p>\n\n\n\n<p><strong>Texto e fotos<\/strong> \u2013 Samira El kebbe \/ CCC<\/p>\n","protected":false},"excerpt":{"rendered":"","protected":false},"author":39,"featured_media":728,"comment_status":"closed","ping_status":"closed","sticky":false,"template":"","format":"standard","meta":{"footnotes":""},"categories":[31],"tags":[225,11,215,226,227,228,38,229,30],"acf":[],"yoast_head":"<!-- This site is optimized with the Yoast SEO plugin v23.0 - https:\/\/yoast.com\/wordpress\/plugins\/seo\/ -->\n<title>CCC integra colegiado do CICC para monitoramento no per\u00edmetro externo da Arena da Amaz\u00f4nia<\/title>\n<meta name=\"robots\" content=\"index, follow, max-snippet:-1, max-image-preview:large, max-video-preview:-1\" \/>\n<link rel=\"canonical\" href=\"https:\/\/www.manaus.am.gov.br\/ccc\/ccc-integra-colegiado-do-cicc-para-monitoramento-no-perimetro-externo-da-arena-da-amazonia\/\" \/>\n<meta property=\"og:locale\" content=\"pt_BR\" \/>\n<meta property=\"og:type\" content=\"article\" \/>\n<meta property=\"og:title\" content=\"CCC integra colegiado do CICC para monitoramento no per\u00edmetro externo da Arena da Amaz\u00f4nia\" \/>\n<meta property=\"og:url\" content=\"https:\/\/www.manaus.am.gov.br\/ccc\/ccc-integra-colegiado-do-cicc-para-monitoramento-no-perimetro-externo-da-arena-da-amazonia\/\" \/>\n<meta property=\"og:site_name\" content=\"CCC\" \/>\n<meta property=\"article:published_time\" content=\"2023-10-08T18:25:09+00:00\" \/>\n<meta property=\"article:modified_time\" content=\"2023-10-08T18:26:31+00:00\" \/>\n<meta property=\"og:image\" content=\"https:\/\/www.manaus.am.gov.br\/ccc\/wp-content\/uploads\/sites\/4\/2023\/10\/Monitoramento-no-perimetro-externo-da-Arena-da-Amazonia-1.jpeg\" \/>\n\t<meta property=\"og:image:width\" content=\"828\" \/>\n\t<meta property=\"og:image:height\" content=\"455\" \/>\n\t<meta property=\"og:image:type\" content=\"image\/jpeg\" \/>\n<meta name=\"author\" content=\"Bruna Greco\" \/>\n<meta name=\"twitter:card\" content=\"summary_large_image\" \/>\n<meta name=\"twitter:label1\" content=\"Written by\" \/>\n\t<meta name=\"twitter:data1\" content=\"Bruna Greco\" \/>\n\t<meta name=\"twitter:label2\" content=\"Est. reading time\" \/>\n\t<meta name=\"twitter:data2\" content=\"4 minutos\" \/>\n<script type=\"application\/ld+json\" class=\"yoast-schema-graph\">{\"@context\":\"https:\/\/schema.org\",\"@graph\":[{\"@type\":\"WebPage\",\"@id\":\"https:\/\/www.manaus.am.gov.br\/ccc\/ccc-integra-colegiado-do-cicc-para-monitoramento-no-perimetro-externo-da-arena-da-amazonia\/\",\"url\":\"https:\/\/www.manaus.am.gov.br\/ccc\/ccc-integra-colegiado-do-cicc-para-monitoramento-no-perimetro-externo-da-arena-da-amazonia\/\",\"name\":\"CCC integra colegiado do CICC para monitoramento no per\u00edmetro externo da Arena da Amaz\u00f4nia\",\"isPartOf\":{\"@id\":\"https:\/\/www.manaus.am.gov.br\/ccc\/#website\"},\"primaryImageOfPage\":{\"@id\":\"https:\/\/www.manaus.am.gov.br\/ccc\/ccc-integra-colegiado-do-cicc-para-monitoramento-no-perimetro-externo-da-arena-da-amazonia\/#primaryimage\"},\"image\":{\"@id\":\"https:\/\/www.manaus.am.gov.br\/ccc\/ccc-integra-colegiado-do-cicc-para-monitoramento-no-perimetro-externo-da-arena-da-amazonia\/#primaryimage\"},\"thumbnailUrl\":\"https:\/\/www.manaus.am.gov.br\/ccc\/wp-content\/uploads\/sites\/4\/2023\/10\/Monitoramento-no-perimetro-externo-da-Arena-da-Amazonia-2.jpeg\",\"datePublished\":\"2023-10-08T18:25:09+00:00\",\"dateModified\":\"2023-10-08T18:26:31+00:00\",\"author\":{\"@id\":\"https:\/\/www.manaus.am.gov.br\/ccc\/#\/schema\/person\/05d223aea2bf115f9883a6ff3683d81b\"},\"inLanguage\":\"pt-BR\",\"potentialAction\":[{\"@type\":\"ReadAction\",\"target\":[\"https:\/\/www.manaus.am.gov.br\/ccc\/ccc-integra-colegiado-do-cicc-para-monitoramento-no-perimetro-externo-da-arena-da-amazonia\/\"]}]},{\"@type\":\"ImageObject\",\"inLanguage\":\"pt-BR\",\"@id\":\"https:\/\/www.manaus.am.gov.br\/ccc\/ccc-integra-colegiado-do-cicc-para-monitoramento-no-perimetro-externo-da-arena-da-amazonia\/#primaryimage\",\"url\":\"https:\/\/www.manaus.am.gov.br\/ccc\/wp-content\/uploads\/sites\/4\/2023\/10\/Monitoramento-no-perimetro-externo-da-Arena-da-Amazonia-2.jpeg\",\"contentUrl\":\"https:\/\/www.manaus.am.gov.br\/ccc\/wp-content\/uploads\/sites\/4\/2023\/10\/Monitoramento-no-perimetro-externo-da-Arena-da-Amazonia-2.jpeg\",\"width\":1600,\"height\":1200},{\"@type\":\"WebSite\",\"@id\":\"https:\/\/www.manaus.am.gov.br\/ccc\/#website\",\"url\":\"https:\/\/www.manaus.am.gov.br\/ccc\/\",\"name\":\"CCC\",\"description\":\"Centro de Coopera\u00e7\u00e3o da Cidade\",\"alternateName\":\"Centro de Coopera\u00e7\u00e3o da Cidade\",\"potentialAction\":[{\"@type\":\"SearchAction\",\"target\":{\"@type\":\"EntryPoint\",\"urlTemplate\":\"https:\/\/www.manaus.am.gov.br\/ccc\/?s={search_term_string}\"},\"query-input\":\"required name=search_term_string\"}],\"inLanguage\":\"pt-BR\"},{\"@type\":\"Person\",\"@id\":\"https:\/\/www.manaus.am.gov.br\/ccc\/#\/schema\/person\/05d223aea2bf115f9883a6ff3683d81b\",\"name\":\"Bruna Greco\",\"image\":{\"@type\":\"ImageObject\",\"inLanguage\":\"pt-BR\",\"@id\":\"https:\/\/www.manaus.am.gov.br\/ccc\/#\/schema\/person\/image\/\",\"url\":\"https:\/\/secure.gravatar.com\/avatar\/9c877d1a6adc2a055330e5c09a8653ce?s=96&d=mm&r=g\",\"contentUrl\":\"https:\/\/secure.gravatar.com\/avatar\/9c877d1a6adc2a055330e5c09a8653ce?s=96&d=mm&r=g\",\"caption\":\"Bruna Greco\"}}]}<\/script>\n<!-- \/ Yoast SEO plugin. -->","yoast_head_json":{"title":"CCC integra colegiado do CICC para monitoramento no per\u00edmetro externo da Arena da Amaz\u00f4nia","robots":{"index":"index","follow":"follow","max-snippet":"max-snippet:-1","max-image-preview":"max-image-preview:large","max-video-preview":"max-video-preview:-1"},"canonical":"https:\/\/www.manaus.am.gov.br\/ccc\/ccc-integra-colegiado-do-cicc-para-monitoramento-no-perimetro-externo-da-arena-da-amazonia\/","og_locale":"pt_BR","og_type":"article","og_title":"CCC integra colegiado do CICC para monitoramento no per\u00edmetro externo da Arena da Amaz\u00f4nia","og_url":"https:\/\/www.manaus.am.gov.br\/ccc\/ccc-integra-colegiado-do-cicc-para-monitoramento-no-perimetro-externo-da-arena-da-amazonia\/","og_site_name":"CCC","article_published_time":"2023-10-08T18:25:09+00:00","article_modified_time":"2023-10-08T18:26:31+00:00","og_image":[{"width":828,"height":455,"url":"https:\/\/www.manaus.am.gov.br\/ccc\/wp-content\/uploads\/sites\/4\/2023\/10\/Monitoramento-no-perimetro-externo-da-Arena-da-Amazonia-1.jpeg","type":"image\/jpeg"}],"author":"Bruna Greco","twitter_card":"summary_large_image","twitter_misc":{"Written by":"Bruna Greco","Est. reading time":"4 minutos"},"schema":{"@context":"https:\/\/schema.org","@graph":[{"@type":"WebPage","@id":"https:\/\/www.manaus.am.gov.br\/ccc\/ccc-integra-colegiado-do-cicc-para-monitoramento-no-perimetro-externo-da-arena-da-amazonia\/","url":"https:\/\/www.manaus.am.gov.br\/ccc\/ccc-integra-colegiado-do-cicc-para-monitoramento-no-perimetro-externo-da-arena-da-amazonia\/","name":"CCC integra colegiado do CICC para monitoramento no per\u00edmetro externo da Arena da Amaz\u00f4nia","isPartOf":{"@id":"https:\/\/www.manaus.am.gov.br\/ccc\/#website"},"primaryImageOfPage":{"@id":"https:\/\/www.manaus.am.gov.br\/ccc\/ccc-integra-colegiado-do-cicc-para-monitoramento-no-perimetro-externo-da-arena-da-amazonia\/#primaryimage"},"image":{"@id":"https:\/\/www.manaus.am.gov.br\/ccc\/ccc-integra-colegiado-do-cicc-para-monitoramento-no-perimetro-externo-da-arena-da-amazonia\/#primaryimage"},"thumbnailUrl":"https:\/\/www.manaus.am.gov.br\/ccc\/wp-content\/uploads\/sites\/4\/2023\/10\/Monitoramento-no-perimetro-externo-da-Arena-da-Amazonia-2.jpeg","datePublished":"2023-10-08T18:25:09+00:00","dateModified":"2023-10-08T18:26:31+00:00","author":{"@id":"https:\/\/www.manaus.am.gov.br\/ccc\/#\/schema\/person\/05d223aea2bf115f9883a6ff3683d81b"},"inLanguage":"pt-BR","potentialAction":[{"@type":"ReadAction","target":["https:\/\/www.manaus.am.gov.br\/ccc\/ccc-integra-colegiado-do-cicc-para-monitoramento-no-perimetro-externo-da-arena-da-amazonia\/"]}]},{"@type":"ImageObject","inLanguage":"pt-BR","@id":"https:\/\/www.manaus.am.gov.br\/ccc\/ccc-integra-colegiado-do-cicc-para-monitoramento-no-perimetro-externo-da-arena-da-amazonia\/#primaryimage","url":"https:\/\/www.manaus.am.gov.br\/ccc\/wp-content\/uploads\/sites\/4\/2023\/10\/Monitoramento-no-perimetro-externo-da-Arena-da-Amazonia-2.jpeg","contentUrl":"https:\/\/www.manaus.am.gov.br\/ccc\/wp-content\/uploads\/sites\/4\/2023\/10\/Monitoramento-no-perimetro-externo-da-Arena-da-Amazonia-2.jpeg","width":1600,"height":1200},{"@type":"WebSite","@id":"https:\/\/www.manaus.am.gov.br\/ccc\/#website","url":"https:\/\/www.manaus.am.gov.br\/ccc\/","name":"CCC","description":"Centro de Coopera\u00e7\u00e3o da Cidade","alternateName":"Centro de Coopera\u00e7\u00e3o da Cidade","potentialAction":[{"@type":"SearchAction","target":{"@type":"EntryPoint","urlTemplate":"https:\/\/www.manaus.am.gov.br\/ccc\/?s={search_term_string}"},"query-input":"required name=search_term_string"}],"inLanguage":"pt-BR"},{"@type":"Person","@id":"https:\/\/www.manaus.am.gov.br\/ccc\/#\/schema\/person\/05d223aea2bf115f9883a6ff3683d81b","name":"Bruna Greco","image":{"@type":"ImageObject","inLanguage":"pt-BR","@id":"https:\/\/www.manaus.am.gov.br\/ccc\/#\/schema\/person\/image\/","url":"https:\/\/secure.gravatar.com\/avatar\/9c877d1a6adc2a055330e5c09a8653ce?s=96&d=mm&r=g","contentUrl":"https:\/\/secure.gravatar.com\/avatar\/9c877d1a6adc2a055330e5c09a8653ce?s=96&d=mm&r=g","caption":"Bruna Greco"}}]}},"_links":{"self":[{"href":"https:\/\/www.manaus.am.gov.br\/ccc\/wp-json\/wp\/v2\/posts\/726"}],"collection":[{"href":"https:\/\/www.manaus.am.gov.br\/ccc\/wp-json\/wp\/v2\/posts"}],"about":[{"href":"https:\/\/www.manaus.am.gov.br\/ccc\/wp-json\/wp\/v2\/types\/post"}],"author":[{"embeddable":true,"href":"https:\/\/www.manaus.am.gov.br\/ccc\/wp-json\/wp\/v2\/users\/39"}],"replies":[{"embeddable":true,"href":"https:\/\/www.manaus.am.gov.br\/ccc\/wp-json\/wp\/v2\/comments?post=726"}],"version-history":[{"count":3,"href":"https:\/\/www.manaus.am.gov.br\/ccc\/wp-json\/wp\/v2\/posts\/726\/revisions"}],"predecessor-version":[{"id":731,"href":"https:\/\/www.manaus.am.gov.br\/ccc\/wp-json\/wp\/v2\/posts\/726\/revisions\/731"}],"wp:featuredmedia":[{"embeddable":true,"href":"https:\/\/www.manaus.am.gov.br\/ccc\/wp-json\/wp\/v2\/media\/728"}],"wp:attachment":[{"href":"https:\/\/www.manaus.am.gov.br\/ccc\/wp-json\/wp\/v2\/media?parent=726"}],"wp:term":[{"taxonomy":"category","embeddable":true,"href":"https:\/\/www.manaus.am.gov.br\/ccc\/wp-json\/wp\/v2\/categories?post=726"},{"taxonomy":"post_tag","embeddable":true,"href":"https:\/\/www.manaus.am.gov.br\/ccc\/wp-json\/wp\/v2\/tags?post=726"}],"curies":[{"name":"wp","href":"https:\/\/api.w.org\/{rel}","templated":true}]}}