{"id":724,"date":"2023-09-26T21:01:27","date_gmt":"2023-09-27T01:01:27","guid":{"rendered":"https:\/\/www.manaus.am.gov.br\/ccc\/prefeitura-de-manaus-e-governo-do-amazonas-promovem-capacitacao-sobre-gestao-de-riscos-em-defesa-civil\/"},"modified":"2023-09-26T21:01:29","modified_gmt":"2023-09-27T01:01:29","slug":"prefeitura-de-manaus-e-governo-do-amazonas-promovem-capacitacao-sobre-gestao-de-riscos-em-defesa-civil","status":"publish","type":"post","link":"https:\/\/www.manaus.am.gov.br\/ccc\/prefeitura-de-manaus-e-governo-do-amazonas-promovem-capacitacao-sobre-gestao-de-riscos-em-defesa-civil\/","title":{"rendered":"<strong>Prefeitura de Manaus e governo do Amazonas promovem capacita\u00e7\u00e3o sobre gest\u00e3o de riscos em defesa civil<\/strong>"},"content":{"rendered":"\n<p>A Prefeitura de Manaus, por interm\u00e9dio do Centro de Coopera\u00e7\u00e3o da Cidade (CCC), recebeu, nesta ter\u00e7a-feira, dia 26\/9, a visita da Defesa Civil do Estado do Amazonas para conhecer parte do setor operacional da Defesa Civil Municipal, que funciona dentro da estrutura da Superintend\u00eancia Municipal, no&nbsp;cruzamento das avenidas Ephig\u00eanio Salles e Umberto Calderaro Filho, no bairro Parque 10 de Novembro, zona Centro-Sul.<\/p>\n\n\n\n<p>O motivo da visita \u00e9 para o treinamento e capacita\u00e7\u00e3o dos profissionais da Defesa Civil Municipal por meio do curso b\u00e1sico operacional de Defesa Civil, oferecido pela&nbsp;Secretaria Municipal de Administra\u00e7\u00e3o, Planejamento e Gest\u00e3o (Semad),&nbsp;por interm\u00e9dio da&nbsp;Escola de Servi\u00e7o P\u00fablico Municipal e Inclus\u00e3o Socioeducacional (Espi), que acontecer\u00e1&nbsp;nos dias 26, 27 e 28 de outubro deste ano.<\/p>\n\n\n\n<p>A visita da Defesa Civil do Estado do Amazonas na Superintend\u00eancia Municipal foi conduzida pelo gerente de Projetos Especiais do CCC, M\u00e1rio Henrique Silva, que enfatizou como superimportante essa aproxima\u00e7\u00e3o entre as esferas municipal e estadual.<\/p>\n\n\n\n<p>\u201cReceber a Defesa Civil Estadual, na pessoa do tenente Andr\u00e9 Souza e da sargento Gisely Pereira, representa uma aproxima\u00e7\u00e3o, um estreitamento de rela\u00e7\u00e3o e interesse em conhecer os procedimentos da Defesa Civil Municipal que acontecem aqui na sede do CCC. E nada melhor do que essa aproxima\u00e7\u00e3o come\u00e7ar com o compartilhamento de conhecimentos entre os dois \u00f3rg\u00e3os de prote\u00e7\u00e3o e defesa da popula\u00e7\u00e3o. Ent\u00e3o, a vinda deles para conhecer a nossa realidade, a nossa rotina, a nossa estrutura e os procedimentos adotados, que funciona aqui no CCC, \u00e9 essencial para a evolu\u00e7\u00e3o dessa rela\u00e7\u00e3o que sempre reflete no bem-estar da popula\u00e7\u00e3o manauara\u201d, destacou o gerente de Projetos Especiais do CCC.<\/p>\n\n\n\n<p>A abertura do curso de capacita\u00e7\u00e3o ser\u00e1 na sede da Espi, localizada na avenida Compensa, no bairro Vila da Prata, zona Oeste da cidade, que inicia dia 26\/10 com a parte te\u00f3rica. No segundo dia, 27, haver\u00e1 uma aula pr\u00e1tica externa com visita t\u00e9cnica de instrutores e alunos do curso ao Centro de Coopera\u00e7\u00e3o da Cidade (CCC). Por fim, no dia 28, a capacita\u00e7\u00e3o finaliza com a parte te\u00f3rica e encerramento do curso na sala de aula da Espi\/Semad.<\/p>\n\n\n\n<p>O p\u00fablico-alvo do curso ser\u00e1 composto de representantes operacionais das secretarias e \u00f3rg\u00e3os municipais e&nbsp;cidad\u00e3os de cada comunidade que, por meio do trabalho volunt\u00e1rio e solid\u00e1rio, contribuem nas a\u00e7\u00f5es preventivas em \u00e1reas de risco, al\u00e9m de orientar e prestar socorro mais imediato nas situa\u00e7\u00f5es de calamidade e emerg\u00eancia na capital amazonense.<\/p>\n\n\n\n<p>O chefe de Planejamento do Departamento de Or\u00e7amento e Finan\u00e7as da Defesa Civil do Estado do Amazonas, tenente Andr\u00e9 Souza, que ser\u00e1 o instrutor da capacita\u00e7\u00e3o durante os tr\u00eas dias, parabenizou a estrutura da Defesa Civil Municipal. De acordo com ele, a capacita\u00e7\u00e3o visa atingir um p\u00fablico-alvo de 35 servidores e l\u00edderes comunit\u00e1rios que vivem em \u00e1reas de risco.<\/p>\n\n\n\n<p>\u201cN\u00f3s vamos abordar um tema extremamente importante que \u00e9 a gest\u00e3o de riscos e por isso que viemos aqui no CCC conhecer de perto como funciona todo esse sistema de monitoramento e gerenciamento de crises. Ver que a Prefeitura de Manaus faz um investimento t\u00e3o relevante nessa \u00e1rea de pol\u00edtica nacional de prote\u00e7\u00e3o e defesa civil \u00e9 muito importante da popula\u00e7\u00e3o\u201d, ressaltou o tenente Andr\u00e9 Souza. &nbsp;<\/p>\n\n\n\n<p>Com rela\u00e7\u00e3o ao conte\u00fado program\u00e1tico, os alunos ter\u00e3o acesso a conhecimentos sobre legisla\u00e7\u00f5es e no\u00e7\u00f5es b\u00e1sicas dos procedimentos de plano de contig\u00eancia (elabora\u00e7\u00e3o, valida\u00e7\u00e3o e operacionaliza\u00e7\u00e3o do Placon), gest\u00e3o de riscos, sistema S2ID, hexagon, funcionamento da parte operacional da Defesa Civil por meio da integra\u00e7\u00e3o com os demais \u00f3rg\u00e3os.<\/p>\n\n\n\n<p>&#8212; &#8212; &#8212;<\/p>\n\n\n\n<p><strong>Texto e foto &#8211;<\/strong>&nbsp;Samira El kebbe \/ CCC<\/p>\n","protected":false},"excerpt":{"rendered":"","protected":false},"author":31,"featured_media":725,"comment_status":"closed","ping_status":"closed","sticky":false,"template":"","format":"standard","meta":{"footnotes":""},"categories":[222],"tags":[75,223,224],"acf":[],"yoast_head":"<!-- This site is optimized with the Yoast SEO plugin v23.0 - https:\/\/yoast.com\/wordpress\/plugins\/seo\/ -->\n<title>Prefeitura de Manaus e governo do Amazonas promovem capacita\u00e7\u00e3o sobre gest\u00e3o de riscos em defesa civil - CCC<\/title>\n<meta name=\"robots\" content=\"index, follow, max-snippet:-1, max-image-preview:large, max-video-preview:-1\" \/>\n<link rel=\"canonical\" href=\"https:\/\/www.manaus.am.gov.br\/ccc\/prefeitura-de-manaus-e-governo-do-amazonas-promovem-capacitacao-sobre-gestao-de-riscos-em-defesa-civil\/\" \/>\n<meta property=\"og:locale\" content=\"pt_BR\" \/>\n<meta property=\"og:type\" content=\"article\" \/>\n<meta property=\"og:title\" content=\"Prefeitura de Manaus e governo do Amazonas promovem capacita\u00e7\u00e3o sobre gest\u00e3o de riscos em defesa civil - CCC\" \/>\n<meta property=\"og:url\" content=\"https:\/\/www.manaus.am.gov.br\/ccc\/prefeitura-de-manaus-e-governo-do-amazonas-promovem-capacitacao-sobre-gestao-de-riscos-em-defesa-civil\/\" \/>\n<meta property=\"og:site_name\" content=\"CCC\" \/>\n<meta property=\"article:published_time\" content=\"2023-09-27T01:01:27+00:00\" \/>\n<meta property=\"article:modified_time\" content=\"2023-09-27T01:01:29+00:00\" \/>\n<meta property=\"og:image\" content=\"https:\/\/www.manaus.am.gov.br\/ccc\/wp-content\/uploads\/sites\/4\/2023\/09\/WhatsApp-Image-2023-09-26-at-11.40.17.jpeg\" \/>\n\t<meta property=\"og:image:width\" content=\"1600\" \/>\n\t<meta property=\"og:image:height\" content=\"900\" \/>\n\t<meta property=\"og:image:type\" content=\"image\/jpeg\" \/>\n<meta name=\"author\" content=\"Renata Felix\" \/>\n<meta name=\"twitter:card\" content=\"summary_large_image\" \/>\n<meta name=\"twitter:label1\" content=\"Written by\" \/>\n\t<meta name=\"twitter:data1\" content=\"Renata Felix\" \/>\n\t<meta name=\"twitter:label2\" content=\"Est. reading time\" \/>\n\t<meta name=\"twitter:data2\" content=\"4 minutos\" \/>\n<script type=\"application\/ld+json\" class=\"yoast-schema-graph\">{\"@context\":\"https:\/\/schema.org\",\"@graph\":[{\"@type\":\"WebPage\",\"@id\":\"https:\/\/www.manaus.am.gov.br\/ccc\/prefeitura-de-manaus-e-governo-do-amazonas-promovem-capacitacao-sobre-gestao-de-riscos-em-defesa-civil\/\",\"url\":\"https:\/\/www.manaus.am.gov.br\/ccc\/prefeitura-de-manaus-e-governo-do-amazonas-promovem-capacitacao-sobre-gestao-de-riscos-em-defesa-civil\/\",\"name\":\"Prefeitura de Manaus e governo do Amazonas promovem capacita\u00e7\u00e3o sobre gest\u00e3o de riscos em defesa civil - CCC\",\"isPartOf\":{\"@id\":\"https:\/\/www.manaus.am.gov.br\/ccc\/#website\"},\"primaryImageOfPage\":{\"@id\":\"https:\/\/www.manaus.am.gov.br\/ccc\/prefeitura-de-manaus-e-governo-do-amazonas-promovem-capacitacao-sobre-gestao-de-riscos-em-defesa-civil\/#primaryimage\"},\"image\":{\"@id\":\"https:\/\/www.manaus.am.gov.br\/ccc\/prefeitura-de-manaus-e-governo-do-amazonas-promovem-capacitacao-sobre-gestao-de-riscos-em-defesa-civil\/#primaryimage\"},\"thumbnailUrl\":\"https:\/\/www.manaus.am.gov.br\/ccc\/wp-content\/uploads\/sites\/4\/2023\/09\/WhatsApp-Image-2023-09-26-at-11.40.17.jpeg\",\"datePublished\":\"2023-09-27T01:01:27+00:00\",\"dateModified\":\"2023-09-27T01:01:29+00:00\",\"author\":{\"@id\":\"https:\/\/www.manaus.am.gov.br\/ccc\/#\/schema\/person\/4eea2a8f78dc853097abb026f728aa06\"},\"inLanguage\":\"pt-BR\",\"potentialAction\":[{\"@type\":\"ReadAction\",\"target\":[\"https:\/\/www.manaus.am.gov.br\/ccc\/prefeitura-de-manaus-e-governo-do-amazonas-promovem-capacitacao-sobre-gestao-de-riscos-em-defesa-civil\/\"]}]},{\"@type\":\"ImageObject\",\"inLanguage\":\"pt-BR\",\"@id\":\"https:\/\/www.manaus.am.gov.br\/ccc\/prefeitura-de-manaus-e-governo-do-amazonas-promovem-capacitacao-sobre-gestao-de-riscos-em-defesa-civil\/#primaryimage\",\"url\":\"https:\/\/www.manaus.am.gov.br\/ccc\/wp-content\/uploads\/sites\/4\/2023\/09\/WhatsApp-Image-2023-09-26-at-11.40.17.jpeg\",\"contentUrl\":\"https:\/\/www.manaus.am.gov.br\/ccc\/wp-content\/uploads\/sites\/4\/2023\/09\/WhatsApp-Image-2023-09-26-at-11.40.17.jpeg\",\"width\":1600,\"height\":900},{\"@type\":\"WebSite\",\"@id\":\"https:\/\/www.manaus.am.gov.br\/ccc\/#website\",\"url\":\"https:\/\/www.manaus.am.gov.br\/ccc\/\",\"name\":\"CCC\",\"description\":\"Centro de Coopera\u00e7\u00e3o da Cidade\",\"alternateName\":\"Centro de Coopera\u00e7\u00e3o da Cidade\",\"potentialAction\":[{\"@type\":\"SearchAction\",\"target\":{\"@type\":\"EntryPoint\",\"urlTemplate\":\"https:\/\/www.manaus.am.gov.br\/ccc\/?s={search_term_string}\"},\"query-input\":\"required name=search_term_string\"}],\"inLanguage\":\"pt-BR\"},{\"@type\":\"Person\",\"@id\":\"https:\/\/www.manaus.am.gov.br\/ccc\/#\/schema\/person\/4eea2a8f78dc853097abb026f728aa06\",\"name\":\"Renata Felix\",\"image\":{\"@type\":\"ImageObject\",\"inLanguage\":\"pt-BR\",\"@id\":\"https:\/\/www.manaus.am.gov.br\/ccc\/#\/schema\/person\/image\/\",\"url\":\"https:\/\/secure.gravatar.com\/avatar\/3c196cf9d3b837b24c8edb2c50fd8f29?s=96&d=mm&r=g\",\"contentUrl\":\"https:\/\/secure.gravatar.com\/avatar\/3c196cf9d3b837b24c8edb2c50fd8f29?s=96&d=mm&r=g\",\"caption\":\"Renata Felix\"}}]}<\/script>\n<!-- \/ Yoast SEO plugin. -->","yoast_head_json":{"title":"Prefeitura de Manaus e governo do Amazonas promovem capacita\u00e7\u00e3o sobre gest\u00e3o de riscos em defesa civil - CCC","robots":{"index":"index","follow":"follow","max-snippet":"max-snippet:-1","max-image-preview":"max-image-preview:large","max-video-preview":"max-video-preview:-1"},"canonical":"https:\/\/www.manaus.am.gov.br\/ccc\/prefeitura-de-manaus-e-governo-do-amazonas-promovem-capacitacao-sobre-gestao-de-riscos-em-defesa-civil\/","og_locale":"pt_BR","og_type":"article","og_title":"Prefeitura de Manaus e governo do Amazonas promovem capacita\u00e7\u00e3o sobre gest\u00e3o de riscos em defesa civil - CCC","og_url":"https:\/\/www.manaus.am.gov.br\/ccc\/prefeitura-de-manaus-e-governo-do-amazonas-promovem-capacitacao-sobre-gestao-de-riscos-em-defesa-civil\/","og_site_name":"CCC","article_published_time":"2023-09-27T01:01:27+00:00","article_modified_time":"2023-09-27T01:01:29+00:00","og_image":[{"width":1600,"height":900,"url":"https:\/\/www.manaus.am.gov.br\/ccc\/wp-content\/uploads\/sites\/4\/2023\/09\/WhatsApp-Image-2023-09-26-at-11.40.17.jpeg","type":"image\/jpeg"}],"author":"Renata Felix","twitter_card":"summary_large_image","twitter_misc":{"Written by":"Renata Felix","Est. reading time":"4 minutos"},"schema":{"@context":"https:\/\/schema.org","@graph":[{"@type":"WebPage","@id":"https:\/\/www.manaus.am.gov.br\/ccc\/prefeitura-de-manaus-e-governo-do-amazonas-promovem-capacitacao-sobre-gestao-de-riscos-em-defesa-civil\/","url":"https:\/\/www.manaus.am.gov.br\/ccc\/prefeitura-de-manaus-e-governo-do-amazonas-promovem-capacitacao-sobre-gestao-de-riscos-em-defesa-civil\/","name":"Prefeitura de Manaus e governo do Amazonas promovem capacita\u00e7\u00e3o sobre gest\u00e3o de riscos em defesa civil - CCC","isPartOf":{"@id":"https:\/\/www.manaus.am.gov.br\/ccc\/#website"},"primaryImageOfPage":{"@id":"https:\/\/www.manaus.am.gov.br\/ccc\/prefeitura-de-manaus-e-governo-do-amazonas-promovem-capacitacao-sobre-gestao-de-riscos-em-defesa-civil\/#primaryimage"},"image":{"@id":"https:\/\/www.manaus.am.gov.br\/ccc\/prefeitura-de-manaus-e-governo-do-amazonas-promovem-capacitacao-sobre-gestao-de-riscos-em-defesa-civil\/#primaryimage"},"thumbnailUrl":"https:\/\/www.manaus.am.gov.br\/ccc\/wp-content\/uploads\/sites\/4\/2023\/09\/WhatsApp-Image-2023-09-26-at-11.40.17.jpeg","datePublished":"2023-09-27T01:01:27+00:00","dateModified":"2023-09-27T01:01:29+00:00","author":{"@id":"https:\/\/www.manaus.am.gov.br\/ccc\/#\/schema\/person\/4eea2a8f78dc853097abb026f728aa06"},"inLanguage":"pt-BR","potentialAction":[{"@type":"ReadAction","target":["https:\/\/www.manaus.am.gov.br\/ccc\/prefeitura-de-manaus-e-governo-do-amazonas-promovem-capacitacao-sobre-gestao-de-riscos-em-defesa-civil\/"]}]},{"@type":"ImageObject","inLanguage":"pt-BR","@id":"https:\/\/www.manaus.am.gov.br\/ccc\/prefeitura-de-manaus-e-governo-do-amazonas-promovem-capacitacao-sobre-gestao-de-riscos-em-defesa-civil\/#primaryimage","url":"https:\/\/www.manaus.am.gov.br\/ccc\/wp-content\/uploads\/sites\/4\/2023\/09\/WhatsApp-Image-2023-09-26-at-11.40.17.jpeg","contentUrl":"https:\/\/www.manaus.am.gov.br\/ccc\/wp-content\/uploads\/sites\/4\/2023\/09\/WhatsApp-Image-2023-09-26-at-11.40.17.jpeg","width":1600,"height":900},{"@type":"WebSite","@id":"https:\/\/www.manaus.am.gov.br\/ccc\/#website","url":"https:\/\/www.manaus.am.gov.br\/ccc\/","name":"CCC","description":"Centro de Coopera\u00e7\u00e3o da Cidade","alternateName":"Centro de Coopera\u00e7\u00e3o da Cidade","potentialAction":[{"@type":"SearchAction","target":{"@type":"EntryPoint","urlTemplate":"https:\/\/www.manaus.am.gov.br\/ccc\/?s={search_term_string}"},"query-input":"required name=search_term_string"}],"inLanguage":"pt-BR"},{"@type":"Person","@id":"https:\/\/www.manaus.am.gov.br\/ccc\/#\/schema\/person\/4eea2a8f78dc853097abb026f728aa06","name":"Renata Felix","image":{"@type":"ImageObject","inLanguage":"pt-BR","@id":"https:\/\/www.manaus.am.gov.br\/ccc\/#\/schema\/person\/image\/","url":"https:\/\/secure.gravatar.com\/avatar\/3c196cf9d3b837b24c8edb2c50fd8f29?s=96&d=mm&r=g","contentUrl":"https:\/\/secure.gravatar.com\/avatar\/3c196cf9d3b837b24c8edb2c50fd8f29?s=96&d=mm&r=g","caption":"Renata Felix"}}]}},"_links":{"self":[{"href":"https:\/\/www.manaus.am.gov.br\/ccc\/wp-json\/wp\/v2\/posts\/724"}],"collection":[{"href":"https:\/\/www.manaus.am.gov.br\/ccc\/wp-json\/wp\/v2\/posts"}],"about":[{"href":"https:\/\/www.manaus.am.gov.br\/ccc\/wp-json\/wp\/v2\/types\/post"}],"author":[{"embeddable":true,"href":"https:\/\/www.manaus.am.gov.br\/ccc\/wp-json\/wp\/v2\/users\/31"}],"replies":[{"embeddable":true,"href":"https:\/\/www.manaus.am.gov.br\/ccc\/wp-json\/wp\/v2\/comments?post=724"}],"version-history":[{"count":0,"href":"https:\/\/www.manaus.am.gov.br\/ccc\/wp-json\/wp\/v2\/posts\/724\/revisions"}],"wp:featuredmedia":[{"embeddable":true,"href":"https:\/\/www.manaus.am.gov.br\/ccc\/wp-json\/wp\/v2\/media\/725"}],"wp:attachment":[{"href":"https:\/\/www.manaus.am.gov.br\/ccc\/wp-json\/wp\/v2\/media?parent=724"}],"wp:term":[{"taxonomy":"category","embeddable":true,"href":"https:\/\/www.manaus.am.gov.br\/ccc\/wp-json\/wp\/v2\/categories?post=724"},{"taxonomy":"post_tag","embeddable":true,"href":"https:\/\/www.manaus.am.gov.br\/ccc\/wp-json\/wp\/v2\/tags?post=724"}],"curies":[{"name":"wp","href":"https:\/\/api.w.org\/{rel}","templated":true}]}}