{"id":656,"date":"2023-08-22T20:27:56","date_gmt":"2023-08-23T00:27:56","guid":{"rendered":"https:\/\/www.manaus.am.gov.br\/ccc\/prefeitura-de-manaus-cria-plano-de-acoes-integradas-entre-secretarias-e-orgaos-para-realizacao-do-soumanaus-2023\/"},"modified":"2023-08-22T20:27:58","modified_gmt":"2023-08-23T00:27:58","slug":"prefeitura-de-manaus-cria-plano-de-acoes-integradas-entre-secretarias-e-orgaos-para-realizacao-do-soumanaus-2023","status":"publish","type":"post","link":"https:\/\/www.manaus.am.gov.br\/ccc\/prefeitura-de-manaus-cria-plano-de-acoes-integradas-entre-secretarias-e-orgaos-para-realizacao-do-soumanaus-2023\/","title":{"rendered":"<strong>Prefeitura de Manaus cria \u2018Plano de A\u00e7\u00f5es Integradas\u2019 entre secretarias e \u00f3rg\u00e3os para realiza\u00e7\u00e3o do #SouManaus 2023<\/strong>"},"content":{"rendered":"\n<p>A Prefeitura de Manaus, por interm\u00e9dio do Centro de Coopera\u00e7\u00e3o da Cidade (CCC), idealizou o \u201cPlano de A\u00e7\u00f5es Integradas (PAI)\u201d que ser\u00e1 implementado durante o festival \u201c#SouManaus Passo a Pa\u00e7o 2023\u201d, organizado pela Funda\u00e7\u00e3o Municipal de Cultura, Turismo e Eventos (Manauscult), para a ades\u00e3o das demais secretarias e \u00f3rg\u00e3os municipais envolvidos na realiza\u00e7\u00e3o do maior evento de artes integradas da regi\u00e3o Norte, que acontecer\u00e1 nos dias 5, 6 e 7 de setembro.<\/p>\n\n\n\n<p>O PAI foi entregue nesta ter\u00e7a-feira, 22\/8, pelo superintendente do CCC, Sandro Diz, ao diretor-presidente da Manauscult, Osvaldo Cardoso, na sede do \u00f3rg\u00e3o municipal, localizada na avenida 7 de Setembro, no Centro, zona Sul.<\/p>\n\n\n\n<p>Ap\u00f3s uma s\u00e9rie de reuni\u00f5es feitas nos \u00faltimos dois meses, o \u201cPlano de A\u00e7\u00f5es Integradas\u201d \u00e9 um dos resultados da agenda de planejamento estrat\u00e9gico do Centro de Coopera\u00e7\u00e3o da Cidade de Manaus. Como esclarece o superintendente da pasta, Sandro Diz, o documento re\u00fane informa\u00e7\u00f5es gerais a respeito da coordena\u00e7\u00e3o do evento e da participa\u00e7\u00e3o dos \u00f3rg\u00e3os envolvidos na opera\u00e7\u00e3o, que receber\u00e3o devido apoio situacional do CCC durante todo o evento.<\/p>\n\n\n\n<p>\u201cNesse plano consta n\u00e3o s\u00f3 as atas das reuni\u00f5es que antecedem o evento, mas tamb\u00e9m consta as diretrizes de atua\u00e7\u00e3o de cada secretaria, sob o direcionamento do CCC, no festival #SouManaus 2023. Esse Plano antecede o festival e, logo ap\u00f3s o evento, esse mesmo plano volta para as m\u00e3os do CCC, no qual ser\u00e3o apresentados<\/p>\n\n\n\n<p>todos os acontecimentos do festival, tudo o que n\u00f3s definimos, acertamos e solucionamos\u201d, acentuou o superintendente do CCC.<\/p>\n\n\n\n<p><strong>Estrat\u00e9gia integrada<\/strong><\/p>\n\n\n\n<p>Com o objetivo de orientar e acompanhar os trabalhos de planejamento, o \u201cPlano de A\u00e7\u00f5es Integradas\u201d do CCC orienta a prepara\u00e7\u00e3o dos \u00f3rg\u00e3os municipais e estaduais envolvidos, nas a\u00e7\u00f5es e opera\u00e7\u00f5es a serem desenvolvidas no \u201c#SouManaus Passo a Pa\u00e7o 2023\u201d, com a finalidade de agilizar e simplificar a resolu\u00e7\u00e3o de ocorr\u00eancias, otimizar recursos e fortalecer as Institui\u00e7\u00f5es envolvidas.<\/p>\n\n\n\n<p>Para o diretor-presidente Manauscult, Osvaldo Cardoso, que est\u00e1 \u00e0 frente da organiza\u00e7\u00e3o geral da edi\u00e7\u00e3o especial do #SouManaus 2023, expressou que um megaevento como esse exige uma articula\u00e7\u00e3o de secretarias municipais em prol da seguran\u00e7a e do conforto para toda a popula\u00e7\u00e3o que deseja vivenciar a cultura local nos tr\u00eas dias de entretenimento multicultural.<\/p>\n\n\n\n<p>\u201cQuatorze dias antes do evento, n\u00f3s j\u00e1 temos um direcionamento de todas as nossas a\u00e7\u00f5es dentro do festival e isso \u00e9 muito importante. Esse Plano de A\u00e7\u00f5es Integradas mostra o planejamento da Prefeitura de Manaus e do colegiado municipal para construirmos, acima de tudo, um evento com seguran\u00e7a, com conforto, um evento com uma cronologia. Isso \u00e9 a atual gest\u00e3o demonstrando compromisso com sociedade amazonense e com todos que forem prestigiar e vivenciar a nossa cultura\u201d, enfatizou o diretor-presidente da Manauscult.<\/p>\n\n\n\n<p><strong>Expectativa<\/strong><\/p>\n\n\n\n<p>A expectativa para este ano \u00e9 que o festival leve cerca de 100 mil pessoas por dia para a \u00e1rea do Pa\u00e7o da Liberdade, localizado no centro hist\u00f3rico, zona Sul da capital amazonense, sendo um lugar que concentra todas as d\u00e9cadas da hist\u00f3ria da cidade e que tamb\u00e9m \u00e9 o espa\u00e7o mais representativo da mistura de cores, sons e sabores de Manaus.<\/p>\n\n\n\n<p>\u201cO evento \u00e9 da Prefeitura de Manaus que tem resgatado nossa cultura e valorizado cada vez mais os artistas locais e para isso \u00e9 fundamental a integra\u00e7\u00e3o de todas as pastas municipais. N\u00f3s do CCC organizamos as reuni\u00f5es de alinhamento necess\u00e1rias para garantir isso e a Manauscult \u00e9 o \u00f3rg\u00e3o que est\u00e1 coordenando todo o evento, junto com o apoio das secretarias municipais e estaduais, para que a gente consiga fazer o melhor \u2018#SouManaus Passo a Pa\u00e7o\u2019 da hist\u00f3ria\u201d, afirma o superintendente do CCC.<\/p>\n\n\n\n<p>&#8212; &#8212; &#8212;<\/p>\n\n\n\n<p><strong>Texto \u2013<\/strong> Samira El Kebbe \/ CCC<\/p>\n\n\n\n<p><strong>Foto \u2013<\/strong> Divulga\u00e7\u00e3o \/ Manauscult<\/p>\n","protected":false},"excerpt":{"rendered":"","protected":false},"author":39,"featured_media":657,"comment_status":"closed","ping_status":"closed","sticky":false,"template":"","format":"standard","meta":{"footnotes":""},"categories":[201],"tags":[202,11,203,38,204],"acf":[],"yoast_head":"<!-- This site is optimized with the Yoast SEO plugin v23.0 - https:\/\/yoast.com\/wordpress\/plugins\/seo\/ -->\n<title>Prefeitura de Manaus cria \u2018Plano de A\u00e7\u00f5es Integradas\u2019 entre secretarias e \u00f3rg\u00e3os para realiza\u00e7\u00e3o do #SouManaus 2023<\/title>\n<meta name=\"description\" content=\"A Prefeitura de Manaus, por interm\u00e9dio do Centro de Coopera\u00e7\u00e3o da Cidade (CCC), idealizou o \u201cPlano de A\u00e7\u00f5es Integradas (PAI)\u201d que ser\u00e1 implementado durante o festival \u201c#SouManaus Passo a Pa\u00e7o 2023\u201d, organizado pela Funda\u00e7\u00e3o Municipal de Cultura, Turismo e Eventos (Manauscult), para a ades\u00e3o das demais secretarias e \u00f3rg\u00e3os municipais envolvidos na realiza\u00e7\u00e3o do maior evento de artes integradas da regi\u00e3o Norte, que acontecer\u00e1 nos dias 5, 6 e 7 de setembro.\" \/>\n<meta name=\"robots\" content=\"index, follow, max-snippet:-1, max-image-preview:large, max-video-preview:-1\" \/>\n<link rel=\"canonical\" href=\"https:\/\/www.manaus.am.gov.br\/ccc\/prefeitura-de-manaus-cria-plano-de-acoes-integradas-entre-secretarias-e-orgaos-para-realizacao-do-soumanaus-2023\/\" \/>\n<meta property=\"og:locale\" content=\"pt_BR\" \/>\n<meta property=\"og:type\" content=\"article\" \/>\n<meta property=\"og:title\" content=\"Prefeitura de Manaus cria \u2018Plano de A\u00e7\u00f5es Integradas\u2019 entre secretarias e \u00f3rg\u00e3os para realiza\u00e7\u00e3o do #SouManaus 2023\" \/>\n<meta property=\"og:description\" content=\"A Prefeitura de Manaus, por interm\u00e9dio do Centro de Coopera\u00e7\u00e3o da Cidade (CCC), idealizou o \u201cPlano de A\u00e7\u00f5es Integradas (PAI)\u201d que ser\u00e1 implementado durante o festival \u201c#SouManaus Passo a Pa\u00e7o 2023\u201d, organizado pela Funda\u00e7\u00e3o Municipal de Cultura, Turismo e Eventos (Manauscult), para a ades\u00e3o das demais secretarias e \u00f3rg\u00e3os municipais envolvidos na realiza\u00e7\u00e3o do maior evento de artes integradas da regi\u00e3o Norte, que acontecer\u00e1 nos dias 5, 6 e 7 de setembro.\" \/>\n<meta property=\"og:url\" content=\"https:\/\/www.manaus.am.gov.br\/ccc\/prefeitura-de-manaus-cria-plano-de-acoes-integradas-entre-secretarias-e-orgaos-para-realizacao-do-soumanaus-2023\/\" \/>\n<meta property=\"og:site_name\" content=\"CCC\" \/>\n<meta property=\"article:published_time\" content=\"2023-08-23T00:27:56+00:00\" \/>\n<meta property=\"article:modified_time\" content=\"2023-08-23T00:27:58+00:00\" \/>\n<meta property=\"og:image\" content=\"https:\/\/www.manaus.am.gov.br\/ccc\/wp-content\/uploads\/sites\/4\/2023\/08\/WhatsApp-Image-2023-08-22-at-20.25.15-2.jpeg\" \/>\n\t<meta property=\"og:image:width\" content=\"1600\" \/>\n\t<meta property=\"og:image:height\" content=\"1066\" \/>\n\t<meta property=\"og:image:type\" content=\"image\/jpeg\" \/>\n<meta name=\"author\" content=\"Bruna Greco\" \/>\n<meta name=\"twitter:card\" content=\"summary_large_image\" \/>\n<meta name=\"twitter:label1\" content=\"Written by\" \/>\n\t<meta name=\"twitter:data1\" content=\"Bruna Greco\" \/>\n\t<meta name=\"twitter:label2\" content=\"Est. reading time\" \/>\n\t<meta name=\"twitter:data2\" content=\"4 minutos\" \/>\n<script type=\"application\/ld+json\" class=\"yoast-schema-graph\">{\"@context\":\"https:\/\/schema.org\",\"@graph\":[{\"@type\":\"WebPage\",\"@id\":\"https:\/\/www.manaus.am.gov.br\/ccc\/prefeitura-de-manaus-cria-plano-de-acoes-integradas-entre-secretarias-e-orgaos-para-realizacao-do-soumanaus-2023\/\",\"url\":\"https:\/\/www.manaus.am.gov.br\/ccc\/prefeitura-de-manaus-cria-plano-de-acoes-integradas-entre-secretarias-e-orgaos-para-realizacao-do-soumanaus-2023\/\",\"name\":\"Prefeitura de Manaus cria \u2018Plano de A\u00e7\u00f5es Integradas\u2019 entre secretarias e \u00f3rg\u00e3os para realiza\u00e7\u00e3o do #SouManaus 2023\",\"isPartOf\":{\"@id\":\"https:\/\/www.manaus.am.gov.br\/ccc\/#website\"},\"primaryImageOfPage\":{\"@id\":\"https:\/\/www.manaus.am.gov.br\/ccc\/prefeitura-de-manaus-cria-plano-de-acoes-integradas-entre-secretarias-e-orgaos-para-realizacao-do-soumanaus-2023\/#primaryimage\"},\"image\":{\"@id\":\"https:\/\/www.manaus.am.gov.br\/ccc\/prefeitura-de-manaus-cria-plano-de-acoes-integradas-entre-secretarias-e-orgaos-para-realizacao-do-soumanaus-2023\/#primaryimage\"},\"thumbnailUrl\":\"https:\/\/www.manaus.am.gov.br\/ccc\/wp-content\/uploads\/sites\/4\/2023\/08\/WhatsApp-Image-2023-08-22-at-20.25.15-2.jpeg\",\"datePublished\":\"2023-08-23T00:27:56+00:00\",\"dateModified\":\"2023-08-23T00:27:58+00:00\",\"author\":{\"@id\":\"https:\/\/www.manaus.am.gov.br\/ccc\/#\/schema\/person\/05d223aea2bf115f9883a6ff3683d81b\"},\"description\":\"A Prefeitura de Manaus, por interm\u00e9dio do Centro de Coopera\u00e7\u00e3o da Cidade (CCC), idealizou o \u201cPlano de A\u00e7\u00f5es Integradas (PAI)\u201d que ser\u00e1 implementado durante o festival \u201c#SouManaus Passo a Pa\u00e7o 2023\u201d, organizado pela Funda\u00e7\u00e3o Municipal de Cultura, Turismo e Eventos (Manauscult), para a ades\u00e3o das demais secretarias e \u00f3rg\u00e3os municipais envolvidos na realiza\u00e7\u00e3o do maior evento de artes integradas da regi\u00e3o Norte, que acontecer\u00e1 nos dias 5, 6 e 7 de setembro.\",\"inLanguage\":\"pt-BR\",\"potentialAction\":[{\"@type\":\"ReadAction\",\"target\":[\"https:\/\/www.manaus.am.gov.br\/ccc\/prefeitura-de-manaus-cria-plano-de-acoes-integradas-entre-secretarias-e-orgaos-para-realizacao-do-soumanaus-2023\/\"]}]},{\"@type\":\"ImageObject\",\"inLanguage\":\"pt-BR\",\"@id\":\"https:\/\/www.manaus.am.gov.br\/ccc\/prefeitura-de-manaus-cria-plano-de-acoes-integradas-entre-secretarias-e-orgaos-para-realizacao-do-soumanaus-2023\/#primaryimage\",\"url\":\"https:\/\/www.manaus.am.gov.br\/ccc\/wp-content\/uploads\/sites\/4\/2023\/08\/WhatsApp-Image-2023-08-22-at-20.25.15-2.jpeg\",\"contentUrl\":\"https:\/\/www.manaus.am.gov.br\/ccc\/wp-content\/uploads\/sites\/4\/2023\/08\/WhatsApp-Image-2023-08-22-at-20.25.15-2.jpeg\",\"width\":1600,\"height\":1066},{\"@type\":\"WebSite\",\"@id\":\"https:\/\/www.manaus.am.gov.br\/ccc\/#website\",\"url\":\"https:\/\/www.manaus.am.gov.br\/ccc\/\",\"name\":\"CCC\",\"description\":\"Centro de Coopera\u00e7\u00e3o da Cidade\",\"alternateName\":\"Centro de Coopera\u00e7\u00e3o da Cidade\",\"potentialAction\":[{\"@type\":\"SearchAction\",\"target\":{\"@type\":\"EntryPoint\",\"urlTemplate\":\"https:\/\/www.manaus.am.gov.br\/ccc\/?s={search_term_string}\"},\"query-input\":\"required name=search_term_string\"}],\"inLanguage\":\"pt-BR\"},{\"@type\":\"Person\",\"@id\":\"https:\/\/www.manaus.am.gov.br\/ccc\/#\/schema\/person\/05d223aea2bf115f9883a6ff3683d81b\",\"name\":\"Bruna Greco\",\"image\":{\"@type\":\"ImageObject\",\"inLanguage\":\"pt-BR\",\"@id\":\"https:\/\/www.manaus.am.gov.br\/ccc\/#\/schema\/person\/image\/\",\"url\":\"https:\/\/secure.gravatar.com\/avatar\/9c877d1a6adc2a055330e5c09a8653ce?s=96&d=mm&r=g\",\"contentUrl\":\"https:\/\/secure.gravatar.com\/avatar\/9c877d1a6adc2a055330e5c09a8653ce?s=96&d=mm&r=g\",\"caption\":\"Bruna Greco\"}}]}<\/script>\n<!-- \/ Yoast SEO plugin. -->","yoast_head_json":{"title":"Prefeitura de Manaus cria \u2018Plano de A\u00e7\u00f5es Integradas\u2019 entre secretarias e \u00f3rg\u00e3os para realiza\u00e7\u00e3o do #SouManaus 2023","description":"A Prefeitura de Manaus, por interm\u00e9dio do Centro de Coopera\u00e7\u00e3o da Cidade (CCC), idealizou o \u201cPlano de A\u00e7\u00f5es Integradas (PAI)\u201d que ser\u00e1 implementado durante o festival \u201c#SouManaus Passo a Pa\u00e7o 2023\u201d, organizado pela Funda\u00e7\u00e3o Municipal de Cultura, Turismo e Eventos (Manauscult), para a ades\u00e3o das demais secretarias e \u00f3rg\u00e3os municipais envolvidos na realiza\u00e7\u00e3o do maior evento de artes integradas da regi\u00e3o Norte, que acontecer\u00e1 nos dias 5, 6 e 7 de setembro.","robots":{"index":"index","follow":"follow","max-snippet":"max-snippet:-1","max-image-preview":"max-image-preview:large","max-video-preview":"max-video-preview:-1"},"canonical":"https:\/\/www.manaus.am.gov.br\/ccc\/prefeitura-de-manaus-cria-plano-de-acoes-integradas-entre-secretarias-e-orgaos-para-realizacao-do-soumanaus-2023\/","og_locale":"pt_BR","og_type":"article","og_title":"Prefeitura de Manaus cria \u2018Plano de A\u00e7\u00f5es Integradas\u2019 entre secretarias e \u00f3rg\u00e3os para realiza\u00e7\u00e3o do #SouManaus 2023","og_description":"A Prefeitura de Manaus, por interm\u00e9dio do Centro de Coopera\u00e7\u00e3o da Cidade (CCC), idealizou o \u201cPlano de A\u00e7\u00f5es Integradas (PAI)\u201d que ser\u00e1 implementado durante o festival \u201c#SouManaus Passo a Pa\u00e7o 2023\u201d, organizado pela Funda\u00e7\u00e3o Municipal de Cultura, Turismo e Eventos (Manauscult), para a ades\u00e3o das demais secretarias e \u00f3rg\u00e3os municipais envolvidos na realiza\u00e7\u00e3o do maior evento de artes integradas da regi\u00e3o Norte, que acontecer\u00e1 nos dias 5, 6 e 7 de setembro.","og_url":"https:\/\/www.manaus.am.gov.br\/ccc\/prefeitura-de-manaus-cria-plano-de-acoes-integradas-entre-secretarias-e-orgaos-para-realizacao-do-soumanaus-2023\/","og_site_name":"CCC","article_published_time":"2023-08-23T00:27:56+00:00","article_modified_time":"2023-08-23T00:27:58+00:00","og_image":[{"width":1600,"height":1066,"url":"https:\/\/www.manaus.am.gov.br\/ccc\/wp-content\/uploads\/sites\/4\/2023\/08\/WhatsApp-Image-2023-08-22-at-20.25.15-2.jpeg","type":"image\/jpeg"}],"author":"Bruna Greco","twitter_card":"summary_large_image","twitter_misc":{"Written by":"Bruna Greco","Est. reading time":"4 minutos"},"schema":{"@context":"https:\/\/schema.org","@graph":[{"@type":"WebPage","@id":"https:\/\/www.manaus.am.gov.br\/ccc\/prefeitura-de-manaus-cria-plano-de-acoes-integradas-entre-secretarias-e-orgaos-para-realizacao-do-soumanaus-2023\/","url":"https:\/\/www.manaus.am.gov.br\/ccc\/prefeitura-de-manaus-cria-plano-de-acoes-integradas-entre-secretarias-e-orgaos-para-realizacao-do-soumanaus-2023\/","name":"Prefeitura de Manaus cria \u2018Plano de A\u00e7\u00f5es Integradas\u2019 entre secretarias e \u00f3rg\u00e3os para realiza\u00e7\u00e3o do #SouManaus 2023","isPartOf":{"@id":"https:\/\/www.manaus.am.gov.br\/ccc\/#website"},"primaryImageOfPage":{"@id":"https:\/\/www.manaus.am.gov.br\/ccc\/prefeitura-de-manaus-cria-plano-de-acoes-integradas-entre-secretarias-e-orgaos-para-realizacao-do-soumanaus-2023\/#primaryimage"},"image":{"@id":"https:\/\/www.manaus.am.gov.br\/ccc\/prefeitura-de-manaus-cria-plano-de-acoes-integradas-entre-secretarias-e-orgaos-para-realizacao-do-soumanaus-2023\/#primaryimage"},"thumbnailUrl":"https:\/\/www.manaus.am.gov.br\/ccc\/wp-content\/uploads\/sites\/4\/2023\/08\/WhatsApp-Image-2023-08-22-at-20.25.15-2.jpeg","datePublished":"2023-08-23T00:27:56+00:00","dateModified":"2023-08-23T00:27:58+00:00","author":{"@id":"https:\/\/www.manaus.am.gov.br\/ccc\/#\/schema\/person\/05d223aea2bf115f9883a6ff3683d81b"},"description":"A Prefeitura de Manaus, por interm\u00e9dio do Centro de Coopera\u00e7\u00e3o da Cidade (CCC), idealizou o \u201cPlano de A\u00e7\u00f5es Integradas (PAI)\u201d que ser\u00e1 implementado durante o festival \u201c#SouManaus Passo a Pa\u00e7o 2023\u201d, organizado pela Funda\u00e7\u00e3o Municipal de Cultura, Turismo e Eventos (Manauscult), para a ades\u00e3o das demais secretarias e \u00f3rg\u00e3os municipais envolvidos na realiza\u00e7\u00e3o do maior evento de artes integradas da regi\u00e3o Norte, que acontecer\u00e1 nos dias 5, 6 e 7 de setembro.","inLanguage":"pt-BR","potentialAction":[{"@type":"ReadAction","target":["https:\/\/www.manaus.am.gov.br\/ccc\/prefeitura-de-manaus-cria-plano-de-acoes-integradas-entre-secretarias-e-orgaos-para-realizacao-do-soumanaus-2023\/"]}]},{"@type":"ImageObject","inLanguage":"pt-BR","@id":"https:\/\/www.manaus.am.gov.br\/ccc\/prefeitura-de-manaus-cria-plano-de-acoes-integradas-entre-secretarias-e-orgaos-para-realizacao-do-soumanaus-2023\/#primaryimage","url":"https:\/\/www.manaus.am.gov.br\/ccc\/wp-content\/uploads\/sites\/4\/2023\/08\/WhatsApp-Image-2023-08-22-at-20.25.15-2.jpeg","contentUrl":"https:\/\/www.manaus.am.gov.br\/ccc\/wp-content\/uploads\/sites\/4\/2023\/08\/WhatsApp-Image-2023-08-22-at-20.25.15-2.jpeg","width":1600,"height":1066},{"@type":"WebSite","@id":"https:\/\/www.manaus.am.gov.br\/ccc\/#website","url":"https:\/\/www.manaus.am.gov.br\/ccc\/","name":"CCC","description":"Centro de Coopera\u00e7\u00e3o da Cidade","alternateName":"Centro de Coopera\u00e7\u00e3o da Cidade","potentialAction":[{"@type":"SearchAction","target":{"@type":"EntryPoint","urlTemplate":"https:\/\/www.manaus.am.gov.br\/ccc\/?s={search_term_string}"},"query-input":"required name=search_term_string"}],"inLanguage":"pt-BR"},{"@type":"Person","@id":"https:\/\/www.manaus.am.gov.br\/ccc\/#\/schema\/person\/05d223aea2bf115f9883a6ff3683d81b","name":"Bruna Greco","image":{"@type":"ImageObject","inLanguage":"pt-BR","@id":"https:\/\/www.manaus.am.gov.br\/ccc\/#\/schema\/person\/image\/","url":"https:\/\/secure.gravatar.com\/avatar\/9c877d1a6adc2a055330e5c09a8653ce?s=96&d=mm&r=g","contentUrl":"https:\/\/secure.gravatar.com\/avatar\/9c877d1a6adc2a055330e5c09a8653ce?s=96&d=mm&r=g","caption":"Bruna Greco"}}]}},"_links":{"self":[{"href":"https:\/\/www.manaus.am.gov.br\/ccc\/wp-json\/wp\/v2\/posts\/656"}],"collection":[{"href":"https:\/\/www.manaus.am.gov.br\/ccc\/wp-json\/wp\/v2\/posts"}],"about":[{"href":"https:\/\/www.manaus.am.gov.br\/ccc\/wp-json\/wp\/v2\/types\/post"}],"author":[{"embeddable":true,"href":"https:\/\/www.manaus.am.gov.br\/ccc\/wp-json\/wp\/v2\/users\/39"}],"replies":[{"embeddable":true,"href":"https:\/\/www.manaus.am.gov.br\/ccc\/wp-json\/wp\/v2\/comments?post=656"}],"version-history":[{"count":0,"href":"https:\/\/www.manaus.am.gov.br\/ccc\/wp-json\/wp\/v2\/posts\/656\/revisions"}],"wp:featuredmedia":[{"embeddable":true,"href":"https:\/\/www.manaus.am.gov.br\/ccc\/wp-json\/wp\/v2\/media\/657"}],"wp:attachment":[{"href":"https:\/\/www.manaus.am.gov.br\/ccc\/wp-json\/wp\/v2\/media?parent=656"}],"wp:term":[{"taxonomy":"category","embeddable":true,"href":"https:\/\/www.manaus.am.gov.br\/ccc\/wp-json\/wp\/v2\/categories?post=656"},{"taxonomy":"post_tag","embeddable":true,"href":"https:\/\/www.manaus.am.gov.br\/ccc\/wp-json\/wp\/v2\/tags?post=656"}],"curies":[{"name":"wp","href":"https:\/\/api.w.org\/{rel}","templated":true}]}}