{"id":652,"date":"2023-08-18T10:12:09","date_gmt":"2023-08-18T14:12:09","guid":{"rendered":"https:\/\/www.manaus.am.gov.br\/ccc\/prefeitura-define-instalacao-de-delegacia-movel-e-cria-logistica-de-limpeza-para-o-soumanaus-2023\/"},"modified":"2023-08-18T10:12:11","modified_gmt":"2023-08-18T14:12:11","slug":"prefeitura-define-instalacao-de-delegacia-movel-e-cria-logistica-de-limpeza-para-o-soumanaus-2023","status":"publish","type":"post","link":"https:\/\/www.manaus.am.gov.br\/ccc\/prefeitura-define-instalacao-de-delegacia-movel-e-cria-logistica-de-limpeza-para-o-soumanaus-2023\/","title":{"rendered":"<strong>Prefeitura define instala\u00e7\u00e3o de delegacia m\u00f3vel e cria log\u00edstica de limpeza para o #SouManaus 2023<\/strong>"},"content":{"rendered":"\n<p>Como parte da agenda de planejamento para a realiza\u00e7\u00e3o do #SouManaus Passo a Pa\u00e7o 2023, a Prefeitura de Manaus, via Centro de Coopera\u00e7\u00e3o da Cidade (CCC), deu continuidade, nesta quinta-feira, 17\/8, em conjunto a Funda\u00e7\u00e3o Municipal de Cultura, Turismo e Eventos (Manauscult), a Secretaria Municipal de Limpeza Urbana (Semulsp) e a Pol\u00edcia Civil do Estado do Amazonas (PC-AM), ao roteiro de visitas t\u00e9cnicas ao centro hist\u00f3rico da cidade, mais precisamente \u00e0 \u00e1rea do Pa\u00e7o da Liberdade, local onde acontecer\u00e1 o maior festival de artes integradas da regi\u00e3o Norte.<\/p>\n\n\n\n<p>Na visita t\u00e9cnica, o CCC cumpriu mais um papel fundamental estrat\u00e9gico na coordena\u00e7\u00e3o do colegiado municipal e estadual, com rela\u00e7\u00e3o \u00e0 Limpeza P\u00fablica (Semulsp) e \u00e0 instala\u00e7\u00e3o da estrutura de delegacia m\u00f3vel, sob a responsabilidade da PC-AM, que permanecer\u00e1 atuando durante os tr\u00eas dias de evento \u2013 5, 6 e 7 de setembro.<\/p>\n\n\n\n<p>\u201cMais uma visita t\u00e9cnica para demonstrar que integra\u00e7\u00e3o das pastas estaduais, municipais e demais entes privados s\u00e3o imprescind\u00edveis para a realiza\u00e7\u00e3o do #SouManaus deste ano. A circula\u00e7\u00e3o de policiais, o estabelecimento da seguran\u00e7a p\u00fablica e limpeza p\u00fablica evitam danos, melhoram a circula\u00e7\u00e3o e o entretenimento da popula\u00e7\u00e3o, que espera o ano todo para se divertir no evento. E \u00e9 isso que a Prefeitura de Manaus tem priorizado nas suas tomadas de decis\u00f5es\u201d, informou o superintendente do CCC, Sandro Diz.<\/p>\n\n\n\n<p><strong>Limpeza e educa\u00e7\u00e3o ambiental<\/strong><\/p>\n\n\n\n<p>A Semulsp est\u00e1 mobilizando mais de 150 trabalhadores para garantir a limpeza p\u00fablica em todo o per\u00edmetro do Pa\u00e7o da Liberdade durante os dias de evento. Os servi\u00e7os incluem capina\u00e7\u00e3o, lavagem, varri\u00e7\u00e3o das ruas e \u00e1reas comuns. Al\u00e9m disso, demais atividades de sensibiliza\u00e7\u00e3o ambiental, que comp\u00f5em os trabalhos de cunho educativo, com rela\u00e7\u00e3o ao descarte correto de seus res\u00edduos nos pontos de coleta que estar\u00e3o espalhados pelo evento.<\/p>\n\n\n\n<p><strong>Delegacia m\u00f3vel<\/strong><\/p>\n\n\n\n<p>Com rela\u00e7\u00e3o \u00e0 seguran\u00e7a do #SouManaus 2023, a popula\u00e7\u00e3o amazonense ter\u00e1 a sua disposi\u00e7\u00e3o a estrutura de uma&nbsp;delegacia m\u00f3vel para agilizar a a\u00e7\u00e3o dos policiais civis e garantir prote\u00e7\u00e3o de todos que forem curtir o maior festival da regi\u00e3o Norte.<\/p>\n\n\n\n<p>\u201cA delegacia m\u00f3vel ser\u00e1 instalada no cora\u00e7\u00e3o do evento #SouManaus Passo a Pa\u00e7o.&nbsp;Profissionais com autoridade policial como investigadores e escriv\u00e3es, dar\u00e3o o suporte nas poss\u00edveis ocorr\u00eancias.&nbsp;A estrutura da unidade policial \u00e9 comportada para atender a popula\u00e7\u00e3o de forma eficaz e humanit\u00e1ria com acesso ao Sistema Integrado de Seguran\u00e7a P\u00fablica (Sisp)\u201d, pontuou o investigador&nbsp;da PC-AM, Jo\u00e3o Holanda.<\/p>\n\n\n\n<p><strong>#SouManaus Passo a Pa\u00e7o 2023<\/strong><\/p>\n\n\n\n<p>A festa contar\u00e1 com 30 horas de programa\u00e7\u00e3o multicultural, distribu\u00eddas em mais de 13 \u00e1reas de ocupa\u00e7\u00e3o, que incluem sete palcos, sendo dois dentro do porto de Manaus.&nbsp;Para o diretor de eventos da Manauscult, Clemilton Pinto, que acompanhou a visita t\u00e9cnica, a atua\u00e7\u00e3o do CCC norteia, de forma estrat\u00e9gica, o \u00eaxito do evento.<\/p>\n\n\n\n<p>\u201cS\u00e3o os detalhes que definem o sucesso do evento. E esse detalhe come\u00e7a sob o comando do CCC, \u00f3rg\u00e3o que est\u00e1 reunindo todas as secretarias do munic\u00edpio e do Estado. Portanto, o prefeito David Almeida determinou que n\u00f3s fa\u00e7amos o melhor pela nossa popula\u00e7\u00e3o e, para fazer o melhor, come\u00e7amos com a limpeza, seguran\u00e7a e muito planejamento\u201d, destacou Clemilton Pinto.<\/p>\n\n\n\n<p>&#8212; &#8212; &#8212;<\/p>\n\n\n\n<p><strong>Texto&nbsp;<\/strong>\u2013 Samira El Kebbe \/ CCC &nbsp;<\/p>\n\n\n\n<p><strong>Fotos<\/strong>&nbsp;\u2013 Ruan Souza\/Semcom e Phil Limma\/Semcom<\/p>\n","protected":false},"excerpt":{"rendered":"","protected":false},"author":23,"featured_media":653,"comment_status":"closed","ping_status":"closed","sticky":false,"template":"","format":"standard","meta":{"footnotes":""},"categories":[163],"tags":[190,11,191,192,193,38,194],"acf":[],"yoast_head":"<!-- This site is optimized with the Yoast SEO plugin v23.0 - https:\/\/yoast.com\/wordpress\/plugins\/seo\/ -->\n<title>Prefeitura define instala\u00e7\u00e3o de delegacia m\u00f3vel e cria log\u00edstica de limpeza para o #SouManaus 2023<\/title>\n<meta name=\"description\" content=\"Como parte da agenda de planejamento para a realiza\u00e7\u00e3o do #SouManaus Passo a Pa\u00e7o 2023, a Prefeitura de Manaus, via Centro de Coopera\u00e7\u00e3o da Cidade (CCC), deu continuidade, nesta quinta-feira, 17\/8, em conjunto a Funda\u00e7\u00e3o Municipal de Cultura, Turismo e Eventos (Manauscult), a Secretaria Municipal de Limpeza Urbana (Semulsp) e a Pol\u00edcia Civil do Estado do Amazonas (PC-AM), ao roteiro de visitas t\u00e9cnicas ao centro hist\u00f3rico da cidade, mais precisamente \u00e0 \u00e1rea do Pa\u00e7o da Liberdade, local onde acontecer\u00e1 o maior festival de artes integradas da regi\u00e3o Norte.\" \/>\n<meta name=\"robots\" content=\"index, follow, max-snippet:-1, max-image-preview:large, max-video-preview:-1\" \/>\n<link rel=\"canonical\" href=\"https:\/\/www.manaus.am.gov.br\/ccc\/prefeitura-define-instalacao-de-delegacia-movel-e-cria-logistica-de-limpeza-para-o-soumanaus-2023\/\" \/>\n<meta property=\"og:locale\" content=\"pt_BR\" \/>\n<meta property=\"og:type\" content=\"article\" \/>\n<meta property=\"og:title\" content=\"Prefeitura define instala\u00e7\u00e3o de delegacia m\u00f3vel e cria log\u00edstica de limpeza para o #SouManaus 2023\" \/>\n<meta property=\"og:description\" content=\"Como parte da agenda de planejamento para a realiza\u00e7\u00e3o do #SouManaus Passo a Pa\u00e7o 2023, a Prefeitura de Manaus, via Centro de Coopera\u00e7\u00e3o da Cidade (CCC), deu continuidade, nesta quinta-feira, 17\/8, em conjunto a Funda\u00e7\u00e3o Municipal de Cultura, Turismo e Eventos (Manauscult), a Secretaria Municipal de Limpeza Urbana (Semulsp) e a Pol\u00edcia Civil do Estado do Amazonas (PC-AM), ao roteiro de visitas t\u00e9cnicas ao centro hist\u00f3rico da cidade, mais precisamente \u00e0 \u00e1rea do Pa\u00e7o da Liberdade, local onde acontecer\u00e1 o maior festival de artes integradas da regi\u00e3o Norte.\" \/>\n<meta property=\"og:url\" content=\"https:\/\/www.manaus.am.gov.br\/ccc\/prefeitura-define-instalacao-de-delegacia-movel-e-cria-logistica-de-limpeza-para-o-soumanaus-2023\/\" \/>\n<meta property=\"og:site_name\" content=\"CCC\" \/>\n<meta property=\"article:published_time\" content=\"2023-08-18T14:12:09+00:00\" \/>\n<meta property=\"article:modified_time\" content=\"2023-08-18T14:12:11+00:00\" \/>\n<meta property=\"og:image\" content=\"https:\/\/www.manaus.am.gov.br\/ccc\/wp-content\/uploads\/sites\/4\/2023\/08\/53034065975_03c8fdb131_c.jpg\" \/>\n\t<meta property=\"og:image:width\" content=\"799\" \/>\n\t<meta property=\"og:image:height\" content=\"533\" \/>\n\t<meta property=\"og:image:type\" content=\"image\/jpeg\" \/>\n<meta name=\"author\" content=\"Adriana Costa\" \/>\n<meta name=\"twitter:card\" content=\"summary_large_image\" \/>\n<meta name=\"twitter:label1\" content=\"Written by\" \/>\n\t<meta name=\"twitter:data1\" content=\"Adriana Costa\" \/>\n\t<meta name=\"twitter:label2\" content=\"Est. reading time\" \/>\n\t<meta name=\"twitter:data2\" content=\"3 minutos\" \/>\n<script type=\"application\/ld+json\" class=\"yoast-schema-graph\">{\"@context\":\"https:\/\/schema.org\",\"@graph\":[{\"@type\":\"WebPage\",\"@id\":\"https:\/\/www.manaus.am.gov.br\/ccc\/prefeitura-define-instalacao-de-delegacia-movel-e-cria-logistica-de-limpeza-para-o-soumanaus-2023\/\",\"url\":\"https:\/\/www.manaus.am.gov.br\/ccc\/prefeitura-define-instalacao-de-delegacia-movel-e-cria-logistica-de-limpeza-para-o-soumanaus-2023\/\",\"name\":\"Prefeitura define instala\u00e7\u00e3o de delegacia m\u00f3vel e cria log\u00edstica de limpeza para o #SouManaus 2023\",\"isPartOf\":{\"@id\":\"https:\/\/www.manaus.am.gov.br\/ccc\/#website\"},\"primaryImageOfPage\":{\"@id\":\"https:\/\/www.manaus.am.gov.br\/ccc\/prefeitura-define-instalacao-de-delegacia-movel-e-cria-logistica-de-limpeza-para-o-soumanaus-2023\/#primaryimage\"},\"image\":{\"@id\":\"https:\/\/www.manaus.am.gov.br\/ccc\/prefeitura-define-instalacao-de-delegacia-movel-e-cria-logistica-de-limpeza-para-o-soumanaus-2023\/#primaryimage\"},\"thumbnailUrl\":\"https:\/\/www.manaus.am.gov.br\/ccc\/wp-content\/uploads\/sites\/4\/2023\/08\/53034065975_03c8fdb131_c.jpg\",\"datePublished\":\"2023-08-18T14:12:09+00:00\",\"dateModified\":\"2023-08-18T14:12:11+00:00\",\"author\":{\"@id\":\"https:\/\/www.manaus.am.gov.br\/ccc\/#\/schema\/person\/4e49f4e267757a06ca072ec61b2b9968\"},\"description\":\"Como parte da agenda de planejamento para a realiza\u00e7\u00e3o do #SouManaus Passo a Pa\u00e7o 2023, a Prefeitura de Manaus, via Centro de Coopera\u00e7\u00e3o da Cidade (CCC), deu continuidade, nesta quinta-feira, 17\/8, em conjunto a Funda\u00e7\u00e3o Municipal de Cultura, Turismo e Eventos (Manauscult), a Secretaria Municipal de Limpeza Urbana (Semulsp) e a Pol\u00edcia Civil do Estado do Amazonas (PC-AM), ao roteiro de visitas t\u00e9cnicas ao centro hist\u00f3rico da cidade, mais precisamente \u00e0 \u00e1rea do Pa\u00e7o da Liberdade, local onde acontecer\u00e1 o maior festival de artes integradas da regi\u00e3o Norte.\",\"inLanguage\":\"pt-BR\",\"potentialAction\":[{\"@type\":\"ReadAction\",\"target\":[\"https:\/\/www.manaus.am.gov.br\/ccc\/prefeitura-define-instalacao-de-delegacia-movel-e-cria-logistica-de-limpeza-para-o-soumanaus-2023\/\"]}]},{\"@type\":\"ImageObject\",\"inLanguage\":\"pt-BR\",\"@id\":\"https:\/\/www.manaus.am.gov.br\/ccc\/prefeitura-define-instalacao-de-delegacia-movel-e-cria-logistica-de-limpeza-para-o-soumanaus-2023\/#primaryimage\",\"url\":\"https:\/\/www.manaus.am.gov.br\/ccc\/wp-content\/uploads\/sites\/4\/2023\/08\/53034065975_03c8fdb131_c.jpg\",\"contentUrl\":\"https:\/\/www.manaus.am.gov.br\/ccc\/wp-content\/uploads\/sites\/4\/2023\/08\/53034065975_03c8fdb131_c.jpg\",\"width\":799,\"height\":533},{\"@type\":\"WebSite\",\"@id\":\"https:\/\/www.manaus.am.gov.br\/ccc\/#website\",\"url\":\"https:\/\/www.manaus.am.gov.br\/ccc\/\",\"name\":\"CCC\",\"description\":\"Centro de Coopera\u00e7\u00e3o da Cidade\",\"alternateName\":\"Centro de Coopera\u00e7\u00e3o da Cidade\",\"potentialAction\":[{\"@type\":\"SearchAction\",\"target\":{\"@type\":\"EntryPoint\",\"urlTemplate\":\"https:\/\/www.manaus.am.gov.br\/ccc\/?s={search_term_string}\"},\"query-input\":\"required name=search_term_string\"}],\"inLanguage\":\"pt-BR\"},{\"@type\":\"Person\",\"@id\":\"https:\/\/www.manaus.am.gov.br\/ccc\/#\/schema\/person\/4e49f4e267757a06ca072ec61b2b9968\",\"name\":\"Adriana Costa\",\"image\":{\"@type\":\"ImageObject\",\"inLanguage\":\"pt-BR\",\"@id\":\"https:\/\/www.manaus.am.gov.br\/ccc\/#\/schema\/person\/image\/\",\"url\":\"https:\/\/secure.gravatar.com\/avatar\/576258617ef7194f718179e766d57bd4?s=96&d=mm&r=g\",\"contentUrl\":\"https:\/\/secure.gravatar.com\/avatar\/576258617ef7194f718179e766d57bd4?s=96&d=mm&r=g\",\"caption\":\"Adriana Costa\"}}]}<\/script>\n<!-- \/ Yoast SEO plugin. -->","yoast_head_json":{"title":"Prefeitura define instala\u00e7\u00e3o de delegacia m\u00f3vel e cria log\u00edstica de limpeza para o #SouManaus 2023","description":"Como parte da agenda de planejamento para a realiza\u00e7\u00e3o do #SouManaus Passo a Pa\u00e7o 2023, a Prefeitura de Manaus, via Centro de Coopera\u00e7\u00e3o da Cidade (CCC), deu continuidade, nesta quinta-feira, 17\/8, em conjunto a Funda\u00e7\u00e3o Municipal de Cultura, Turismo e Eventos (Manauscult), a Secretaria Municipal de Limpeza Urbana (Semulsp) e a Pol\u00edcia Civil do Estado do Amazonas (PC-AM), ao roteiro de visitas t\u00e9cnicas ao centro hist\u00f3rico da cidade, mais precisamente \u00e0 \u00e1rea do Pa\u00e7o da Liberdade, local onde acontecer\u00e1 o maior festival de artes integradas da regi\u00e3o Norte.","robots":{"index":"index","follow":"follow","max-snippet":"max-snippet:-1","max-image-preview":"max-image-preview:large","max-video-preview":"max-video-preview:-1"},"canonical":"https:\/\/www.manaus.am.gov.br\/ccc\/prefeitura-define-instalacao-de-delegacia-movel-e-cria-logistica-de-limpeza-para-o-soumanaus-2023\/","og_locale":"pt_BR","og_type":"article","og_title":"Prefeitura define instala\u00e7\u00e3o de delegacia m\u00f3vel e cria log\u00edstica de limpeza para o #SouManaus 2023","og_description":"Como parte da agenda de planejamento para a realiza\u00e7\u00e3o do #SouManaus Passo a Pa\u00e7o 2023, a Prefeitura de Manaus, via Centro de Coopera\u00e7\u00e3o da Cidade (CCC), deu continuidade, nesta quinta-feira, 17\/8, em conjunto a Funda\u00e7\u00e3o Municipal de Cultura, Turismo e Eventos (Manauscult), a Secretaria Municipal de Limpeza Urbana (Semulsp) e a Pol\u00edcia Civil do Estado do Amazonas (PC-AM), ao roteiro de visitas t\u00e9cnicas ao centro hist\u00f3rico da cidade, mais precisamente \u00e0 \u00e1rea do Pa\u00e7o da Liberdade, local onde acontecer\u00e1 o maior festival de artes integradas da regi\u00e3o Norte.","og_url":"https:\/\/www.manaus.am.gov.br\/ccc\/prefeitura-define-instalacao-de-delegacia-movel-e-cria-logistica-de-limpeza-para-o-soumanaus-2023\/","og_site_name":"CCC","article_published_time":"2023-08-18T14:12:09+00:00","article_modified_time":"2023-08-18T14:12:11+00:00","og_image":[{"width":799,"height":533,"url":"https:\/\/www.manaus.am.gov.br\/ccc\/wp-content\/uploads\/sites\/4\/2023\/08\/53034065975_03c8fdb131_c.jpg","type":"image\/jpeg"}],"author":"Adriana Costa","twitter_card":"summary_large_image","twitter_misc":{"Written by":"Adriana Costa","Est. reading time":"3 minutos"},"schema":{"@context":"https:\/\/schema.org","@graph":[{"@type":"WebPage","@id":"https:\/\/www.manaus.am.gov.br\/ccc\/prefeitura-define-instalacao-de-delegacia-movel-e-cria-logistica-de-limpeza-para-o-soumanaus-2023\/","url":"https:\/\/www.manaus.am.gov.br\/ccc\/prefeitura-define-instalacao-de-delegacia-movel-e-cria-logistica-de-limpeza-para-o-soumanaus-2023\/","name":"Prefeitura define instala\u00e7\u00e3o de delegacia m\u00f3vel e cria log\u00edstica de limpeza para o #SouManaus 2023","isPartOf":{"@id":"https:\/\/www.manaus.am.gov.br\/ccc\/#website"},"primaryImageOfPage":{"@id":"https:\/\/www.manaus.am.gov.br\/ccc\/prefeitura-define-instalacao-de-delegacia-movel-e-cria-logistica-de-limpeza-para-o-soumanaus-2023\/#primaryimage"},"image":{"@id":"https:\/\/www.manaus.am.gov.br\/ccc\/prefeitura-define-instalacao-de-delegacia-movel-e-cria-logistica-de-limpeza-para-o-soumanaus-2023\/#primaryimage"},"thumbnailUrl":"https:\/\/www.manaus.am.gov.br\/ccc\/wp-content\/uploads\/sites\/4\/2023\/08\/53034065975_03c8fdb131_c.jpg","datePublished":"2023-08-18T14:12:09+00:00","dateModified":"2023-08-18T14:12:11+00:00","author":{"@id":"https:\/\/www.manaus.am.gov.br\/ccc\/#\/schema\/person\/4e49f4e267757a06ca072ec61b2b9968"},"description":"Como parte da agenda de planejamento para a realiza\u00e7\u00e3o do #SouManaus Passo a Pa\u00e7o 2023, a Prefeitura de Manaus, via Centro de Coopera\u00e7\u00e3o da Cidade (CCC), deu continuidade, nesta quinta-feira, 17\/8, em conjunto a Funda\u00e7\u00e3o Municipal de Cultura, Turismo e Eventos (Manauscult), a Secretaria Municipal de Limpeza Urbana (Semulsp) e a Pol\u00edcia Civil do Estado do Amazonas (PC-AM), ao roteiro de visitas t\u00e9cnicas ao centro hist\u00f3rico da cidade, mais precisamente \u00e0 \u00e1rea do Pa\u00e7o da Liberdade, local onde acontecer\u00e1 o maior festival de artes integradas da regi\u00e3o Norte.","inLanguage":"pt-BR","potentialAction":[{"@type":"ReadAction","target":["https:\/\/www.manaus.am.gov.br\/ccc\/prefeitura-define-instalacao-de-delegacia-movel-e-cria-logistica-de-limpeza-para-o-soumanaus-2023\/"]}]},{"@type":"ImageObject","inLanguage":"pt-BR","@id":"https:\/\/www.manaus.am.gov.br\/ccc\/prefeitura-define-instalacao-de-delegacia-movel-e-cria-logistica-de-limpeza-para-o-soumanaus-2023\/#primaryimage","url":"https:\/\/www.manaus.am.gov.br\/ccc\/wp-content\/uploads\/sites\/4\/2023\/08\/53034065975_03c8fdb131_c.jpg","contentUrl":"https:\/\/www.manaus.am.gov.br\/ccc\/wp-content\/uploads\/sites\/4\/2023\/08\/53034065975_03c8fdb131_c.jpg","width":799,"height":533},{"@type":"WebSite","@id":"https:\/\/www.manaus.am.gov.br\/ccc\/#website","url":"https:\/\/www.manaus.am.gov.br\/ccc\/","name":"CCC","description":"Centro de Coopera\u00e7\u00e3o da Cidade","alternateName":"Centro de Coopera\u00e7\u00e3o da Cidade","potentialAction":[{"@type":"SearchAction","target":{"@type":"EntryPoint","urlTemplate":"https:\/\/www.manaus.am.gov.br\/ccc\/?s={search_term_string}"},"query-input":"required name=search_term_string"}],"inLanguage":"pt-BR"},{"@type":"Person","@id":"https:\/\/www.manaus.am.gov.br\/ccc\/#\/schema\/person\/4e49f4e267757a06ca072ec61b2b9968","name":"Adriana Costa","image":{"@type":"ImageObject","inLanguage":"pt-BR","@id":"https:\/\/www.manaus.am.gov.br\/ccc\/#\/schema\/person\/image\/","url":"https:\/\/secure.gravatar.com\/avatar\/576258617ef7194f718179e766d57bd4?s=96&d=mm&r=g","contentUrl":"https:\/\/secure.gravatar.com\/avatar\/576258617ef7194f718179e766d57bd4?s=96&d=mm&r=g","caption":"Adriana Costa"}}]}},"_links":{"self":[{"href":"https:\/\/www.manaus.am.gov.br\/ccc\/wp-json\/wp\/v2\/posts\/652"}],"collection":[{"href":"https:\/\/www.manaus.am.gov.br\/ccc\/wp-json\/wp\/v2\/posts"}],"about":[{"href":"https:\/\/www.manaus.am.gov.br\/ccc\/wp-json\/wp\/v2\/types\/post"}],"author":[{"embeddable":true,"href":"https:\/\/www.manaus.am.gov.br\/ccc\/wp-json\/wp\/v2\/users\/23"}],"replies":[{"embeddable":true,"href":"https:\/\/www.manaus.am.gov.br\/ccc\/wp-json\/wp\/v2\/comments?post=652"}],"version-history":[{"count":0,"href":"https:\/\/www.manaus.am.gov.br\/ccc\/wp-json\/wp\/v2\/posts\/652\/revisions"}],"wp:featuredmedia":[{"embeddable":true,"href":"https:\/\/www.manaus.am.gov.br\/ccc\/wp-json\/wp\/v2\/media\/653"}],"wp:attachment":[{"href":"https:\/\/www.manaus.am.gov.br\/ccc\/wp-json\/wp\/v2\/media?parent=652"}],"wp:term":[{"taxonomy":"category","embeddable":true,"href":"https:\/\/www.manaus.am.gov.br\/ccc\/wp-json\/wp\/v2\/categories?post=652"},{"taxonomy":"post_tag","embeddable":true,"href":"https:\/\/www.manaus.am.gov.br\/ccc\/wp-json\/wp\/v2\/tags?post=652"}],"curies":[{"name":"wp","href":"https:\/\/api.w.org\/{rel}","templated":true}]}}