{"id":542,"date":"2023-06-22T17:32:04","date_gmt":"2023-06-22T21:32:04","guid":{"rendered":"https:\/\/www.manaus.am.gov.br\/ccc\/prefeitura-de-manaus-inicia-tratativas-para-a-realizacao-do-soumanaus-passo-a-paco-2023\/"},"modified":"2023-06-22T17:32:05","modified_gmt":"2023-06-22T21:32:05","slug":"prefeitura-de-manaus-inicia-tratativas-para-a-realizacao-do-soumanaus-passo-a-paco-2023","status":"publish","type":"post","link":"https:\/\/www.manaus.am.gov.br\/ccc\/prefeitura-de-manaus-inicia-tratativas-para-a-realizacao-do-soumanaus-passo-a-paco-2023\/","title":{"rendered":"<strong>Prefeitura de Manaus inicia tratativas para a realiza\u00e7\u00e3o do \u2018#SouManaus \u2013 Passo a Pa\u00e7o 2023\u2019<\/strong>"},"content":{"rendered":"\n<p>A Prefeitura de Manaus iniciou a agenda de execu\u00e7\u00f5es do \u201c#SouManaus &#8211; Passo a Pa\u00e7o 2023\u201d, o maior festival de artes integradas do Norte do pa\u00eds, que ser\u00e1 realizado nos dias 5, 6 e 7 de setembro. O superintendente do Centro de Coopera\u00e7\u00e3o da Cidade (CCC), Sandro Diz, esteve reunido, na manh\u00e3 desta quinta-feira, 22\/6, com o diretor-presidente da Funda\u00e7\u00e3o Municipal de Cultura, Turismo e Eventos (Manauscult), Osvaldo Cardoso, para definir os trabalhos que ser\u00e3o efetivados pelos \u00f3rg\u00e3os envolvidos na realiza\u00e7\u00e3o do megaevento.<\/p>\n\n\n\n<p>O encontro aconteceu no gabinete do gestor da Manauscult e contou, ainda, com a participa\u00e7\u00e3o do diretor de Grandes Eventos da pasta, Reginei Rodrigues, e da consultora t\u00e9cnica e diretora de Comunica\u00e7\u00e3o e Marketing da funda\u00e7\u00e3o, Emanuelle Baires. Em tr\u00eas dias de evento, a coordena\u00e7\u00e3o espera para este ano superar o p\u00fablico de 380 mil pessoas que compareceu na edi\u00e7\u00e3o do ano passado.<\/p>\n\n\n\n<p>\u201cEsta \u00e9 a primeira de muitas reuni\u00f5es setoriais que iremos fazer at\u00e9 a realiza\u00e7\u00e3o do festival.&nbsp; A partir desta reuni\u00e3o de hoje, elaboramos um planejamento e tra\u00e7amos um cronograma de execu\u00e7\u00e3o, que iremos coordenar, em parceria com a Manauscult. Um evento dessa magnitude exige um esfor\u00e7o conjunto. Neste primeiro momento, definimos quais secretarias, ag\u00eancias e departamentos devem ser acionados de imediato. Nossa expectativa \u00e9 que o p\u00fablico do ano passado seja ultrapassado na edi\u00e7\u00e3o deste ano\u201d, declarou Sandro Diz.<\/p>\n\n\n\n<p>Para a edi\u00e7\u00e3o deste ano, a Prefeitura de Manaus j\u00e1 confirmou 12 atra\u00e7\u00f5es nacionais, entre elas: Zeca Pagodinho, Z\u00e9 Felipe, Kevin o Chris, Marina Sena, L\u00e9o Magalh\u00e3es e Humberto Gessinger, fundador da banda Engenheiros do Hawaii. O evento \u00e9 gratuito e tem como mote a sustentabilidade, ancestralidade e inova\u00e7\u00e3o tecnol\u00f3gica.<\/p>\n\n\n\n<p>O \u201c#SouManaus &#8211; Passo a Pa\u00e7o 2023\u201d vai reunir, em sete \u00e1reas de interven\u00e7\u00e3o cultural, mais de 600 atra\u00e7\u00f5es locais de diferentes segmentos, como gastronomia, moda, dan\u00e7a, teatro, cinema, m\u00fasica, artesanato, arte circense, dentre outros.<\/p>\n\n\n\n<p>\u201cA determina\u00e7\u00e3o do prefeito David Almeida \u00e9 de que o festival posicione a capital na rota dos megaeventos tur\u00edsticos do pa\u00eds e, para isso, contamos, mais uma vez, com o apoio do colegiado que comp\u00f5e a matriz integrada dos grandes eventos da cidade de Manaus, coordenada pelo superintendente do CCC, Sandro Diz\u201d, finalizou Osvaldo Cardoso.&nbsp;<\/p>\n\n\n\n<p><strong>N\u00fameros<\/strong><\/p>\n\n\n\n<p>Em 2022, os espa\u00e7os do \u201c#SouManaus \u2013 Passo a Pa\u00e7o\u201d chegaram a atingir capacidade m\u00e1xima de p\u00fablico. Na edi\u00e7\u00e3o de 2019, o evento concentrou 201 mil pessoas ao longo da programa\u00e7\u00e3o. No ano anterior, mais de 93 mil pessoas estiveram no festival. Em 2017, reuniu 50 mil pessoas. J\u00e1 em 2016, levou 64 mil pessoas ao centro hist\u00f3rico de Manaus. Em 2015, ocorreram as duas primeiras edi\u00e7\u00f5es do Passo a Pa\u00e7o, com p\u00fablico estimado em 63 mil pessoas.<\/p>\n\n\n\n<p>&#8212; &#8212; &#8212;<\/p>\n\n\n\n<p><strong>Texto e foto<\/strong>&nbsp;&#8211; Divulga\u00e7\u00e3o \/ CCC<\/p>\n","protected":false},"excerpt":{"rendered":"","protected":false},"author":31,"featured_media":543,"comment_status":"closed","ping_status":"closed","sticky":false,"template":"","format":"standard","meta":{"footnotes":""},"categories":[163],"tags":[164,165,166,167],"acf":[],"yoast_head":"<!-- This site is optimized with the Yoast SEO plugin v23.0 - https:\/\/yoast.com\/wordpress\/plugins\/seo\/ -->\n<title>Prefeitura de Manaus inicia tratativas para a realiza\u00e7\u00e3o do \u2018#SouManaus \u2013 Passo a Pa\u00e7o 2023\u2019 - CCC<\/title>\n<meta name=\"robots\" content=\"index, follow, max-snippet:-1, max-image-preview:large, max-video-preview:-1\" \/>\n<link rel=\"canonical\" href=\"https:\/\/www.manaus.am.gov.br\/ccc\/prefeitura-de-manaus-inicia-tratativas-para-a-realizacao-do-soumanaus-passo-a-paco-2023\/\" \/>\n<meta property=\"og:locale\" content=\"pt_BR\" \/>\n<meta property=\"og:type\" content=\"article\" \/>\n<meta property=\"og:title\" content=\"Prefeitura de Manaus inicia tratativas para a realiza\u00e7\u00e3o do \u2018#SouManaus \u2013 Passo a Pa\u00e7o 2023\u2019 - CCC\" \/>\n<meta property=\"og:url\" content=\"https:\/\/www.manaus.am.gov.br\/ccc\/prefeitura-de-manaus-inicia-tratativas-para-a-realizacao-do-soumanaus-passo-a-paco-2023\/\" \/>\n<meta property=\"og:site_name\" content=\"CCC\" \/>\n<meta property=\"article:published_time\" content=\"2023-06-22T21:32:04+00:00\" \/>\n<meta property=\"article:modified_time\" content=\"2023-06-22T21:32:05+00:00\" \/>\n<meta property=\"og:image\" content=\"https:\/\/www.manaus.am.gov.br\/ccc\/wp-content\/uploads\/sites\/4\/2023\/06\/WhatsApp-Image-2023-06-22-at-14.02.24-e1687468905586.jpeg\" \/>\n\t<meta property=\"og:image:width\" content=\"937\" \/>\n\t<meta property=\"og:image:height\" content=\"790\" \/>\n\t<meta property=\"og:image:type\" content=\"image\/jpeg\" \/>\n<meta name=\"author\" content=\"Renata Felix\" \/>\n<meta name=\"twitter:card\" content=\"summary_large_image\" \/>\n<meta name=\"twitter:label1\" content=\"Written by\" \/>\n\t<meta name=\"twitter:data1\" content=\"Renata Felix\" \/>\n\t<meta name=\"twitter:label2\" content=\"Est. reading time\" \/>\n\t<meta name=\"twitter:data2\" content=\"3 minutos\" \/>\n<script type=\"application\/ld+json\" class=\"yoast-schema-graph\">{\"@context\":\"https:\/\/schema.org\",\"@graph\":[{\"@type\":\"WebPage\",\"@id\":\"https:\/\/www.manaus.am.gov.br\/ccc\/prefeitura-de-manaus-inicia-tratativas-para-a-realizacao-do-soumanaus-passo-a-paco-2023\/\",\"url\":\"https:\/\/www.manaus.am.gov.br\/ccc\/prefeitura-de-manaus-inicia-tratativas-para-a-realizacao-do-soumanaus-passo-a-paco-2023\/\",\"name\":\"Prefeitura de Manaus inicia tratativas para a realiza\u00e7\u00e3o do \u2018#SouManaus \u2013 Passo a Pa\u00e7o 2023\u2019 - CCC\",\"isPartOf\":{\"@id\":\"https:\/\/www.manaus.am.gov.br\/ccc\/#website\"},\"primaryImageOfPage\":{\"@id\":\"https:\/\/www.manaus.am.gov.br\/ccc\/prefeitura-de-manaus-inicia-tratativas-para-a-realizacao-do-soumanaus-passo-a-paco-2023\/#primaryimage\"},\"image\":{\"@id\":\"https:\/\/www.manaus.am.gov.br\/ccc\/prefeitura-de-manaus-inicia-tratativas-para-a-realizacao-do-soumanaus-passo-a-paco-2023\/#primaryimage\"},\"thumbnailUrl\":\"https:\/\/www.manaus.am.gov.br\/ccc\/wp-content\/uploads\/sites\/4\/2023\/06\/WhatsApp-Image-2023-06-22-at-14.02.24-e1687468905586.jpeg\",\"datePublished\":\"2023-06-22T21:32:04+00:00\",\"dateModified\":\"2023-06-22T21:32:05+00:00\",\"author\":{\"@id\":\"https:\/\/www.manaus.am.gov.br\/ccc\/#\/schema\/person\/4eea2a8f78dc853097abb026f728aa06\"},\"inLanguage\":\"pt-BR\",\"potentialAction\":[{\"@type\":\"ReadAction\",\"target\":[\"https:\/\/www.manaus.am.gov.br\/ccc\/prefeitura-de-manaus-inicia-tratativas-para-a-realizacao-do-soumanaus-passo-a-paco-2023\/\"]}]},{\"@type\":\"ImageObject\",\"inLanguage\":\"pt-BR\",\"@id\":\"https:\/\/www.manaus.am.gov.br\/ccc\/prefeitura-de-manaus-inicia-tratativas-para-a-realizacao-do-soumanaus-passo-a-paco-2023\/#primaryimage\",\"url\":\"https:\/\/www.manaus.am.gov.br\/ccc\/wp-content\/uploads\/sites\/4\/2023\/06\/WhatsApp-Image-2023-06-22-at-14.02.24-e1687468905586.jpeg\",\"contentUrl\":\"https:\/\/www.manaus.am.gov.br\/ccc\/wp-content\/uploads\/sites\/4\/2023\/06\/WhatsApp-Image-2023-06-22-at-14.02.24-e1687468905586.jpeg\",\"width\":937,\"height\":790},{\"@type\":\"WebSite\",\"@id\":\"https:\/\/www.manaus.am.gov.br\/ccc\/#website\",\"url\":\"https:\/\/www.manaus.am.gov.br\/ccc\/\",\"name\":\"CCC\",\"description\":\"Centro de Coopera\u00e7\u00e3o da Cidade\",\"alternateName\":\"Centro de Coopera\u00e7\u00e3o da Cidade\",\"potentialAction\":[{\"@type\":\"SearchAction\",\"target\":{\"@type\":\"EntryPoint\",\"urlTemplate\":\"https:\/\/www.manaus.am.gov.br\/ccc\/?s={search_term_string}\"},\"query-input\":\"required name=search_term_string\"}],\"inLanguage\":\"pt-BR\"},{\"@type\":\"Person\",\"@id\":\"https:\/\/www.manaus.am.gov.br\/ccc\/#\/schema\/person\/4eea2a8f78dc853097abb026f728aa06\",\"name\":\"Renata Felix\",\"image\":{\"@type\":\"ImageObject\",\"inLanguage\":\"pt-BR\",\"@id\":\"https:\/\/www.manaus.am.gov.br\/ccc\/#\/schema\/person\/image\/\",\"url\":\"https:\/\/secure.gravatar.com\/avatar\/3c196cf9d3b837b24c8edb2c50fd8f29?s=96&d=mm&r=g\",\"contentUrl\":\"https:\/\/secure.gravatar.com\/avatar\/3c196cf9d3b837b24c8edb2c50fd8f29?s=96&d=mm&r=g\",\"caption\":\"Renata Felix\"}}]}<\/script>\n<!-- \/ Yoast SEO plugin. -->","yoast_head_json":{"title":"Prefeitura de Manaus inicia tratativas para a realiza\u00e7\u00e3o do \u2018#SouManaus \u2013 Passo a Pa\u00e7o 2023\u2019 - CCC","robots":{"index":"index","follow":"follow","max-snippet":"max-snippet:-1","max-image-preview":"max-image-preview:large","max-video-preview":"max-video-preview:-1"},"canonical":"https:\/\/www.manaus.am.gov.br\/ccc\/prefeitura-de-manaus-inicia-tratativas-para-a-realizacao-do-soumanaus-passo-a-paco-2023\/","og_locale":"pt_BR","og_type":"article","og_title":"Prefeitura de Manaus inicia tratativas para a realiza\u00e7\u00e3o do \u2018#SouManaus \u2013 Passo a Pa\u00e7o 2023\u2019 - CCC","og_url":"https:\/\/www.manaus.am.gov.br\/ccc\/prefeitura-de-manaus-inicia-tratativas-para-a-realizacao-do-soumanaus-passo-a-paco-2023\/","og_site_name":"CCC","article_published_time":"2023-06-22T21:32:04+00:00","article_modified_time":"2023-06-22T21:32:05+00:00","og_image":[{"width":937,"height":790,"url":"https:\/\/www.manaus.am.gov.br\/ccc\/wp-content\/uploads\/sites\/4\/2023\/06\/WhatsApp-Image-2023-06-22-at-14.02.24-e1687468905586.jpeg","type":"image\/jpeg"}],"author":"Renata Felix","twitter_card":"summary_large_image","twitter_misc":{"Written by":"Renata Felix","Est. reading time":"3 minutos"},"schema":{"@context":"https:\/\/schema.org","@graph":[{"@type":"WebPage","@id":"https:\/\/www.manaus.am.gov.br\/ccc\/prefeitura-de-manaus-inicia-tratativas-para-a-realizacao-do-soumanaus-passo-a-paco-2023\/","url":"https:\/\/www.manaus.am.gov.br\/ccc\/prefeitura-de-manaus-inicia-tratativas-para-a-realizacao-do-soumanaus-passo-a-paco-2023\/","name":"Prefeitura de Manaus inicia tratativas para a realiza\u00e7\u00e3o do \u2018#SouManaus \u2013 Passo a Pa\u00e7o 2023\u2019 - CCC","isPartOf":{"@id":"https:\/\/www.manaus.am.gov.br\/ccc\/#website"},"primaryImageOfPage":{"@id":"https:\/\/www.manaus.am.gov.br\/ccc\/prefeitura-de-manaus-inicia-tratativas-para-a-realizacao-do-soumanaus-passo-a-paco-2023\/#primaryimage"},"image":{"@id":"https:\/\/www.manaus.am.gov.br\/ccc\/prefeitura-de-manaus-inicia-tratativas-para-a-realizacao-do-soumanaus-passo-a-paco-2023\/#primaryimage"},"thumbnailUrl":"https:\/\/www.manaus.am.gov.br\/ccc\/wp-content\/uploads\/sites\/4\/2023\/06\/WhatsApp-Image-2023-06-22-at-14.02.24-e1687468905586.jpeg","datePublished":"2023-06-22T21:32:04+00:00","dateModified":"2023-06-22T21:32:05+00:00","author":{"@id":"https:\/\/www.manaus.am.gov.br\/ccc\/#\/schema\/person\/4eea2a8f78dc853097abb026f728aa06"},"inLanguage":"pt-BR","potentialAction":[{"@type":"ReadAction","target":["https:\/\/www.manaus.am.gov.br\/ccc\/prefeitura-de-manaus-inicia-tratativas-para-a-realizacao-do-soumanaus-passo-a-paco-2023\/"]}]},{"@type":"ImageObject","inLanguage":"pt-BR","@id":"https:\/\/www.manaus.am.gov.br\/ccc\/prefeitura-de-manaus-inicia-tratativas-para-a-realizacao-do-soumanaus-passo-a-paco-2023\/#primaryimage","url":"https:\/\/www.manaus.am.gov.br\/ccc\/wp-content\/uploads\/sites\/4\/2023\/06\/WhatsApp-Image-2023-06-22-at-14.02.24-e1687468905586.jpeg","contentUrl":"https:\/\/www.manaus.am.gov.br\/ccc\/wp-content\/uploads\/sites\/4\/2023\/06\/WhatsApp-Image-2023-06-22-at-14.02.24-e1687468905586.jpeg","width":937,"height":790},{"@type":"WebSite","@id":"https:\/\/www.manaus.am.gov.br\/ccc\/#website","url":"https:\/\/www.manaus.am.gov.br\/ccc\/","name":"CCC","description":"Centro de Coopera\u00e7\u00e3o da Cidade","alternateName":"Centro de Coopera\u00e7\u00e3o da Cidade","potentialAction":[{"@type":"SearchAction","target":{"@type":"EntryPoint","urlTemplate":"https:\/\/www.manaus.am.gov.br\/ccc\/?s={search_term_string}"},"query-input":"required name=search_term_string"}],"inLanguage":"pt-BR"},{"@type":"Person","@id":"https:\/\/www.manaus.am.gov.br\/ccc\/#\/schema\/person\/4eea2a8f78dc853097abb026f728aa06","name":"Renata Felix","image":{"@type":"ImageObject","inLanguage":"pt-BR","@id":"https:\/\/www.manaus.am.gov.br\/ccc\/#\/schema\/person\/image\/","url":"https:\/\/secure.gravatar.com\/avatar\/3c196cf9d3b837b24c8edb2c50fd8f29?s=96&d=mm&r=g","contentUrl":"https:\/\/secure.gravatar.com\/avatar\/3c196cf9d3b837b24c8edb2c50fd8f29?s=96&d=mm&r=g","caption":"Renata Felix"}}]}},"_links":{"self":[{"href":"https:\/\/www.manaus.am.gov.br\/ccc\/wp-json\/wp\/v2\/posts\/542"}],"collection":[{"href":"https:\/\/www.manaus.am.gov.br\/ccc\/wp-json\/wp\/v2\/posts"}],"about":[{"href":"https:\/\/www.manaus.am.gov.br\/ccc\/wp-json\/wp\/v2\/types\/post"}],"author":[{"embeddable":true,"href":"https:\/\/www.manaus.am.gov.br\/ccc\/wp-json\/wp\/v2\/users\/31"}],"replies":[{"embeddable":true,"href":"https:\/\/www.manaus.am.gov.br\/ccc\/wp-json\/wp\/v2\/comments?post=542"}],"version-history":[{"count":0,"href":"https:\/\/www.manaus.am.gov.br\/ccc\/wp-json\/wp\/v2\/posts\/542\/revisions"}],"wp:featuredmedia":[{"embeddable":true,"href":"https:\/\/www.manaus.am.gov.br\/ccc\/wp-json\/wp\/v2\/media\/543"}],"wp:attachment":[{"href":"https:\/\/www.manaus.am.gov.br\/ccc\/wp-json\/wp\/v2\/media?parent=542"}],"wp:term":[{"taxonomy":"category","embeddable":true,"href":"https:\/\/www.manaus.am.gov.br\/ccc\/wp-json\/wp\/v2\/categories?post=542"},{"taxonomy":"post_tag","embeddable":true,"href":"https:\/\/www.manaus.am.gov.br\/ccc\/wp-json\/wp\/v2\/tags?post=542"}],"curies":[{"name":"wp","href":"https:\/\/api.w.org\/{rel}","templated":true}]}}