{"id":526,"date":"2023-06-08T10:35:03","date_gmt":"2023-06-08T14:35:03","guid":{"rendered":"https:\/\/www.manaus.am.gov.br\/ccc\/linhas-telefonicas-do-ccc-seguem-inoperantes-em-razao-de-falha-complexa-na-oi\/"},"modified":"2023-06-08T10:35:04","modified_gmt":"2023-06-08T14:35:04","slug":"linhas-telefonicas-do-ccc-seguem-inoperantes-em-razao-de-falha-complexa-na-oi","status":"publish","type":"post","link":"https:\/\/www.manaus.am.gov.br\/ccc\/linhas-telefonicas-do-ccc-seguem-inoperantes-em-razao-de-falha-complexa-na-oi\/","title":{"rendered":"<strong>Linhas telef\u00f4nicas do CCC seguem inoperantes em raz\u00e3o de falha complexa na Oi<\/strong>"},"content":{"rendered":"\n<p>A Prefeitura de Manaus, por meio do Centro de Coopera\u00e7\u00e3o da Cidade (CCC), informa que as linhas da Central 199 da Defesa Civil, 153 da Guarda Municipal, 188 do Instituto Municipal de Mobilidade Urbana (IMMU) e 0800 092 11 88 do tr\u00e2nsito seguem inoperantes desde a tarde da \u00faltima ter\u00e7a-feira (6\/6).<\/p>\n\n\n\n<p>De acordo com a superintend\u00eancia do CCC, a operadora Oi, respons\u00e1vel pelos servi\u00e7os de telefonia que atendem no Centro de Coopera\u00e7\u00e3o, informou que o problema se deu em decorr\u00eancia de a\u00e7\u00e3o de vandalismo em sua central e que n\u00e3o h\u00e1 previs\u00e3o de normaliza\u00e7\u00e3o do sistema nas pr\u00f3ximas horas.<\/p>\n\n\n\n<p>Ainda no posicionamento, a Oi informa que est\u00e1 atuando, em conjunto com t\u00e9cnicos de outros Estados, para reparar o problema e, t\u00e3o logo seja poss\u00edvel, normalizar os servi\u00e7os das centrais de atendimento da Prefeitura de Manaus.<\/p>\n\n\n\n<p><strong>&#8212; &#8212; &#8212;<\/strong><\/p>\n\n\n\n<p><strong>Texto \u2013 <\/strong>Divulga\u00e7\u00e3o\/CCC<\/p>\n","protected":false},"excerpt":{"rendered":"","protected":false},"author":23,"featured_media":381,"comment_status":"closed","ping_status":"closed","sticky":false,"template":"","format":"standard","meta":{"footnotes":""},"categories":[73],"tags":[11,129,115,157,38],"acf":[],"yoast_head":"<!-- This site is optimized with the Yoast SEO plugin v23.0 - https:\/\/yoast.com\/wordpress\/plugins\/seo\/ -->\n<title>Linhas telef\u00f4nicas do CCC seguem inoperantes em raz\u00e3o de falha complexa na Oi<\/title>\n<meta name=\"description\" content=\"A Prefeitura de Manaus, por meio do Centro de Coopera\u00e7\u00e3o da Cidade (CCC), informa que as linhas da Central 199 da Defesa Civil, 153 da Guarda Municipal, 188 do Instituto Municipal de Mobilidade Urbana (IMMU) e 0800 092 11 88 do tr\u00e2nsito seguem inoperantes desde a tarde da \u00faltima ter\u00e7a-feira (6\/6).\" \/>\n<meta name=\"robots\" content=\"index, follow, max-snippet:-1, max-image-preview:large, max-video-preview:-1\" \/>\n<link rel=\"canonical\" href=\"https:\/\/www.manaus.am.gov.br\/ccc\/linhas-telefonicas-do-ccc-seguem-inoperantes-em-razao-de-falha-complexa-na-oi\/\" \/>\n<meta property=\"og:locale\" content=\"pt_BR\" \/>\n<meta property=\"og:type\" content=\"article\" \/>\n<meta property=\"og:title\" content=\"Linhas telef\u00f4nicas do CCC seguem inoperantes em raz\u00e3o de falha complexa na Oi\" \/>\n<meta property=\"og:description\" content=\"A Prefeitura de Manaus, por meio do Centro de Coopera\u00e7\u00e3o da Cidade (CCC), informa que as linhas da Central 199 da Defesa Civil, 153 da Guarda Municipal, 188 do Instituto Municipal de Mobilidade Urbana (IMMU) e 0800 092 11 88 do tr\u00e2nsito seguem inoperantes desde a tarde da \u00faltima ter\u00e7a-feira (6\/6).\" \/>\n<meta property=\"og:url\" content=\"https:\/\/www.manaus.am.gov.br\/ccc\/linhas-telefonicas-do-ccc-seguem-inoperantes-em-razao-de-falha-complexa-na-oi\/\" \/>\n<meta property=\"og:site_name\" content=\"CCC\" \/>\n<meta property=\"article:published_time\" content=\"2023-06-08T14:35:03+00:00\" \/>\n<meta property=\"article:modified_time\" content=\"2023-06-08T14:35:04+00:00\" \/>\n<meta property=\"og:image\" content=\"https:\/\/www.manaus.am.gov.br\/ccc\/wp-content\/uploads\/sites\/4\/2023\/03\/Nota-1.png\" \/>\n\t<meta property=\"og:image:width\" content=\"900\" \/>\n\t<meta property=\"og:image:height\" content=\"509\" \/>\n\t<meta property=\"og:image:type\" content=\"image\/png\" \/>\n<meta name=\"author\" content=\"Adriana Costa\" \/>\n<meta name=\"twitter:card\" content=\"summary_large_image\" \/>\n<meta name=\"twitter:label1\" content=\"Written by\" \/>\n\t<meta name=\"twitter:data1\" content=\"Adriana Costa\" \/>\n\t<meta name=\"twitter:label2\" content=\"Est. reading time\" \/>\n\t<meta name=\"twitter:data2\" content=\"1 minuto\" \/>\n<script type=\"application\/ld+json\" class=\"yoast-schema-graph\">{\"@context\":\"https:\/\/schema.org\",\"@graph\":[{\"@type\":\"WebPage\",\"@id\":\"https:\/\/www.manaus.am.gov.br\/ccc\/linhas-telefonicas-do-ccc-seguem-inoperantes-em-razao-de-falha-complexa-na-oi\/\",\"url\":\"https:\/\/www.manaus.am.gov.br\/ccc\/linhas-telefonicas-do-ccc-seguem-inoperantes-em-razao-de-falha-complexa-na-oi\/\",\"name\":\"Linhas telef\u00f4nicas do CCC seguem inoperantes em raz\u00e3o de falha complexa na Oi\",\"isPartOf\":{\"@id\":\"https:\/\/www.manaus.am.gov.br\/ccc\/#website\"},\"primaryImageOfPage\":{\"@id\":\"https:\/\/www.manaus.am.gov.br\/ccc\/linhas-telefonicas-do-ccc-seguem-inoperantes-em-razao-de-falha-complexa-na-oi\/#primaryimage\"},\"image\":{\"@id\":\"https:\/\/www.manaus.am.gov.br\/ccc\/linhas-telefonicas-do-ccc-seguem-inoperantes-em-razao-de-falha-complexa-na-oi\/#primaryimage\"},\"thumbnailUrl\":\"https:\/\/www.manaus.am.gov.br\/ccc\/wp-content\/uploads\/sites\/4\/2023\/03\/Nota-1.png\",\"datePublished\":\"2023-06-08T14:35:03+00:00\",\"dateModified\":\"2023-06-08T14:35:04+00:00\",\"author\":{\"@id\":\"https:\/\/www.manaus.am.gov.br\/ccc\/#\/schema\/person\/4e49f4e267757a06ca072ec61b2b9968\"},\"description\":\"A Prefeitura de Manaus, por meio do Centro de Coopera\u00e7\u00e3o da Cidade (CCC), informa que as linhas da Central 199 da Defesa Civil, 153 da Guarda Municipal, 188 do Instituto Municipal de Mobilidade Urbana (IMMU) e 0800 092 11 88 do tr\u00e2nsito seguem inoperantes desde a tarde da \u00faltima ter\u00e7a-feira (6\/6).\",\"inLanguage\":\"pt-BR\",\"potentialAction\":[{\"@type\":\"ReadAction\",\"target\":[\"https:\/\/www.manaus.am.gov.br\/ccc\/linhas-telefonicas-do-ccc-seguem-inoperantes-em-razao-de-falha-complexa-na-oi\/\"]}]},{\"@type\":\"ImageObject\",\"inLanguage\":\"pt-BR\",\"@id\":\"https:\/\/www.manaus.am.gov.br\/ccc\/linhas-telefonicas-do-ccc-seguem-inoperantes-em-razao-de-falha-complexa-na-oi\/#primaryimage\",\"url\":\"https:\/\/www.manaus.am.gov.br\/ccc\/wp-content\/uploads\/sites\/4\/2023\/03\/Nota-1.png\",\"contentUrl\":\"https:\/\/www.manaus.am.gov.br\/ccc\/wp-content\/uploads\/sites\/4\/2023\/03\/Nota-1.png\",\"width\":900,\"height\":509},{\"@type\":\"WebSite\",\"@id\":\"https:\/\/www.manaus.am.gov.br\/ccc\/#website\",\"url\":\"https:\/\/www.manaus.am.gov.br\/ccc\/\",\"name\":\"CCC\",\"description\":\"Centro de Coopera\u00e7\u00e3o da Cidade\",\"alternateName\":\"Centro de Coopera\u00e7\u00e3o da Cidade\",\"potentialAction\":[{\"@type\":\"SearchAction\",\"target\":{\"@type\":\"EntryPoint\",\"urlTemplate\":\"https:\/\/www.manaus.am.gov.br\/ccc\/?s={search_term_string}\"},\"query-input\":\"required name=search_term_string\"}],\"inLanguage\":\"pt-BR\"},{\"@type\":\"Person\",\"@id\":\"https:\/\/www.manaus.am.gov.br\/ccc\/#\/schema\/person\/4e49f4e267757a06ca072ec61b2b9968\",\"name\":\"Adriana Costa\",\"image\":{\"@type\":\"ImageObject\",\"inLanguage\":\"pt-BR\",\"@id\":\"https:\/\/www.manaus.am.gov.br\/ccc\/#\/schema\/person\/image\/\",\"url\":\"https:\/\/secure.gravatar.com\/avatar\/576258617ef7194f718179e766d57bd4?s=96&d=mm&r=g\",\"contentUrl\":\"https:\/\/secure.gravatar.com\/avatar\/576258617ef7194f718179e766d57bd4?s=96&d=mm&r=g\",\"caption\":\"Adriana Costa\"}}]}<\/script>\n<!-- \/ Yoast SEO plugin. -->","yoast_head_json":{"title":"Linhas telef\u00f4nicas do CCC seguem inoperantes em raz\u00e3o de falha complexa na Oi","description":"A Prefeitura de Manaus, por meio do Centro de Coopera\u00e7\u00e3o da Cidade (CCC), informa que as linhas da Central 199 da Defesa Civil, 153 da Guarda Municipal, 188 do Instituto Municipal de Mobilidade Urbana (IMMU) e 0800 092 11 88 do tr\u00e2nsito seguem inoperantes desde a tarde da \u00faltima ter\u00e7a-feira (6\/6).","robots":{"index":"index","follow":"follow","max-snippet":"max-snippet:-1","max-image-preview":"max-image-preview:large","max-video-preview":"max-video-preview:-1"},"canonical":"https:\/\/www.manaus.am.gov.br\/ccc\/linhas-telefonicas-do-ccc-seguem-inoperantes-em-razao-de-falha-complexa-na-oi\/","og_locale":"pt_BR","og_type":"article","og_title":"Linhas telef\u00f4nicas do CCC seguem inoperantes em raz\u00e3o de falha complexa na Oi","og_description":"A Prefeitura de Manaus, por meio do Centro de Coopera\u00e7\u00e3o da Cidade (CCC), informa que as linhas da Central 199 da Defesa Civil, 153 da Guarda Municipal, 188 do Instituto Municipal de Mobilidade Urbana (IMMU) e 0800 092 11 88 do tr\u00e2nsito seguem inoperantes desde a tarde da \u00faltima ter\u00e7a-feira (6\/6).","og_url":"https:\/\/www.manaus.am.gov.br\/ccc\/linhas-telefonicas-do-ccc-seguem-inoperantes-em-razao-de-falha-complexa-na-oi\/","og_site_name":"CCC","article_published_time":"2023-06-08T14:35:03+00:00","article_modified_time":"2023-06-08T14:35:04+00:00","og_image":[{"width":900,"height":509,"url":"https:\/\/www.manaus.am.gov.br\/ccc\/wp-content\/uploads\/sites\/4\/2023\/03\/Nota-1.png","type":"image\/png"}],"author":"Adriana Costa","twitter_card":"summary_large_image","twitter_misc":{"Written by":"Adriana Costa","Est. reading time":"1 minuto"},"schema":{"@context":"https:\/\/schema.org","@graph":[{"@type":"WebPage","@id":"https:\/\/www.manaus.am.gov.br\/ccc\/linhas-telefonicas-do-ccc-seguem-inoperantes-em-razao-de-falha-complexa-na-oi\/","url":"https:\/\/www.manaus.am.gov.br\/ccc\/linhas-telefonicas-do-ccc-seguem-inoperantes-em-razao-de-falha-complexa-na-oi\/","name":"Linhas telef\u00f4nicas do CCC seguem inoperantes em raz\u00e3o de falha complexa na Oi","isPartOf":{"@id":"https:\/\/www.manaus.am.gov.br\/ccc\/#website"},"primaryImageOfPage":{"@id":"https:\/\/www.manaus.am.gov.br\/ccc\/linhas-telefonicas-do-ccc-seguem-inoperantes-em-razao-de-falha-complexa-na-oi\/#primaryimage"},"image":{"@id":"https:\/\/www.manaus.am.gov.br\/ccc\/linhas-telefonicas-do-ccc-seguem-inoperantes-em-razao-de-falha-complexa-na-oi\/#primaryimage"},"thumbnailUrl":"https:\/\/www.manaus.am.gov.br\/ccc\/wp-content\/uploads\/sites\/4\/2023\/03\/Nota-1.png","datePublished":"2023-06-08T14:35:03+00:00","dateModified":"2023-06-08T14:35:04+00:00","author":{"@id":"https:\/\/www.manaus.am.gov.br\/ccc\/#\/schema\/person\/4e49f4e267757a06ca072ec61b2b9968"},"description":"A Prefeitura de Manaus, por meio do Centro de Coopera\u00e7\u00e3o da Cidade (CCC), informa que as linhas da Central 199 da Defesa Civil, 153 da Guarda Municipal, 188 do Instituto Municipal de Mobilidade Urbana (IMMU) e 0800 092 11 88 do tr\u00e2nsito seguem inoperantes desde a tarde da \u00faltima ter\u00e7a-feira (6\/6).","inLanguage":"pt-BR","potentialAction":[{"@type":"ReadAction","target":["https:\/\/www.manaus.am.gov.br\/ccc\/linhas-telefonicas-do-ccc-seguem-inoperantes-em-razao-de-falha-complexa-na-oi\/"]}]},{"@type":"ImageObject","inLanguage":"pt-BR","@id":"https:\/\/www.manaus.am.gov.br\/ccc\/linhas-telefonicas-do-ccc-seguem-inoperantes-em-razao-de-falha-complexa-na-oi\/#primaryimage","url":"https:\/\/www.manaus.am.gov.br\/ccc\/wp-content\/uploads\/sites\/4\/2023\/03\/Nota-1.png","contentUrl":"https:\/\/www.manaus.am.gov.br\/ccc\/wp-content\/uploads\/sites\/4\/2023\/03\/Nota-1.png","width":900,"height":509},{"@type":"WebSite","@id":"https:\/\/www.manaus.am.gov.br\/ccc\/#website","url":"https:\/\/www.manaus.am.gov.br\/ccc\/","name":"CCC","description":"Centro de Coopera\u00e7\u00e3o da Cidade","alternateName":"Centro de Coopera\u00e7\u00e3o da Cidade","potentialAction":[{"@type":"SearchAction","target":{"@type":"EntryPoint","urlTemplate":"https:\/\/www.manaus.am.gov.br\/ccc\/?s={search_term_string}"},"query-input":"required name=search_term_string"}],"inLanguage":"pt-BR"},{"@type":"Person","@id":"https:\/\/www.manaus.am.gov.br\/ccc\/#\/schema\/person\/4e49f4e267757a06ca072ec61b2b9968","name":"Adriana Costa","image":{"@type":"ImageObject","inLanguage":"pt-BR","@id":"https:\/\/www.manaus.am.gov.br\/ccc\/#\/schema\/person\/image\/","url":"https:\/\/secure.gravatar.com\/avatar\/576258617ef7194f718179e766d57bd4?s=96&d=mm&r=g","contentUrl":"https:\/\/secure.gravatar.com\/avatar\/576258617ef7194f718179e766d57bd4?s=96&d=mm&r=g","caption":"Adriana Costa"}}]}},"_links":{"self":[{"href":"https:\/\/www.manaus.am.gov.br\/ccc\/wp-json\/wp\/v2\/posts\/526"}],"collection":[{"href":"https:\/\/www.manaus.am.gov.br\/ccc\/wp-json\/wp\/v2\/posts"}],"about":[{"href":"https:\/\/www.manaus.am.gov.br\/ccc\/wp-json\/wp\/v2\/types\/post"}],"author":[{"embeddable":true,"href":"https:\/\/www.manaus.am.gov.br\/ccc\/wp-json\/wp\/v2\/users\/23"}],"replies":[{"embeddable":true,"href":"https:\/\/www.manaus.am.gov.br\/ccc\/wp-json\/wp\/v2\/comments?post=526"}],"version-history":[{"count":0,"href":"https:\/\/www.manaus.am.gov.br\/ccc\/wp-json\/wp\/v2\/posts\/526\/revisions"}],"wp:featuredmedia":[{"embeddable":true,"href":"https:\/\/www.manaus.am.gov.br\/ccc\/wp-json\/wp\/v2\/media\/381"}],"wp:attachment":[{"href":"https:\/\/www.manaus.am.gov.br\/ccc\/wp-json\/wp\/v2\/media?parent=526"}],"wp:term":[{"taxonomy":"category","embeddable":true,"href":"https:\/\/www.manaus.am.gov.br\/ccc\/wp-json\/wp\/v2\/categories?post=526"},{"taxonomy":"post_tag","embeddable":true,"href":"https:\/\/www.manaus.am.gov.br\/ccc\/wp-json\/wp\/v2\/tags?post=526"}],"curies":[{"name":"wp","href":"https:\/\/api.w.org\/{rel}","templated":true}]}}