{"id":477,"date":"2023-05-18T09:40:30","date_gmt":"2023-05-18T13:40:30","guid":{"rendered":"https:\/\/www.manaus.am.gov.br\/ccc\/manaus-volta-ao-estagio-de-normalidade\/"},"modified":"2023-05-18T09:40:32","modified_gmt":"2023-05-18T13:40:32","slug":"manaus-volta-ao-estagio-de-normalidade","status":"publish","type":"post","link":"https:\/\/www.manaus.am.gov.br\/ccc\/manaus-volta-ao-estagio-de-normalidade\/","title":{"rendered":"Manaus volta ao est\u00e1gio de normalidade"},"content":{"rendered":"\n<p>A Prefeitura de Manaus, por meio do Centro de Coopera\u00e7\u00e3o da Cidade (CCC), informa que a cidade entra, neste momento, em est\u00e1gio de normalidade, ap\u00f3s as fortes chuvas na noite de quarta-feira (17\/5), com inunda\u00e7\u00e3o em alguns pontos da cidade. Nas \u00faltimas 24 horas, foram registrados 67,6 mil\u00edmetros, tendo a zona Leste como a \u00e1rea mais afetada.<\/p>\n\n\n\n<p>Por meio da Central 199, foram registradas 15 ocorr\u00eancias em decorr\u00eancia da chuva, sendo cinco de desabamento. Equipes de Defesa Civil deram pronta resposta, e as \u00e1reas mais afetadas ficam na zona Leste de Manaus, segundo os registros do \u00f3rg\u00e3o, contabilizando 14 ocorr\u00eancias, sendo cinco por desabamento, tendo a comunidade do Grande Vit\u00f3ria como a mais atingida.<\/p>\n\n\n\n<p>De acordo com o Instituto Nacional de Meteorologia (Inmet), a previs\u00e3o do tempo para esta quinta-feira, 18\/5, \u00e9 de pancadas de chuva em \u00e1reas isoladas.<\/p>\n\n\n\n<p>O est\u00e1gio de normalidade, primeiro em uma escala de cinco, significa que n\u00e3o h\u00e1 ocorr\u00eancias de grande impacto. Neste est\u00e1gio, podem ocorrer pequenos incidentes, mas que n\u00e3o interfiram, de forma significativa, na rotina do cidad\u00e3o.<\/p>\n\n\n\n<p><strong>Recomenda\u00e7\u00f5es<\/strong><\/p>\n\n\n\n<p>&#8211; Siga sua rotina, mas fique atento;<\/p>\n\n\n\n<p>&#8211; Acompanhe a previs\u00e3o do tempo e suas atualiza\u00e7\u00f5es;<\/p>\n\n\n\n<p>&#8211; Mantenha-se informado, por meio dos meios de comunica\u00e7\u00e3o e canais oficiais da Prefeitura de Manaus;<\/p>\n\n\n\n<p>&#8211; Se necess\u00e1rio, use os telefones de emerg\u00eancia 193 (Corpo de Bombeiros) e 199 (Defesa Civil).<\/p>\n\n\n\n<p>&#8212; &#8212; &#8212;<\/p>\n\n\n\n<p><strong>Texto<\/strong> &#8211; Jamyly Macedo\/CCC<\/p>\n","protected":false},"excerpt":{"rendered":"","protected":false},"author":23,"featured_media":381,"comment_status":"closed","ping_status":"closed","sticky":false,"template":"","format":"standard","meta":{"footnotes":""},"categories":[73],"tags":[11,55,75,113,114,115,106,38],"acf":[],"yoast_head":"<!-- This site is optimized with the Yoast SEO plugin v23.0 - https:\/\/yoast.com\/wordpress\/plugins\/seo\/ -->\n<title>Manaus volta ao est\u00e1gio de Normalidade<\/title>\n<meta name=\"description\" content=\"A Prefeitura de Manaus, por meio do Centro de Coopera\u00e7\u00e3o da Cidade (CCC), informa que a cidade entra, neste momento, em est\u00e1gio de normalidade, ap\u00f3s as fortes chuvas na noite de quarta-feira (17\/5), com inunda\u00e7\u00e3o em alguns pontos da cidade. Nas \u00faltimas 24 horas, foram registrados 67,6 mil\u00edmetros, tendo a zona Leste como a \u00e1rea mais afetada.\" \/>\n<meta name=\"robots\" content=\"index, follow, max-snippet:-1, max-image-preview:large, max-video-preview:-1\" \/>\n<link rel=\"canonical\" href=\"https:\/\/www.manaus.am.gov.br\/ccc\/manaus-volta-ao-estagio-de-normalidade\/\" \/>\n<meta property=\"og:locale\" content=\"pt_BR\" \/>\n<meta property=\"og:type\" content=\"article\" \/>\n<meta property=\"og:title\" content=\"Manaus volta ao est\u00e1gio de Normalidade\" \/>\n<meta property=\"og:description\" content=\"A Prefeitura de Manaus, por meio do Centro de Coopera\u00e7\u00e3o da Cidade (CCC), informa que a cidade entra, neste momento, em est\u00e1gio de normalidade, ap\u00f3s as fortes chuvas na noite de quarta-feira (17\/5), com inunda\u00e7\u00e3o em alguns pontos da cidade. Nas \u00faltimas 24 horas, foram registrados 67,6 mil\u00edmetros, tendo a zona Leste como a \u00e1rea mais afetada.\" \/>\n<meta property=\"og:url\" content=\"https:\/\/www.manaus.am.gov.br\/ccc\/manaus-volta-ao-estagio-de-normalidade\/\" \/>\n<meta property=\"og:site_name\" content=\"CCC\" \/>\n<meta property=\"article:published_time\" content=\"2023-05-18T13:40:30+00:00\" \/>\n<meta property=\"article:modified_time\" content=\"2023-05-18T13:40:32+00:00\" \/>\n<meta property=\"og:image\" content=\"https:\/\/www.manaus.am.gov.br\/ccc\/wp-content\/uploads\/sites\/4\/2023\/03\/Nota-1.png\" \/>\n\t<meta property=\"og:image:width\" content=\"900\" \/>\n\t<meta property=\"og:image:height\" content=\"509\" \/>\n\t<meta property=\"og:image:type\" content=\"image\/png\" \/>\n<meta name=\"author\" content=\"Adriana Costa\" \/>\n<meta name=\"twitter:card\" content=\"summary_large_image\" \/>\n<meta name=\"twitter:label1\" content=\"Written by\" \/>\n\t<meta name=\"twitter:data1\" content=\"Adriana Costa\" \/>\n\t<meta name=\"twitter:label2\" content=\"Est. reading time\" \/>\n\t<meta name=\"twitter:data2\" content=\"2 minutos\" \/>\n<script type=\"application\/ld+json\" class=\"yoast-schema-graph\">{\"@context\":\"https:\/\/schema.org\",\"@graph\":[{\"@type\":\"WebPage\",\"@id\":\"https:\/\/www.manaus.am.gov.br\/ccc\/manaus-volta-ao-estagio-de-normalidade\/\",\"url\":\"https:\/\/www.manaus.am.gov.br\/ccc\/manaus-volta-ao-estagio-de-normalidade\/\",\"name\":\"Manaus volta ao est\u00e1gio de Normalidade\",\"isPartOf\":{\"@id\":\"https:\/\/www.manaus.am.gov.br\/ccc\/#website\"},\"primaryImageOfPage\":{\"@id\":\"https:\/\/www.manaus.am.gov.br\/ccc\/manaus-volta-ao-estagio-de-normalidade\/#primaryimage\"},\"image\":{\"@id\":\"https:\/\/www.manaus.am.gov.br\/ccc\/manaus-volta-ao-estagio-de-normalidade\/#primaryimage\"},\"thumbnailUrl\":\"https:\/\/www.manaus.am.gov.br\/ccc\/wp-content\/uploads\/sites\/4\/2023\/03\/Nota-1.png\",\"datePublished\":\"2023-05-18T13:40:30+00:00\",\"dateModified\":\"2023-05-18T13:40:32+00:00\",\"author\":{\"@id\":\"https:\/\/www.manaus.am.gov.br\/ccc\/#\/schema\/person\/4e49f4e267757a06ca072ec61b2b9968\"},\"description\":\"A Prefeitura de Manaus, por meio do Centro de Coopera\u00e7\u00e3o da Cidade (CCC), informa que a cidade entra, neste momento, em est\u00e1gio de normalidade, ap\u00f3s as fortes chuvas na noite de quarta-feira (17\/5), com inunda\u00e7\u00e3o em alguns pontos da cidade. Nas \u00faltimas 24 horas, foram registrados 67,6 mil\u00edmetros, tendo a zona Leste como a \u00e1rea mais afetada.\",\"inLanguage\":\"pt-BR\",\"potentialAction\":[{\"@type\":\"ReadAction\",\"target\":[\"https:\/\/www.manaus.am.gov.br\/ccc\/manaus-volta-ao-estagio-de-normalidade\/\"]}]},{\"@type\":\"ImageObject\",\"inLanguage\":\"pt-BR\",\"@id\":\"https:\/\/www.manaus.am.gov.br\/ccc\/manaus-volta-ao-estagio-de-normalidade\/#primaryimage\",\"url\":\"https:\/\/www.manaus.am.gov.br\/ccc\/wp-content\/uploads\/sites\/4\/2023\/03\/Nota-1.png\",\"contentUrl\":\"https:\/\/www.manaus.am.gov.br\/ccc\/wp-content\/uploads\/sites\/4\/2023\/03\/Nota-1.png\",\"width\":900,\"height\":509},{\"@type\":\"WebSite\",\"@id\":\"https:\/\/www.manaus.am.gov.br\/ccc\/#website\",\"url\":\"https:\/\/www.manaus.am.gov.br\/ccc\/\",\"name\":\"CCC\",\"description\":\"Centro de Coopera\u00e7\u00e3o da Cidade\",\"alternateName\":\"Centro de Coopera\u00e7\u00e3o da Cidade\",\"potentialAction\":[{\"@type\":\"SearchAction\",\"target\":{\"@type\":\"EntryPoint\",\"urlTemplate\":\"https:\/\/www.manaus.am.gov.br\/ccc\/?s={search_term_string}\"},\"query-input\":\"required name=search_term_string\"}],\"inLanguage\":\"pt-BR\"},{\"@type\":\"Person\",\"@id\":\"https:\/\/www.manaus.am.gov.br\/ccc\/#\/schema\/person\/4e49f4e267757a06ca072ec61b2b9968\",\"name\":\"Adriana Costa\",\"image\":{\"@type\":\"ImageObject\",\"inLanguage\":\"pt-BR\",\"@id\":\"https:\/\/www.manaus.am.gov.br\/ccc\/#\/schema\/person\/image\/\",\"url\":\"https:\/\/secure.gravatar.com\/avatar\/576258617ef7194f718179e766d57bd4?s=96&d=mm&r=g\",\"contentUrl\":\"https:\/\/secure.gravatar.com\/avatar\/576258617ef7194f718179e766d57bd4?s=96&d=mm&r=g\",\"caption\":\"Adriana Costa\"}}]}<\/script>\n<!-- \/ Yoast SEO plugin. -->","yoast_head_json":{"title":"Manaus volta ao est\u00e1gio de Normalidade","description":"A Prefeitura de Manaus, por meio do Centro de Coopera\u00e7\u00e3o da Cidade (CCC), informa que a cidade entra, neste momento, em est\u00e1gio de normalidade, ap\u00f3s as fortes chuvas na noite de quarta-feira (17\/5), com inunda\u00e7\u00e3o em alguns pontos da cidade. Nas \u00faltimas 24 horas, foram registrados 67,6 mil\u00edmetros, tendo a zona Leste como a \u00e1rea mais afetada.","robots":{"index":"index","follow":"follow","max-snippet":"max-snippet:-1","max-image-preview":"max-image-preview:large","max-video-preview":"max-video-preview:-1"},"canonical":"https:\/\/www.manaus.am.gov.br\/ccc\/manaus-volta-ao-estagio-de-normalidade\/","og_locale":"pt_BR","og_type":"article","og_title":"Manaus volta ao est\u00e1gio de Normalidade","og_description":"A Prefeitura de Manaus, por meio do Centro de Coopera\u00e7\u00e3o da Cidade (CCC), informa que a cidade entra, neste momento, em est\u00e1gio de normalidade, ap\u00f3s as fortes chuvas na noite de quarta-feira (17\/5), com inunda\u00e7\u00e3o em alguns pontos da cidade. Nas \u00faltimas 24 horas, foram registrados 67,6 mil\u00edmetros, tendo a zona Leste como a \u00e1rea mais afetada.","og_url":"https:\/\/www.manaus.am.gov.br\/ccc\/manaus-volta-ao-estagio-de-normalidade\/","og_site_name":"CCC","article_published_time":"2023-05-18T13:40:30+00:00","article_modified_time":"2023-05-18T13:40:32+00:00","og_image":[{"width":900,"height":509,"url":"https:\/\/www.manaus.am.gov.br\/ccc\/wp-content\/uploads\/sites\/4\/2023\/03\/Nota-1.png","type":"image\/png"}],"author":"Adriana Costa","twitter_card":"summary_large_image","twitter_misc":{"Written by":"Adriana Costa","Est. reading time":"2 minutos"},"schema":{"@context":"https:\/\/schema.org","@graph":[{"@type":"WebPage","@id":"https:\/\/www.manaus.am.gov.br\/ccc\/manaus-volta-ao-estagio-de-normalidade\/","url":"https:\/\/www.manaus.am.gov.br\/ccc\/manaus-volta-ao-estagio-de-normalidade\/","name":"Manaus volta ao est\u00e1gio de Normalidade","isPartOf":{"@id":"https:\/\/www.manaus.am.gov.br\/ccc\/#website"},"primaryImageOfPage":{"@id":"https:\/\/www.manaus.am.gov.br\/ccc\/manaus-volta-ao-estagio-de-normalidade\/#primaryimage"},"image":{"@id":"https:\/\/www.manaus.am.gov.br\/ccc\/manaus-volta-ao-estagio-de-normalidade\/#primaryimage"},"thumbnailUrl":"https:\/\/www.manaus.am.gov.br\/ccc\/wp-content\/uploads\/sites\/4\/2023\/03\/Nota-1.png","datePublished":"2023-05-18T13:40:30+00:00","dateModified":"2023-05-18T13:40:32+00:00","author":{"@id":"https:\/\/www.manaus.am.gov.br\/ccc\/#\/schema\/person\/4e49f4e267757a06ca072ec61b2b9968"},"description":"A Prefeitura de Manaus, por meio do Centro de Coopera\u00e7\u00e3o da Cidade (CCC), informa que a cidade entra, neste momento, em est\u00e1gio de normalidade, ap\u00f3s as fortes chuvas na noite de quarta-feira (17\/5), com inunda\u00e7\u00e3o em alguns pontos da cidade. Nas \u00faltimas 24 horas, foram registrados 67,6 mil\u00edmetros, tendo a zona Leste como a \u00e1rea mais afetada.","inLanguage":"pt-BR","potentialAction":[{"@type":"ReadAction","target":["https:\/\/www.manaus.am.gov.br\/ccc\/manaus-volta-ao-estagio-de-normalidade\/"]}]},{"@type":"ImageObject","inLanguage":"pt-BR","@id":"https:\/\/www.manaus.am.gov.br\/ccc\/manaus-volta-ao-estagio-de-normalidade\/#primaryimage","url":"https:\/\/www.manaus.am.gov.br\/ccc\/wp-content\/uploads\/sites\/4\/2023\/03\/Nota-1.png","contentUrl":"https:\/\/www.manaus.am.gov.br\/ccc\/wp-content\/uploads\/sites\/4\/2023\/03\/Nota-1.png","width":900,"height":509},{"@type":"WebSite","@id":"https:\/\/www.manaus.am.gov.br\/ccc\/#website","url":"https:\/\/www.manaus.am.gov.br\/ccc\/","name":"CCC","description":"Centro de Coopera\u00e7\u00e3o da Cidade","alternateName":"Centro de Coopera\u00e7\u00e3o da Cidade","potentialAction":[{"@type":"SearchAction","target":{"@type":"EntryPoint","urlTemplate":"https:\/\/www.manaus.am.gov.br\/ccc\/?s={search_term_string}"},"query-input":"required name=search_term_string"}],"inLanguage":"pt-BR"},{"@type":"Person","@id":"https:\/\/www.manaus.am.gov.br\/ccc\/#\/schema\/person\/4e49f4e267757a06ca072ec61b2b9968","name":"Adriana Costa","image":{"@type":"ImageObject","inLanguage":"pt-BR","@id":"https:\/\/www.manaus.am.gov.br\/ccc\/#\/schema\/person\/image\/","url":"https:\/\/secure.gravatar.com\/avatar\/576258617ef7194f718179e766d57bd4?s=96&d=mm&r=g","contentUrl":"https:\/\/secure.gravatar.com\/avatar\/576258617ef7194f718179e766d57bd4?s=96&d=mm&r=g","caption":"Adriana Costa"}}]}},"_links":{"self":[{"href":"https:\/\/www.manaus.am.gov.br\/ccc\/wp-json\/wp\/v2\/posts\/477"}],"collection":[{"href":"https:\/\/www.manaus.am.gov.br\/ccc\/wp-json\/wp\/v2\/posts"}],"about":[{"href":"https:\/\/www.manaus.am.gov.br\/ccc\/wp-json\/wp\/v2\/types\/post"}],"author":[{"embeddable":true,"href":"https:\/\/www.manaus.am.gov.br\/ccc\/wp-json\/wp\/v2\/users\/23"}],"replies":[{"embeddable":true,"href":"https:\/\/www.manaus.am.gov.br\/ccc\/wp-json\/wp\/v2\/comments?post=477"}],"version-history":[{"count":0,"href":"https:\/\/www.manaus.am.gov.br\/ccc\/wp-json\/wp\/v2\/posts\/477\/revisions"}],"wp:featuredmedia":[{"embeddable":true,"href":"https:\/\/www.manaus.am.gov.br\/ccc\/wp-json\/wp\/v2\/media\/381"}],"wp:attachment":[{"href":"https:\/\/www.manaus.am.gov.br\/ccc\/wp-json\/wp\/v2\/media?parent=477"}],"wp:term":[{"taxonomy":"category","embeddable":true,"href":"https:\/\/www.manaus.am.gov.br\/ccc\/wp-json\/wp\/v2\/categories?post=477"},{"taxonomy":"post_tag","embeddable":true,"href":"https:\/\/www.manaus.am.gov.br\/ccc\/wp-json\/wp\/v2\/tags?post=477"}],"curies":[{"name":"wp","href":"https:\/\/api.w.org\/{rel}","templated":true}]}}