{"id":476,"date":"2023-05-17T19:13:33","date_gmt":"2023-05-17T23:13:33","guid":{"rendered":"https:\/\/www.manaus.am.gov.br\/ccc\/manaus-entra-em-estagio-de-mobilizacao\/"},"modified":"2023-05-17T19:13:34","modified_gmt":"2023-05-17T23:13:34","slug":"manaus-entra-em-estagio-de-mobilizacao","status":"publish","type":"post","link":"https:\/\/www.manaus.am.gov.br\/ccc\/manaus-entra-em-estagio-de-mobilizacao\/","title":{"rendered":"<strong>Manaus entra em est\u00e1gio de Mobiliza\u00e7\u00e3o<\/strong>"},"content":{"rendered":"\n<p>A Prefeitura de Manaus, por meio do Centro de Coopera\u00e7\u00e3o da Cidade (CCC), informa que a capital est\u00e1, nesta quarta-feira, 17\/5, em est\u00e1gio de Mobiliza\u00e7\u00e3o, devido \u00e0s fortes chuvas, com possibilidade de inunda\u00e7\u00e3o em alguns pontos. O devido est\u00e1gio \u00e9 o segundo n\u00edvel em uma escala de cinco e significa que h\u00e1 riscos de ocorr\u00eancias de alto impacto.<\/p>\n\n\n\n<p>Nas \u00faltimas 12 horas foram registrados 62.7 mil\u00edmetros de chuva, tendo a zona Leste como a \u00e1rea mais afetada no momento. H\u00e1 possibilidade de nova mudan\u00e7a de est\u00e1gio devido \u00e0 chuva e\/ou outros fatores.<\/p>\n\n\n\n<p>Por meio da Central 199, foram registradas 13 ocorr\u00eancias, sendo cinco de alaga\u00e7\u00e3o. Equipes da Defesa Civil do Munic\u00edpio est\u00e3o nas ruas para atuar em pronta-resposta, sendo as \u00e1reas mais afetadas na zona Leste, segundo registros do \u00f3rg\u00e3o.<\/p>\n\n\n\n<p>De acordo com o&nbsp;Centro Nacional de Monitoramento e Alertas de Desastres Naturais (Cemaden), n\u00facleos de chuva ganham intensidade sobre a zona Oeste e se deslocam para a zona Sul.<\/p>\n\n\n\n<p>A Prefeitura de Manaus informa ainda que a Secretaria Municipal de Infraestrutura (Seminf) monitora as situa\u00e7\u00f5es de emerg\u00eancia pela cidade para identificar as causas dos alagamentos por todas as zonas da capital.<\/p>\n\n\n\n<p>Nos principais pontos de alagamento das zonas Leste e Centro-Sul, o corpo t\u00e9cnico identificou que os bueiros estavam obstru\u00eddos por lixo, descartado de forma irregular nas ruas e avenidas e arrastado pelas \u00e1guas da chuva.<\/p>\n\n\n\n<p>As equipes do Distrito de Drenagem e Dragagem foram acionadas para atuar nos pontos mais cr\u00edticos, onde dever\u00e3o realizar, emergencialmente, a desobstru\u00e7\u00e3o das caixas coletoras de \u00e1guas pluviais, para que escoam de forma correta, tamb\u00e9m contribuindo para evitar novos alagamentos.&nbsp;<\/p>\n\n\n\n<p><strong>Recomenda\u00e7\u00f5es<\/strong><\/p>\n\n\n\n<p>&#8211; Siga sua rotina, mas fique atento;<\/p>\n\n\n\n<p>&#8211; Acompanhe a previs\u00e3o do tempo e suas atualiza\u00e7\u00f5es;<\/p>\n\n\n\n<p>&#8211; Mantenha-se informado, por meio dos meios de comunica\u00e7\u00e3o e canais oficiais da Prefeitura de Manaus;<\/p>\n\n\n\n<p>&#8211; Se necess\u00e1rio, use os telefones de emerg\u00eancia 193 (Corpo de Bombeiros) e 199 (Defesa Civil).<\/p>\n","protected":false},"excerpt":{"rendered":"","protected":false},"author":31,"featured_media":381,"comment_status":"closed","ping_status":"closed","sticky":false,"template":"","format":"standard","meta":{"footnotes":""},"categories":[73],"tags":[110,83,111,112],"acf":[],"yoast_head":"<!-- This site is optimized with the Yoast SEO plugin v23.0 - https:\/\/yoast.com\/wordpress\/plugins\/seo\/ -->\n<title>Manaus entra em est\u00e1gio de Mobiliza\u00e7\u00e3o - CCC<\/title>\n<meta name=\"robots\" content=\"index, follow, max-snippet:-1, max-image-preview:large, max-video-preview:-1\" \/>\n<link rel=\"canonical\" href=\"https:\/\/www.manaus.am.gov.br\/ccc\/manaus-entra-em-estagio-de-mobilizacao\/\" \/>\n<meta property=\"og:locale\" content=\"pt_BR\" \/>\n<meta property=\"og:type\" content=\"article\" \/>\n<meta property=\"og:title\" content=\"Manaus entra em est\u00e1gio de Mobiliza\u00e7\u00e3o - CCC\" \/>\n<meta property=\"og:url\" content=\"https:\/\/www.manaus.am.gov.br\/ccc\/manaus-entra-em-estagio-de-mobilizacao\/\" \/>\n<meta property=\"og:site_name\" content=\"CCC\" \/>\n<meta property=\"article:published_time\" content=\"2023-05-17T23:13:33+00:00\" \/>\n<meta property=\"article:modified_time\" content=\"2023-05-17T23:13:34+00:00\" \/>\n<meta property=\"og:image\" content=\"https:\/\/www.manaus.am.gov.br\/ccc\/wp-content\/uploads\/sites\/4\/2023\/03\/Nota-1.png\" \/>\n\t<meta property=\"og:image:width\" content=\"900\" \/>\n\t<meta property=\"og:image:height\" content=\"509\" \/>\n\t<meta property=\"og:image:type\" content=\"image\/png\" \/>\n<meta name=\"author\" content=\"Renata Felix\" \/>\n<meta name=\"twitter:card\" content=\"summary_large_image\" \/>\n<meta name=\"twitter:label1\" content=\"Written by\" \/>\n\t<meta name=\"twitter:data1\" content=\"Renata Felix\" \/>\n\t<meta name=\"twitter:label2\" content=\"Est. reading time\" \/>\n\t<meta name=\"twitter:data2\" content=\"2 minutos\" \/>\n<script type=\"application\/ld+json\" class=\"yoast-schema-graph\">{\"@context\":\"https:\/\/schema.org\",\"@graph\":[{\"@type\":\"WebPage\",\"@id\":\"https:\/\/www.manaus.am.gov.br\/ccc\/manaus-entra-em-estagio-de-mobilizacao\/\",\"url\":\"https:\/\/www.manaus.am.gov.br\/ccc\/manaus-entra-em-estagio-de-mobilizacao\/\",\"name\":\"Manaus entra em est\u00e1gio de Mobiliza\u00e7\u00e3o - CCC\",\"isPartOf\":{\"@id\":\"https:\/\/www.manaus.am.gov.br\/ccc\/#website\"},\"primaryImageOfPage\":{\"@id\":\"https:\/\/www.manaus.am.gov.br\/ccc\/manaus-entra-em-estagio-de-mobilizacao\/#primaryimage\"},\"image\":{\"@id\":\"https:\/\/www.manaus.am.gov.br\/ccc\/manaus-entra-em-estagio-de-mobilizacao\/#primaryimage\"},\"thumbnailUrl\":\"https:\/\/www.manaus.am.gov.br\/ccc\/wp-content\/uploads\/sites\/4\/2023\/03\/Nota-1.png\",\"datePublished\":\"2023-05-17T23:13:33+00:00\",\"dateModified\":\"2023-05-17T23:13:34+00:00\",\"author\":{\"@id\":\"https:\/\/www.manaus.am.gov.br\/ccc\/#\/schema\/person\/4eea2a8f78dc853097abb026f728aa06\"},\"inLanguage\":\"pt-BR\",\"potentialAction\":[{\"@type\":\"ReadAction\",\"target\":[\"https:\/\/www.manaus.am.gov.br\/ccc\/manaus-entra-em-estagio-de-mobilizacao\/\"]}]},{\"@type\":\"ImageObject\",\"inLanguage\":\"pt-BR\",\"@id\":\"https:\/\/www.manaus.am.gov.br\/ccc\/manaus-entra-em-estagio-de-mobilizacao\/#primaryimage\",\"url\":\"https:\/\/www.manaus.am.gov.br\/ccc\/wp-content\/uploads\/sites\/4\/2023\/03\/Nota-1.png\",\"contentUrl\":\"https:\/\/www.manaus.am.gov.br\/ccc\/wp-content\/uploads\/sites\/4\/2023\/03\/Nota-1.png\",\"width\":900,\"height\":509},{\"@type\":\"WebSite\",\"@id\":\"https:\/\/www.manaus.am.gov.br\/ccc\/#website\",\"url\":\"https:\/\/www.manaus.am.gov.br\/ccc\/\",\"name\":\"CCC\",\"description\":\"Centro de Coopera\u00e7\u00e3o da Cidade\",\"alternateName\":\"Centro de Coopera\u00e7\u00e3o da Cidade\",\"potentialAction\":[{\"@type\":\"SearchAction\",\"target\":{\"@type\":\"EntryPoint\",\"urlTemplate\":\"https:\/\/www.manaus.am.gov.br\/ccc\/?s={search_term_string}\"},\"query-input\":\"required name=search_term_string\"}],\"inLanguage\":\"pt-BR\"},{\"@type\":\"Person\",\"@id\":\"https:\/\/www.manaus.am.gov.br\/ccc\/#\/schema\/person\/4eea2a8f78dc853097abb026f728aa06\",\"name\":\"Renata Felix\",\"image\":{\"@type\":\"ImageObject\",\"inLanguage\":\"pt-BR\",\"@id\":\"https:\/\/www.manaus.am.gov.br\/ccc\/#\/schema\/person\/image\/\",\"url\":\"https:\/\/secure.gravatar.com\/avatar\/3c196cf9d3b837b24c8edb2c50fd8f29?s=96&d=mm&r=g\",\"contentUrl\":\"https:\/\/secure.gravatar.com\/avatar\/3c196cf9d3b837b24c8edb2c50fd8f29?s=96&d=mm&r=g\",\"caption\":\"Renata Felix\"}}]}<\/script>\n<!-- \/ Yoast SEO plugin. -->","yoast_head_json":{"title":"Manaus entra em est\u00e1gio de Mobiliza\u00e7\u00e3o - CCC","robots":{"index":"index","follow":"follow","max-snippet":"max-snippet:-1","max-image-preview":"max-image-preview:large","max-video-preview":"max-video-preview:-1"},"canonical":"https:\/\/www.manaus.am.gov.br\/ccc\/manaus-entra-em-estagio-de-mobilizacao\/","og_locale":"pt_BR","og_type":"article","og_title":"Manaus entra em est\u00e1gio de Mobiliza\u00e7\u00e3o - CCC","og_url":"https:\/\/www.manaus.am.gov.br\/ccc\/manaus-entra-em-estagio-de-mobilizacao\/","og_site_name":"CCC","article_published_time":"2023-05-17T23:13:33+00:00","article_modified_time":"2023-05-17T23:13:34+00:00","og_image":[{"width":900,"height":509,"url":"https:\/\/www.manaus.am.gov.br\/ccc\/wp-content\/uploads\/sites\/4\/2023\/03\/Nota-1.png","type":"image\/png"}],"author":"Renata Felix","twitter_card":"summary_large_image","twitter_misc":{"Written by":"Renata Felix","Est. reading time":"2 minutos"},"schema":{"@context":"https:\/\/schema.org","@graph":[{"@type":"WebPage","@id":"https:\/\/www.manaus.am.gov.br\/ccc\/manaus-entra-em-estagio-de-mobilizacao\/","url":"https:\/\/www.manaus.am.gov.br\/ccc\/manaus-entra-em-estagio-de-mobilizacao\/","name":"Manaus entra em est\u00e1gio de Mobiliza\u00e7\u00e3o - CCC","isPartOf":{"@id":"https:\/\/www.manaus.am.gov.br\/ccc\/#website"},"primaryImageOfPage":{"@id":"https:\/\/www.manaus.am.gov.br\/ccc\/manaus-entra-em-estagio-de-mobilizacao\/#primaryimage"},"image":{"@id":"https:\/\/www.manaus.am.gov.br\/ccc\/manaus-entra-em-estagio-de-mobilizacao\/#primaryimage"},"thumbnailUrl":"https:\/\/www.manaus.am.gov.br\/ccc\/wp-content\/uploads\/sites\/4\/2023\/03\/Nota-1.png","datePublished":"2023-05-17T23:13:33+00:00","dateModified":"2023-05-17T23:13:34+00:00","author":{"@id":"https:\/\/www.manaus.am.gov.br\/ccc\/#\/schema\/person\/4eea2a8f78dc853097abb026f728aa06"},"inLanguage":"pt-BR","potentialAction":[{"@type":"ReadAction","target":["https:\/\/www.manaus.am.gov.br\/ccc\/manaus-entra-em-estagio-de-mobilizacao\/"]}]},{"@type":"ImageObject","inLanguage":"pt-BR","@id":"https:\/\/www.manaus.am.gov.br\/ccc\/manaus-entra-em-estagio-de-mobilizacao\/#primaryimage","url":"https:\/\/www.manaus.am.gov.br\/ccc\/wp-content\/uploads\/sites\/4\/2023\/03\/Nota-1.png","contentUrl":"https:\/\/www.manaus.am.gov.br\/ccc\/wp-content\/uploads\/sites\/4\/2023\/03\/Nota-1.png","width":900,"height":509},{"@type":"WebSite","@id":"https:\/\/www.manaus.am.gov.br\/ccc\/#website","url":"https:\/\/www.manaus.am.gov.br\/ccc\/","name":"CCC","description":"Centro de Coopera\u00e7\u00e3o da Cidade","alternateName":"Centro de Coopera\u00e7\u00e3o da Cidade","potentialAction":[{"@type":"SearchAction","target":{"@type":"EntryPoint","urlTemplate":"https:\/\/www.manaus.am.gov.br\/ccc\/?s={search_term_string}"},"query-input":"required name=search_term_string"}],"inLanguage":"pt-BR"},{"@type":"Person","@id":"https:\/\/www.manaus.am.gov.br\/ccc\/#\/schema\/person\/4eea2a8f78dc853097abb026f728aa06","name":"Renata Felix","image":{"@type":"ImageObject","inLanguage":"pt-BR","@id":"https:\/\/www.manaus.am.gov.br\/ccc\/#\/schema\/person\/image\/","url":"https:\/\/secure.gravatar.com\/avatar\/3c196cf9d3b837b24c8edb2c50fd8f29?s=96&d=mm&r=g","contentUrl":"https:\/\/secure.gravatar.com\/avatar\/3c196cf9d3b837b24c8edb2c50fd8f29?s=96&d=mm&r=g","caption":"Renata Felix"}}]}},"_links":{"self":[{"href":"https:\/\/www.manaus.am.gov.br\/ccc\/wp-json\/wp\/v2\/posts\/476"}],"collection":[{"href":"https:\/\/www.manaus.am.gov.br\/ccc\/wp-json\/wp\/v2\/posts"}],"about":[{"href":"https:\/\/www.manaus.am.gov.br\/ccc\/wp-json\/wp\/v2\/types\/post"}],"author":[{"embeddable":true,"href":"https:\/\/www.manaus.am.gov.br\/ccc\/wp-json\/wp\/v2\/users\/31"}],"replies":[{"embeddable":true,"href":"https:\/\/www.manaus.am.gov.br\/ccc\/wp-json\/wp\/v2\/comments?post=476"}],"version-history":[{"count":0,"href":"https:\/\/www.manaus.am.gov.br\/ccc\/wp-json\/wp\/v2\/posts\/476\/revisions"}],"wp:featuredmedia":[{"embeddable":true,"href":"https:\/\/www.manaus.am.gov.br\/ccc\/wp-json\/wp\/v2\/media\/381"}],"wp:attachment":[{"href":"https:\/\/www.manaus.am.gov.br\/ccc\/wp-json\/wp\/v2\/media?parent=476"}],"wp:term":[{"taxonomy":"category","embeddable":true,"href":"https:\/\/www.manaus.am.gov.br\/ccc\/wp-json\/wp\/v2\/categories?post=476"},{"taxonomy":"post_tag","embeddable":true,"href":"https:\/\/www.manaus.am.gov.br\/ccc\/wp-json\/wp\/v2\/tags?post=476"}],"curies":[{"name":"wp","href":"https:\/\/api.w.org\/{rel}","templated":true}]}}