{"id":439,"date":"2023-05-01T16:10:37","date_gmt":"2023-05-01T20:10:37","guid":{"rendered":"https:\/\/www.manaus.am.gov.br\/ccc\/colegiado-de-grandes-eventos-da-prefeitura-inicia-acao-coordenada-com-orgaos-do-municipio-na-ponta-negra\/"},"modified":"2023-05-01T16:16:19","modified_gmt":"2023-05-01T20:16:19","slug":"colegiado-de-grandes-eventos-da-prefeitura-inicia-acao-coordenada-com-orgaos-do-municipio-na-ponta-negra","status":"publish","type":"post","link":"https:\/\/www.manaus.am.gov.br\/ccc\/colegiado-de-grandes-eventos-da-prefeitura-inicia-acao-coordenada-com-orgaos-do-municipio-na-ponta-negra\/","title":{"rendered":"<strong>Colegiado de Grandes Eventos da prefeitura inicia a\u00e7\u00e3o coordenada com \u00f3rg\u00e3os do munic\u00edpio na Ponta Negra<\/strong>"},"content":{"rendered":"\n<p>A Prefeitura de Manaus, por meio do Centro de Coopera\u00e7\u00e3o da Cidade (CCC), iniciou os trabalhos com o Comit\u00ea de Grandes Eventos, no complexo tur\u00edstico Ponta Negra, zona Oeste, onde acontece a programa\u00e7\u00e3o em comemora\u00e7\u00e3o ao Dia do Trabalhador, celebrado nesta segunda-feira, 1\u00ba\/5, com a inaugura\u00e7\u00e3o oficial da Casa de Praia Zezinho Corr\u00eaa. O colegiado integra os \u00f3rg\u00e3os de atua\u00e7\u00e3o, antecipando ocorr\u00eancias e dando pronta-resposta \u00e0s atividades com monitoramento em tempo real.<\/p>\n\n\n\n<p>No total, 26 c\u00e2meras foram instaladas em todo o per\u00edmetro do complexo tur\u00edstico, com tecnologia de identifica\u00e7\u00e3o por caracter\u00edsticas, leitura de placas e PTZ, que possui movimento panor\u00e2mico, horizontal, vertical e de aproxima\u00e7\u00e3o ou distanciamento.<\/p>\n\n\n\n<p>A Funda\u00e7\u00e3o Municipal de Cultura, Turismo e Eventos (Manauscult) estima um p\u00fablico na \u00e1rea externa de 30 mil pessoas, e 1.500 na \u00e1rea interna.<\/p>\n\n\n\n<p><strong>Seguran\u00e7a<\/strong><\/p>\n\n\n\n<p>Ao todo, 60 Guardas Municipais atuam em toda a extens\u00e3o da Ponta Negra e 60 agentes de seguran\u00e7a privada nas \u00e1reas onde os palcos est\u00e3o montados. Desde as 6h, 40 agentes est\u00e3o atuando por turno, para garantir a seguran\u00e7a dos condutores e pedestres at\u00e9 o final do evento.<\/p>\n\n\n\n<p>&#8212; &#8212; &#8212;<\/p>\n\n\n\n<p><strong>Texto e foto \u2013 <\/strong>Divulga\u00e7\u00e3o \/ CCC<\/p>\n","protected":false},"excerpt":{"rendered":"","protected":false},"author":39,"featured_media":440,"comment_status":"closed","ping_status":"closed","sticky":false,"template":"","format":"standard","meta":{"footnotes":""},"categories":[10],"tags":[99,11,100,101,102,103,38],"acf":[],"yoast_head":"<!-- This site is optimized with the Yoast SEO plugin v23.0 - https:\/\/yoast.com\/wordpress\/plugins\/seo\/ -->\n<title>Colegiado de Grandes Eventos da prefeitura inicia a\u00e7\u00e3o coordenada com \u00f3rg\u00e3os do munic\u00edpio na Ponta Negra<\/title>\n<meta name=\"description\" content=\"O colegiado integra os \u00f3rg\u00e3os de atua\u00e7\u00e3o, antecipando ocorr\u00eancias e dando pronta-resposta \u00e0s atividades com monitoramento em tempo real.\" \/>\n<meta name=\"robots\" content=\"index, follow, max-snippet:-1, max-image-preview:large, max-video-preview:-1\" \/>\n<link rel=\"canonical\" href=\"https:\/\/www.manaus.am.gov.br\/ccc\/colegiado-de-grandes-eventos-da-prefeitura-inicia-acao-coordenada-com-orgaos-do-municipio-na-ponta-negra\/\" \/>\n<meta property=\"og:locale\" content=\"pt_BR\" \/>\n<meta property=\"og:type\" content=\"article\" \/>\n<meta property=\"og:title\" content=\"Colegiado de Grandes Eventos da prefeitura inicia a\u00e7\u00e3o coordenada com \u00f3rg\u00e3os do munic\u00edpio na Ponta Negra\" \/>\n<meta property=\"og:description\" content=\"O colegiado integra os \u00f3rg\u00e3os de atua\u00e7\u00e3o, antecipando ocorr\u00eancias e dando pronta-resposta \u00e0s atividades com monitoramento em tempo real.\" \/>\n<meta property=\"og:url\" content=\"https:\/\/www.manaus.am.gov.br\/ccc\/colegiado-de-grandes-eventos-da-prefeitura-inicia-acao-coordenada-com-orgaos-do-municipio-na-ponta-negra\/\" \/>\n<meta property=\"og:site_name\" content=\"CCC\" \/>\n<meta property=\"article:published_time\" content=\"2023-05-01T20:10:37+00:00\" \/>\n<meta property=\"article:modified_time\" content=\"2023-05-01T20:16:19+00:00\" \/>\n<meta property=\"og:image\" content=\"https:\/\/www.manaus.am.gov.br\/ccc\/wp-content\/uploads\/sites\/4\/2023\/05\/Colegiado-de-Grandes-Eventos-2-scaled.jpg\" \/>\n\t<meta property=\"og:image:width\" content=\"2560\" \/>\n\t<meta property=\"og:image:height\" content=\"1707\" \/>\n\t<meta property=\"og:image:type\" content=\"image\/jpeg\" \/>\n<meta name=\"author\" content=\"Bruna Greco\" \/>\n<meta name=\"twitter:card\" content=\"summary_large_image\" \/>\n<meta name=\"twitter:label1\" content=\"Written by\" \/>\n\t<meta name=\"twitter:data1\" content=\"Bruna Greco\" \/>\n<script type=\"application\/ld+json\" class=\"yoast-schema-graph\">{\"@context\":\"https:\/\/schema.org\",\"@graph\":[{\"@type\":\"WebPage\",\"@id\":\"https:\/\/www.manaus.am.gov.br\/ccc\/colegiado-de-grandes-eventos-da-prefeitura-inicia-acao-coordenada-com-orgaos-do-municipio-na-ponta-negra\/\",\"url\":\"https:\/\/www.manaus.am.gov.br\/ccc\/colegiado-de-grandes-eventos-da-prefeitura-inicia-acao-coordenada-com-orgaos-do-municipio-na-ponta-negra\/\",\"name\":\"Colegiado de Grandes Eventos da prefeitura inicia a\u00e7\u00e3o coordenada com \u00f3rg\u00e3os do munic\u00edpio na Ponta Negra\",\"isPartOf\":{\"@id\":\"https:\/\/www.manaus.am.gov.br\/ccc\/#website\"},\"primaryImageOfPage\":{\"@id\":\"https:\/\/www.manaus.am.gov.br\/ccc\/colegiado-de-grandes-eventos-da-prefeitura-inicia-acao-coordenada-com-orgaos-do-municipio-na-ponta-negra\/#primaryimage\"},\"image\":{\"@id\":\"https:\/\/www.manaus.am.gov.br\/ccc\/colegiado-de-grandes-eventos-da-prefeitura-inicia-acao-coordenada-com-orgaos-do-municipio-na-ponta-negra\/#primaryimage\"},\"thumbnailUrl\":\"https:\/\/www.manaus.am.gov.br\/ccc\/wp-content\/uploads\/sites\/4\/2023\/05\/Colegiado-de-Grandes-Eventos-2-scaled.jpg\",\"datePublished\":\"2023-05-01T20:10:37+00:00\",\"dateModified\":\"2023-05-01T20:16:19+00:00\",\"author\":{\"@id\":\"https:\/\/www.manaus.am.gov.br\/ccc\/#\/schema\/person\/05d223aea2bf115f9883a6ff3683d81b\"},\"description\":\"O colegiado integra os \u00f3rg\u00e3os de atua\u00e7\u00e3o, antecipando ocorr\u00eancias e dando pronta-resposta \u00e0s atividades com monitoramento em tempo real.\",\"inLanguage\":\"pt-BR\",\"potentialAction\":[{\"@type\":\"ReadAction\",\"target\":[\"https:\/\/www.manaus.am.gov.br\/ccc\/colegiado-de-grandes-eventos-da-prefeitura-inicia-acao-coordenada-com-orgaos-do-municipio-na-ponta-negra\/\"]}]},{\"@type\":\"ImageObject\",\"inLanguage\":\"pt-BR\",\"@id\":\"https:\/\/www.manaus.am.gov.br\/ccc\/colegiado-de-grandes-eventos-da-prefeitura-inicia-acao-coordenada-com-orgaos-do-municipio-na-ponta-negra\/#primaryimage\",\"url\":\"https:\/\/www.manaus.am.gov.br\/ccc\/wp-content\/uploads\/sites\/4\/2023\/05\/Colegiado-de-Grandes-Eventos-2-scaled.jpg\",\"contentUrl\":\"https:\/\/www.manaus.am.gov.br\/ccc\/wp-content\/uploads\/sites\/4\/2023\/05\/Colegiado-de-Grandes-Eventos-2-scaled.jpg\",\"width\":2560,\"height\":1707},{\"@type\":\"WebSite\",\"@id\":\"https:\/\/www.manaus.am.gov.br\/ccc\/#website\",\"url\":\"https:\/\/www.manaus.am.gov.br\/ccc\/\",\"name\":\"CCC\",\"description\":\"Centro de Coopera\u00e7\u00e3o da Cidade\",\"alternateName\":\"Centro de Coopera\u00e7\u00e3o da Cidade\",\"potentialAction\":[{\"@type\":\"SearchAction\",\"target\":{\"@type\":\"EntryPoint\",\"urlTemplate\":\"https:\/\/www.manaus.am.gov.br\/ccc\/?s={search_term_string}\"},\"query-input\":\"required name=search_term_string\"}],\"inLanguage\":\"pt-BR\"},{\"@type\":\"Person\",\"@id\":\"https:\/\/www.manaus.am.gov.br\/ccc\/#\/schema\/person\/05d223aea2bf115f9883a6ff3683d81b\",\"name\":\"Bruna Greco\",\"image\":{\"@type\":\"ImageObject\",\"inLanguage\":\"pt-BR\",\"@id\":\"https:\/\/www.manaus.am.gov.br\/ccc\/#\/schema\/person\/image\/\",\"url\":\"https:\/\/secure.gravatar.com\/avatar\/9c877d1a6adc2a055330e5c09a8653ce?s=96&d=mm&r=g\",\"contentUrl\":\"https:\/\/secure.gravatar.com\/avatar\/9c877d1a6adc2a055330e5c09a8653ce?s=96&d=mm&r=g\",\"caption\":\"Bruna Greco\"}}]}<\/script>\n<!-- \/ Yoast SEO plugin. -->","yoast_head_json":{"title":"Colegiado de Grandes Eventos da prefeitura inicia a\u00e7\u00e3o coordenada com \u00f3rg\u00e3os do munic\u00edpio na Ponta Negra","description":"O colegiado integra os \u00f3rg\u00e3os de atua\u00e7\u00e3o, antecipando ocorr\u00eancias e dando pronta-resposta \u00e0s atividades com monitoramento em tempo real.","robots":{"index":"index","follow":"follow","max-snippet":"max-snippet:-1","max-image-preview":"max-image-preview:large","max-video-preview":"max-video-preview:-1"},"canonical":"https:\/\/www.manaus.am.gov.br\/ccc\/colegiado-de-grandes-eventos-da-prefeitura-inicia-acao-coordenada-com-orgaos-do-municipio-na-ponta-negra\/","og_locale":"pt_BR","og_type":"article","og_title":"Colegiado de Grandes Eventos da prefeitura inicia a\u00e7\u00e3o coordenada com \u00f3rg\u00e3os do munic\u00edpio na Ponta Negra","og_description":"O colegiado integra os \u00f3rg\u00e3os de atua\u00e7\u00e3o, antecipando ocorr\u00eancias e dando pronta-resposta \u00e0s atividades com monitoramento em tempo real.","og_url":"https:\/\/www.manaus.am.gov.br\/ccc\/colegiado-de-grandes-eventos-da-prefeitura-inicia-acao-coordenada-com-orgaos-do-municipio-na-ponta-negra\/","og_site_name":"CCC","article_published_time":"2023-05-01T20:10:37+00:00","article_modified_time":"2023-05-01T20:16:19+00:00","og_image":[{"width":2560,"height":1707,"url":"https:\/\/www.manaus.am.gov.br\/ccc\/wp-content\/uploads\/sites\/4\/2023\/05\/Colegiado-de-Grandes-Eventos-2-scaled.jpg","type":"image\/jpeg"}],"author":"Bruna Greco","twitter_card":"summary_large_image","twitter_misc":{"Written by":"Bruna Greco"},"schema":{"@context":"https:\/\/schema.org","@graph":[{"@type":"WebPage","@id":"https:\/\/www.manaus.am.gov.br\/ccc\/colegiado-de-grandes-eventos-da-prefeitura-inicia-acao-coordenada-com-orgaos-do-municipio-na-ponta-negra\/","url":"https:\/\/www.manaus.am.gov.br\/ccc\/colegiado-de-grandes-eventos-da-prefeitura-inicia-acao-coordenada-com-orgaos-do-municipio-na-ponta-negra\/","name":"Colegiado de Grandes Eventos da prefeitura inicia a\u00e7\u00e3o coordenada com \u00f3rg\u00e3os do munic\u00edpio na Ponta Negra","isPartOf":{"@id":"https:\/\/www.manaus.am.gov.br\/ccc\/#website"},"primaryImageOfPage":{"@id":"https:\/\/www.manaus.am.gov.br\/ccc\/colegiado-de-grandes-eventos-da-prefeitura-inicia-acao-coordenada-com-orgaos-do-municipio-na-ponta-negra\/#primaryimage"},"image":{"@id":"https:\/\/www.manaus.am.gov.br\/ccc\/colegiado-de-grandes-eventos-da-prefeitura-inicia-acao-coordenada-com-orgaos-do-municipio-na-ponta-negra\/#primaryimage"},"thumbnailUrl":"https:\/\/www.manaus.am.gov.br\/ccc\/wp-content\/uploads\/sites\/4\/2023\/05\/Colegiado-de-Grandes-Eventos-2-scaled.jpg","datePublished":"2023-05-01T20:10:37+00:00","dateModified":"2023-05-01T20:16:19+00:00","author":{"@id":"https:\/\/www.manaus.am.gov.br\/ccc\/#\/schema\/person\/05d223aea2bf115f9883a6ff3683d81b"},"description":"O colegiado integra os \u00f3rg\u00e3os de atua\u00e7\u00e3o, antecipando ocorr\u00eancias e dando pronta-resposta \u00e0s atividades com monitoramento em tempo real.","inLanguage":"pt-BR","potentialAction":[{"@type":"ReadAction","target":["https:\/\/www.manaus.am.gov.br\/ccc\/colegiado-de-grandes-eventos-da-prefeitura-inicia-acao-coordenada-com-orgaos-do-municipio-na-ponta-negra\/"]}]},{"@type":"ImageObject","inLanguage":"pt-BR","@id":"https:\/\/www.manaus.am.gov.br\/ccc\/colegiado-de-grandes-eventos-da-prefeitura-inicia-acao-coordenada-com-orgaos-do-municipio-na-ponta-negra\/#primaryimage","url":"https:\/\/www.manaus.am.gov.br\/ccc\/wp-content\/uploads\/sites\/4\/2023\/05\/Colegiado-de-Grandes-Eventos-2-scaled.jpg","contentUrl":"https:\/\/www.manaus.am.gov.br\/ccc\/wp-content\/uploads\/sites\/4\/2023\/05\/Colegiado-de-Grandes-Eventos-2-scaled.jpg","width":2560,"height":1707},{"@type":"WebSite","@id":"https:\/\/www.manaus.am.gov.br\/ccc\/#website","url":"https:\/\/www.manaus.am.gov.br\/ccc\/","name":"CCC","description":"Centro de Coopera\u00e7\u00e3o da Cidade","alternateName":"Centro de Coopera\u00e7\u00e3o da Cidade","potentialAction":[{"@type":"SearchAction","target":{"@type":"EntryPoint","urlTemplate":"https:\/\/www.manaus.am.gov.br\/ccc\/?s={search_term_string}"},"query-input":"required name=search_term_string"}],"inLanguage":"pt-BR"},{"@type":"Person","@id":"https:\/\/www.manaus.am.gov.br\/ccc\/#\/schema\/person\/05d223aea2bf115f9883a6ff3683d81b","name":"Bruna Greco","image":{"@type":"ImageObject","inLanguage":"pt-BR","@id":"https:\/\/www.manaus.am.gov.br\/ccc\/#\/schema\/person\/image\/","url":"https:\/\/secure.gravatar.com\/avatar\/9c877d1a6adc2a055330e5c09a8653ce?s=96&d=mm&r=g","contentUrl":"https:\/\/secure.gravatar.com\/avatar\/9c877d1a6adc2a055330e5c09a8653ce?s=96&d=mm&r=g","caption":"Bruna Greco"}}]}},"_links":{"self":[{"href":"https:\/\/www.manaus.am.gov.br\/ccc\/wp-json\/wp\/v2\/posts\/439"}],"collection":[{"href":"https:\/\/www.manaus.am.gov.br\/ccc\/wp-json\/wp\/v2\/posts"}],"about":[{"href":"https:\/\/www.manaus.am.gov.br\/ccc\/wp-json\/wp\/v2\/types\/post"}],"author":[{"embeddable":true,"href":"https:\/\/www.manaus.am.gov.br\/ccc\/wp-json\/wp\/v2\/users\/39"}],"replies":[{"embeddable":true,"href":"https:\/\/www.manaus.am.gov.br\/ccc\/wp-json\/wp\/v2\/comments?post=439"}],"version-history":[{"count":1,"href":"https:\/\/www.manaus.am.gov.br\/ccc\/wp-json\/wp\/v2\/posts\/439\/revisions"}],"predecessor-version":[{"id":441,"href":"https:\/\/www.manaus.am.gov.br\/ccc\/wp-json\/wp\/v2\/posts\/439\/revisions\/441"}],"wp:featuredmedia":[{"embeddable":true,"href":"https:\/\/www.manaus.am.gov.br\/ccc\/wp-json\/wp\/v2\/media\/440"}],"wp:attachment":[{"href":"https:\/\/www.manaus.am.gov.br\/ccc\/wp-json\/wp\/v2\/media?parent=439"}],"wp:term":[{"taxonomy":"category","embeddable":true,"href":"https:\/\/www.manaus.am.gov.br\/ccc\/wp-json\/wp\/v2\/categories?post=439"},{"taxonomy":"post_tag","embeddable":true,"href":"https:\/\/www.manaus.am.gov.br\/ccc\/wp-json\/wp\/v2\/tags?post=439"}],"curies":[{"name":"wp","href":"https:\/\/api.w.org\/{rel}","templated":true}]}}