{"id":394,"date":"2023-03-29T22:07:32","date_gmt":"2023-03-30T02:07:32","guid":{"rendered":"https:\/\/www.manaus.am.gov.br\/ccc\/manaus-em-estagio-de-mobilizacao\/"},"modified":"2023-03-29T22:07:35","modified_gmt":"2023-03-30T02:07:35","slug":"manaus-em-estagio-de-mobilizacao","status":"publish","type":"post","link":"https:\/\/www.manaus.am.gov.br\/ccc\/manaus-em-estagio-de-mobilizacao\/","title":{"rendered":"<strong>Manaus em est\u00e1gio de mobiliza\u00e7\u00e3o<\/strong>"},"content":{"rendered":"\n<p>A Prefeitura de Manaus, por meio do Centro de Coopera\u00e7\u00e3o da Cidade (CCC), informa que a presen\u00e7a de nuvens carregadas na noite desta quarta-feira, 29\/3, indica a possibilidade de desenvolvimento de chuvas moderadas a fortes, com trovoadas, colocando a cidade em est\u00e1gio de mobiliza\u00e7\u00e3o.<\/p>\n\n\n\n<p>At\u00e9 o momento a \u00e1rea com maior \u00edndice pluviom\u00e9trico est\u00e1 no bairro Puraquequara, zona Leste, apresentando 66,50 mil\u00edmetros de chuva.<\/p>\n\n\n\n<p>O est\u00e1gio de mobiliza\u00e7\u00e3o indica que existe possibilidade de ocorr\u00eancias de alto impacto na cidade, mas que elas ainda n\u00e3o aconteceram.<\/p>\n\n\n\n<p>&#8212; &#8212; &#8212;<\/p>\n\n\n\n<p><strong>Texto<\/strong>&nbsp;\u2013 Divulga\u00e7\u00e3o \/ CCC<\/p>\n\n\n\n<p><\/p>\n","protected":false},"excerpt":{"rendered":"","protected":false},"author":31,"featured_media":381,"comment_status":"closed","ping_status":"closed","sticky":false,"template":"","format":"standard","meta":{"footnotes":""},"categories":[73],"tags":[83,86],"acf":[],"yoast_head":"<!-- This site is optimized with the Yoast SEO plugin v23.0 - https:\/\/yoast.com\/wordpress\/plugins\/seo\/ -->\n<title>Manaus em est\u00e1gio de mobiliza\u00e7\u00e3o - CCC<\/title>\n<meta name=\"robots\" content=\"index, follow, max-snippet:-1, max-image-preview:large, max-video-preview:-1\" \/>\n<link rel=\"canonical\" href=\"https:\/\/www.manaus.am.gov.br\/ccc\/manaus-em-estagio-de-mobilizacao\/\" \/>\n<meta property=\"og:locale\" content=\"pt_BR\" \/>\n<meta property=\"og:type\" content=\"article\" \/>\n<meta property=\"og:title\" content=\"Manaus em est\u00e1gio de mobiliza\u00e7\u00e3o - CCC\" \/>\n<meta property=\"og:url\" content=\"https:\/\/www.manaus.am.gov.br\/ccc\/manaus-em-estagio-de-mobilizacao\/\" \/>\n<meta property=\"og:site_name\" content=\"CCC\" \/>\n<meta property=\"article:published_time\" content=\"2023-03-30T02:07:32+00:00\" \/>\n<meta property=\"article:modified_time\" content=\"2023-03-30T02:07:35+00:00\" \/>\n<meta property=\"og:image\" content=\"https:\/\/www.manaus.am.gov.br\/ccc\/wp-content\/uploads\/sites\/4\/2023\/03\/Nota-1.png\" \/>\n\t<meta property=\"og:image:width\" content=\"900\" \/>\n\t<meta property=\"og:image:height\" content=\"509\" \/>\n\t<meta property=\"og:image:type\" content=\"image\/png\" \/>\n<meta name=\"author\" content=\"Renata Felix\" \/>\n<meta name=\"twitter:card\" content=\"summary_large_image\" \/>\n<meta name=\"twitter:label1\" content=\"Written by\" \/>\n\t<meta name=\"twitter:data1\" content=\"Renata Felix\" \/>\n\t<meta name=\"twitter:label2\" content=\"Est. reading time\" \/>\n\t<meta name=\"twitter:data2\" content=\"1 minuto\" \/>\n<script type=\"application\/ld+json\" class=\"yoast-schema-graph\">{\"@context\":\"https:\/\/schema.org\",\"@graph\":[{\"@type\":\"WebPage\",\"@id\":\"https:\/\/www.manaus.am.gov.br\/ccc\/manaus-em-estagio-de-mobilizacao\/\",\"url\":\"https:\/\/www.manaus.am.gov.br\/ccc\/manaus-em-estagio-de-mobilizacao\/\",\"name\":\"Manaus em est\u00e1gio de mobiliza\u00e7\u00e3o - CCC\",\"isPartOf\":{\"@id\":\"https:\/\/www.manaus.am.gov.br\/ccc\/#website\"},\"primaryImageOfPage\":{\"@id\":\"https:\/\/www.manaus.am.gov.br\/ccc\/manaus-em-estagio-de-mobilizacao\/#primaryimage\"},\"image\":{\"@id\":\"https:\/\/www.manaus.am.gov.br\/ccc\/manaus-em-estagio-de-mobilizacao\/#primaryimage\"},\"thumbnailUrl\":\"https:\/\/www.manaus.am.gov.br\/ccc\/wp-content\/uploads\/sites\/4\/2023\/03\/Nota-1.png\",\"datePublished\":\"2023-03-30T02:07:32+00:00\",\"dateModified\":\"2023-03-30T02:07:35+00:00\",\"author\":{\"@id\":\"https:\/\/www.manaus.am.gov.br\/ccc\/#\/schema\/person\/4eea2a8f78dc853097abb026f728aa06\"},\"inLanguage\":\"pt-BR\",\"potentialAction\":[{\"@type\":\"ReadAction\",\"target\":[\"https:\/\/www.manaus.am.gov.br\/ccc\/manaus-em-estagio-de-mobilizacao\/\"]}]},{\"@type\":\"ImageObject\",\"inLanguage\":\"pt-BR\",\"@id\":\"https:\/\/www.manaus.am.gov.br\/ccc\/manaus-em-estagio-de-mobilizacao\/#primaryimage\",\"url\":\"https:\/\/www.manaus.am.gov.br\/ccc\/wp-content\/uploads\/sites\/4\/2023\/03\/Nota-1.png\",\"contentUrl\":\"https:\/\/www.manaus.am.gov.br\/ccc\/wp-content\/uploads\/sites\/4\/2023\/03\/Nota-1.png\",\"width\":900,\"height\":509},{\"@type\":\"WebSite\",\"@id\":\"https:\/\/www.manaus.am.gov.br\/ccc\/#website\",\"url\":\"https:\/\/www.manaus.am.gov.br\/ccc\/\",\"name\":\"CCC\",\"description\":\"Centro de Coopera\u00e7\u00e3o da Cidade\",\"alternateName\":\"Centro de Coopera\u00e7\u00e3o da Cidade\",\"potentialAction\":[{\"@type\":\"SearchAction\",\"target\":{\"@type\":\"EntryPoint\",\"urlTemplate\":\"https:\/\/www.manaus.am.gov.br\/ccc\/?s={search_term_string}\"},\"query-input\":\"required name=search_term_string\"}],\"inLanguage\":\"pt-BR\"},{\"@type\":\"Person\",\"@id\":\"https:\/\/www.manaus.am.gov.br\/ccc\/#\/schema\/person\/4eea2a8f78dc853097abb026f728aa06\",\"name\":\"Renata Felix\",\"image\":{\"@type\":\"ImageObject\",\"inLanguage\":\"pt-BR\",\"@id\":\"https:\/\/www.manaus.am.gov.br\/ccc\/#\/schema\/person\/image\/\",\"url\":\"https:\/\/secure.gravatar.com\/avatar\/3c196cf9d3b837b24c8edb2c50fd8f29?s=96&d=mm&r=g\",\"contentUrl\":\"https:\/\/secure.gravatar.com\/avatar\/3c196cf9d3b837b24c8edb2c50fd8f29?s=96&d=mm&r=g\",\"caption\":\"Renata Felix\"}}]}<\/script>\n<!-- \/ Yoast SEO plugin. -->","yoast_head_json":{"title":"Manaus em est\u00e1gio de mobiliza\u00e7\u00e3o - CCC","robots":{"index":"index","follow":"follow","max-snippet":"max-snippet:-1","max-image-preview":"max-image-preview:large","max-video-preview":"max-video-preview:-1"},"canonical":"https:\/\/www.manaus.am.gov.br\/ccc\/manaus-em-estagio-de-mobilizacao\/","og_locale":"pt_BR","og_type":"article","og_title":"Manaus em est\u00e1gio de mobiliza\u00e7\u00e3o - CCC","og_url":"https:\/\/www.manaus.am.gov.br\/ccc\/manaus-em-estagio-de-mobilizacao\/","og_site_name":"CCC","article_published_time":"2023-03-30T02:07:32+00:00","article_modified_time":"2023-03-30T02:07:35+00:00","og_image":[{"width":900,"height":509,"url":"https:\/\/www.manaus.am.gov.br\/ccc\/wp-content\/uploads\/sites\/4\/2023\/03\/Nota-1.png","type":"image\/png"}],"author":"Renata Felix","twitter_card":"summary_large_image","twitter_misc":{"Written by":"Renata Felix","Est. reading time":"1 minuto"},"schema":{"@context":"https:\/\/schema.org","@graph":[{"@type":"WebPage","@id":"https:\/\/www.manaus.am.gov.br\/ccc\/manaus-em-estagio-de-mobilizacao\/","url":"https:\/\/www.manaus.am.gov.br\/ccc\/manaus-em-estagio-de-mobilizacao\/","name":"Manaus em est\u00e1gio de mobiliza\u00e7\u00e3o - CCC","isPartOf":{"@id":"https:\/\/www.manaus.am.gov.br\/ccc\/#website"},"primaryImageOfPage":{"@id":"https:\/\/www.manaus.am.gov.br\/ccc\/manaus-em-estagio-de-mobilizacao\/#primaryimage"},"image":{"@id":"https:\/\/www.manaus.am.gov.br\/ccc\/manaus-em-estagio-de-mobilizacao\/#primaryimage"},"thumbnailUrl":"https:\/\/www.manaus.am.gov.br\/ccc\/wp-content\/uploads\/sites\/4\/2023\/03\/Nota-1.png","datePublished":"2023-03-30T02:07:32+00:00","dateModified":"2023-03-30T02:07:35+00:00","author":{"@id":"https:\/\/www.manaus.am.gov.br\/ccc\/#\/schema\/person\/4eea2a8f78dc853097abb026f728aa06"},"inLanguage":"pt-BR","potentialAction":[{"@type":"ReadAction","target":["https:\/\/www.manaus.am.gov.br\/ccc\/manaus-em-estagio-de-mobilizacao\/"]}]},{"@type":"ImageObject","inLanguage":"pt-BR","@id":"https:\/\/www.manaus.am.gov.br\/ccc\/manaus-em-estagio-de-mobilizacao\/#primaryimage","url":"https:\/\/www.manaus.am.gov.br\/ccc\/wp-content\/uploads\/sites\/4\/2023\/03\/Nota-1.png","contentUrl":"https:\/\/www.manaus.am.gov.br\/ccc\/wp-content\/uploads\/sites\/4\/2023\/03\/Nota-1.png","width":900,"height":509},{"@type":"WebSite","@id":"https:\/\/www.manaus.am.gov.br\/ccc\/#website","url":"https:\/\/www.manaus.am.gov.br\/ccc\/","name":"CCC","description":"Centro de Coopera\u00e7\u00e3o da Cidade","alternateName":"Centro de Coopera\u00e7\u00e3o da Cidade","potentialAction":[{"@type":"SearchAction","target":{"@type":"EntryPoint","urlTemplate":"https:\/\/www.manaus.am.gov.br\/ccc\/?s={search_term_string}"},"query-input":"required name=search_term_string"}],"inLanguage":"pt-BR"},{"@type":"Person","@id":"https:\/\/www.manaus.am.gov.br\/ccc\/#\/schema\/person\/4eea2a8f78dc853097abb026f728aa06","name":"Renata Felix","image":{"@type":"ImageObject","inLanguage":"pt-BR","@id":"https:\/\/www.manaus.am.gov.br\/ccc\/#\/schema\/person\/image\/","url":"https:\/\/secure.gravatar.com\/avatar\/3c196cf9d3b837b24c8edb2c50fd8f29?s=96&d=mm&r=g","contentUrl":"https:\/\/secure.gravatar.com\/avatar\/3c196cf9d3b837b24c8edb2c50fd8f29?s=96&d=mm&r=g","caption":"Renata Felix"}}]}},"_links":{"self":[{"href":"https:\/\/www.manaus.am.gov.br\/ccc\/wp-json\/wp\/v2\/posts\/394"}],"collection":[{"href":"https:\/\/www.manaus.am.gov.br\/ccc\/wp-json\/wp\/v2\/posts"}],"about":[{"href":"https:\/\/www.manaus.am.gov.br\/ccc\/wp-json\/wp\/v2\/types\/post"}],"author":[{"embeddable":true,"href":"https:\/\/www.manaus.am.gov.br\/ccc\/wp-json\/wp\/v2\/users\/31"}],"replies":[{"embeddable":true,"href":"https:\/\/www.manaus.am.gov.br\/ccc\/wp-json\/wp\/v2\/comments?post=394"}],"version-history":[{"count":0,"href":"https:\/\/www.manaus.am.gov.br\/ccc\/wp-json\/wp\/v2\/posts\/394\/revisions"}],"wp:featuredmedia":[{"embeddable":true,"href":"https:\/\/www.manaus.am.gov.br\/ccc\/wp-json\/wp\/v2\/media\/381"}],"wp:attachment":[{"href":"https:\/\/www.manaus.am.gov.br\/ccc\/wp-json\/wp\/v2\/media?parent=394"}],"wp:term":[{"taxonomy":"category","embeddable":true,"href":"https:\/\/www.manaus.am.gov.br\/ccc\/wp-json\/wp\/v2\/categories?post=394"},{"taxonomy":"post_tag","embeddable":true,"href":"https:\/\/www.manaus.am.gov.br\/ccc\/wp-json\/wp\/v2\/tags?post=394"}],"curies":[{"name":"wp","href":"https:\/\/api.w.org\/{rel}","templated":true}]}}