{"id":378,"date":"2023-03-25T19:11:35","date_gmt":"2023-03-25T23:11:35","guid":{"rendered":"https:\/\/www.manaus.am.gov.br\/ccc\/prefeitura-de-manaus-registra-mais-de-135-ocorrencias-devido-as-chuvas-e-familias-sao-abrigadas-em-duas-escolas\/"},"modified":"2023-03-25T19:11:37","modified_gmt":"2023-03-25T23:11:37","slug":"prefeitura-de-manaus-registra-mais-de-135-ocorrencias-devido-as-chuvas-e-familias-sao-abrigadas-em-duas-escolas","status":"publish","type":"post","link":"https:\/\/www.manaus.am.gov.br\/ccc\/prefeitura-de-manaus-registra-mais-de-135-ocorrencias-devido-as-chuvas-e-familias-sao-abrigadas-em-duas-escolas\/","title":{"rendered":"<strong>Prefeitura de Manaus registra mais de 135 ocorr\u00eancias devido \u00e0s chuvas e fam\u00edlias s\u00e3o abrigadas em duas escolas<\/strong>"},"content":{"rendered":"\n<p>A Prefeitura de Manaus, por meio do Centro de Coopera\u00e7\u00e3o da Cidade (CCC) e da Secretaria Municipal de Seguran\u00e7a P\u00fablica e Defesa Social (Semseg), registrou na Central 199 da Defesa Civil mais de 135 ocorr\u00eancias at\u00e9 as 18h deste s\u00e1bado, 25\/3, sendo 62 de alagamentos, 25 de desabamentos e 22 de deslizamentos. A Secretaria Municipal de Educa\u00e7\u00e3o (Semed) disponibilizou duas escolas para abrigar 172 fam\u00edlias, que perderam as moradias.<\/p>\n\n\n\n<p>As fam\u00edlias est\u00e3o sendo acolhidas por equipes da Defesa Civil e da Secretaria da Mulher, Assist\u00eancia Social e Cidadania (Semasc), na escola municipal Arist\u00f3teles Comte de Alencar, rua I, quadra 35, bairro Armando Mendes, zona Leste. E por equipes da Divis\u00e3o Distrital Zonal (DDZ) Leste 1, da Semed, na escola municipal Jorge de Resende Sobrinho, na rua Nova Esperan\u00e7a, Tancredo Neves.<\/p>\n\n\n\n<p>As ocorr\u00eancias de maior severidade at\u00e9 o momento aconteceram na zona Leste, nos bairros Armando Mendes e Gilberto Mestrinho, mas tamb\u00e9m foram atendidas na comunidade Manaus 2000, no bairro Japiim, onde ocorreu um desabamento, envolvendo nove resid\u00eancias. Tr\u00eas equipes de plant\u00e3o realizaram mais de 70 atendimentos por toda a cidade, desde as primeiras horas do dia.<\/p>\n\n\n\n<p>Devido \u00e0 alta na demanda da Central 199, a Defesa Civil ampliou o n\u00famero de atendentes, buscando dar fluidez nas liga\u00e7\u00f5es e garantir que as fam\u00edlias afetadas sejam atendidas. Nenhum evento de risco quatro (o mais alto) foi registrado durante o s\u00e1bado e a cidade continua em est\u00e1gio de mobiliza\u00e7\u00e3o.<\/p>\n\n\n\n<p>&#8212; &#8212; &#8212;<\/p>\n\n\n\n<p><strong>Texto \u2013<\/strong>&nbsp;Jamyly Macedo \/ Semseg e Divulga\u00e7\u00e3o \/Semed<\/p>\n","protected":false},"excerpt":{"rendered":"","protected":false},"author":24,"featured_media":379,"comment_status":"closed","ping_status":"closed","sticky":false,"template":"","format":"standard","meta":{"footnotes":""},"categories":[73],"tags":[74,11,57,12,75,76,77,78,62,38,79,80,81,40],"acf":[],"yoast_head":"<!-- This site is optimized with the Yoast SEO plugin v23.0 - https:\/\/yoast.com\/wordpress\/plugins\/seo\/ -->\n<title>Prefeitura de Manaus registra mais de 135 ocorr\u00eancias devido \u00e0s chuvas e fam\u00edlias s\u00e3o abrigadas em duas escolas<\/title>\n<meta name=\"description\" content=\"A Prefeitura de Manaus, por meio do Centro de Coopera\u00e7\u00e3o da Cidade (CCC) e da Secretaria Municipal de Seguran\u00e7a P\u00fablica e Defesa Social (Semseg), registrou na Central 199 da Defesa Civil mais de 135 ocorr\u00eancias at\u00e9 as 18h deste s\u00e1bado, 25\/3, sendo 62 de alagamentos, 25 de desabamentos e 22 de deslizamentos.\" \/>\n<meta name=\"robots\" content=\"index, follow, max-snippet:-1, max-image-preview:large, max-video-preview:-1\" \/>\n<link rel=\"canonical\" href=\"https:\/\/www.manaus.am.gov.br\/ccc\/prefeitura-de-manaus-registra-mais-de-135-ocorrencias-devido-as-chuvas-e-familias-sao-abrigadas-em-duas-escolas\/\" \/>\n<meta property=\"og:locale\" content=\"pt_BR\" \/>\n<meta property=\"og:type\" content=\"article\" \/>\n<meta property=\"og:title\" content=\"Prefeitura de Manaus registra mais de 135 ocorr\u00eancias devido \u00e0s chuvas e fam\u00edlias s\u00e3o abrigadas em duas escolas\" \/>\n<meta property=\"og:description\" content=\"A Prefeitura de Manaus, por meio do Centro de Coopera\u00e7\u00e3o da Cidade (CCC) e da Secretaria Municipal de Seguran\u00e7a P\u00fablica e Defesa Social (Semseg), registrou na Central 199 da Defesa Civil mais de 135 ocorr\u00eancias at\u00e9 as 18h deste s\u00e1bado, 25\/3, sendo 62 de alagamentos, 25 de desabamentos e 22 de deslizamentos.\" \/>\n<meta property=\"og:url\" content=\"https:\/\/www.manaus.am.gov.br\/ccc\/prefeitura-de-manaus-registra-mais-de-135-ocorrencias-devido-as-chuvas-e-familias-sao-abrigadas-em-duas-escolas\/\" \/>\n<meta property=\"og:site_name\" content=\"CCC\" \/>\n<meta property=\"article:published_time\" content=\"2023-03-25T23:11:35+00:00\" \/>\n<meta property=\"article:modified_time\" content=\"2023-03-25T23:11:37+00:00\" \/>\n<meta property=\"og:image\" content=\"https:\/\/www.manaus.am.gov.br\/ccc\/wp-content\/uploads\/sites\/4\/2023\/03\/Nota.png\" \/>\n\t<meta property=\"og:image:width\" content=\"900\" \/>\n\t<meta property=\"og:image:height\" content=\"509\" \/>\n\t<meta property=\"og:image:type\" content=\"image\/png\" \/>\n<meta name=\"author\" content=\"Cl\u00e1udia Barbosa\" \/>\n<meta name=\"twitter:card\" content=\"summary_large_image\" \/>\n<meta name=\"twitter:label1\" content=\"Written by\" \/>\n\t<meta name=\"twitter:data1\" content=\"Cl\u00e1udia Barbosa\" \/>\n\t<meta name=\"twitter:label2\" content=\"Est. reading time\" \/>\n\t<meta name=\"twitter:data2\" content=\"2 minutos\" \/>\n<script type=\"application\/ld+json\" class=\"yoast-schema-graph\">{\"@context\":\"https:\/\/schema.org\",\"@graph\":[{\"@type\":\"WebPage\",\"@id\":\"https:\/\/www.manaus.am.gov.br\/ccc\/prefeitura-de-manaus-registra-mais-de-135-ocorrencias-devido-as-chuvas-e-familias-sao-abrigadas-em-duas-escolas\/\",\"url\":\"https:\/\/www.manaus.am.gov.br\/ccc\/prefeitura-de-manaus-registra-mais-de-135-ocorrencias-devido-as-chuvas-e-familias-sao-abrigadas-em-duas-escolas\/\",\"name\":\"Prefeitura de Manaus registra mais de 135 ocorr\u00eancias devido \u00e0s chuvas e fam\u00edlias s\u00e3o abrigadas em duas escolas\",\"isPartOf\":{\"@id\":\"https:\/\/www.manaus.am.gov.br\/ccc\/#website\"},\"primaryImageOfPage\":{\"@id\":\"https:\/\/www.manaus.am.gov.br\/ccc\/prefeitura-de-manaus-registra-mais-de-135-ocorrencias-devido-as-chuvas-e-familias-sao-abrigadas-em-duas-escolas\/#primaryimage\"},\"image\":{\"@id\":\"https:\/\/www.manaus.am.gov.br\/ccc\/prefeitura-de-manaus-registra-mais-de-135-ocorrencias-devido-as-chuvas-e-familias-sao-abrigadas-em-duas-escolas\/#primaryimage\"},\"thumbnailUrl\":\"https:\/\/www.manaus.am.gov.br\/ccc\/wp-content\/uploads\/sites\/4\/2023\/03\/Nota.png\",\"datePublished\":\"2023-03-25T23:11:35+00:00\",\"dateModified\":\"2023-03-25T23:11:37+00:00\",\"author\":{\"@id\":\"https:\/\/www.manaus.am.gov.br\/ccc\/#\/schema\/person\/d0a166b5031154c33c77794ddc9a827e\"},\"description\":\"A Prefeitura de Manaus, por meio do Centro de Coopera\u00e7\u00e3o da Cidade (CCC) e da Secretaria Municipal de Seguran\u00e7a P\u00fablica e Defesa Social (Semseg), registrou na Central 199 da Defesa Civil mais de 135 ocorr\u00eancias at\u00e9 as 18h deste s\u00e1bado, 25\/3, sendo 62 de alagamentos, 25 de desabamentos e 22 de deslizamentos.\",\"inLanguage\":\"pt-BR\",\"potentialAction\":[{\"@type\":\"ReadAction\",\"target\":[\"https:\/\/www.manaus.am.gov.br\/ccc\/prefeitura-de-manaus-registra-mais-de-135-ocorrencias-devido-as-chuvas-e-familias-sao-abrigadas-em-duas-escolas\/\"]}]},{\"@type\":\"ImageObject\",\"inLanguage\":\"pt-BR\",\"@id\":\"https:\/\/www.manaus.am.gov.br\/ccc\/prefeitura-de-manaus-registra-mais-de-135-ocorrencias-devido-as-chuvas-e-familias-sao-abrigadas-em-duas-escolas\/#primaryimage\",\"url\":\"https:\/\/www.manaus.am.gov.br\/ccc\/wp-content\/uploads\/sites\/4\/2023\/03\/Nota.png\",\"contentUrl\":\"https:\/\/www.manaus.am.gov.br\/ccc\/wp-content\/uploads\/sites\/4\/2023\/03\/Nota.png\",\"width\":900,\"height\":509},{\"@type\":\"WebSite\",\"@id\":\"https:\/\/www.manaus.am.gov.br\/ccc\/#website\",\"url\":\"https:\/\/www.manaus.am.gov.br\/ccc\/\",\"name\":\"CCC\",\"description\":\"Centro de Coopera\u00e7\u00e3o da Cidade\",\"alternateName\":\"Centro de Coopera\u00e7\u00e3o da Cidade\",\"potentialAction\":[{\"@type\":\"SearchAction\",\"target\":{\"@type\":\"EntryPoint\",\"urlTemplate\":\"https:\/\/www.manaus.am.gov.br\/ccc\/?s={search_term_string}\"},\"query-input\":\"required name=search_term_string\"}],\"inLanguage\":\"pt-BR\"},{\"@type\":\"Person\",\"@id\":\"https:\/\/www.manaus.am.gov.br\/ccc\/#\/schema\/person\/d0a166b5031154c33c77794ddc9a827e\",\"name\":\"Cl\u00e1udia Barbosa\",\"image\":{\"@type\":\"ImageObject\",\"inLanguage\":\"pt-BR\",\"@id\":\"https:\/\/www.manaus.am.gov.br\/ccc\/#\/schema\/person\/image\/\",\"url\":\"https:\/\/secure.gravatar.com\/avatar\/42958a1cf007f1a00534009218c72590?s=96&d=mm&r=g\",\"contentUrl\":\"https:\/\/secure.gravatar.com\/avatar\/42958a1cf007f1a00534009218c72590?s=96&d=mm&r=g\",\"caption\":\"Cl\u00e1udia Barbosa\"}}]}<\/script>\n<!-- \/ Yoast SEO plugin. -->","yoast_head_json":{"title":"Prefeitura de Manaus registra mais de 135 ocorr\u00eancias devido \u00e0s chuvas e fam\u00edlias s\u00e3o abrigadas em duas escolas","description":"A Prefeitura de Manaus, por meio do Centro de Coopera\u00e7\u00e3o da Cidade (CCC) e da Secretaria Municipal de Seguran\u00e7a P\u00fablica e Defesa Social (Semseg), registrou na Central 199 da Defesa Civil mais de 135 ocorr\u00eancias at\u00e9 as 18h deste s\u00e1bado, 25\/3, sendo 62 de alagamentos, 25 de desabamentos e 22 de deslizamentos.","robots":{"index":"index","follow":"follow","max-snippet":"max-snippet:-1","max-image-preview":"max-image-preview:large","max-video-preview":"max-video-preview:-1"},"canonical":"https:\/\/www.manaus.am.gov.br\/ccc\/prefeitura-de-manaus-registra-mais-de-135-ocorrencias-devido-as-chuvas-e-familias-sao-abrigadas-em-duas-escolas\/","og_locale":"pt_BR","og_type":"article","og_title":"Prefeitura de Manaus registra mais de 135 ocorr\u00eancias devido \u00e0s chuvas e fam\u00edlias s\u00e3o abrigadas em duas escolas","og_description":"A Prefeitura de Manaus, por meio do Centro de Coopera\u00e7\u00e3o da Cidade (CCC) e da Secretaria Municipal de Seguran\u00e7a P\u00fablica e Defesa Social (Semseg), registrou na Central 199 da Defesa Civil mais de 135 ocorr\u00eancias at\u00e9 as 18h deste s\u00e1bado, 25\/3, sendo 62 de alagamentos, 25 de desabamentos e 22 de deslizamentos.","og_url":"https:\/\/www.manaus.am.gov.br\/ccc\/prefeitura-de-manaus-registra-mais-de-135-ocorrencias-devido-as-chuvas-e-familias-sao-abrigadas-em-duas-escolas\/","og_site_name":"CCC","article_published_time":"2023-03-25T23:11:35+00:00","article_modified_time":"2023-03-25T23:11:37+00:00","og_image":[{"width":900,"height":509,"url":"https:\/\/www.manaus.am.gov.br\/ccc\/wp-content\/uploads\/sites\/4\/2023\/03\/Nota.png","type":"image\/png"}],"author":"Cl\u00e1udia Barbosa","twitter_card":"summary_large_image","twitter_misc":{"Written by":"Cl\u00e1udia Barbosa","Est. reading time":"2 minutos"},"schema":{"@context":"https:\/\/schema.org","@graph":[{"@type":"WebPage","@id":"https:\/\/www.manaus.am.gov.br\/ccc\/prefeitura-de-manaus-registra-mais-de-135-ocorrencias-devido-as-chuvas-e-familias-sao-abrigadas-em-duas-escolas\/","url":"https:\/\/www.manaus.am.gov.br\/ccc\/prefeitura-de-manaus-registra-mais-de-135-ocorrencias-devido-as-chuvas-e-familias-sao-abrigadas-em-duas-escolas\/","name":"Prefeitura de Manaus registra mais de 135 ocorr\u00eancias devido \u00e0s chuvas e fam\u00edlias s\u00e3o abrigadas em duas escolas","isPartOf":{"@id":"https:\/\/www.manaus.am.gov.br\/ccc\/#website"},"primaryImageOfPage":{"@id":"https:\/\/www.manaus.am.gov.br\/ccc\/prefeitura-de-manaus-registra-mais-de-135-ocorrencias-devido-as-chuvas-e-familias-sao-abrigadas-em-duas-escolas\/#primaryimage"},"image":{"@id":"https:\/\/www.manaus.am.gov.br\/ccc\/prefeitura-de-manaus-registra-mais-de-135-ocorrencias-devido-as-chuvas-e-familias-sao-abrigadas-em-duas-escolas\/#primaryimage"},"thumbnailUrl":"https:\/\/www.manaus.am.gov.br\/ccc\/wp-content\/uploads\/sites\/4\/2023\/03\/Nota.png","datePublished":"2023-03-25T23:11:35+00:00","dateModified":"2023-03-25T23:11:37+00:00","author":{"@id":"https:\/\/www.manaus.am.gov.br\/ccc\/#\/schema\/person\/d0a166b5031154c33c77794ddc9a827e"},"description":"A Prefeitura de Manaus, por meio do Centro de Coopera\u00e7\u00e3o da Cidade (CCC) e da Secretaria Municipal de Seguran\u00e7a P\u00fablica e Defesa Social (Semseg), registrou na Central 199 da Defesa Civil mais de 135 ocorr\u00eancias at\u00e9 as 18h deste s\u00e1bado, 25\/3, sendo 62 de alagamentos, 25 de desabamentos e 22 de deslizamentos.","inLanguage":"pt-BR","potentialAction":[{"@type":"ReadAction","target":["https:\/\/www.manaus.am.gov.br\/ccc\/prefeitura-de-manaus-registra-mais-de-135-ocorrencias-devido-as-chuvas-e-familias-sao-abrigadas-em-duas-escolas\/"]}]},{"@type":"ImageObject","inLanguage":"pt-BR","@id":"https:\/\/www.manaus.am.gov.br\/ccc\/prefeitura-de-manaus-registra-mais-de-135-ocorrencias-devido-as-chuvas-e-familias-sao-abrigadas-em-duas-escolas\/#primaryimage","url":"https:\/\/www.manaus.am.gov.br\/ccc\/wp-content\/uploads\/sites\/4\/2023\/03\/Nota.png","contentUrl":"https:\/\/www.manaus.am.gov.br\/ccc\/wp-content\/uploads\/sites\/4\/2023\/03\/Nota.png","width":900,"height":509},{"@type":"WebSite","@id":"https:\/\/www.manaus.am.gov.br\/ccc\/#website","url":"https:\/\/www.manaus.am.gov.br\/ccc\/","name":"CCC","description":"Centro de Coopera\u00e7\u00e3o da Cidade","alternateName":"Centro de Coopera\u00e7\u00e3o da Cidade","potentialAction":[{"@type":"SearchAction","target":{"@type":"EntryPoint","urlTemplate":"https:\/\/www.manaus.am.gov.br\/ccc\/?s={search_term_string}"},"query-input":"required name=search_term_string"}],"inLanguage":"pt-BR"},{"@type":"Person","@id":"https:\/\/www.manaus.am.gov.br\/ccc\/#\/schema\/person\/d0a166b5031154c33c77794ddc9a827e","name":"Cl\u00e1udia Barbosa","image":{"@type":"ImageObject","inLanguage":"pt-BR","@id":"https:\/\/www.manaus.am.gov.br\/ccc\/#\/schema\/person\/image\/","url":"https:\/\/secure.gravatar.com\/avatar\/42958a1cf007f1a00534009218c72590?s=96&d=mm&r=g","contentUrl":"https:\/\/secure.gravatar.com\/avatar\/42958a1cf007f1a00534009218c72590?s=96&d=mm&r=g","caption":"Cl\u00e1udia Barbosa"}}]}},"_links":{"self":[{"href":"https:\/\/www.manaus.am.gov.br\/ccc\/wp-json\/wp\/v2\/posts\/378"}],"collection":[{"href":"https:\/\/www.manaus.am.gov.br\/ccc\/wp-json\/wp\/v2\/posts"}],"about":[{"href":"https:\/\/www.manaus.am.gov.br\/ccc\/wp-json\/wp\/v2\/types\/post"}],"author":[{"embeddable":true,"href":"https:\/\/www.manaus.am.gov.br\/ccc\/wp-json\/wp\/v2\/users\/24"}],"replies":[{"embeddable":true,"href":"https:\/\/www.manaus.am.gov.br\/ccc\/wp-json\/wp\/v2\/comments?post=378"}],"version-history":[{"count":0,"href":"https:\/\/www.manaus.am.gov.br\/ccc\/wp-json\/wp\/v2\/posts\/378\/revisions"}],"wp:featuredmedia":[{"embeddable":true,"href":"https:\/\/www.manaus.am.gov.br\/ccc\/wp-json\/wp\/v2\/media\/379"}],"wp:attachment":[{"href":"https:\/\/www.manaus.am.gov.br\/ccc\/wp-json\/wp\/v2\/media?parent=378"}],"wp:term":[{"taxonomy":"category","embeddable":true,"href":"https:\/\/www.manaus.am.gov.br\/ccc\/wp-json\/wp\/v2\/categories?post=378"},{"taxonomy":"post_tag","embeddable":true,"href":"https:\/\/www.manaus.am.gov.br\/ccc\/wp-json\/wp\/v2\/tags?post=378"}],"curies":[{"name":"wp","href":"https:\/\/api.w.org\/{rel}","templated":true}]}}