{"id":373,"date":"2023-03-20T16:50:06","date_gmt":"2023-03-20T20:50:06","guid":{"rendered":"https:\/\/www.manaus.am.gov.br\/ccc\/prefeitura-de-manaus-recebe-motocicleta-para-projetos-de-ronda-escolar-e-de-patrulhamento-no-centro\/"},"modified":"2023-03-20T16:59:04","modified_gmt":"2023-03-20T20:59:04","slug":"prefeitura-de-manaus-recebe-motocicleta-para-projetos-de-ronda-escolar-e-de-patrulhamento-no-centro","status":"publish","type":"post","link":"https:\/\/www.manaus.am.gov.br\/ccc\/prefeitura-de-manaus-recebe-motocicleta-para-projetos-de-ronda-escolar-e-de-patrulhamento-no-centro\/","title":{"rendered":"<strong>Prefeitura de Manaus recebe motocicleta para projetos de ronda escolar e de patrulhamento no Centro<\/strong>"},"content":{"rendered":"\n<p>A Prefeitura de Manaus, por meio da Secretaria Municipal de Seguran\u00e7a&nbsp;P\u00fablica e Defesa Social (Semseg), recebeu, na manh\u00e3 desta segunda-feira, 20\/3, uma motocicleta Yamaha\/XTZ250 Lander, na sede da secretaria, localizada na Casa Militar, avenida Brasil, Compensa. Essa \u00e9 apenas uma das motocicletas que far\u00e3o parte dos projetos de ronda escolar e patrulhamento no Centro.<\/p>\n\n\n\n<p>\u201cAs motos s\u00e3o a possibilidade do efetivo, que n\u00e3o \u00e9 muito grande, estar em v\u00e1rios locais e atender o maior n\u00famero poss\u00edvel de servidores&nbsp;e cidad\u00e3os que usam os servi\u00e7os p\u00fablicos municipais. A gente vai,<\/p>\n\n\n\n<p>entre outras coisas, usar as motos para o projeto de ronda escolar e o&nbsp;projeto de patrulhamento do Centro\u201d, explicou o titular da&nbsp;pasta, S\u00e9rgio Fontes.<\/p>\n\n\n\n<p>Visto que a demanda da secretaria \u00e9 grande tanto na seguran\u00e7a,&nbsp;prestada pela guarda municipal, quanto pela assist\u00eancia a sinistros,&nbsp;realizada pela Defesa Civil, principalmente em tempos chuvosos, como o que Manaus passa no momento, recursos como esse ajudar\u00e3o a aprimorar os servi\u00e7os prestados \u00e0 popula\u00e7\u00e3o pela Semseg.<\/p>\n\n\n\n<p>\u201cViemos fazer entrega de uma emenda destinada aqui para a secretaria, de uma motocicleta. J\u00e1 estou destinando tamb\u00e9m mais R$ 150 mil para comprar equipamentos e drones. Estamos aqui para reafirmar esse apoio que n\u00f3s damos \u00e0 secretaria, a todos os guardas municipais e ao trabalho executado pelo S\u00e9rgio Fontes\u201d,\u00a0 destacou o deputado Delegado P\u00e9ricles.<\/p>\n\n\n\n<p>A moto recebida reformula e padroniza as futuras frotas de motocicletas da secretaria, que ser\u00e1 de motos completas, capazes de otimizar os atendimentos \u00e0s ocorr\u00eancias pela cidade.<\/p>\n\n\n\n<p>&#8212; &#8212; &#8212;<\/p>\n\n\n\n<p><strong>Texto e fotos<\/strong> \u2013 Divulga\u00e7\u00e3o\/Semseg<\/p>\n\n\n\n<p><\/p>\n","protected":false},"excerpt":{"rendered":"","protected":false},"author":23,"featured_media":374,"comment_status":"closed","ping_status":"closed","sticky":false,"template":"","format":"standard","meta":{"footnotes":""},"categories":[31],"tags":[70,71,38,72,40],"acf":[],"yoast_head":"<!-- This site is optimized with the Yoast SEO plugin v23.0 - https:\/\/yoast.com\/wordpress\/plugins\/seo\/ -->\n<title>Prefeitura de Manaus recebe motocicleta para projetos de ronda escolar e de patrulhamento no Centro<\/title>\n<meta name=\"description\" content=\"A Prefeitura de Manaus, por meio da Secretaria Municipal de Seguran\u00e7a P\u00fablica e Defesa Social (Semseg), recebeu, na manh\u00e3 desta segunda-feira, 20\/3, uma motocicleta Yamaha\/XTZ250 Lander, na sede da secretaria, localizada na Casa Militar, avenida Brasil, Compensa. Essa \u00e9 apenas uma das motocicletas que far\u00e3o parte dos projetos de ronda escolar e patrulhamento no Centro.\" \/>\n<meta name=\"robots\" content=\"index, follow, max-snippet:-1, max-image-preview:large, max-video-preview:-1\" \/>\n<link rel=\"canonical\" href=\"https:\/\/www.manaus.am.gov.br\/ccc\/prefeitura-de-manaus-recebe-motocicleta-para-projetos-de-ronda-escolar-e-de-patrulhamento-no-centro\/\" \/>\n<meta property=\"og:locale\" content=\"pt_BR\" \/>\n<meta property=\"og:type\" content=\"article\" \/>\n<meta property=\"og:title\" content=\"Prefeitura de Manaus recebe motocicleta para projetos de ronda escolar e de patrulhamento no Centro\" \/>\n<meta property=\"og:description\" content=\"A Prefeitura de Manaus, por meio da Secretaria Municipal de Seguran\u00e7a P\u00fablica e Defesa Social (Semseg), recebeu, na manh\u00e3 desta segunda-feira, 20\/3, uma motocicleta Yamaha\/XTZ250 Lander, na sede da secretaria, localizada na Casa Militar, avenida Brasil, Compensa. Essa \u00e9 apenas uma das motocicletas que far\u00e3o parte dos projetos de ronda escolar e patrulhamento no Centro.\" \/>\n<meta property=\"og:url\" content=\"https:\/\/www.manaus.am.gov.br\/ccc\/prefeitura-de-manaus-recebe-motocicleta-para-projetos-de-ronda-escolar-e-de-patrulhamento-no-centro\/\" \/>\n<meta property=\"og:site_name\" content=\"CCC\" \/>\n<meta property=\"article:published_time\" content=\"2023-03-20T20:50:06+00:00\" \/>\n<meta property=\"article:modified_time\" content=\"2023-03-20T20:59:04+00:00\" \/>\n<meta property=\"og:image\" content=\"https:\/\/www.manaus.am.gov.br\/ccc\/wp-content\/uploads\/sites\/4\/2023\/03\/photo_4954288705317743284_y.jpg\" \/>\n\t<meta property=\"og:image:width\" content=\"1280\" \/>\n\t<meta property=\"og:image:height\" content=\"853\" \/>\n\t<meta property=\"og:image:type\" content=\"image\/jpeg\" \/>\n<meta name=\"author\" content=\"Adriana Costa\" \/>\n<meta name=\"twitter:card\" content=\"summary_large_image\" \/>\n<meta name=\"twitter:label1\" content=\"Written by\" \/>\n\t<meta name=\"twitter:data1\" content=\"Adriana Costa\" \/>\n\t<meta name=\"twitter:label2\" content=\"Est. reading time\" \/>\n\t<meta name=\"twitter:data2\" content=\"2 minutos\" \/>\n<script type=\"application\/ld+json\" class=\"yoast-schema-graph\">{\"@context\":\"https:\/\/schema.org\",\"@graph\":[{\"@type\":\"WebPage\",\"@id\":\"https:\/\/www.manaus.am.gov.br\/ccc\/prefeitura-de-manaus-recebe-motocicleta-para-projetos-de-ronda-escolar-e-de-patrulhamento-no-centro\/\",\"url\":\"https:\/\/www.manaus.am.gov.br\/ccc\/prefeitura-de-manaus-recebe-motocicleta-para-projetos-de-ronda-escolar-e-de-patrulhamento-no-centro\/\",\"name\":\"Prefeitura de Manaus recebe motocicleta para projetos de ronda escolar e de patrulhamento no Centro\",\"isPartOf\":{\"@id\":\"https:\/\/www.manaus.am.gov.br\/ccc\/#website\"},\"primaryImageOfPage\":{\"@id\":\"https:\/\/www.manaus.am.gov.br\/ccc\/prefeitura-de-manaus-recebe-motocicleta-para-projetos-de-ronda-escolar-e-de-patrulhamento-no-centro\/#primaryimage\"},\"image\":{\"@id\":\"https:\/\/www.manaus.am.gov.br\/ccc\/prefeitura-de-manaus-recebe-motocicleta-para-projetos-de-ronda-escolar-e-de-patrulhamento-no-centro\/#primaryimage\"},\"thumbnailUrl\":\"https:\/\/www.manaus.am.gov.br\/ccc\/wp-content\/uploads\/sites\/4\/2023\/03\/photo_4954288705317743284_y.jpg\",\"datePublished\":\"2023-03-20T20:50:06+00:00\",\"dateModified\":\"2023-03-20T20:59:04+00:00\",\"author\":{\"@id\":\"https:\/\/www.manaus.am.gov.br\/ccc\/#\/schema\/person\/4e49f4e267757a06ca072ec61b2b9968\"},\"description\":\"A Prefeitura de Manaus, por meio da Secretaria Municipal de Seguran\u00e7a P\u00fablica e Defesa Social (Semseg), recebeu, na manh\u00e3 desta segunda-feira, 20\/3, uma motocicleta Yamaha\/XTZ250 Lander, na sede da secretaria, localizada na Casa Militar, avenida Brasil, Compensa. Essa \u00e9 apenas uma das motocicletas que far\u00e3o parte dos projetos de ronda escolar e patrulhamento no Centro.\",\"inLanguage\":\"pt-BR\",\"potentialAction\":[{\"@type\":\"ReadAction\",\"target\":[\"https:\/\/www.manaus.am.gov.br\/ccc\/prefeitura-de-manaus-recebe-motocicleta-para-projetos-de-ronda-escolar-e-de-patrulhamento-no-centro\/\"]}]},{\"@type\":\"ImageObject\",\"inLanguage\":\"pt-BR\",\"@id\":\"https:\/\/www.manaus.am.gov.br\/ccc\/prefeitura-de-manaus-recebe-motocicleta-para-projetos-de-ronda-escolar-e-de-patrulhamento-no-centro\/#primaryimage\",\"url\":\"https:\/\/www.manaus.am.gov.br\/ccc\/wp-content\/uploads\/sites\/4\/2023\/03\/photo_4954288705317743284_y.jpg\",\"contentUrl\":\"https:\/\/www.manaus.am.gov.br\/ccc\/wp-content\/uploads\/sites\/4\/2023\/03\/photo_4954288705317743284_y.jpg\",\"width\":1280,\"height\":853},{\"@type\":\"WebSite\",\"@id\":\"https:\/\/www.manaus.am.gov.br\/ccc\/#website\",\"url\":\"https:\/\/www.manaus.am.gov.br\/ccc\/\",\"name\":\"CCC\",\"description\":\"Centro de Coopera\u00e7\u00e3o da Cidade\",\"alternateName\":\"Centro de Coopera\u00e7\u00e3o da Cidade\",\"potentialAction\":[{\"@type\":\"SearchAction\",\"target\":{\"@type\":\"EntryPoint\",\"urlTemplate\":\"https:\/\/www.manaus.am.gov.br\/ccc\/?s={search_term_string}\"},\"query-input\":\"required name=search_term_string\"}],\"inLanguage\":\"pt-BR\"},{\"@type\":\"Person\",\"@id\":\"https:\/\/www.manaus.am.gov.br\/ccc\/#\/schema\/person\/4e49f4e267757a06ca072ec61b2b9968\",\"name\":\"Adriana Costa\",\"image\":{\"@type\":\"ImageObject\",\"inLanguage\":\"pt-BR\",\"@id\":\"https:\/\/www.manaus.am.gov.br\/ccc\/#\/schema\/person\/image\/\",\"url\":\"https:\/\/secure.gravatar.com\/avatar\/576258617ef7194f718179e766d57bd4?s=96&d=mm&r=g\",\"contentUrl\":\"https:\/\/secure.gravatar.com\/avatar\/576258617ef7194f718179e766d57bd4?s=96&d=mm&r=g\",\"caption\":\"Adriana Costa\"}}]}<\/script>\n<!-- \/ Yoast SEO plugin. -->","yoast_head_json":{"title":"Prefeitura de Manaus recebe motocicleta para projetos de ronda escolar e de patrulhamento no Centro","description":"A Prefeitura de Manaus, por meio da Secretaria Municipal de Seguran\u00e7a P\u00fablica e Defesa Social (Semseg), recebeu, na manh\u00e3 desta segunda-feira, 20\/3, uma motocicleta Yamaha\/XTZ250 Lander, na sede da secretaria, localizada na Casa Militar, avenida Brasil, Compensa. Essa \u00e9 apenas uma das motocicletas que far\u00e3o parte dos projetos de ronda escolar e patrulhamento no Centro.","robots":{"index":"index","follow":"follow","max-snippet":"max-snippet:-1","max-image-preview":"max-image-preview:large","max-video-preview":"max-video-preview:-1"},"canonical":"https:\/\/www.manaus.am.gov.br\/ccc\/prefeitura-de-manaus-recebe-motocicleta-para-projetos-de-ronda-escolar-e-de-patrulhamento-no-centro\/","og_locale":"pt_BR","og_type":"article","og_title":"Prefeitura de Manaus recebe motocicleta para projetos de ronda escolar e de patrulhamento no Centro","og_description":"A Prefeitura de Manaus, por meio da Secretaria Municipal de Seguran\u00e7a P\u00fablica e Defesa Social (Semseg), recebeu, na manh\u00e3 desta segunda-feira, 20\/3, uma motocicleta Yamaha\/XTZ250 Lander, na sede da secretaria, localizada na Casa Militar, avenida Brasil, Compensa. Essa \u00e9 apenas uma das motocicletas que far\u00e3o parte dos projetos de ronda escolar e patrulhamento no Centro.","og_url":"https:\/\/www.manaus.am.gov.br\/ccc\/prefeitura-de-manaus-recebe-motocicleta-para-projetos-de-ronda-escolar-e-de-patrulhamento-no-centro\/","og_site_name":"CCC","article_published_time":"2023-03-20T20:50:06+00:00","article_modified_time":"2023-03-20T20:59:04+00:00","og_image":[{"width":1280,"height":853,"url":"https:\/\/www.manaus.am.gov.br\/ccc\/wp-content\/uploads\/sites\/4\/2023\/03\/photo_4954288705317743284_y.jpg","type":"image\/jpeg"}],"author":"Adriana Costa","twitter_card":"summary_large_image","twitter_misc":{"Written by":"Adriana Costa","Est. reading time":"2 minutos"},"schema":{"@context":"https:\/\/schema.org","@graph":[{"@type":"WebPage","@id":"https:\/\/www.manaus.am.gov.br\/ccc\/prefeitura-de-manaus-recebe-motocicleta-para-projetos-de-ronda-escolar-e-de-patrulhamento-no-centro\/","url":"https:\/\/www.manaus.am.gov.br\/ccc\/prefeitura-de-manaus-recebe-motocicleta-para-projetos-de-ronda-escolar-e-de-patrulhamento-no-centro\/","name":"Prefeitura de Manaus recebe motocicleta para projetos de ronda escolar e de patrulhamento no Centro","isPartOf":{"@id":"https:\/\/www.manaus.am.gov.br\/ccc\/#website"},"primaryImageOfPage":{"@id":"https:\/\/www.manaus.am.gov.br\/ccc\/prefeitura-de-manaus-recebe-motocicleta-para-projetos-de-ronda-escolar-e-de-patrulhamento-no-centro\/#primaryimage"},"image":{"@id":"https:\/\/www.manaus.am.gov.br\/ccc\/prefeitura-de-manaus-recebe-motocicleta-para-projetos-de-ronda-escolar-e-de-patrulhamento-no-centro\/#primaryimage"},"thumbnailUrl":"https:\/\/www.manaus.am.gov.br\/ccc\/wp-content\/uploads\/sites\/4\/2023\/03\/photo_4954288705317743284_y.jpg","datePublished":"2023-03-20T20:50:06+00:00","dateModified":"2023-03-20T20:59:04+00:00","author":{"@id":"https:\/\/www.manaus.am.gov.br\/ccc\/#\/schema\/person\/4e49f4e267757a06ca072ec61b2b9968"},"description":"A Prefeitura de Manaus, por meio da Secretaria Municipal de Seguran\u00e7a P\u00fablica e Defesa Social (Semseg), recebeu, na manh\u00e3 desta segunda-feira, 20\/3, uma motocicleta Yamaha\/XTZ250 Lander, na sede da secretaria, localizada na Casa Militar, avenida Brasil, Compensa. Essa \u00e9 apenas uma das motocicletas que far\u00e3o parte dos projetos de ronda escolar e patrulhamento no Centro.","inLanguage":"pt-BR","potentialAction":[{"@type":"ReadAction","target":["https:\/\/www.manaus.am.gov.br\/ccc\/prefeitura-de-manaus-recebe-motocicleta-para-projetos-de-ronda-escolar-e-de-patrulhamento-no-centro\/"]}]},{"@type":"ImageObject","inLanguage":"pt-BR","@id":"https:\/\/www.manaus.am.gov.br\/ccc\/prefeitura-de-manaus-recebe-motocicleta-para-projetos-de-ronda-escolar-e-de-patrulhamento-no-centro\/#primaryimage","url":"https:\/\/www.manaus.am.gov.br\/ccc\/wp-content\/uploads\/sites\/4\/2023\/03\/photo_4954288705317743284_y.jpg","contentUrl":"https:\/\/www.manaus.am.gov.br\/ccc\/wp-content\/uploads\/sites\/4\/2023\/03\/photo_4954288705317743284_y.jpg","width":1280,"height":853},{"@type":"WebSite","@id":"https:\/\/www.manaus.am.gov.br\/ccc\/#website","url":"https:\/\/www.manaus.am.gov.br\/ccc\/","name":"CCC","description":"Centro de Coopera\u00e7\u00e3o da Cidade","alternateName":"Centro de Coopera\u00e7\u00e3o da Cidade","potentialAction":[{"@type":"SearchAction","target":{"@type":"EntryPoint","urlTemplate":"https:\/\/www.manaus.am.gov.br\/ccc\/?s={search_term_string}"},"query-input":"required name=search_term_string"}],"inLanguage":"pt-BR"},{"@type":"Person","@id":"https:\/\/www.manaus.am.gov.br\/ccc\/#\/schema\/person\/4e49f4e267757a06ca072ec61b2b9968","name":"Adriana Costa","image":{"@type":"ImageObject","inLanguage":"pt-BR","@id":"https:\/\/www.manaus.am.gov.br\/ccc\/#\/schema\/person\/image\/","url":"https:\/\/secure.gravatar.com\/avatar\/576258617ef7194f718179e766d57bd4?s=96&d=mm&r=g","contentUrl":"https:\/\/secure.gravatar.com\/avatar\/576258617ef7194f718179e766d57bd4?s=96&d=mm&r=g","caption":"Adriana Costa"}}]}},"_links":{"self":[{"href":"https:\/\/www.manaus.am.gov.br\/ccc\/wp-json\/wp\/v2\/posts\/373"}],"collection":[{"href":"https:\/\/www.manaus.am.gov.br\/ccc\/wp-json\/wp\/v2\/posts"}],"about":[{"href":"https:\/\/www.manaus.am.gov.br\/ccc\/wp-json\/wp\/v2\/types\/post"}],"author":[{"embeddable":true,"href":"https:\/\/www.manaus.am.gov.br\/ccc\/wp-json\/wp\/v2\/users\/23"}],"replies":[{"embeddable":true,"href":"https:\/\/www.manaus.am.gov.br\/ccc\/wp-json\/wp\/v2\/comments?post=373"}],"version-history":[{"count":1,"href":"https:\/\/www.manaus.am.gov.br\/ccc\/wp-json\/wp\/v2\/posts\/373\/revisions"}],"predecessor-version":[{"id":375,"href":"https:\/\/www.manaus.am.gov.br\/ccc\/wp-json\/wp\/v2\/posts\/373\/revisions\/375"}],"wp:featuredmedia":[{"embeddable":true,"href":"https:\/\/www.manaus.am.gov.br\/ccc\/wp-json\/wp\/v2\/media\/374"}],"wp:attachment":[{"href":"https:\/\/www.manaus.am.gov.br\/ccc\/wp-json\/wp\/v2\/media?parent=373"}],"wp:term":[{"taxonomy":"category","embeddable":true,"href":"https:\/\/www.manaus.am.gov.br\/ccc\/wp-json\/wp\/v2\/categories?post=373"},{"taxonomy":"post_tag","embeddable":true,"href":"https:\/\/www.manaus.am.gov.br\/ccc\/wp-json\/wp\/v2\/tags?post=373"}],"curies":[{"name":"wp","href":"https:\/\/api.w.org\/{rel}","templated":true}]}}