{"id":357,"date":"2023-03-12T19:23:08","date_gmt":"2023-03-12T23:23:08","guid":{"rendered":"https:\/\/www.manaus.am.gov.br\/ccc\/prefeitura-de-manaus-contabiliza-mais-de-120-ocorrencias-de-chuva-neste-domingo\/"},"modified":"2023-03-12T19:23:11","modified_gmt":"2023-03-12T23:23:11","slug":"prefeitura-de-manaus-contabiliza-mais-de-120-ocorrencias-de-chuva-neste-domingo","status":"publish","type":"post","link":"https:\/\/www.manaus.am.gov.br\/ccc\/prefeitura-de-manaus-contabiliza-mais-de-120-ocorrencias-de-chuva-neste-domingo\/","title":{"rendered":"<strong>Prefeitura de Manaus contabiliza mais de 120 ocorr\u00eancias de chuva neste domingo<\/strong>"},"content":{"rendered":"\n<p>A Prefeitura de Manaus, por meio do Centro de Coopera\u00e7\u00e3o da Cidade (CCC), registrou mais de 120 ocorr\u00eancias de Defesa Civil e Tr\u00e2nsito por toda a cidade. Uma opera\u00e7\u00e3o conjunta foi feita, logo na manh\u00e3 deste domingo, 12\/3, atendendo os bairros mais afetados da capital amazonense.<\/p>\n\n\n\n<p>Na noite de s\u00e1bado, o Sistema Nacional de Defesa Civil emitiu um alerta de chuva acima da m\u00e9dia na capital amazonense&nbsp; e, por meio da Central 199 da Defesa Civil, que funciona no CCC, mais de 105 ocorr\u00eancias de Defesa Civil j\u00e1 tinham sido registradas at\u00e9 as 18h deste &nbsp;domingo. Com o apoio das secretarias de Assist\u00eancia Social (Semasc) e Infraestrutura (Seminf), os bairros mais afetados foram atendidos em urg\u00eancia, com uma opera\u00e7\u00e3o conjunta.<\/p>\n\n\n\n<p>A zona Norte foi a mais impactada nos bairros Monte das Oliveiras e Cidade Nova, com maior incid\u00eancia de pontos de alagamentos e deslizamento. A a\u00e7\u00e3o integrada da Defesa Civil com a Semasc garantiu atendimento para mais de 60 fam\u00edlias afetadas pelas fortes chuvas do final de semana.<\/p>\n\n\n\n<p>Segundo o diretor de Opera\u00e7\u00f5es da Defesa Civil de Manaus, Jos\u00e9 Mendes, a determina\u00e7\u00e3o do prefeito David Almeida \u00e9 de priorizar as fam\u00edlias. &#8220;Desde ontem, a Defesa civil segue atuando nas ocorr\u00eancias, &nbsp;que j\u00e1 ultrapassam 60 atendimentos no dia de hoje, sendo a maior parte deles de alagamentos. O prefeito David Almeida solicitou que a nossa aten\u00e7\u00e3o estivesse voltada, principalmente, para as fam\u00edlias nesse momento em que muitas perderam tudo&#8221;, afirma Mendes.<\/p>\n\n\n\n<p>A previs\u00e3o de chuva para este domingo, segundo o Centro de Atendimento e Monitoramento Meteorol\u00f3gico (Cemaden), \u00e9 superior a 100 mil\u00edmetros e, por isso, desde o in\u00edcio da madrugada, o status da cidade foi alterado para est\u00e1gio de \u201cAten\u00e7\u00e3o\u201d, quando os servi\u00e7os e for\u00e7as de seguran\u00e7a se preparam para m\u00faltiplas ocorr\u00eancias de alto impacto.<\/p>\n\n\n\n<p>Em menor escala, o Instituto Municipal de Mobilidade Urbana (IMMU) tamb\u00e9m registrou 17 ocorr\u00eancias de tr\u00e2nsito, com dois acidentes com danos materiais e um com v\u00edtima lesionada. Os sem\u00e1foros inoperantes foram quatro, gerando um impacto m\u00e9dio no tr\u00e1fego.<\/p>\n\n\n\n<p>Os agentes municipais seguem atuando nas centrais telef\u00f4nicas, registrando as ocorr\u00eancias no Centro de Coopera\u00e7\u00e3o que funciona 24 horas.<\/p>\n\n\n\n<p>&#8212; &#8212; &#8212;<\/p>\n\n\n\n<p><strong>Texto<\/strong>&nbsp;\u2013 Jamyly Macedo\/CCC<\/p>\n\n\n\n<p><strong>Fotos<\/strong>&nbsp;\u2013 Divulga\u00e7\u00e3o\/CCC<\/p>\n\n\n\n<p><\/p>\n","protected":false},"excerpt":{"rendered":"","protected":false},"author":23,"featured_media":358,"comment_status":"closed","ping_status":"closed","sticky":false,"template":"","format":"standard","meta":{"footnotes":""},"categories":[59],"tags":[60,61,11,62,58,38],"acf":[],"yoast_head":"<!-- This site is optimized with the Yoast SEO plugin v23.0 - https:\/\/yoast.com\/wordpress\/plugins\/seo\/ -->\n<title>Prefeitura de Manaus contabiliza mais de 120 ocorr\u00eancias de chuva neste domingo<\/title>\n<meta name=\"description\" content=\"A Prefeitura de Manaus, por meio do Centro de Coopera\u00e7\u00e3o da Cidade (CCC), registrou mais de 120 ocorr\u00eancias de Defesa Civil e Tr\u00e2nsito por toda a cidade. Uma opera\u00e7\u00e3o conjunta foi feita, logo na manh\u00e3 deste domingo, 12\/3, atendendo os bairros mais afetados da capital amazonense.\" \/>\n<meta name=\"robots\" content=\"index, follow, max-snippet:-1, max-image-preview:large, max-video-preview:-1\" \/>\n<link rel=\"canonical\" href=\"https:\/\/www.manaus.am.gov.br\/ccc\/prefeitura-de-manaus-contabiliza-mais-de-120-ocorrencias-de-chuva-neste-domingo\/\" \/>\n<meta property=\"og:locale\" content=\"pt_BR\" \/>\n<meta property=\"og:type\" content=\"article\" \/>\n<meta property=\"og:title\" content=\"Prefeitura de Manaus contabiliza mais de 120 ocorr\u00eancias de chuva neste domingo\" \/>\n<meta property=\"og:description\" content=\"A Prefeitura de Manaus, por meio do Centro de Coopera\u00e7\u00e3o da Cidade (CCC), registrou mais de 120 ocorr\u00eancias de Defesa Civil e Tr\u00e2nsito por toda a cidade. Uma opera\u00e7\u00e3o conjunta foi feita, logo na manh\u00e3 deste domingo, 12\/3, atendendo os bairros mais afetados da capital amazonense.\" \/>\n<meta property=\"og:url\" content=\"https:\/\/www.manaus.am.gov.br\/ccc\/prefeitura-de-manaus-contabiliza-mais-de-120-ocorrencias-de-chuva-neste-domingo\/\" \/>\n<meta property=\"og:site_name\" content=\"CCC\" \/>\n<meta property=\"article:published_time\" content=\"2023-03-12T23:23:08+00:00\" \/>\n<meta property=\"article:modified_time\" content=\"2023-03-12T23:23:11+00:00\" \/>\n<meta property=\"og:image\" content=\"https:\/\/www.manaus.am.gov.br\/ccc\/wp-content\/uploads\/sites\/4\/2023\/03\/20230312_155641-scaled.jpg\" \/>\n\t<meta property=\"og:image:width\" content=\"2560\" \/>\n\t<meta property=\"og:image:height\" content=\"1183\" \/>\n\t<meta property=\"og:image:type\" content=\"image\/jpeg\" \/>\n<meta name=\"author\" content=\"Adriana Costa\" \/>\n<meta name=\"twitter:card\" content=\"summary_large_image\" \/>\n<meta name=\"twitter:label1\" content=\"Written by\" \/>\n\t<meta name=\"twitter:data1\" content=\"Adriana Costa\" \/>\n\t<meta name=\"twitter:label2\" content=\"Est. reading time\" \/>\n\t<meta name=\"twitter:data2\" content=\"2 minutos\" \/>\n<script type=\"application\/ld+json\" class=\"yoast-schema-graph\">{\"@context\":\"https:\/\/schema.org\",\"@graph\":[{\"@type\":\"WebPage\",\"@id\":\"https:\/\/www.manaus.am.gov.br\/ccc\/prefeitura-de-manaus-contabiliza-mais-de-120-ocorrencias-de-chuva-neste-domingo\/\",\"url\":\"https:\/\/www.manaus.am.gov.br\/ccc\/prefeitura-de-manaus-contabiliza-mais-de-120-ocorrencias-de-chuva-neste-domingo\/\",\"name\":\"Prefeitura de Manaus contabiliza mais de 120 ocorr\u00eancias de chuva neste domingo\",\"isPartOf\":{\"@id\":\"https:\/\/www.manaus.am.gov.br\/ccc\/#website\"},\"primaryImageOfPage\":{\"@id\":\"https:\/\/www.manaus.am.gov.br\/ccc\/prefeitura-de-manaus-contabiliza-mais-de-120-ocorrencias-de-chuva-neste-domingo\/#primaryimage\"},\"image\":{\"@id\":\"https:\/\/www.manaus.am.gov.br\/ccc\/prefeitura-de-manaus-contabiliza-mais-de-120-ocorrencias-de-chuva-neste-domingo\/#primaryimage\"},\"thumbnailUrl\":\"https:\/\/www.manaus.am.gov.br\/ccc\/wp-content\/uploads\/sites\/4\/2023\/03\/20230312_155641-scaled.jpg\",\"datePublished\":\"2023-03-12T23:23:08+00:00\",\"dateModified\":\"2023-03-12T23:23:11+00:00\",\"author\":{\"@id\":\"https:\/\/www.manaus.am.gov.br\/ccc\/#\/schema\/person\/4e49f4e267757a06ca072ec61b2b9968\"},\"description\":\"A Prefeitura de Manaus, por meio do Centro de Coopera\u00e7\u00e3o da Cidade (CCC), registrou mais de 120 ocorr\u00eancias de Defesa Civil e Tr\u00e2nsito por toda a cidade. Uma opera\u00e7\u00e3o conjunta foi feita, logo na manh\u00e3 deste domingo, 12\/3, atendendo os bairros mais afetados da capital amazonense.\",\"inLanguage\":\"pt-BR\",\"potentialAction\":[{\"@type\":\"ReadAction\",\"target\":[\"https:\/\/www.manaus.am.gov.br\/ccc\/prefeitura-de-manaus-contabiliza-mais-de-120-ocorrencias-de-chuva-neste-domingo\/\"]}]},{\"@type\":\"ImageObject\",\"inLanguage\":\"pt-BR\",\"@id\":\"https:\/\/www.manaus.am.gov.br\/ccc\/prefeitura-de-manaus-contabiliza-mais-de-120-ocorrencias-de-chuva-neste-domingo\/#primaryimage\",\"url\":\"https:\/\/www.manaus.am.gov.br\/ccc\/wp-content\/uploads\/sites\/4\/2023\/03\/20230312_155641-scaled.jpg\",\"contentUrl\":\"https:\/\/www.manaus.am.gov.br\/ccc\/wp-content\/uploads\/sites\/4\/2023\/03\/20230312_155641-scaled.jpg\",\"width\":2560,\"height\":1183},{\"@type\":\"WebSite\",\"@id\":\"https:\/\/www.manaus.am.gov.br\/ccc\/#website\",\"url\":\"https:\/\/www.manaus.am.gov.br\/ccc\/\",\"name\":\"CCC\",\"description\":\"Centro de Coopera\u00e7\u00e3o da Cidade\",\"alternateName\":\"Centro de Coopera\u00e7\u00e3o da Cidade\",\"potentialAction\":[{\"@type\":\"SearchAction\",\"target\":{\"@type\":\"EntryPoint\",\"urlTemplate\":\"https:\/\/www.manaus.am.gov.br\/ccc\/?s={search_term_string}\"},\"query-input\":\"required name=search_term_string\"}],\"inLanguage\":\"pt-BR\"},{\"@type\":\"Person\",\"@id\":\"https:\/\/www.manaus.am.gov.br\/ccc\/#\/schema\/person\/4e49f4e267757a06ca072ec61b2b9968\",\"name\":\"Adriana Costa\",\"image\":{\"@type\":\"ImageObject\",\"inLanguage\":\"pt-BR\",\"@id\":\"https:\/\/www.manaus.am.gov.br\/ccc\/#\/schema\/person\/image\/\",\"url\":\"https:\/\/secure.gravatar.com\/avatar\/576258617ef7194f718179e766d57bd4?s=96&d=mm&r=g\",\"contentUrl\":\"https:\/\/secure.gravatar.com\/avatar\/576258617ef7194f718179e766d57bd4?s=96&d=mm&r=g\",\"caption\":\"Adriana Costa\"}}]}<\/script>\n<!-- \/ Yoast SEO plugin. -->","yoast_head_json":{"title":"Prefeitura de Manaus contabiliza mais de 120 ocorr\u00eancias de chuva neste domingo","description":"A Prefeitura de Manaus, por meio do Centro de Coopera\u00e7\u00e3o da Cidade (CCC), registrou mais de 120 ocorr\u00eancias de Defesa Civil e Tr\u00e2nsito por toda a cidade. Uma opera\u00e7\u00e3o conjunta foi feita, logo na manh\u00e3 deste domingo, 12\/3, atendendo os bairros mais afetados da capital amazonense.","robots":{"index":"index","follow":"follow","max-snippet":"max-snippet:-1","max-image-preview":"max-image-preview:large","max-video-preview":"max-video-preview:-1"},"canonical":"https:\/\/www.manaus.am.gov.br\/ccc\/prefeitura-de-manaus-contabiliza-mais-de-120-ocorrencias-de-chuva-neste-domingo\/","og_locale":"pt_BR","og_type":"article","og_title":"Prefeitura de Manaus contabiliza mais de 120 ocorr\u00eancias de chuva neste domingo","og_description":"A Prefeitura de Manaus, por meio do Centro de Coopera\u00e7\u00e3o da Cidade (CCC), registrou mais de 120 ocorr\u00eancias de Defesa Civil e Tr\u00e2nsito por toda a cidade. Uma opera\u00e7\u00e3o conjunta foi feita, logo na manh\u00e3 deste domingo, 12\/3, atendendo os bairros mais afetados da capital amazonense.","og_url":"https:\/\/www.manaus.am.gov.br\/ccc\/prefeitura-de-manaus-contabiliza-mais-de-120-ocorrencias-de-chuva-neste-domingo\/","og_site_name":"CCC","article_published_time":"2023-03-12T23:23:08+00:00","article_modified_time":"2023-03-12T23:23:11+00:00","og_image":[{"width":2560,"height":1183,"url":"https:\/\/www.manaus.am.gov.br\/ccc\/wp-content\/uploads\/sites\/4\/2023\/03\/20230312_155641-scaled.jpg","type":"image\/jpeg"}],"author":"Adriana Costa","twitter_card":"summary_large_image","twitter_misc":{"Written by":"Adriana Costa","Est. reading time":"2 minutos"},"schema":{"@context":"https:\/\/schema.org","@graph":[{"@type":"WebPage","@id":"https:\/\/www.manaus.am.gov.br\/ccc\/prefeitura-de-manaus-contabiliza-mais-de-120-ocorrencias-de-chuva-neste-domingo\/","url":"https:\/\/www.manaus.am.gov.br\/ccc\/prefeitura-de-manaus-contabiliza-mais-de-120-ocorrencias-de-chuva-neste-domingo\/","name":"Prefeitura de Manaus contabiliza mais de 120 ocorr\u00eancias de chuva neste domingo","isPartOf":{"@id":"https:\/\/www.manaus.am.gov.br\/ccc\/#website"},"primaryImageOfPage":{"@id":"https:\/\/www.manaus.am.gov.br\/ccc\/prefeitura-de-manaus-contabiliza-mais-de-120-ocorrencias-de-chuva-neste-domingo\/#primaryimage"},"image":{"@id":"https:\/\/www.manaus.am.gov.br\/ccc\/prefeitura-de-manaus-contabiliza-mais-de-120-ocorrencias-de-chuva-neste-domingo\/#primaryimage"},"thumbnailUrl":"https:\/\/www.manaus.am.gov.br\/ccc\/wp-content\/uploads\/sites\/4\/2023\/03\/20230312_155641-scaled.jpg","datePublished":"2023-03-12T23:23:08+00:00","dateModified":"2023-03-12T23:23:11+00:00","author":{"@id":"https:\/\/www.manaus.am.gov.br\/ccc\/#\/schema\/person\/4e49f4e267757a06ca072ec61b2b9968"},"description":"A Prefeitura de Manaus, por meio do Centro de Coopera\u00e7\u00e3o da Cidade (CCC), registrou mais de 120 ocorr\u00eancias de Defesa Civil e Tr\u00e2nsito por toda a cidade. Uma opera\u00e7\u00e3o conjunta foi feita, logo na manh\u00e3 deste domingo, 12\/3, atendendo os bairros mais afetados da capital amazonense.","inLanguage":"pt-BR","potentialAction":[{"@type":"ReadAction","target":["https:\/\/www.manaus.am.gov.br\/ccc\/prefeitura-de-manaus-contabiliza-mais-de-120-ocorrencias-de-chuva-neste-domingo\/"]}]},{"@type":"ImageObject","inLanguage":"pt-BR","@id":"https:\/\/www.manaus.am.gov.br\/ccc\/prefeitura-de-manaus-contabiliza-mais-de-120-ocorrencias-de-chuva-neste-domingo\/#primaryimage","url":"https:\/\/www.manaus.am.gov.br\/ccc\/wp-content\/uploads\/sites\/4\/2023\/03\/20230312_155641-scaled.jpg","contentUrl":"https:\/\/www.manaus.am.gov.br\/ccc\/wp-content\/uploads\/sites\/4\/2023\/03\/20230312_155641-scaled.jpg","width":2560,"height":1183},{"@type":"WebSite","@id":"https:\/\/www.manaus.am.gov.br\/ccc\/#website","url":"https:\/\/www.manaus.am.gov.br\/ccc\/","name":"CCC","description":"Centro de Coopera\u00e7\u00e3o da Cidade","alternateName":"Centro de Coopera\u00e7\u00e3o da Cidade","potentialAction":[{"@type":"SearchAction","target":{"@type":"EntryPoint","urlTemplate":"https:\/\/www.manaus.am.gov.br\/ccc\/?s={search_term_string}"},"query-input":"required name=search_term_string"}],"inLanguage":"pt-BR"},{"@type":"Person","@id":"https:\/\/www.manaus.am.gov.br\/ccc\/#\/schema\/person\/4e49f4e267757a06ca072ec61b2b9968","name":"Adriana Costa","image":{"@type":"ImageObject","inLanguage":"pt-BR","@id":"https:\/\/www.manaus.am.gov.br\/ccc\/#\/schema\/person\/image\/","url":"https:\/\/secure.gravatar.com\/avatar\/576258617ef7194f718179e766d57bd4?s=96&d=mm&r=g","contentUrl":"https:\/\/secure.gravatar.com\/avatar\/576258617ef7194f718179e766d57bd4?s=96&d=mm&r=g","caption":"Adriana Costa"}}]}},"_links":{"self":[{"href":"https:\/\/www.manaus.am.gov.br\/ccc\/wp-json\/wp\/v2\/posts\/357"}],"collection":[{"href":"https:\/\/www.manaus.am.gov.br\/ccc\/wp-json\/wp\/v2\/posts"}],"about":[{"href":"https:\/\/www.manaus.am.gov.br\/ccc\/wp-json\/wp\/v2\/types\/post"}],"author":[{"embeddable":true,"href":"https:\/\/www.manaus.am.gov.br\/ccc\/wp-json\/wp\/v2\/users\/23"}],"replies":[{"embeddable":true,"href":"https:\/\/www.manaus.am.gov.br\/ccc\/wp-json\/wp\/v2\/comments?post=357"}],"version-history":[{"count":0,"href":"https:\/\/www.manaus.am.gov.br\/ccc\/wp-json\/wp\/v2\/posts\/357\/revisions"}],"wp:featuredmedia":[{"embeddable":true,"href":"https:\/\/www.manaus.am.gov.br\/ccc\/wp-json\/wp\/v2\/media\/358"}],"wp:attachment":[{"href":"https:\/\/www.manaus.am.gov.br\/ccc\/wp-json\/wp\/v2\/media?parent=357"}],"wp:term":[{"taxonomy":"category","embeddable":true,"href":"https:\/\/www.manaus.am.gov.br\/ccc\/wp-json\/wp\/v2\/categories?post=357"},{"taxonomy":"post_tag","embeddable":true,"href":"https:\/\/www.manaus.am.gov.br\/ccc\/wp-json\/wp\/v2\/tags?post=357"}],"curies":[{"name":"wp","href":"https:\/\/api.w.org\/{rel}","templated":true}]}}