{"id":354,"date":"2023-03-12T17:39:17","date_gmt":"2023-03-12T21:39:17","guid":{"rendered":"https:\/\/www.manaus.am.gov.br\/ccc\/prefeitura-recebe-mais-de-70-ocorrencias-pela-central-199\/"},"modified":"2023-03-12T17:39:20","modified_gmt":"2023-03-12T21:39:20","slug":"prefeitura-recebe-mais-de-70-ocorrencias-pela-central-199","status":"publish","type":"post","link":"https:\/\/www.manaus.am.gov.br\/ccc\/prefeitura-recebe-mais-de-70-ocorrencias-pela-central-199\/","title":{"rendered":"<strong>Prefeitura recebe mais de 70 ocorr\u00eancias pela Central 199<\/strong>"},"content":{"rendered":"\n<p>A Prefeitura de Manaus, via Secretaria Municipal de Seguran\u00e7a P\u00fablica e Defesa Social (Semseg), recebeu, pela Central 199 no Centro de Coopera\u00e7\u00e3o da Cidade (CCC), mais de 70 ocorr\u00eancias em todas as zonas da cidade.<\/p>\n\n\n\n<p>Os bairros mais afetados foram Jorge Teixeira, Monte das Oliveiras e Cidade Nova. A a\u00e7\u00e3o conjunta da Defesa Civil com a Secretaria Municipal de Assist\u00eancia Social (Semasc) tem garantido aux\u00edlio as mais de 60 fam\u00edlias afetadas pelas fortes chuvas do final de semana.<\/p>\n\n\n\n<p>Segundo o diretor de opera\u00e7\u00f5es da Defesa Civil de Manaus, o trabalho come\u00e7ou \u00e0s 8h de s\u00e1bado, 11\/3. &#8220;Desde ontem, a Defesa Civil segue atuando nas ocorr\u00eancias que j\u00e1 ultrapassam 60 atendimentos no dia de hoje, sendo a maior parte deles de alagamentos&#8221;, afirmou Mendes.<\/p>\n\n\n\n<p>A previs\u00e3o de chuva para este domingo, segundo o Centro de Atendimento e Monitoramento Meteorol\u00f3gico (Cemaden), foi de mais de 100 mil\u00edmetros de chuva.<\/p>\n\n\n\n<p><strong>&#8212; &#8212; &#8212;<\/strong><\/p>\n\n\n\n<p><strong>Texto \u2013&nbsp;<\/strong>Jamyly Macedo\/CCC<\/p>\n\n\n\n<p><strong>Fotos \u2013&nbsp;<\/strong>Aguilar Abecassis \/ Semcom<\/p>\n\n\n\n<p><\/p>\n","protected":false},"excerpt":{"rendered":"","protected":false},"author":23,"featured_media":355,"comment_status":"closed","ping_status":"closed","sticky":false,"template":"","format":"standard","meta":{"footnotes":""},"categories":[28],"tags":[11,57,58,38],"acf":[],"yoast_head":"<!-- This site is optimized with the Yoast SEO plugin v23.0 - https:\/\/yoast.com\/wordpress\/plugins\/seo\/ -->\n<title>Prefeitura recebe mais de 70 ocorr\u00eancias pela Central 199<\/title>\n<meta name=\"description\" content=\"A Prefeitura de Manaus, via Secretaria Municipal de Seguran\u00e7a P\u00fablica e Defesa Social (Semseg), recebeu, pela Central 199 no Centro de Coopera\u00e7\u00e3o da Cidade (CCC), mais de 70 ocorr\u00eancias em todas as zonas da cidade.\" \/>\n<meta name=\"robots\" content=\"index, follow, max-snippet:-1, max-image-preview:large, max-video-preview:-1\" \/>\n<link rel=\"canonical\" href=\"https:\/\/www.manaus.am.gov.br\/ccc\/prefeitura-recebe-mais-de-70-ocorrencias-pela-central-199\/\" \/>\n<meta property=\"og:locale\" content=\"pt_BR\" \/>\n<meta property=\"og:type\" content=\"article\" \/>\n<meta property=\"og:title\" content=\"Prefeitura recebe mais de 70 ocorr\u00eancias pela Central 199\" \/>\n<meta property=\"og:description\" content=\"A Prefeitura de Manaus, via Secretaria Municipal de Seguran\u00e7a P\u00fablica e Defesa Social (Semseg), recebeu, pela Central 199 no Centro de Coopera\u00e7\u00e3o da Cidade (CCC), mais de 70 ocorr\u00eancias em todas as zonas da cidade.\" \/>\n<meta property=\"og:url\" content=\"https:\/\/www.manaus.am.gov.br\/ccc\/prefeitura-recebe-mais-de-70-ocorrencias-pela-central-199\/\" \/>\n<meta property=\"og:site_name\" content=\"CCC\" \/>\n<meta property=\"article:published_time\" content=\"2023-03-12T21:39:17+00:00\" \/>\n<meta property=\"article:modified_time\" content=\"2023-03-12T21:39:20+00:00\" \/>\n<meta property=\"og:image\" content=\"https:\/\/www.manaus.am.gov.br\/ccc\/wp-content\/uploads\/sites\/4\/2023\/03\/52743325820_88f89179e1_c-1.jpg\" \/>\n\t<meta property=\"og:image:width\" content=\"799\" \/>\n\t<meta property=\"og:image:height\" content=\"533\" \/>\n\t<meta property=\"og:image:type\" content=\"image\/jpeg\" \/>\n<meta name=\"author\" content=\"Adriana Costa\" \/>\n<meta name=\"twitter:card\" content=\"summary_large_image\" \/>\n<meta name=\"twitter:label1\" content=\"Written by\" \/>\n\t<meta name=\"twitter:data1\" content=\"Adriana Costa\" \/>\n\t<meta name=\"twitter:label2\" content=\"Est. reading time\" \/>\n\t<meta name=\"twitter:data2\" content=\"1 minuto\" \/>\n<script type=\"application\/ld+json\" class=\"yoast-schema-graph\">{\"@context\":\"https:\/\/schema.org\",\"@graph\":[{\"@type\":\"WebPage\",\"@id\":\"https:\/\/www.manaus.am.gov.br\/ccc\/prefeitura-recebe-mais-de-70-ocorrencias-pela-central-199\/\",\"url\":\"https:\/\/www.manaus.am.gov.br\/ccc\/prefeitura-recebe-mais-de-70-ocorrencias-pela-central-199\/\",\"name\":\"Prefeitura recebe mais de 70 ocorr\u00eancias pela Central 199\",\"isPartOf\":{\"@id\":\"https:\/\/www.manaus.am.gov.br\/ccc\/#website\"},\"primaryImageOfPage\":{\"@id\":\"https:\/\/www.manaus.am.gov.br\/ccc\/prefeitura-recebe-mais-de-70-ocorrencias-pela-central-199\/#primaryimage\"},\"image\":{\"@id\":\"https:\/\/www.manaus.am.gov.br\/ccc\/prefeitura-recebe-mais-de-70-ocorrencias-pela-central-199\/#primaryimage\"},\"thumbnailUrl\":\"https:\/\/www.manaus.am.gov.br\/ccc\/wp-content\/uploads\/sites\/4\/2023\/03\/52743325820_88f89179e1_c-1.jpg\",\"datePublished\":\"2023-03-12T21:39:17+00:00\",\"dateModified\":\"2023-03-12T21:39:20+00:00\",\"author\":{\"@id\":\"https:\/\/www.manaus.am.gov.br\/ccc\/#\/schema\/person\/4e49f4e267757a06ca072ec61b2b9968\"},\"description\":\"A Prefeitura de Manaus, via Secretaria Municipal de Seguran\u00e7a P\u00fablica e Defesa Social (Semseg), recebeu, pela Central 199 no Centro de Coopera\u00e7\u00e3o da Cidade (CCC), mais de 70 ocorr\u00eancias em todas as zonas da cidade.\",\"inLanguage\":\"pt-BR\",\"potentialAction\":[{\"@type\":\"ReadAction\",\"target\":[\"https:\/\/www.manaus.am.gov.br\/ccc\/prefeitura-recebe-mais-de-70-ocorrencias-pela-central-199\/\"]}]},{\"@type\":\"ImageObject\",\"inLanguage\":\"pt-BR\",\"@id\":\"https:\/\/www.manaus.am.gov.br\/ccc\/prefeitura-recebe-mais-de-70-ocorrencias-pela-central-199\/#primaryimage\",\"url\":\"https:\/\/www.manaus.am.gov.br\/ccc\/wp-content\/uploads\/sites\/4\/2023\/03\/52743325820_88f89179e1_c-1.jpg\",\"contentUrl\":\"https:\/\/www.manaus.am.gov.br\/ccc\/wp-content\/uploads\/sites\/4\/2023\/03\/52743325820_88f89179e1_c-1.jpg\",\"width\":799,\"height\":533},{\"@type\":\"WebSite\",\"@id\":\"https:\/\/www.manaus.am.gov.br\/ccc\/#website\",\"url\":\"https:\/\/www.manaus.am.gov.br\/ccc\/\",\"name\":\"CCC\",\"description\":\"Centro de Coopera\u00e7\u00e3o da Cidade\",\"alternateName\":\"Centro de Coopera\u00e7\u00e3o da Cidade\",\"potentialAction\":[{\"@type\":\"SearchAction\",\"target\":{\"@type\":\"EntryPoint\",\"urlTemplate\":\"https:\/\/www.manaus.am.gov.br\/ccc\/?s={search_term_string}\"},\"query-input\":\"required name=search_term_string\"}],\"inLanguage\":\"pt-BR\"},{\"@type\":\"Person\",\"@id\":\"https:\/\/www.manaus.am.gov.br\/ccc\/#\/schema\/person\/4e49f4e267757a06ca072ec61b2b9968\",\"name\":\"Adriana Costa\",\"image\":{\"@type\":\"ImageObject\",\"inLanguage\":\"pt-BR\",\"@id\":\"https:\/\/www.manaus.am.gov.br\/ccc\/#\/schema\/person\/image\/\",\"url\":\"https:\/\/secure.gravatar.com\/avatar\/576258617ef7194f718179e766d57bd4?s=96&d=mm&r=g\",\"contentUrl\":\"https:\/\/secure.gravatar.com\/avatar\/576258617ef7194f718179e766d57bd4?s=96&d=mm&r=g\",\"caption\":\"Adriana Costa\"}}]}<\/script>\n<!-- \/ Yoast SEO plugin. -->","yoast_head_json":{"title":"Prefeitura recebe mais de 70 ocorr\u00eancias pela Central 199","description":"A Prefeitura de Manaus, via Secretaria Municipal de Seguran\u00e7a P\u00fablica e Defesa Social (Semseg), recebeu, pela Central 199 no Centro de Coopera\u00e7\u00e3o da Cidade (CCC), mais de 70 ocorr\u00eancias em todas as zonas da cidade.","robots":{"index":"index","follow":"follow","max-snippet":"max-snippet:-1","max-image-preview":"max-image-preview:large","max-video-preview":"max-video-preview:-1"},"canonical":"https:\/\/www.manaus.am.gov.br\/ccc\/prefeitura-recebe-mais-de-70-ocorrencias-pela-central-199\/","og_locale":"pt_BR","og_type":"article","og_title":"Prefeitura recebe mais de 70 ocorr\u00eancias pela Central 199","og_description":"A Prefeitura de Manaus, via Secretaria Municipal de Seguran\u00e7a P\u00fablica e Defesa Social (Semseg), recebeu, pela Central 199 no Centro de Coopera\u00e7\u00e3o da Cidade (CCC), mais de 70 ocorr\u00eancias em todas as zonas da cidade.","og_url":"https:\/\/www.manaus.am.gov.br\/ccc\/prefeitura-recebe-mais-de-70-ocorrencias-pela-central-199\/","og_site_name":"CCC","article_published_time":"2023-03-12T21:39:17+00:00","article_modified_time":"2023-03-12T21:39:20+00:00","og_image":[{"width":799,"height":533,"url":"https:\/\/www.manaus.am.gov.br\/ccc\/wp-content\/uploads\/sites\/4\/2023\/03\/52743325820_88f89179e1_c-1.jpg","type":"image\/jpeg"}],"author":"Adriana Costa","twitter_card":"summary_large_image","twitter_misc":{"Written by":"Adriana Costa","Est. reading time":"1 minuto"},"schema":{"@context":"https:\/\/schema.org","@graph":[{"@type":"WebPage","@id":"https:\/\/www.manaus.am.gov.br\/ccc\/prefeitura-recebe-mais-de-70-ocorrencias-pela-central-199\/","url":"https:\/\/www.manaus.am.gov.br\/ccc\/prefeitura-recebe-mais-de-70-ocorrencias-pela-central-199\/","name":"Prefeitura recebe mais de 70 ocorr\u00eancias pela Central 199","isPartOf":{"@id":"https:\/\/www.manaus.am.gov.br\/ccc\/#website"},"primaryImageOfPage":{"@id":"https:\/\/www.manaus.am.gov.br\/ccc\/prefeitura-recebe-mais-de-70-ocorrencias-pela-central-199\/#primaryimage"},"image":{"@id":"https:\/\/www.manaus.am.gov.br\/ccc\/prefeitura-recebe-mais-de-70-ocorrencias-pela-central-199\/#primaryimage"},"thumbnailUrl":"https:\/\/www.manaus.am.gov.br\/ccc\/wp-content\/uploads\/sites\/4\/2023\/03\/52743325820_88f89179e1_c-1.jpg","datePublished":"2023-03-12T21:39:17+00:00","dateModified":"2023-03-12T21:39:20+00:00","author":{"@id":"https:\/\/www.manaus.am.gov.br\/ccc\/#\/schema\/person\/4e49f4e267757a06ca072ec61b2b9968"},"description":"A Prefeitura de Manaus, via Secretaria Municipal de Seguran\u00e7a P\u00fablica e Defesa Social (Semseg), recebeu, pela Central 199 no Centro de Coopera\u00e7\u00e3o da Cidade (CCC), mais de 70 ocorr\u00eancias em todas as zonas da cidade.","inLanguage":"pt-BR","potentialAction":[{"@type":"ReadAction","target":["https:\/\/www.manaus.am.gov.br\/ccc\/prefeitura-recebe-mais-de-70-ocorrencias-pela-central-199\/"]}]},{"@type":"ImageObject","inLanguage":"pt-BR","@id":"https:\/\/www.manaus.am.gov.br\/ccc\/prefeitura-recebe-mais-de-70-ocorrencias-pela-central-199\/#primaryimage","url":"https:\/\/www.manaus.am.gov.br\/ccc\/wp-content\/uploads\/sites\/4\/2023\/03\/52743325820_88f89179e1_c-1.jpg","contentUrl":"https:\/\/www.manaus.am.gov.br\/ccc\/wp-content\/uploads\/sites\/4\/2023\/03\/52743325820_88f89179e1_c-1.jpg","width":799,"height":533},{"@type":"WebSite","@id":"https:\/\/www.manaus.am.gov.br\/ccc\/#website","url":"https:\/\/www.manaus.am.gov.br\/ccc\/","name":"CCC","description":"Centro de Coopera\u00e7\u00e3o da Cidade","alternateName":"Centro de Coopera\u00e7\u00e3o da Cidade","potentialAction":[{"@type":"SearchAction","target":{"@type":"EntryPoint","urlTemplate":"https:\/\/www.manaus.am.gov.br\/ccc\/?s={search_term_string}"},"query-input":"required name=search_term_string"}],"inLanguage":"pt-BR"},{"@type":"Person","@id":"https:\/\/www.manaus.am.gov.br\/ccc\/#\/schema\/person\/4e49f4e267757a06ca072ec61b2b9968","name":"Adriana Costa","image":{"@type":"ImageObject","inLanguage":"pt-BR","@id":"https:\/\/www.manaus.am.gov.br\/ccc\/#\/schema\/person\/image\/","url":"https:\/\/secure.gravatar.com\/avatar\/576258617ef7194f718179e766d57bd4?s=96&d=mm&r=g","contentUrl":"https:\/\/secure.gravatar.com\/avatar\/576258617ef7194f718179e766d57bd4?s=96&d=mm&r=g","caption":"Adriana Costa"}}]}},"_links":{"self":[{"href":"https:\/\/www.manaus.am.gov.br\/ccc\/wp-json\/wp\/v2\/posts\/354"}],"collection":[{"href":"https:\/\/www.manaus.am.gov.br\/ccc\/wp-json\/wp\/v2\/posts"}],"about":[{"href":"https:\/\/www.manaus.am.gov.br\/ccc\/wp-json\/wp\/v2\/types\/post"}],"author":[{"embeddable":true,"href":"https:\/\/www.manaus.am.gov.br\/ccc\/wp-json\/wp\/v2\/users\/23"}],"replies":[{"embeddable":true,"href":"https:\/\/www.manaus.am.gov.br\/ccc\/wp-json\/wp\/v2\/comments?post=354"}],"version-history":[{"count":0,"href":"https:\/\/www.manaus.am.gov.br\/ccc\/wp-json\/wp\/v2\/posts\/354\/revisions"}],"wp:featuredmedia":[{"embeddable":true,"href":"https:\/\/www.manaus.am.gov.br\/ccc\/wp-json\/wp\/v2\/media\/355"}],"wp:attachment":[{"href":"https:\/\/www.manaus.am.gov.br\/ccc\/wp-json\/wp\/v2\/media?parent=354"}],"wp:term":[{"taxonomy":"category","embeddable":true,"href":"https:\/\/www.manaus.am.gov.br\/ccc\/wp-json\/wp\/v2\/categories?post=354"},{"taxonomy":"post_tag","embeddable":true,"href":"https:\/\/www.manaus.am.gov.br\/ccc\/wp-json\/wp\/v2\/tags?post=354"}],"curies":[{"name":"wp","href":"https:\/\/api.w.org\/{rel}","templated":true}]}}