{"id":350,"date":"2023-03-12T14:24:29","date_gmt":"2023-03-12T18:24:29","guid":{"rendered":"https:\/\/www.manaus.am.gov.br\/ccc\/prefeitura-monta-forca-tarefa-para-conter-danos-causados-pela-chuva-na-comunidade-monte-cristo\/"},"modified":"2023-03-12T14:38:52","modified_gmt":"2023-03-12T18:38:52","slug":"prefeitura-monta-forca-tarefa-para-conter-danos-causados-pela-chuva-na-comunidade-monte-cristo","status":"publish","type":"post","link":"https:\/\/www.manaus.am.gov.br\/ccc\/prefeitura-monta-forca-tarefa-para-conter-danos-causados-pela-chuva-na-comunidade-monte-cristo\/","title":{"rendered":"<strong>Prefeitura monta for\u00e7a-tarefa para conter danos causados pela chuva na comunidade Monte Cristo<\/strong>"},"content":{"rendered":"\n<p>A Prefeitura de Manaus, por meio do Centro de Coopera\u00e7\u00e3o da Cidade (CCC), registrou mais de 40 ocorr\u00eancias at\u00e9 o meio-dia deste domingo, 12\/3, devido \u00e0 forte chuva. As ocorr\u00eancias s\u00e3o atendidas pela Secretaria Municipal de Seguran\u00e7a P\u00fablica e Defesa Social (Semseg), \u00a0e a de maior aten\u00e7\u00e3o \u00e9 o desmoronamento de barranco na comunidade Monte Cristo, no bairro Monte das Oliveiras, zona Norte, que fechou o acesso \u00e0s ruas e atingiu dezenas de resid\u00eancias. Uma for\u00e7a-tarefa com as secretarias de Defesa, Assist\u00eancia Social, Limpeza Urbana, Infraestrutura e Administra\u00e7\u00e3o foi montada para que a situa\u00e7\u00e3o fosse resolvida o mais breve poss\u00edvel.<\/p>\n\n\n\n<p>No \u00faltimo s\u00e1bado, nove fam\u00edlias foram retiradas de suas resid\u00eancias e cadastradas pela Defesa Civil de Manaus para o programa Aux\u00edlio Aluguel. Com as fortes chuvas deste domingo, que j\u00e1 ultrapassam a cota de 80 mil\u00edmetros, mais 12 fam\u00edlias foram inseridas no Aluguel Social, perfazendo um total de 34 fam\u00edlias em atendimento pela prefeitura desde o in\u00edcio do monitoramento na \u00e1rea, em 20 de fevereiro.<\/p>\n\n\n\n<p>De acordo com o diretor de Opera\u00e7\u00f5es da Defesa Civil, Jos\u00e9 Mendes, a determina\u00e7\u00e3o do prefeito David Almeida \u00e9 de que os \u00f3rg\u00e3os atuem em conjunto e com celeridade para minimizar os preju\u00edzos. &#8220;Ontem, n\u00f3s estivemos aqui e, hoje, n\u00f3s retornamos, porque a chuva forte atingiu mais resid\u00eancias. Ao todo, temos 34 casas cadastradas e inseridas no programa social e estamos tamb\u00e9m com a Seminf (Secretaria Municipal de Infraestrutura),&nbsp; que vai dar o suporte na conten\u00e7\u00e3o e revitaliza\u00e7\u00e3o da \u00e1rea&#8221;, ressaltou.<\/p>\n\n\n\n<p>A Secretaria Municipal da Mulher, Assist\u00eancia Social e Cidadania (Semasc) esteve com uma equipe de 15 pessoas atuando no atendimento \u00e0s fam\u00edlias neste domingo, em v\u00e1rios bairros da cidade, principalmente nas zonas Norte e Leste.<\/p>\n\n\n\n<p>Al\u00e9m do Aux\u00edlio Aluguel, as fam\u00edlias tamb\u00e9m receberam os kits de itens eventuais com cesta b\u00e1sica, materiais de higiene pessoal e colch\u00e3o.<\/p>\n\n\n\n<p>\u201cDesde as primeiras horas da manh\u00e3 deste domingo que as equipes da Semasc atuam nos bairros Monte das Oliveiras, Alfredo Nascimento, Jorge Teixeira e Cidade de Deus, atendendo as fam\u00edlias atingidas pelas fortes chuvas. Estamos entregando benef\u00edcios eventuais, como colch\u00f5es e cestas b\u00e1sicas. As fam\u00edlias em que as casas est\u00e3o com risco de desabamento ser\u00e3o inseridas no Aux\u00edlio Aluguel\u201d, afirmou o secret\u00e1rio Eduardo Lucas.<\/p>\n\n\n\n<p>Infraestrutura<\/p>\n\n\n\n<p>A Seminf tamb\u00e9m atua, de forma emergencial, para conter os danos causados a dezenas de fam\u00edlias da comunidade Monte Cristo, onde a chuva deste domingo corroborou para o desbarrancamento de uma encosta, onde, conforme laudo de engenheiros da Seminf, havia constru\u00e7\u00f5es irregulares.<\/p>\n\n\n\n<p>\u201cCasas foram constru\u00eddas nessa \u00e1rea de risco. Os fatores para esse desastre, al\u00e9m da chuva, est\u00e3o tamb\u00e9m atrelados \u00e0 \u00e1gua proveniente dessas casas, despejada no barranco, causando pontos de eros\u00e3o. Somado a isso, as constru\u00e7\u00f5es est\u00e3o em cima da tubula\u00e7\u00e3o de drenagem\u201d, explica o subsecret\u00e1rio de Servi\u00e7os B\u00e1sicos da Seminf, Efrain Arag\u00e3o.<\/p>\n\n\n\n<p>Conforme o subsecret\u00e1rio, uma empresa terceirizada foi acionada para trabalhar na conten\u00e7\u00e3o da eros\u00e3o. Equipes de Obras trabalham, desde as primeiras horas da manh\u00e3 de domingo,&nbsp; na limpeza&nbsp; e desobstru\u00e7\u00e3o da rua Frei Ciro, principal via afetada pelo desbarrancamento. \u201cTrouxemos duas retroescavadeiras e tr\u00eas ca\u00e7ambas, que v\u00e3o nos ajudar a acelerar esse atendimento as fam\u00edlias\u201d.<\/p>\n\n\n\n<p>\u201cTamb\u00e9m estamos com a equipe de topografia no local, para fazermos levantamento e, em seguida, construir um desvio na rede de drenagem\u201d, explica Efrain.<\/p>\n\n\n\n<p>Ap\u00f3s a limpeza da rua Frei Ciro, a terceirizada inicia a etapa de conten\u00e7\u00e3o do talude e, de forma simult\u00e2nea, as equipes fazem a amplia\u00e7\u00e3o e desvio dos tubos da rede de drenagem.<\/p>\n\n\n\n<p>Apoio<\/p>\n\n\n\n<p>A Secretaria Municipal de Limpeza Urbana (Semulsp) esteve tamb\u00e9m no apoio da a\u00e7\u00e3o no bairro Monte das Oliveiras, onde, recentemente, o igarap\u00e9 recebeu limpeza por parte da equipe da secretaria.<\/p>\n\n\n\n<p>O titular da Secretaria Municipal de Administra\u00e7\u00e3o, Planejamento e Gest\u00e3o,&nbsp; Ebenezer Bezerra, est\u00e1, desde o in\u00edcio das opera\u00e7\u00f5es da prefeitura, acompanhando os atendimentos nas comunidades mais afetadas pelas chuvas, para dar o suporte necess\u00e1rio e encaminhar os procedimentos para suprir as necessidades das fam\u00edlias atingidas.<\/p>\n\n\n\n<p><strong>&#8212; &#8212; &#8212;<\/strong><\/p>\n\n\n\n<p><strong>Texto \u2013 <\/strong>Jamyly Macedo\/CCC, Leonardo Fierro\/Semasc, Alessandra Taveira\/Seminf, Sandra Monteiro\/Semad e Alex Melo\/Semulsp<\/p>\n\n\n\n<p><strong>Fotos \u2013 <\/strong>Aguilar Abecassis \/ Semcom<\/p>\n\n\n\n<p><strong>Dispon\u00edveis em<\/strong> &#8211; https:\/\/flic.kr\/s\/aHBqjAvsyU<\/p>\n\n\n\n<p><\/p>\n\n\n\n<p><\/p>\n","protected":false},"excerpt":{"rendered":"","protected":false},"author":23,"featured_media":351,"comment_status":"closed","ping_status":"closed","sticky":false,"template":"","format":"standard","meta":{"footnotes":""},"categories":[53],"tags":[54,55,52,56,38],"acf":[],"yoast_head":"<!-- This site is optimized with the Yoast SEO plugin v23.0 - https:\/\/yoast.com\/wordpress\/plugins\/seo\/ -->\n<title>Prefeitura monta for\u00e7a-tarefa para conter danos causados pela chuva na comunidade Monte Cristo<\/title>\n<meta name=\"description\" content=\"A Prefeitura de Manaus, por meio do Centro de Coopera\u00e7\u00e3o da Cidade (CCC), registrou mais de 40 ocorr\u00eancias at\u00e9 o meio-dia deste domingo, 12\/3, devido \u00e0 forte chuva. As ocorr\u00eancias s\u00e3o atendidas pela Secretaria Municipal de Seguran\u00e7a P\u00fablica e Defesa Social (Semseg), \u00a0e a de maior aten\u00e7\u00e3o \u00e9 o desmoronamento de barranco na comunidade Monte Cristo, no bairro Monte das Oliveiras, zona Norte, que fechou o acesso \u00e0s ruas e atingiu dezenas de resid\u00eancias. Uma for\u00e7a-tarefa com as secretarias de Defesa, Assist\u00eancia Social, Limpeza P\u00fablica, Infraestrutura e Administra\u00e7\u00e3o foi montada para que a situa\u00e7\u00e3o fosse resolvida o mais breve poss\u00edvel.\" \/>\n<meta name=\"robots\" content=\"index, follow, max-snippet:-1, max-image-preview:large, max-video-preview:-1\" \/>\n<link rel=\"canonical\" href=\"https:\/\/www.manaus.am.gov.br\/ccc\/prefeitura-monta-forca-tarefa-para-conter-danos-causados-pela-chuva-na-comunidade-monte-cristo\/\" \/>\n<meta property=\"og:locale\" content=\"pt_BR\" \/>\n<meta property=\"og:type\" content=\"article\" \/>\n<meta property=\"og:title\" content=\"Prefeitura monta for\u00e7a-tarefa para conter danos causados pela chuva na comunidade Monte Cristo\" \/>\n<meta property=\"og:description\" content=\"A Prefeitura de Manaus, por meio do Centro de Coopera\u00e7\u00e3o da Cidade (CCC), registrou mais de 40 ocorr\u00eancias at\u00e9 o meio-dia deste domingo, 12\/3, devido \u00e0 forte chuva. As ocorr\u00eancias s\u00e3o atendidas pela Secretaria Municipal de Seguran\u00e7a P\u00fablica e Defesa Social (Semseg), \u00a0e a de maior aten\u00e7\u00e3o \u00e9 o desmoronamento de barranco na comunidade Monte Cristo, no bairro Monte das Oliveiras, zona Norte, que fechou o acesso \u00e0s ruas e atingiu dezenas de resid\u00eancias. Uma for\u00e7a-tarefa com as secretarias de Defesa, Assist\u00eancia Social, Limpeza P\u00fablica, Infraestrutura e Administra\u00e7\u00e3o foi montada para que a situa\u00e7\u00e3o fosse resolvida o mais breve poss\u00edvel.\" \/>\n<meta property=\"og:url\" content=\"https:\/\/www.manaus.am.gov.br\/ccc\/prefeitura-monta-forca-tarefa-para-conter-danos-causados-pela-chuva-na-comunidade-monte-cristo\/\" \/>\n<meta property=\"og:site_name\" content=\"CCC\" \/>\n<meta property=\"article:published_time\" content=\"2023-03-12T18:24:29+00:00\" \/>\n<meta property=\"article:modified_time\" content=\"2023-03-12T18:38:52+00:00\" \/>\n<meta property=\"og:image\" content=\"https:\/\/www.manaus.am.gov.br\/ccc\/wp-content\/uploads\/sites\/4\/2023\/03\/WhatsApp-Image-2023-03-12-at-14.22.04-3.jpeg\" \/>\n\t<meta property=\"og:image:width\" content=\"1600\" \/>\n\t<meta property=\"og:image:height\" content=\"1066\" \/>\n\t<meta property=\"og:image:type\" content=\"image\/jpeg\" \/>\n<meta name=\"author\" content=\"Adriana Costa\" \/>\n<meta name=\"twitter:card\" content=\"summary_large_image\" \/>\n<meta name=\"twitter:label1\" content=\"Written by\" \/>\n\t<meta name=\"twitter:data1\" content=\"Adriana Costa\" \/>\n\t<meta name=\"twitter:label2\" content=\"Est. reading time\" \/>\n\t<meta name=\"twitter:data2\" content=\"4 minutos\" \/>\n<script type=\"application\/ld+json\" class=\"yoast-schema-graph\">{\"@context\":\"https:\/\/schema.org\",\"@graph\":[{\"@type\":\"WebPage\",\"@id\":\"https:\/\/www.manaus.am.gov.br\/ccc\/prefeitura-monta-forca-tarefa-para-conter-danos-causados-pela-chuva-na-comunidade-monte-cristo\/\",\"url\":\"https:\/\/www.manaus.am.gov.br\/ccc\/prefeitura-monta-forca-tarefa-para-conter-danos-causados-pela-chuva-na-comunidade-monte-cristo\/\",\"name\":\"Prefeitura monta for\u00e7a-tarefa para conter danos causados pela chuva na comunidade Monte Cristo\",\"isPartOf\":{\"@id\":\"https:\/\/www.manaus.am.gov.br\/ccc\/#website\"},\"primaryImageOfPage\":{\"@id\":\"https:\/\/www.manaus.am.gov.br\/ccc\/prefeitura-monta-forca-tarefa-para-conter-danos-causados-pela-chuva-na-comunidade-monte-cristo\/#primaryimage\"},\"image\":{\"@id\":\"https:\/\/www.manaus.am.gov.br\/ccc\/prefeitura-monta-forca-tarefa-para-conter-danos-causados-pela-chuva-na-comunidade-monte-cristo\/#primaryimage\"},\"thumbnailUrl\":\"https:\/\/www.manaus.am.gov.br\/ccc\/wp-content\/uploads\/sites\/4\/2023\/03\/WhatsApp-Image-2023-03-12-at-14.22.04-3.jpeg\",\"datePublished\":\"2023-03-12T18:24:29+00:00\",\"dateModified\":\"2023-03-12T18:38:52+00:00\",\"author\":{\"@id\":\"https:\/\/www.manaus.am.gov.br\/ccc\/#\/schema\/person\/4e49f4e267757a06ca072ec61b2b9968\"},\"description\":\"A Prefeitura de Manaus, por meio do Centro de Coopera\u00e7\u00e3o da Cidade (CCC), registrou mais de 40 ocorr\u00eancias at\u00e9 o meio-dia deste domingo, 12\/3, devido \u00e0 forte chuva. As ocorr\u00eancias s\u00e3o atendidas pela Secretaria Municipal de Seguran\u00e7a P\u00fablica e Defesa Social (Semseg), \u00a0e a de maior aten\u00e7\u00e3o \u00e9 o desmoronamento de barranco na comunidade Monte Cristo, no bairro Monte das Oliveiras, zona Norte, que fechou o acesso \u00e0s ruas e atingiu dezenas de resid\u00eancias. Uma for\u00e7a-tarefa com as secretarias de Defesa, Assist\u00eancia Social, Limpeza P\u00fablica, Infraestrutura e Administra\u00e7\u00e3o foi montada para que a situa\u00e7\u00e3o fosse resolvida o mais breve poss\u00edvel.\",\"inLanguage\":\"pt-BR\",\"potentialAction\":[{\"@type\":\"ReadAction\",\"target\":[\"https:\/\/www.manaus.am.gov.br\/ccc\/prefeitura-monta-forca-tarefa-para-conter-danos-causados-pela-chuva-na-comunidade-monte-cristo\/\"]}]},{\"@type\":\"ImageObject\",\"inLanguage\":\"pt-BR\",\"@id\":\"https:\/\/www.manaus.am.gov.br\/ccc\/prefeitura-monta-forca-tarefa-para-conter-danos-causados-pela-chuva-na-comunidade-monte-cristo\/#primaryimage\",\"url\":\"https:\/\/www.manaus.am.gov.br\/ccc\/wp-content\/uploads\/sites\/4\/2023\/03\/WhatsApp-Image-2023-03-12-at-14.22.04-3.jpeg\",\"contentUrl\":\"https:\/\/www.manaus.am.gov.br\/ccc\/wp-content\/uploads\/sites\/4\/2023\/03\/WhatsApp-Image-2023-03-12-at-14.22.04-3.jpeg\",\"width\":1600,\"height\":1066},{\"@type\":\"WebSite\",\"@id\":\"https:\/\/www.manaus.am.gov.br\/ccc\/#website\",\"url\":\"https:\/\/www.manaus.am.gov.br\/ccc\/\",\"name\":\"CCC\",\"description\":\"Centro de Coopera\u00e7\u00e3o da Cidade\",\"alternateName\":\"Centro de Coopera\u00e7\u00e3o da Cidade\",\"potentialAction\":[{\"@type\":\"SearchAction\",\"target\":{\"@type\":\"EntryPoint\",\"urlTemplate\":\"https:\/\/www.manaus.am.gov.br\/ccc\/?s={search_term_string}\"},\"query-input\":\"required name=search_term_string\"}],\"inLanguage\":\"pt-BR\"},{\"@type\":\"Person\",\"@id\":\"https:\/\/www.manaus.am.gov.br\/ccc\/#\/schema\/person\/4e49f4e267757a06ca072ec61b2b9968\",\"name\":\"Adriana Costa\",\"image\":{\"@type\":\"ImageObject\",\"inLanguage\":\"pt-BR\",\"@id\":\"https:\/\/www.manaus.am.gov.br\/ccc\/#\/schema\/person\/image\/\",\"url\":\"https:\/\/secure.gravatar.com\/avatar\/576258617ef7194f718179e766d57bd4?s=96&d=mm&r=g\",\"contentUrl\":\"https:\/\/secure.gravatar.com\/avatar\/576258617ef7194f718179e766d57bd4?s=96&d=mm&r=g\",\"caption\":\"Adriana Costa\"}}]}<\/script>\n<!-- \/ Yoast SEO plugin. -->","yoast_head_json":{"title":"Prefeitura monta for\u00e7a-tarefa para conter danos causados pela chuva na comunidade Monte Cristo","description":"A Prefeitura de Manaus, por meio do Centro de Coopera\u00e7\u00e3o da Cidade (CCC), registrou mais de 40 ocorr\u00eancias at\u00e9 o meio-dia deste domingo, 12\/3, devido \u00e0 forte chuva. As ocorr\u00eancias s\u00e3o atendidas pela Secretaria Municipal de Seguran\u00e7a P\u00fablica e Defesa Social (Semseg), \u00a0e a de maior aten\u00e7\u00e3o \u00e9 o desmoronamento de barranco na comunidade Monte Cristo, no bairro Monte das Oliveiras, zona Norte, que fechou o acesso \u00e0s ruas e atingiu dezenas de resid\u00eancias. Uma for\u00e7a-tarefa com as secretarias de Defesa, Assist\u00eancia Social, Limpeza P\u00fablica, Infraestrutura e Administra\u00e7\u00e3o foi montada para que a situa\u00e7\u00e3o fosse resolvida o mais breve poss\u00edvel.","robots":{"index":"index","follow":"follow","max-snippet":"max-snippet:-1","max-image-preview":"max-image-preview:large","max-video-preview":"max-video-preview:-1"},"canonical":"https:\/\/www.manaus.am.gov.br\/ccc\/prefeitura-monta-forca-tarefa-para-conter-danos-causados-pela-chuva-na-comunidade-monte-cristo\/","og_locale":"pt_BR","og_type":"article","og_title":"Prefeitura monta for\u00e7a-tarefa para conter danos causados pela chuva na comunidade Monte Cristo","og_description":"A Prefeitura de Manaus, por meio do Centro de Coopera\u00e7\u00e3o da Cidade (CCC), registrou mais de 40 ocorr\u00eancias at\u00e9 o meio-dia deste domingo, 12\/3, devido \u00e0 forte chuva. As ocorr\u00eancias s\u00e3o atendidas pela Secretaria Municipal de Seguran\u00e7a P\u00fablica e Defesa Social (Semseg), \u00a0e a de maior aten\u00e7\u00e3o \u00e9 o desmoronamento de barranco na comunidade Monte Cristo, no bairro Monte das Oliveiras, zona Norte, que fechou o acesso \u00e0s ruas e atingiu dezenas de resid\u00eancias. Uma for\u00e7a-tarefa com as secretarias de Defesa, Assist\u00eancia Social, Limpeza P\u00fablica, Infraestrutura e Administra\u00e7\u00e3o foi montada para que a situa\u00e7\u00e3o fosse resolvida o mais breve poss\u00edvel.","og_url":"https:\/\/www.manaus.am.gov.br\/ccc\/prefeitura-monta-forca-tarefa-para-conter-danos-causados-pela-chuva-na-comunidade-monte-cristo\/","og_site_name":"CCC","article_published_time":"2023-03-12T18:24:29+00:00","article_modified_time":"2023-03-12T18:38:52+00:00","og_image":[{"width":1600,"height":1066,"url":"https:\/\/www.manaus.am.gov.br\/ccc\/wp-content\/uploads\/sites\/4\/2023\/03\/WhatsApp-Image-2023-03-12-at-14.22.04-3.jpeg","type":"image\/jpeg"}],"author":"Adriana Costa","twitter_card":"summary_large_image","twitter_misc":{"Written by":"Adriana Costa","Est. reading time":"4 minutos"},"schema":{"@context":"https:\/\/schema.org","@graph":[{"@type":"WebPage","@id":"https:\/\/www.manaus.am.gov.br\/ccc\/prefeitura-monta-forca-tarefa-para-conter-danos-causados-pela-chuva-na-comunidade-monte-cristo\/","url":"https:\/\/www.manaus.am.gov.br\/ccc\/prefeitura-monta-forca-tarefa-para-conter-danos-causados-pela-chuva-na-comunidade-monte-cristo\/","name":"Prefeitura monta for\u00e7a-tarefa para conter danos causados pela chuva na comunidade Monte Cristo","isPartOf":{"@id":"https:\/\/www.manaus.am.gov.br\/ccc\/#website"},"primaryImageOfPage":{"@id":"https:\/\/www.manaus.am.gov.br\/ccc\/prefeitura-monta-forca-tarefa-para-conter-danos-causados-pela-chuva-na-comunidade-monte-cristo\/#primaryimage"},"image":{"@id":"https:\/\/www.manaus.am.gov.br\/ccc\/prefeitura-monta-forca-tarefa-para-conter-danos-causados-pela-chuva-na-comunidade-monte-cristo\/#primaryimage"},"thumbnailUrl":"https:\/\/www.manaus.am.gov.br\/ccc\/wp-content\/uploads\/sites\/4\/2023\/03\/WhatsApp-Image-2023-03-12-at-14.22.04-3.jpeg","datePublished":"2023-03-12T18:24:29+00:00","dateModified":"2023-03-12T18:38:52+00:00","author":{"@id":"https:\/\/www.manaus.am.gov.br\/ccc\/#\/schema\/person\/4e49f4e267757a06ca072ec61b2b9968"},"description":"A Prefeitura de Manaus, por meio do Centro de Coopera\u00e7\u00e3o da Cidade (CCC), registrou mais de 40 ocorr\u00eancias at\u00e9 o meio-dia deste domingo, 12\/3, devido \u00e0 forte chuva. As ocorr\u00eancias s\u00e3o atendidas pela Secretaria Municipal de Seguran\u00e7a P\u00fablica e Defesa Social (Semseg), \u00a0e a de maior aten\u00e7\u00e3o \u00e9 o desmoronamento de barranco na comunidade Monte Cristo, no bairro Monte das Oliveiras, zona Norte, que fechou o acesso \u00e0s ruas e atingiu dezenas de resid\u00eancias. Uma for\u00e7a-tarefa com as secretarias de Defesa, Assist\u00eancia Social, Limpeza P\u00fablica, Infraestrutura e Administra\u00e7\u00e3o foi montada para que a situa\u00e7\u00e3o fosse resolvida o mais breve poss\u00edvel.","inLanguage":"pt-BR","potentialAction":[{"@type":"ReadAction","target":["https:\/\/www.manaus.am.gov.br\/ccc\/prefeitura-monta-forca-tarefa-para-conter-danos-causados-pela-chuva-na-comunidade-monte-cristo\/"]}]},{"@type":"ImageObject","inLanguage":"pt-BR","@id":"https:\/\/www.manaus.am.gov.br\/ccc\/prefeitura-monta-forca-tarefa-para-conter-danos-causados-pela-chuva-na-comunidade-monte-cristo\/#primaryimage","url":"https:\/\/www.manaus.am.gov.br\/ccc\/wp-content\/uploads\/sites\/4\/2023\/03\/WhatsApp-Image-2023-03-12-at-14.22.04-3.jpeg","contentUrl":"https:\/\/www.manaus.am.gov.br\/ccc\/wp-content\/uploads\/sites\/4\/2023\/03\/WhatsApp-Image-2023-03-12-at-14.22.04-3.jpeg","width":1600,"height":1066},{"@type":"WebSite","@id":"https:\/\/www.manaus.am.gov.br\/ccc\/#website","url":"https:\/\/www.manaus.am.gov.br\/ccc\/","name":"CCC","description":"Centro de Coopera\u00e7\u00e3o da Cidade","alternateName":"Centro de Coopera\u00e7\u00e3o da Cidade","potentialAction":[{"@type":"SearchAction","target":{"@type":"EntryPoint","urlTemplate":"https:\/\/www.manaus.am.gov.br\/ccc\/?s={search_term_string}"},"query-input":"required name=search_term_string"}],"inLanguage":"pt-BR"},{"@type":"Person","@id":"https:\/\/www.manaus.am.gov.br\/ccc\/#\/schema\/person\/4e49f4e267757a06ca072ec61b2b9968","name":"Adriana Costa","image":{"@type":"ImageObject","inLanguage":"pt-BR","@id":"https:\/\/www.manaus.am.gov.br\/ccc\/#\/schema\/person\/image\/","url":"https:\/\/secure.gravatar.com\/avatar\/576258617ef7194f718179e766d57bd4?s=96&d=mm&r=g","contentUrl":"https:\/\/secure.gravatar.com\/avatar\/576258617ef7194f718179e766d57bd4?s=96&d=mm&r=g","caption":"Adriana Costa"}}]}},"_links":{"self":[{"href":"https:\/\/www.manaus.am.gov.br\/ccc\/wp-json\/wp\/v2\/posts\/350"}],"collection":[{"href":"https:\/\/www.manaus.am.gov.br\/ccc\/wp-json\/wp\/v2\/posts"}],"about":[{"href":"https:\/\/www.manaus.am.gov.br\/ccc\/wp-json\/wp\/v2\/types\/post"}],"author":[{"embeddable":true,"href":"https:\/\/www.manaus.am.gov.br\/ccc\/wp-json\/wp\/v2\/users\/23"}],"replies":[{"embeddable":true,"href":"https:\/\/www.manaus.am.gov.br\/ccc\/wp-json\/wp\/v2\/comments?post=350"}],"version-history":[{"count":2,"href":"https:\/\/www.manaus.am.gov.br\/ccc\/wp-json\/wp\/v2\/posts\/350\/revisions"}],"predecessor-version":[{"id":353,"href":"https:\/\/www.manaus.am.gov.br\/ccc\/wp-json\/wp\/v2\/posts\/350\/revisions\/353"}],"wp:featuredmedia":[{"embeddable":true,"href":"https:\/\/www.manaus.am.gov.br\/ccc\/wp-json\/wp\/v2\/media\/351"}],"wp:attachment":[{"href":"https:\/\/www.manaus.am.gov.br\/ccc\/wp-json\/wp\/v2\/media?parent=350"}],"wp:term":[{"taxonomy":"category","embeddable":true,"href":"https:\/\/www.manaus.am.gov.br\/ccc\/wp-json\/wp\/v2\/categories?post=350"},{"taxonomy":"post_tag","embeddable":true,"href":"https:\/\/www.manaus.am.gov.br\/ccc\/wp-json\/wp\/v2\/tags?post=350"}],"curies":[{"name":"wp","href":"https:\/\/api.w.org\/{rel}","templated":true}]}}