{"id":348,"date":"2023-03-12T09:10:32","date_gmt":"2023-03-12T13:10:32","guid":{"rendered":"https:\/\/www.manaus.am.gov.br\/ccc\/prefeitura-atende-22-familias-no-monte-das-oliveiras-devido-as-fortes-chuvas\/"},"modified":"2023-03-12T09:10:36","modified_gmt":"2023-03-12T13:10:36","slug":"prefeitura-atende-22-familias-no-monte-das-oliveiras-devido-as-fortes-chuvas","status":"publish","type":"post","link":"https:\/\/www.manaus.am.gov.br\/ccc\/prefeitura-atende-22-familias-no-monte-das-oliveiras-devido-as-fortes-chuvas\/","title":{"rendered":"<strong>Prefeitura atende 22 fam\u00edlias no Monte das Oliveiras devido \u00e0s fortes chuvas<\/strong>"},"content":{"rendered":"\n<p>A Prefeitura de Manaus, por meio da Secretaria Municipal de Seguran\u00e7a\u00a0P\u00fablica e Defesa Social (Semseg), com o apoio da Secretaria Municipal da Mulher, Assist\u00eancia Social e Cidadania (Semasc), atuou, durante todo o s\u00e1bado, 11\/3, na comunidade Monte Cristo, bairro Monte das Oliveiras, zona Norte da cidade. Um deslizamento de terra colocou em risco aproximadamente nove fam\u00edlias que precisaram ser retiradas.<\/p>\n\n\n\n<p>Uma chuva intensa com 30 minutos de dura\u00e7\u00e3o causou um deslizamento na comunidade Monte Cristo, afetando nove fam\u00edlias que foram cadastradas.<\/p>\n\n\n\n<p>A \u00e1rea est\u00e1 sendo monitorada desde o dia 20\/2, onde outras 13 fam\u00edlias, que se encontravam em risco, foram retiradas do local e inseridas no programa Aux\u00edlio Aluguel.<\/p>\n\n\n\n<p>O sinistro aconteceu por volta das 8h de s\u00e1bado, quando uma eros\u00e3o na comunidade Carlos Braga teria evolu\u00eddo devido ao alto \u00edndice de \u00e1guas servidas, causando o deslizamento. De acordo com Jos\u00e9 Mendes, diretor de Opera\u00e7\u00f5es da Defesa Civil, a atua\u00e7\u00e3o conjunta da prefeitura permitiu que a situa\u00e7\u00e3o fosse controlada o mais breve poss\u00edvel.<\/p>\n\n\n\n<p>\u201cN\u00f3s estamos monitorando essa \u00e1rea desde o dia 20 de fevereiro, quando a cidade teve uma grande chuva. Naquela \u00e9poca, n\u00f3s j\u00e1 cadastramos e inserimos no Aux\u00edlio Aluguel 13 fam\u00edlias, que precisaram ser retiradas e, hoje, junto com a equipe da Semasc, n\u00f3s atendemos de pronto as nove fam\u00edlias que foram impactadas por essa r\u00e1pida, mas forte chuva\u201d, destacou.<\/p>\n\n\n\n<p>Ao todo, 22 fam\u00edlias receberam a aten\u00e7\u00e3o social do governo municipal, que contempla, al\u00e9m do aux\u00edlio moradia, itens eventuais de urg\u00eancia, como kits higi\u00eanicos e colch\u00f5es.<\/p>\n\n\n\n<p>\u201cAtendemos at\u00e9 o momento 22 fam\u00edlias que j\u00e1 foram inseridas no Aux\u00edlio Aluguel e receberam itens eventuais, como colch\u00f5es, e vamos continuar acompanhando, porque a Defesa Civil j\u00e1 identificou outras casas com risco de desabamento. Apesar do tr\u00e2mite burocr\u00e1tico para o pagamento da primeira parcela do aux\u00edlio ser de 15 dias, estamos para tenta reduzir esse tempo e permitir que essas fam\u00edlias possam ficar em locais seguros\u201d, disse o secret\u00e1rio da Semasc Eduardo Lucas.<\/p>\n\n\n\n<p>Na manh\u00e3 de domingo, uma equipe t\u00e9cnica da Secretaria Municipal de Infraestrutura (Seminf) deve ir at\u00e9 o local para realizar uma avalia\u00e7\u00e3o sobre a atua\u00e7\u00e3o de conten\u00e7\u00e3o no local.<\/p>\n\n\n\n<p>&#8212; &#8212; &#8212;<\/p>\n\n\n\n<p><strong>Texto<\/strong>&nbsp;\u2013 Jamyly Macedo\/Semseg<\/p>\n\n\n\n<p><strong>Fotos<\/strong>&nbsp;\u2013 Divulga\u00e7\u00e3o\/Semseg<\/p>\n\n\n\n<p><strong>Em anexo<\/strong><\/p>\n","protected":false},"excerpt":{"rendered":"","protected":false},"author":23,"featured_media":349,"comment_status":"closed","ping_status":"closed","sticky":false,"template":"","format":"standard","meta":{"footnotes":""},"categories":[48],"tags":[49,50,51,52,38,40],"acf":[],"yoast_head":"<!-- This site is optimized with the Yoast SEO plugin v23.0 - https:\/\/yoast.com\/wordpress\/plugins\/seo\/ -->\n<title>Prefeitura atende 22 fam\u00edlias no Monte das Oliveiras devido \u00e0s fortes chuvas<\/title>\n<meta name=\"description\" content=\"A Prefeitura de Manaus, por meio da Secretaria Municipal de Seguran\u00e7a\u00a0P\u00fablica e Defesa Social (Semseg), com o apoio da Secretaria Municipal da Mulher, Assist\u00eancia Social e Cidadania (Semasc), atuou, durante todo o s\u00e1bado, 11\/3, na comunidade Monte Cristo, bairro Monte das Oliveiras, zona Norte da cidade. Um deslizamento de terra colocou em risco aproximadamente nove fam\u00edlias que precisaram ser retiradas.\" \/>\n<meta name=\"robots\" content=\"index, follow, max-snippet:-1, max-image-preview:large, max-video-preview:-1\" \/>\n<link rel=\"canonical\" href=\"https:\/\/www.manaus.am.gov.br\/ccc\/prefeitura-atende-22-familias-no-monte-das-oliveiras-devido-as-fortes-chuvas\/\" \/>\n<meta property=\"og:locale\" content=\"pt_BR\" \/>\n<meta property=\"og:type\" content=\"article\" \/>\n<meta property=\"og:title\" content=\"Prefeitura atende 22 fam\u00edlias no Monte das Oliveiras devido \u00e0s fortes chuvas\" \/>\n<meta property=\"og:description\" content=\"A Prefeitura de Manaus, por meio da Secretaria Municipal de Seguran\u00e7a\u00a0P\u00fablica e Defesa Social (Semseg), com o apoio da Secretaria Municipal da Mulher, Assist\u00eancia Social e Cidadania (Semasc), atuou, durante todo o s\u00e1bado, 11\/3, na comunidade Monte Cristo, bairro Monte das Oliveiras, zona Norte da cidade. Um deslizamento de terra colocou em risco aproximadamente nove fam\u00edlias que precisaram ser retiradas.\" \/>\n<meta property=\"og:url\" content=\"https:\/\/www.manaus.am.gov.br\/ccc\/prefeitura-atende-22-familias-no-monte-das-oliveiras-devido-as-fortes-chuvas\/\" \/>\n<meta property=\"og:site_name\" content=\"CCC\" \/>\n<meta property=\"article:published_time\" content=\"2023-03-12T13:10:32+00:00\" \/>\n<meta property=\"article:modified_time\" content=\"2023-03-12T13:10:36+00:00\" \/>\n<meta property=\"og:image\" content=\"https:\/\/www.manaus.am.gov.br\/ccc\/wp-content\/uploads\/sites\/4\/2023\/03\/WhatsApp-Image-2023-03-12-at-09.06.11.jpeg\" \/>\n\t<meta property=\"og:image:width\" content=\"1600\" \/>\n\t<meta property=\"og:image:height\" content=\"1066\" \/>\n\t<meta property=\"og:image:type\" content=\"image\/jpeg\" \/>\n<meta name=\"author\" content=\"Adriana Costa\" \/>\n<meta name=\"twitter:card\" content=\"summary_large_image\" \/>\n<meta name=\"twitter:label1\" content=\"Written by\" \/>\n\t<meta name=\"twitter:data1\" content=\"Adriana Costa\" \/>\n\t<meta name=\"twitter:label2\" content=\"Est. reading time\" \/>\n\t<meta name=\"twitter:data2\" content=\"2 minutos\" \/>\n<script type=\"application\/ld+json\" class=\"yoast-schema-graph\">{\"@context\":\"https:\/\/schema.org\",\"@graph\":[{\"@type\":\"WebPage\",\"@id\":\"https:\/\/www.manaus.am.gov.br\/ccc\/prefeitura-atende-22-familias-no-monte-das-oliveiras-devido-as-fortes-chuvas\/\",\"url\":\"https:\/\/www.manaus.am.gov.br\/ccc\/prefeitura-atende-22-familias-no-monte-das-oliveiras-devido-as-fortes-chuvas\/\",\"name\":\"Prefeitura atende 22 fam\u00edlias no Monte das Oliveiras devido \u00e0s fortes chuvas\",\"isPartOf\":{\"@id\":\"https:\/\/www.manaus.am.gov.br\/ccc\/#website\"},\"primaryImageOfPage\":{\"@id\":\"https:\/\/www.manaus.am.gov.br\/ccc\/prefeitura-atende-22-familias-no-monte-das-oliveiras-devido-as-fortes-chuvas\/#primaryimage\"},\"image\":{\"@id\":\"https:\/\/www.manaus.am.gov.br\/ccc\/prefeitura-atende-22-familias-no-monte-das-oliveiras-devido-as-fortes-chuvas\/#primaryimage\"},\"thumbnailUrl\":\"https:\/\/www.manaus.am.gov.br\/ccc\/wp-content\/uploads\/sites\/4\/2023\/03\/WhatsApp-Image-2023-03-12-at-09.06.11.jpeg\",\"datePublished\":\"2023-03-12T13:10:32+00:00\",\"dateModified\":\"2023-03-12T13:10:36+00:00\",\"author\":{\"@id\":\"https:\/\/www.manaus.am.gov.br\/ccc\/#\/schema\/person\/4e49f4e267757a06ca072ec61b2b9968\"},\"description\":\"A Prefeitura de Manaus, por meio da Secretaria Municipal de Seguran\u00e7a\u00a0P\u00fablica e Defesa Social (Semseg), com o apoio da Secretaria Municipal da Mulher, Assist\u00eancia Social e Cidadania (Semasc), atuou, durante todo o s\u00e1bado, 11\/3, na comunidade Monte Cristo, bairro Monte das Oliveiras, zona Norte da cidade. Um deslizamento de terra colocou em risco aproximadamente nove fam\u00edlias que precisaram ser retiradas.\",\"inLanguage\":\"pt-BR\",\"potentialAction\":[{\"@type\":\"ReadAction\",\"target\":[\"https:\/\/www.manaus.am.gov.br\/ccc\/prefeitura-atende-22-familias-no-monte-das-oliveiras-devido-as-fortes-chuvas\/\"]}]},{\"@type\":\"ImageObject\",\"inLanguage\":\"pt-BR\",\"@id\":\"https:\/\/www.manaus.am.gov.br\/ccc\/prefeitura-atende-22-familias-no-monte-das-oliveiras-devido-as-fortes-chuvas\/#primaryimage\",\"url\":\"https:\/\/www.manaus.am.gov.br\/ccc\/wp-content\/uploads\/sites\/4\/2023\/03\/WhatsApp-Image-2023-03-12-at-09.06.11.jpeg\",\"contentUrl\":\"https:\/\/www.manaus.am.gov.br\/ccc\/wp-content\/uploads\/sites\/4\/2023\/03\/WhatsApp-Image-2023-03-12-at-09.06.11.jpeg\",\"width\":1600,\"height\":1066},{\"@type\":\"WebSite\",\"@id\":\"https:\/\/www.manaus.am.gov.br\/ccc\/#website\",\"url\":\"https:\/\/www.manaus.am.gov.br\/ccc\/\",\"name\":\"CCC\",\"description\":\"Centro de Coopera\u00e7\u00e3o da Cidade\",\"alternateName\":\"Centro de Coopera\u00e7\u00e3o da Cidade\",\"potentialAction\":[{\"@type\":\"SearchAction\",\"target\":{\"@type\":\"EntryPoint\",\"urlTemplate\":\"https:\/\/www.manaus.am.gov.br\/ccc\/?s={search_term_string}\"},\"query-input\":\"required name=search_term_string\"}],\"inLanguage\":\"pt-BR\"},{\"@type\":\"Person\",\"@id\":\"https:\/\/www.manaus.am.gov.br\/ccc\/#\/schema\/person\/4e49f4e267757a06ca072ec61b2b9968\",\"name\":\"Adriana Costa\",\"image\":{\"@type\":\"ImageObject\",\"inLanguage\":\"pt-BR\",\"@id\":\"https:\/\/www.manaus.am.gov.br\/ccc\/#\/schema\/person\/image\/\",\"url\":\"https:\/\/secure.gravatar.com\/avatar\/576258617ef7194f718179e766d57bd4?s=96&d=mm&r=g\",\"contentUrl\":\"https:\/\/secure.gravatar.com\/avatar\/576258617ef7194f718179e766d57bd4?s=96&d=mm&r=g\",\"caption\":\"Adriana Costa\"}}]}<\/script>\n<!-- \/ Yoast SEO plugin. -->","yoast_head_json":{"title":"Prefeitura atende 22 fam\u00edlias no Monte das Oliveiras devido \u00e0s fortes chuvas","description":"A Prefeitura de Manaus, por meio da Secretaria Municipal de Seguran\u00e7a\u00a0P\u00fablica e Defesa Social (Semseg), com o apoio da Secretaria Municipal da Mulher, Assist\u00eancia Social e Cidadania (Semasc), atuou, durante todo o s\u00e1bado, 11\/3, na comunidade Monte Cristo, bairro Monte das Oliveiras, zona Norte da cidade. Um deslizamento de terra colocou em risco aproximadamente nove fam\u00edlias que precisaram ser retiradas.","robots":{"index":"index","follow":"follow","max-snippet":"max-snippet:-1","max-image-preview":"max-image-preview:large","max-video-preview":"max-video-preview:-1"},"canonical":"https:\/\/www.manaus.am.gov.br\/ccc\/prefeitura-atende-22-familias-no-monte-das-oliveiras-devido-as-fortes-chuvas\/","og_locale":"pt_BR","og_type":"article","og_title":"Prefeitura atende 22 fam\u00edlias no Monte das Oliveiras devido \u00e0s fortes chuvas","og_description":"A Prefeitura de Manaus, por meio da Secretaria Municipal de Seguran\u00e7a\u00a0P\u00fablica e Defesa Social (Semseg), com o apoio da Secretaria Municipal da Mulher, Assist\u00eancia Social e Cidadania (Semasc), atuou, durante todo o s\u00e1bado, 11\/3, na comunidade Monte Cristo, bairro Monte das Oliveiras, zona Norte da cidade. Um deslizamento de terra colocou em risco aproximadamente nove fam\u00edlias que precisaram ser retiradas.","og_url":"https:\/\/www.manaus.am.gov.br\/ccc\/prefeitura-atende-22-familias-no-monte-das-oliveiras-devido-as-fortes-chuvas\/","og_site_name":"CCC","article_published_time":"2023-03-12T13:10:32+00:00","article_modified_time":"2023-03-12T13:10:36+00:00","og_image":[{"width":1600,"height":1066,"url":"https:\/\/www.manaus.am.gov.br\/ccc\/wp-content\/uploads\/sites\/4\/2023\/03\/WhatsApp-Image-2023-03-12-at-09.06.11.jpeg","type":"image\/jpeg"}],"author":"Adriana Costa","twitter_card":"summary_large_image","twitter_misc":{"Written by":"Adriana Costa","Est. reading time":"2 minutos"},"schema":{"@context":"https:\/\/schema.org","@graph":[{"@type":"WebPage","@id":"https:\/\/www.manaus.am.gov.br\/ccc\/prefeitura-atende-22-familias-no-monte-das-oliveiras-devido-as-fortes-chuvas\/","url":"https:\/\/www.manaus.am.gov.br\/ccc\/prefeitura-atende-22-familias-no-monte-das-oliveiras-devido-as-fortes-chuvas\/","name":"Prefeitura atende 22 fam\u00edlias no Monte das Oliveiras devido \u00e0s fortes chuvas","isPartOf":{"@id":"https:\/\/www.manaus.am.gov.br\/ccc\/#website"},"primaryImageOfPage":{"@id":"https:\/\/www.manaus.am.gov.br\/ccc\/prefeitura-atende-22-familias-no-monte-das-oliveiras-devido-as-fortes-chuvas\/#primaryimage"},"image":{"@id":"https:\/\/www.manaus.am.gov.br\/ccc\/prefeitura-atende-22-familias-no-monte-das-oliveiras-devido-as-fortes-chuvas\/#primaryimage"},"thumbnailUrl":"https:\/\/www.manaus.am.gov.br\/ccc\/wp-content\/uploads\/sites\/4\/2023\/03\/WhatsApp-Image-2023-03-12-at-09.06.11.jpeg","datePublished":"2023-03-12T13:10:32+00:00","dateModified":"2023-03-12T13:10:36+00:00","author":{"@id":"https:\/\/www.manaus.am.gov.br\/ccc\/#\/schema\/person\/4e49f4e267757a06ca072ec61b2b9968"},"description":"A Prefeitura de Manaus, por meio da Secretaria Municipal de Seguran\u00e7a\u00a0P\u00fablica e Defesa Social (Semseg), com o apoio da Secretaria Municipal da Mulher, Assist\u00eancia Social e Cidadania (Semasc), atuou, durante todo o s\u00e1bado, 11\/3, na comunidade Monte Cristo, bairro Monte das Oliveiras, zona Norte da cidade. Um deslizamento de terra colocou em risco aproximadamente nove fam\u00edlias que precisaram ser retiradas.","inLanguage":"pt-BR","potentialAction":[{"@type":"ReadAction","target":["https:\/\/www.manaus.am.gov.br\/ccc\/prefeitura-atende-22-familias-no-monte-das-oliveiras-devido-as-fortes-chuvas\/"]}]},{"@type":"ImageObject","inLanguage":"pt-BR","@id":"https:\/\/www.manaus.am.gov.br\/ccc\/prefeitura-atende-22-familias-no-monte-das-oliveiras-devido-as-fortes-chuvas\/#primaryimage","url":"https:\/\/www.manaus.am.gov.br\/ccc\/wp-content\/uploads\/sites\/4\/2023\/03\/WhatsApp-Image-2023-03-12-at-09.06.11.jpeg","contentUrl":"https:\/\/www.manaus.am.gov.br\/ccc\/wp-content\/uploads\/sites\/4\/2023\/03\/WhatsApp-Image-2023-03-12-at-09.06.11.jpeg","width":1600,"height":1066},{"@type":"WebSite","@id":"https:\/\/www.manaus.am.gov.br\/ccc\/#website","url":"https:\/\/www.manaus.am.gov.br\/ccc\/","name":"CCC","description":"Centro de Coopera\u00e7\u00e3o da Cidade","alternateName":"Centro de Coopera\u00e7\u00e3o da Cidade","potentialAction":[{"@type":"SearchAction","target":{"@type":"EntryPoint","urlTemplate":"https:\/\/www.manaus.am.gov.br\/ccc\/?s={search_term_string}"},"query-input":"required name=search_term_string"}],"inLanguage":"pt-BR"},{"@type":"Person","@id":"https:\/\/www.manaus.am.gov.br\/ccc\/#\/schema\/person\/4e49f4e267757a06ca072ec61b2b9968","name":"Adriana Costa","image":{"@type":"ImageObject","inLanguage":"pt-BR","@id":"https:\/\/www.manaus.am.gov.br\/ccc\/#\/schema\/person\/image\/","url":"https:\/\/secure.gravatar.com\/avatar\/576258617ef7194f718179e766d57bd4?s=96&d=mm&r=g","contentUrl":"https:\/\/secure.gravatar.com\/avatar\/576258617ef7194f718179e766d57bd4?s=96&d=mm&r=g","caption":"Adriana Costa"}}]}},"_links":{"self":[{"href":"https:\/\/www.manaus.am.gov.br\/ccc\/wp-json\/wp\/v2\/posts\/348"}],"collection":[{"href":"https:\/\/www.manaus.am.gov.br\/ccc\/wp-json\/wp\/v2\/posts"}],"about":[{"href":"https:\/\/www.manaus.am.gov.br\/ccc\/wp-json\/wp\/v2\/types\/post"}],"author":[{"embeddable":true,"href":"https:\/\/www.manaus.am.gov.br\/ccc\/wp-json\/wp\/v2\/users\/23"}],"replies":[{"embeddable":true,"href":"https:\/\/www.manaus.am.gov.br\/ccc\/wp-json\/wp\/v2\/comments?post=348"}],"version-history":[{"count":0,"href":"https:\/\/www.manaus.am.gov.br\/ccc\/wp-json\/wp\/v2\/posts\/348\/revisions"}],"wp:featuredmedia":[{"embeddable":true,"href":"https:\/\/www.manaus.am.gov.br\/ccc\/wp-json\/wp\/v2\/media\/349"}],"wp:attachment":[{"href":"https:\/\/www.manaus.am.gov.br\/ccc\/wp-json\/wp\/v2\/media?parent=348"}],"wp:term":[{"taxonomy":"category","embeddable":true,"href":"https:\/\/www.manaus.am.gov.br\/ccc\/wp-json\/wp\/v2\/categories?post=348"},{"taxonomy":"post_tag","embeddable":true,"href":"https:\/\/www.manaus.am.gov.br\/ccc\/wp-json\/wp\/v2\/tags?post=348"}],"curies":[{"name":"wp","href":"https:\/\/api.w.org\/{rel}","templated":true}]}}