{"id":220,"date":"2023-01-12T17:46:00","date_gmt":"2023-01-12T21:46:00","guid":{"rendered":"https:\/\/www.manaus.am.gov.br\/ccc\/praca-da-saudade-tem-monitoramento-em-tempo-real-pela-prefeitura-de-manaus\/"},"modified":"2023-01-12T17:46:00","modified_gmt":"2023-01-12T21:46:00","slug":"praca-da-saudade-tem-monitoramento-em-tempo-real-pela-prefeitura-de-manaus","status":"publish","type":"post","link":"https:\/\/www.manaus.am.gov.br\/ccc\/praca-da-saudade-tem-monitoramento-em-tempo-real-pela-prefeitura-de-manaus\/","title":{"rendered":"Pra\u00e7a da Saudade tem monitoramento em tempo real pela Prefeitura de Manaus"},"content":{"rendered":"\n<p>A Prefeitura de Manaus, por meio do Centro de Coopera\u00e7\u00e3o da Cidade (CCC), instalou c\u00e2meras de seguran\u00e7a na pra\u00e7a 5 de Setembro, tamb\u00e9m conhecida como pra\u00e7a da Saudade, no centro de Manaus. O espa\u00e7o p\u00fablico revitalizado recentemente conta agora com monitoramento em tempo real, garantindo uma atua\u00e7\u00e3o mais r\u00e1pida em caso de ocorr\u00eancias.<\/p>\n\n\n\n<p>A pra\u00e7a foi revitalizada ap\u00f3s uma d\u00e9cada de abandono e contar\u00e1 com uma a\u00e7\u00e3o integrada dos servi\u00e7os p\u00fablicos municipais. Dentro do CCC, a Guarda Municipal poder\u00e1 acompanhar em tempo real a movimenta\u00e7\u00e3o do espa\u00e7o que agora \u00e9 novamente abra\u00e7ado pelos manauaras.<\/p>\n\n\n\n<p>C\u00e2meras com alta tecnologia, como identifica\u00e7\u00e3o e busca por caracter\u00edsticas integram o esquema de seguran\u00e7a do munic\u00edpio, conforme explica o superintendente do CCC, Sandro Diz.<\/p>\n\n\n\n<figure class=\"wp-block-image size-full\"><img loading=\"lazy\" decoding=\"async\" width=\"770\" height=\"1024\" src=\"https:\/\/www.manaus.am.gov.br\/ccc\/wp-content\/uploads\/sites\/4\/2023\/01\/A-praca-da-Saudade-um-dos-locais-publicos-mais-antigos-da-cidade-agora-vai-receber-o-servico-de-limpeza-duas-vezes-ao-dia.jpg\" alt=\"A pra\u00e7a da Saudade, um dos locais p\u00fablicos mais antigos da cidade, agora vai receber o servi\u00e7o de limpeza duas vezes ao dia\" class=\"wp-image-221\" srcset=\"https:\/\/www.manaus.am.gov.br\/ccc\/wp-content\/uploads\/sites\/4\/2023\/01\/A-praca-da-Saudade-um-dos-locais-publicos-mais-antigos-da-cidade-agora-vai-receber-o-servico-de-limpeza-duas-vezes-ao-dia.jpg 770w, https:\/\/www.manaus.am.gov.br\/ccc\/wp-content\/uploads\/sites\/4\/2023\/01\/A-praca-da-Saudade-um-dos-locais-publicos-mais-antigos-da-cidade-agora-vai-receber-o-servico-de-limpeza-duas-vezes-ao-dia-226x300.jpg 226w, https:\/\/www.manaus.am.gov.br\/ccc\/wp-content\/uploads\/sites\/4\/2023\/01\/A-praca-da-Saudade-um-dos-locais-publicos-mais-antigos-da-cidade-agora-vai-receber-o-servico-de-limpeza-duas-vezes-ao-dia-768x1021.jpg 768w\" sizes=\"(max-width: 770px) 100vw, 770px\" \/><\/figure>\n\n\n\n<p>\u201cDo CCC, os principais servi\u00e7os da prefeitura podem monitorar a cidade e acompanhar as principais ocorr\u00eancias, muitas vezes at\u00e9 antecipando, agindo de forma preventiva, como provavelmente ocorrer\u00e1 na pra\u00e7a da Saudade. O manauara pode aproveitar o espa\u00e7o rec\u00e9m-devolvido com mais tranquilidade, porque sabe que est\u00e1 sendo monitorado\u201d, afirma Diz.<\/p>\n\n\n\n<p>Nas instala\u00e7\u00f5es do CCC, agentes de seguran\u00e7a poder\u00e3o observar a\u00e7\u00f5es e comportamentos suspeitos, informando a base mais pr\u00f3xima, atuando assim de forma preventiva e garantindo a seguran\u00e7a de quem frequenta o espa\u00e7o.<\/p>\n\n\n\n<p>A pra\u00e7a da Saudade, um dos locais p\u00fablicos mais antigos da cidade, agora vai receber o servi\u00e7o de limpeza duas vezes ao dia, seguran\u00e7a da Guarda Municipal e padroniza\u00e7\u00e3o dos boxes.<\/p>\n\n\n\n<p>\u2014 \u2014 \u2014<\/p>\n\n\n\n<p><strong>Texto<\/strong>&nbsp;\u2013 Divulga\u00e7\u00e3o \/ CCC<\/p>\n\n\n\n<p><strong>Fotos<\/strong>&nbsp;\u2013 Divulga\u00e7\u00e3o \/ CCC e Antonio Pereira \/ Semcom<\/p>\n","protected":false},"excerpt":{"rendered":"","protected":false},"author":27,"featured_media":222,"comment_status":"closed","ping_status":"closed","sticky":false,"template":"","format":"standard","meta":{"footnotes":""},"categories":[31],"tags":[],"acf":[],"yoast_head":"<!-- This site is optimized with the Yoast SEO plugin v23.0 - https:\/\/yoast.com\/wordpress\/plugins\/seo\/ -->\n<title>Pra\u00e7a da Saudade tem monitoramento em tempo real pela Prefeitura de Manaus - CCC<\/title>\n<meta name=\"robots\" content=\"index, follow, max-snippet:-1, max-image-preview:large, max-video-preview:-1\" \/>\n<link rel=\"canonical\" href=\"https:\/\/www.manaus.am.gov.br\/ccc\/praca-da-saudade-tem-monitoramento-em-tempo-real-pela-prefeitura-de-manaus\/\" \/>\n<meta property=\"og:locale\" content=\"pt_BR\" \/>\n<meta property=\"og:type\" content=\"article\" \/>\n<meta property=\"og:title\" content=\"Pra\u00e7a da Saudade tem monitoramento em tempo real pela Prefeitura de Manaus - CCC\" \/>\n<meta property=\"og:url\" content=\"https:\/\/www.manaus.am.gov.br\/ccc\/praca-da-saudade-tem-monitoramento-em-tempo-real-pela-prefeitura-de-manaus\/\" \/>\n<meta property=\"og:site_name\" content=\"CCC\" \/>\n<meta property=\"article:published_time\" content=\"2023-01-12T21:46:00+00:00\" \/>\n<meta property=\"og:image\" content=\"https:\/\/www.manaus.am.gov.br\/ccc\/wp-content\/uploads\/sites\/4\/2023\/01\/Praca-da-Saudade-tem-monitoramento-em-tempo-real-pela-Prefeitura-de-Manaus.jpg\" \/>\n\t<meta property=\"og:image:width\" content=\"720\" \/>\n\t<meta property=\"og:image:height\" content=\"407\" \/>\n\t<meta property=\"og:image:type\" content=\"image\/jpeg\" \/>\n<meta name=\"author\" content=\"Imarketing Digital\" \/>\n<meta name=\"twitter:card\" content=\"summary_large_image\" \/>\n<meta name=\"twitter:label1\" content=\"Written by\" \/>\n\t<meta name=\"twitter:data1\" content=\"Imarketing Digital\" \/>\n\t<meta name=\"twitter:label2\" content=\"Est. reading time\" \/>\n\t<meta name=\"twitter:data2\" content=\"2 minutos\" \/>\n<script type=\"application\/ld+json\" class=\"yoast-schema-graph\">{\"@context\":\"https:\/\/schema.org\",\"@graph\":[{\"@type\":\"WebPage\",\"@id\":\"https:\/\/www.manaus.am.gov.br\/ccc\/praca-da-saudade-tem-monitoramento-em-tempo-real-pela-prefeitura-de-manaus\/\",\"url\":\"https:\/\/www.manaus.am.gov.br\/ccc\/praca-da-saudade-tem-monitoramento-em-tempo-real-pela-prefeitura-de-manaus\/\",\"name\":\"Pra\u00e7a da Saudade tem monitoramento em tempo real pela Prefeitura de Manaus - CCC\",\"isPartOf\":{\"@id\":\"https:\/\/www.manaus.am.gov.br\/ccc\/#website\"},\"primaryImageOfPage\":{\"@id\":\"https:\/\/www.manaus.am.gov.br\/ccc\/praca-da-saudade-tem-monitoramento-em-tempo-real-pela-prefeitura-de-manaus\/#primaryimage\"},\"image\":{\"@id\":\"https:\/\/www.manaus.am.gov.br\/ccc\/praca-da-saudade-tem-monitoramento-em-tempo-real-pela-prefeitura-de-manaus\/#primaryimage\"},\"thumbnailUrl\":\"https:\/\/www.manaus.am.gov.br\/ccc\/wp-content\/uploads\/sites\/4\/2023\/01\/Praca-da-Saudade-tem-monitoramento-em-tempo-real-pela-Prefeitura-de-Manaus.jpg\",\"datePublished\":\"2023-01-12T21:46:00+00:00\",\"dateModified\":\"2023-01-12T21:46:00+00:00\",\"author\":{\"@id\":\"https:\/\/www.manaus.am.gov.br\/ccc\/#\/schema\/person\/79525a47ac5902f50493820d995728ee\"},\"inLanguage\":\"pt-BR\",\"potentialAction\":[{\"@type\":\"ReadAction\",\"target\":[\"https:\/\/www.manaus.am.gov.br\/ccc\/praca-da-saudade-tem-monitoramento-em-tempo-real-pela-prefeitura-de-manaus\/\"]}]},{\"@type\":\"ImageObject\",\"inLanguage\":\"pt-BR\",\"@id\":\"https:\/\/www.manaus.am.gov.br\/ccc\/praca-da-saudade-tem-monitoramento-em-tempo-real-pela-prefeitura-de-manaus\/#primaryimage\",\"url\":\"https:\/\/www.manaus.am.gov.br\/ccc\/wp-content\/uploads\/sites\/4\/2023\/01\/Praca-da-Saudade-tem-monitoramento-em-tempo-real-pela-Prefeitura-de-Manaus.jpg\",\"contentUrl\":\"https:\/\/www.manaus.am.gov.br\/ccc\/wp-content\/uploads\/sites\/4\/2023\/01\/Praca-da-Saudade-tem-monitoramento-em-tempo-real-pela-Prefeitura-de-Manaus.jpg\",\"width\":720,\"height\":407,\"caption\":\"Pra\u00e7a da Saudade tem monitoramento em tempo real pela Prefeitura de Manaus\"},{\"@type\":\"WebSite\",\"@id\":\"https:\/\/www.manaus.am.gov.br\/ccc\/#website\",\"url\":\"https:\/\/www.manaus.am.gov.br\/ccc\/\",\"name\":\"CCC\",\"description\":\"Centro de Coopera\u00e7\u00e3o da Cidade\",\"alternateName\":\"Centro de Coopera\u00e7\u00e3o da Cidade\",\"potentialAction\":[{\"@type\":\"SearchAction\",\"target\":{\"@type\":\"EntryPoint\",\"urlTemplate\":\"https:\/\/www.manaus.am.gov.br\/ccc\/?s={search_term_string}\"},\"query-input\":\"required name=search_term_string\"}],\"inLanguage\":\"pt-BR\"},{\"@type\":\"Person\",\"@id\":\"https:\/\/www.manaus.am.gov.br\/ccc\/#\/schema\/person\/79525a47ac5902f50493820d995728ee\",\"name\":\"Imarketing Digital\",\"image\":{\"@type\":\"ImageObject\",\"inLanguage\":\"pt-BR\",\"@id\":\"https:\/\/www.manaus.am.gov.br\/ccc\/#\/schema\/person\/image\/\",\"url\":\"https:\/\/secure.gravatar.com\/avatar\/03432d3c57b756ed9760f7019c815a3a?s=96&d=mm&r=g\",\"contentUrl\":\"https:\/\/secure.gravatar.com\/avatar\/03432d3c57b756ed9760f7019c815a3a?s=96&d=mm&r=g\",\"caption\":\"Imarketing Digital\"}}]}<\/script>\n<!-- \/ Yoast SEO plugin. -->","yoast_head_json":{"title":"Pra\u00e7a da Saudade tem monitoramento em tempo real pela Prefeitura de Manaus - CCC","robots":{"index":"index","follow":"follow","max-snippet":"max-snippet:-1","max-image-preview":"max-image-preview:large","max-video-preview":"max-video-preview:-1"},"canonical":"https:\/\/www.manaus.am.gov.br\/ccc\/praca-da-saudade-tem-monitoramento-em-tempo-real-pela-prefeitura-de-manaus\/","og_locale":"pt_BR","og_type":"article","og_title":"Pra\u00e7a da Saudade tem monitoramento em tempo real pela Prefeitura de Manaus - CCC","og_url":"https:\/\/www.manaus.am.gov.br\/ccc\/praca-da-saudade-tem-monitoramento-em-tempo-real-pela-prefeitura-de-manaus\/","og_site_name":"CCC","article_published_time":"2023-01-12T21:46:00+00:00","og_image":[{"width":720,"height":407,"url":"https:\/\/www.manaus.am.gov.br\/ccc\/wp-content\/uploads\/sites\/4\/2023\/01\/Praca-da-Saudade-tem-monitoramento-em-tempo-real-pela-Prefeitura-de-Manaus.jpg","type":"image\/jpeg"}],"author":"Imarketing Digital","twitter_card":"summary_large_image","twitter_misc":{"Written by":"Imarketing Digital","Est. reading time":"2 minutos"},"schema":{"@context":"https:\/\/schema.org","@graph":[{"@type":"WebPage","@id":"https:\/\/www.manaus.am.gov.br\/ccc\/praca-da-saudade-tem-monitoramento-em-tempo-real-pela-prefeitura-de-manaus\/","url":"https:\/\/www.manaus.am.gov.br\/ccc\/praca-da-saudade-tem-monitoramento-em-tempo-real-pela-prefeitura-de-manaus\/","name":"Pra\u00e7a da Saudade tem monitoramento em tempo real pela Prefeitura de Manaus - CCC","isPartOf":{"@id":"https:\/\/www.manaus.am.gov.br\/ccc\/#website"},"primaryImageOfPage":{"@id":"https:\/\/www.manaus.am.gov.br\/ccc\/praca-da-saudade-tem-monitoramento-em-tempo-real-pela-prefeitura-de-manaus\/#primaryimage"},"image":{"@id":"https:\/\/www.manaus.am.gov.br\/ccc\/praca-da-saudade-tem-monitoramento-em-tempo-real-pela-prefeitura-de-manaus\/#primaryimage"},"thumbnailUrl":"https:\/\/www.manaus.am.gov.br\/ccc\/wp-content\/uploads\/sites\/4\/2023\/01\/Praca-da-Saudade-tem-monitoramento-em-tempo-real-pela-Prefeitura-de-Manaus.jpg","datePublished":"2023-01-12T21:46:00+00:00","dateModified":"2023-01-12T21:46:00+00:00","author":{"@id":"https:\/\/www.manaus.am.gov.br\/ccc\/#\/schema\/person\/79525a47ac5902f50493820d995728ee"},"inLanguage":"pt-BR","potentialAction":[{"@type":"ReadAction","target":["https:\/\/www.manaus.am.gov.br\/ccc\/praca-da-saudade-tem-monitoramento-em-tempo-real-pela-prefeitura-de-manaus\/"]}]},{"@type":"ImageObject","inLanguage":"pt-BR","@id":"https:\/\/www.manaus.am.gov.br\/ccc\/praca-da-saudade-tem-monitoramento-em-tempo-real-pela-prefeitura-de-manaus\/#primaryimage","url":"https:\/\/www.manaus.am.gov.br\/ccc\/wp-content\/uploads\/sites\/4\/2023\/01\/Praca-da-Saudade-tem-monitoramento-em-tempo-real-pela-Prefeitura-de-Manaus.jpg","contentUrl":"https:\/\/www.manaus.am.gov.br\/ccc\/wp-content\/uploads\/sites\/4\/2023\/01\/Praca-da-Saudade-tem-monitoramento-em-tempo-real-pela-Prefeitura-de-Manaus.jpg","width":720,"height":407,"caption":"Pra\u00e7a da Saudade tem monitoramento em tempo real pela Prefeitura de Manaus"},{"@type":"WebSite","@id":"https:\/\/www.manaus.am.gov.br\/ccc\/#website","url":"https:\/\/www.manaus.am.gov.br\/ccc\/","name":"CCC","description":"Centro de Coopera\u00e7\u00e3o da Cidade","alternateName":"Centro de Coopera\u00e7\u00e3o da Cidade","potentialAction":[{"@type":"SearchAction","target":{"@type":"EntryPoint","urlTemplate":"https:\/\/www.manaus.am.gov.br\/ccc\/?s={search_term_string}"},"query-input":"required name=search_term_string"}],"inLanguage":"pt-BR"},{"@type":"Person","@id":"https:\/\/www.manaus.am.gov.br\/ccc\/#\/schema\/person\/79525a47ac5902f50493820d995728ee","name":"Imarketing Digital","image":{"@type":"ImageObject","inLanguage":"pt-BR","@id":"https:\/\/www.manaus.am.gov.br\/ccc\/#\/schema\/person\/image\/","url":"https:\/\/secure.gravatar.com\/avatar\/03432d3c57b756ed9760f7019c815a3a?s=96&d=mm&r=g","contentUrl":"https:\/\/secure.gravatar.com\/avatar\/03432d3c57b756ed9760f7019c815a3a?s=96&d=mm&r=g","caption":"Imarketing Digital"}}]}},"_links":{"self":[{"href":"https:\/\/www.manaus.am.gov.br\/ccc\/wp-json\/wp\/v2\/posts\/220"}],"collection":[{"href":"https:\/\/www.manaus.am.gov.br\/ccc\/wp-json\/wp\/v2\/posts"}],"about":[{"href":"https:\/\/www.manaus.am.gov.br\/ccc\/wp-json\/wp\/v2\/types\/post"}],"author":[{"embeddable":true,"href":"https:\/\/www.manaus.am.gov.br\/ccc\/wp-json\/wp\/v2\/users\/27"}],"replies":[{"embeddable":true,"href":"https:\/\/www.manaus.am.gov.br\/ccc\/wp-json\/wp\/v2\/comments?post=220"}],"version-history":[{"count":1,"href":"https:\/\/www.manaus.am.gov.br\/ccc\/wp-json\/wp\/v2\/posts\/220\/revisions"}],"predecessor-version":[{"id":223,"href":"https:\/\/www.manaus.am.gov.br\/ccc\/wp-json\/wp\/v2\/posts\/220\/revisions\/223"}],"wp:featuredmedia":[{"embeddable":true,"href":"https:\/\/www.manaus.am.gov.br\/ccc\/wp-json\/wp\/v2\/media\/222"}],"wp:attachment":[{"href":"https:\/\/www.manaus.am.gov.br\/ccc\/wp-json\/wp\/v2\/media?parent=220"}],"wp:term":[{"taxonomy":"category","embeddable":true,"href":"https:\/\/www.manaus.am.gov.br\/ccc\/wp-json\/wp\/v2\/categories?post=220"},{"taxonomy":"post_tag","embeddable":true,"href":"https:\/\/www.manaus.am.gov.br\/ccc\/wp-json\/wp\/v2\/tags?post=220"}],"curies":[{"name":"wp","href":"https:\/\/api.w.org\/{rel}","templated":true}]}}