{"id":2199,"date":"2026-03-06T18:32:19","date_gmt":"2026-03-06T22:32:19","guid":{"rendered":"https:\/\/www.manaus.am.gov.br\/ccc\/ocorrencias-apos-chuva\/"},"modified":"2026-03-09T12:36:35","modified_gmt":"2026-03-09T16:36:35","slug":"ocorrencias-apos-chuvas-intensas","status":"publish","type":"post","link":"https:\/\/www.manaus.am.gov.br\/ccc\/ocorrencias-apos-chuvas-intensas\/","title":{"rendered":"Prefeitura registra 12 ocorr\u00eancias ap\u00f3s as chuvas desta sexta-feira"},"content":{"rendered":"\n<p>A <a href=\"https:\/\/www.manaus.am.gov.br\/\">Prefeitura de Manaus<\/a>, por meio do <a href=\"https:\/\/www.instagram.com\/ccc.manaus\/\">Centro de Coopera\u00e7\u00e3o da Cidade<\/a> (CCC), registrou, durante esta sexta-feira, 6\/3, 12 chamadas em decorr\u00eancia das chuvas intensas que atingiram a cidade. As demandas foram recebidas pelo Disque 199, canal direto de comunica\u00e7\u00e3o com a Defesa Civil, operado 24 horas na sede do CCC.<\/p>\n\n\n\n<p>As ocorr\u00eancias durante as chuvas intensas foram repassadas para as equipes de campo da Secretaria Executiva de Prote\u00e7\u00e3o e Defesa Civil Municipal (Sepdec), vinculada \u00e0 Secretaria Municipal de Seguran\u00e7a P\u00fablica e Defesa Social (Semseg), que respondem rapidamente \u00e0s \u00e1reas impactadas.<\/p>\n\n\n\n<p>Durante as recentes precipita\u00e7\u00f5es em Manaus, algumas situa\u00e7\u00f5es foram observadas, demonstrando a necessidade de aten\u00e7\u00e3o das equipes de campo.<\/p>\n\n\n\n<p>Entre elas, quatro alaga\u00e7\u00f5es, sendo duas na zona Leste e duas na zona Oeste. Tr\u00eas desabamentos, sendo dois na zona Leste e um na zona Sul.&nbsp; Uma rachadura na zona Leste, uma solicita\u00e7\u00e3o de vistoria na zona Leste e um risco de tombamento na zona Leste.<\/p>\n\n\n\n<p><strong>Canal de atendimento 24 horas<\/strong><\/p>\n\n\n\n<p>Em caso de ocorr\u00eancias, para assist\u00eancia imediata, os cidad\u00e3os podem entrar em contato ligando para o Disque 199 (Defesa Civil), do Centro de Coopera\u00e7\u00e3o da Cidade (CCC), que opera 24 horas.<\/p>\n\n\n\n<p>\u00c9 importante ressaltar que o sistema atmosf\u00e9rico \u00e9 din\u00e2mico e a Prefeitura de Manaus continuar\u00e1 monitorando os dados de previs\u00e3o para fornecer atualiza\u00e7\u00f5es, caso haja altera\u00e7\u00f5es significativas.<\/p>\n\n\n\n<p><strong>Recomenda\u00e7\u00f5es<\/strong><\/p>\n\n\n\n<p>\u00c9 importante que os residentes de Manaus estejam preparados para as condi\u00e7\u00f5es do mau tempo e adotem as precau\u00e7\u00f5es necess\u00e1rias. Al\u00e9m disso, \u00e9 recomendado evitar o ac\u00famulo de \u00e1gua parada, visando prevenir a prolifera\u00e7\u00e3o de mosquitos transmissores de doen\u00e7as.<\/p>\n\n\n\n<p>Ao dirigir em vias alagadas, \u00e9 essencial reduzir a velocidade e manter uma dist\u00e2ncia segura do ve\u00edculo \u00e0 frente. Evite transitar por locais alagados e, se necess\u00e1rio, procure rotas alternativas.<\/p>\n\n\n\n<p>&#8212; &#8212; &#8212;<\/p>\n\n\n\n<p><strong>Texto<\/strong> &#8211; Divulga\u00e7\u00e3o \/ Semseg<\/p>\n","protected":false},"excerpt":{"rendered":"","protected":false},"author":61,"featured_media":1751,"comment_status":"closed","ping_status":"closed","sticky":false,"template":"","format":"standard","meta":{"footnotes":""},"categories":[427],"tags":[11,91,75,106,38],"acf":[],"yoast_head":"<!-- This site is optimized with the Yoast SEO plugin v23.0 - https:\/\/yoast.com\/wordpress\/plugins\/seo\/ -->\n<title>Prefeitura registra 12 ocorr\u00eancias ap\u00f3s as chuvas desta sexta-feira<\/title>\n<meta name=\"description\" content=\"A Prefeitura de Manaus, por meio do Centro de Coopera\u00e7\u00e3o da Cidade (CCC), registrou, durante esta sexta-feira, 6\/3, 10 chamadas em decorr\u00eancia das chuvas que atingiram a cidade.\" \/>\n<meta name=\"robots\" content=\"index, follow, max-snippet:-1, max-image-preview:large, max-video-preview:-1\" \/>\n<link rel=\"canonical\" href=\"https:\/\/www.manaus.am.gov.br\/ccc\/ocorrencias-apos-chuva\/\" \/>\n<meta property=\"og:locale\" content=\"pt_BR\" \/>\n<meta property=\"og:type\" content=\"article\" \/>\n<meta property=\"og:title\" content=\"Prefeitura registra 12 ocorr\u00eancias ap\u00f3s as chuvas desta sexta-feira\" \/>\n<meta property=\"og:description\" content=\"A Prefeitura de Manaus, por meio do Centro de Coopera\u00e7\u00e3o da Cidade (CCC), registrou, durante esta sexta-feira, 6\/3, 10 chamadas em decorr\u00eancia das chuvas que atingiram a cidade.\" \/>\n<meta property=\"og:url\" content=\"https:\/\/www.manaus.am.gov.br\/ccc\/ocorrencias-apos-chuva\/\" \/>\n<meta property=\"og:site_name\" content=\"CCC\" \/>\n<meta property=\"article:published_time\" content=\"2026-03-06T22:32:19+00:00\" \/>\n<meta property=\"article:modified_time\" content=\"2026-03-09T16:36:35+00:00\" \/>\n<meta property=\"og:image\" content=\"https:\/\/www.manaus.am.gov.br\/ccc\/wp-content\/uploads\/sites\/4\/2025\/04\/BANNER-NOTA.png\" \/>\n\t<meta property=\"og:image:width\" content=\"900\" \/>\n\t<meta property=\"og:image:height\" content=\"509\" \/>\n\t<meta property=\"og:image:type\" content=\"image\/png\" \/>\n<meta name=\"author\" content=\"smonteiro\" \/>\n<meta name=\"twitter:card\" content=\"summary_large_image\" \/>\n<meta name=\"twitter:label1\" content=\"Written by\" \/>\n\t<meta name=\"twitter:data1\" content=\"smonteiro\" \/>\n\t<meta name=\"twitter:label2\" content=\"Est. reading time\" \/>\n\t<meta name=\"twitter:data2\" content=\"2 minutos\" \/>\n<script type=\"application\/ld+json\" class=\"yoast-schema-graph\">{\"@context\":\"https:\/\/schema.org\",\"@graph\":[{\"@type\":\"WebPage\",\"@id\":\"https:\/\/www.manaus.am.gov.br\/ccc\/ocorrencias-apos-chuva\/\",\"url\":\"https:\/\/www.manaus.am.gov.br\/ccc\/ocorrencias-apos-chuva\/\",\"name\":\"Prefeitura registra 12 ocorr\u00eancias ap\u00f3s as chuvas desta sexta-feira\",\"isPartOf\":{\"@id\":\"https:\/\/www.manaus.am.gov.br\/ccc\/#website\"},\"primaryImageOfPage\":{\"@id\":\"https:\/\/www.manaus.am.gov.br\/ccc\/ocorrencias-apos-chuva\/#primaryimage\"},\"image\":{\"@id\":\"https:\/\/www.manaus.am.gov.br\/ccc\/ocorrencias-apos-chuva\/#primaryimage\"},\"thumbnailUrl\":\"https:\/\/www.manaus.am.gov.br\/ccc\/wp-content\/uploads\/sites\/4\/2025\/04\/BANNER-NOTA.png\",\"datePublished\":\"2026-03-06T22:32:19+00:00\",\"dateModified\":\"2026-03-09T16:36:35+00:00\",\"author\":{\"@id\":\"https:\/\/www.manaus.am.gov.br\/ccc\/#\/schema\/person\/ab4dcf766a54dff74e8d267f5c591961\"},\"description\":\"A Prefeitura de Manaus, por meio do Centro de Coopera\u00e7\u00e3o da Cidade (CCC), registrou, durante esta sexta-feira, 6\/3, 10 chamadas em decorr\u00eancia das chuvas que atingiram a cidade.\",\"inLanguage\":\"pt-BR\",\"potentialAction\":[{\"@type\":\"ReadAction\",\"target\":[\"https:\/\/www.manaus.am.gov.br\/ccc\/ocorrencias-apos-chuva\/\"]}]},{\"@type\":\"ImageObject\",\"inLanguage\":\"pt-BR\",\"@id\":\"https:\/\/www.manaus.am.gov.br\/ccc\/ocorrencias-apos-chuva\/#primaryimage\",\"url\":\"https:\/\/www.manaus.am.gov.br\/ccc\/wp-content\/uploads\/sites\/4\/2025\/04\/BANNER-NOTA.png\",\"contentUrl\":\"https:\/\/www.manaus.am.gov.br\/ccc\/wp-content\/uploads\/sites\/4\/2025\/04\/BANNER-NOTA.png\",\"width\":900,\"height\":509,\"caption\":\"37 ocorr\u00eancias ap\u00f3s fortes chuvas\"},{\"@type\":\"WebSite\",\"@id\":\"https:\/\/www.manaus.am.gov.br\/ccc\/#website\",\"url\":\"https:\/\/www.manaus.am.gov.br\/ccc\/\",\"name\":\"CCC\",\"description\":\"Centro de Coopera\u00e7\u00e3o da Cidade\",\"alternateName\":\"Centro de Coopera\u00e7\u00e3o da Cidade\",\"potentialAction\":[{\"@type\":\"SearchAction\",\"target\":{\"@type\":\"EntryPoint\",\"urlTemplate\":\"https:\/\/www.manaus.am.gov.br\/ccc\/?s={search_term_string}\"},\"query-input\":\"required name=search_term_string\"}],\"inLanguage\":\"pt-BR\"},{\"@type\":\"Person\",\"@id\":\"https:\/\/www.manaus.am.gov.br\/ccc\/#\/schema\/person\/ab4dcf766a54dff74e8d267f5c591961\",\"name\":\"smonteiro\",\"image\":{\"@type\":\"ImageObject\",\"inLanguage\":\"pt-BR\",\"@id\":\"https:\/\/www.manaus.am.gov.br\/ccc\/#\/schema\/person\/image\/\",\"url\":\"https:\/\/secure.gravatar.com\/avatar\/21c8776ef61d9272c73322052e042d77?s=96&d=mm&r=g\",\"contentUrl\":\"https:\/\/secure.gravatar.com\/avatar\/21c8776ef61d9272c73322052e042d77?s=96&d=mm&r=g\",\"caption\":\"smonteiro\"}}]}<\/script>\n<!-- \/ Yoast SEO plugin. -->","yoast_head_json":{"title":"Prefeitura registra 12 ocorr\u00eancias ap\u00f3s as chuvas desta sexta-feira","description":"A Prefeitura de Manaus, por meio do Centro de Coopera\u00e7\u00e3o da Cidade (CCC), registrou, durante esta sexta-feira, 6\/3, 10 chamadas em decorr\u00eancia das chuvas que atingiram a cidade.","robots":{"index":"index","follow":"follow","max-snippet":"max-snippet:-1","max-image-preview":"max-image-preview:large","max-video-preview":"max-video-preview:-1"},"canonical":"https:\/\/www.manaus.am.gov.br\/ccc\/ocorrencias-apos-chuva\/","og_locale":"pt_BR","og_type":"article","og_title":"Prefeitura registra 12 ocorr\u00eancias ap\u00f3s as chuvas desta sexta-feira","og_description":"A Prefeitura de Manaus, por meio do Centro de Coopera\u00e7\u00e3o da Cidade (CCC), registrou, durante esta sexta-feira, 6\/3, 10 chamadas em decorr\u00eancia das chuvas que atingiram a cidade.","og_url":"https:\/\/www.manaus.am.gov.br\/ccc\/ocorrencias-apos-chuva\/","og_site_name":"CCC","article_published_time":"2026-03-06T22:32:19+00:00","article_modified_time":"2026-03-09T16:36:35+00:00","og_image":[{"width":900,"height":509,"url":"https:\/\/www.manaus.am.gov.br\/ccc\/wp-content\/uploads\/sites\/4\/2025\/04\/BANNER-NOTA.png","type":"image\/png"}],"author":"smonteiro","twitter_card":"summary_large_image","twitter_misc":{"Written by":"smonteiro","Est. reading time":"2 minutos"},"schema":{"@context":"https:\/\/schema.org","@graph":[{"@type":"WebPage","@id":"https:\/\/www.manaus.am.gov.br\/ccc\/ocorrencias-apos-chuva\/","url":"https:\/\/www.manaus.am.gov.br\/ccc\/ocorrencias-apos-chuva\/","name":"Prefeitura registra 12 ocorr\u00eancias ap\u00f3s as chuvas desta sexta-feira","isPartOf":{"@id":"https:\/\/www.manaus.am.gov.br\/ccc\/#website"},"primaryImageOfPage":{"@id":"https:\/\/www.manaus.am.gov.br\/ccc\/ocorrencias-apos-chuva\/#primaryimage"},"image":{"@id":"https:\/\/www.manaus.am.gov.br\/ccc\/ocorrencias-apos-chuva\/#primaryimage"},"thumbnailUrl":"https:\/\/www.manaus.am.gov.br\/ccc\/wp-content\/uploads\/sites\/4\/2025\/04\/BANNER-NOTA.png","datePublished":"2026-03-06T22:32:19+00:00","dateModified":"2026-03-09T16:36:35+00:00","author":{"@id":"https:\/\/www.manaus.am.gov.br\/ccc\/#\/schema\/person\/ab4dcf766a54dff74e8d267f5c591961"},"description":"A Prefeitura de Manaus, por meio do Centro de Coopera\u00e7\u00e3o da Cidade (CCC), registrou, durante esta sexta-feira, 6\/3, 10 chamadas em decorr\u00eancia das chuvas que atingiram a cidade.","inLanguage":"pt-BR","potentialAction":[{"@type":"ReadAction","target":["https:\/\/www.manaus.am.gov.br\/ccc\/ocorrencias-apos-chuva\/"]}]},{"@type":"ImageObject","inLanguage":"pt-BR","@id":"https:\/\/www.manaus.am.gov.br\/ccc\/ocorrencias-apos-chuva\/#primaryimage","url":"https:\/\/www.manaus.am.gov.br\/ccc\/wp-content\/uploads\/sites\/4\/2025\/04\/BANNER-NOTA.png","contentUrl":"https:\/\/www.manaus.am.gov.br\/ccc\/wp-content\/uploads\/sites\/4\/2025\/04\/BANNER-NOTA.png","width":900,"height":509,"caption":"37 ocorr\u00eancias ap\u00f3s fortes chuvas"},{"@type":"WebSite","@id":"https:\/\/www.manaus.am.gov.br\/ccc\/#website","url":"https:\/\/www.manaus.am.gov.br\/ccc\/","name":"CCC","description":"Centro de Coopera\u00e7\u00e3o da Cidade","alternateName":"Centro de Coopera\u00e7\u00e3o da Cidade","potentialAction":[{"@type":"SearchAction","target":{"@type":"EntryPoint","urlTemplate":"https:\/\/www.manaus.am.gov.br\/ccc\/?s={search_term_string}"},"query-input":"required name=search_term_string"}],"inLanguage":"pt-BR"},{"@type":"Person","@id":"https:\/\/www.manaus.am.gov.br\/ccc\/#\/schema\/person\/ab4dcf766a54dff74e8d267f5c591961","name":"smonteiro","image":{"@type":"ImageObject","inLanguage":"pt-BR","@id":"https:\/\/www.manaus.am.gov.br\/ccc\/#\/schema\/person\/image\/","url":"https:\/\/secure.gravatar.com\/avatar\/21c8776ef61d9272c73322052e042d77?s=96&d=mm&r=g","contentUrl":"https:\/\/secure.gravatar.com\/avatar\/21c8776ef61d9272c73322052e042d77?s=96&d=mm&r=g","caption":"smonteiro"}}]}},"_links":{"self":[{"href":"https:\/\/www.manaus.am.gov.br\/ccc\/wp-json\/wp\/v2\/posts\/2199"}],"collection":[{"href":"https:\/\/www.manaus.am.gov.br\/ccc\/wp-json\/wp\/v2\/posts"}],"about":[{"href":"https:\/\/www.manaus.am.gov.br\/ccc\/wp-json\/wp\/v2\/types\/post"}],"author":[{"embeddable":true,"href":"https:\/\/www.manaus.am.gov.br\/ccc\/wp-json\/wp\/v2\/users\/61"}],"replies":[{"embeddable":true,"href":"https:\/\/www.manaus.am.gov.br\/ccc\/wp-json\/wp\/v2\/comments?post=2199"}],"version-history":[{"count":1,"href":"https:\/\/www.manaus.am.gov.br\/ccc\/wp-json\/wp\/v2\/posts\/2199\/revisions"}],"predecessor-version":[{"id":2207,"href":"https:\/\/www.manaus.am.gov.br\/ccc\/wp-json\/wp\/v2\/posts\/2199\/revisions\/2207"}],"wp:featuredmedia":[{"embeddable":true,"href":"https:\/\/www.manaus.am.gov.br\/ccc\/wp-json\/wp\/v2\/media\/1751"}],"wp:attachment":[{"href":"https:\/\/www.manaus.am.gov.br\/ccc\/wp-json\/wp\/v2\/media?parent=2199"}],"wp:term":[{"taxonomy":"category","embeddable":true,"href":"https:\/\/www.manaus.am.gov.br\/ccc\/wp-json\/wp\/v2\/categories?post=2199"},{"taxonomy":"post_tag","embeddable":true,"href":"https:\/\/www.manaus.am.gov.br\/ccc\/wp-json\/wp\/v2\/tags?post=2199"}],"curies":[{"name":"wp","href":"https:\/\/api.w.org\/{rel}","templated":true}]}}