{"id":214,"date":"2023-01-08T23:22:00","date_gmt":"2023-01-09T03:22:00","guid":{"rendered":"https:\/\/www.manaus.am.gov.br\/ccc\/orgaos-da-prefeitura-de-manaus-se-reunem-com-gabinete-de-crise-para-prevenir-atos-antidemocraticos\/"},"modified":"2023-01-09T08:19:57","modified_gmt":"2023-01-09T12:19:57","slug":"orgaos-da-prefeitura-de-manaus-se-reunem-com-gabinete-de-crise-para-prevenir-atos-antidemocraticos","status":"publish","type":"post","link":"https:\/\/www.manaus.am.gov.br\/ccc\/orgaos-da-prefeitura-de-manaus-se-reunem-com-gabinete-de-crise-para-prevenir-atos-antidemocraticos\/","title":{"rendered":"\u00d3rg\u00e3os da Prefeitura de Manaus se re\u00fanem com Gabinete de Crise para prevenir atos antidemocr\u00e1ticos"},"content":{"rendered":"\n<p>A Prefeitura de Manaus, por meio da Secretaria Municipal de Seguran\u00e7a P\u00fablica e Defesa Social (Semseg) e do Centro de Coopera\u00e7\u00e3o da Cidade (CCC), se reuniram na noite deste domingo, 8\/1, com o Gabinete de Crise do Estado, para discutir as a\u00e7\u00f5es preventivas aos poss\u00edveis atos antidemocr\u00e1ticos. O encontro aconteceu no Centro Integrado de Comando e Controle (CICC), localizado na avenida Andr\u00e9 Ara\u00fajo, bairro Aleixo, zona Centro-Sul.<\/p>\n\n\n\n<p>\u00d3rg\u00e3os de seguran\u00e7a dos governos federal, estadual e municipal&nbsp; estiveram presentes para debater as a\u00e7\u00f5es dos manifestantes e evitar que a situa\u00e7\u00e3o se agrave como aconteceu em Bras\u00edlia neste domingo.&nbsp; O prefeito David Almeida se pronunciou por meio das redes sociais e disse ser a favor da democracia e repudiou os atos contra a Constitui\u00e7\u00e3o, colocando os servi\u00e7os estrat\u00e9gicos da prefeitura \u00e0 disposi\u00e7\u00e3o para atuar de forma integrada com a Secretaria de Seguran\u00e7a P\u00fablica (SSP).<\/p>\n\n\n\n<p>De acordo com o titular da Semseg, S\u00e9rgio Fontes, a seguran\u00e7a nos pr\u00e9dios p\u00fablicos do munic\u00edpio j\u00e1 foi refor\u00e7ada. \u201cN\u00f3s estamos sob orienta\u00e7\u00e3o direta do prefeito David Almeida, que est\u00e1 preocupado com a situa\u00e7\u00e3o de Bras\u00edlia e em como isso pode repercutir em outros Estados e determinou que acompanh\u00e1ssemos a situa\u00e7\u00e3o diretamente com as autoridades estaduais. N\u00f3s j\u00e1 refor\u00e7amos a seguran\u00e7a nos \u00f3rg\u00e3os p\u00fablicos municipais com a Guarda Municipal e estamos acompanhando os servidores que podem ser hostilizados durante o exerc\u00edcio da sua atividade, como \u00e9 o caso dos agentes de tr\u00e2nsito\u201d, disse Fontes.<\/p>\n\n\n\n<p>O Centro de Coopera\u00e7\u00e3o da Cidade que tamb\u00e9m participou da reuni\u00e3o, estuda a possibilidade de instala\u00e7\u00e3o de mais c\u00e2meras de monitoramento nos pontos sens\u00edveis identificados pela intelig\u00eancia.<\/p>\n\n\n\n<p>\u201cExistem alguns pontos que j\u00e1 s\u00e3o monitorados e outros que podem vir a ser utilizados pelos manifestantes, \u00e9 nesses pontos que o CCC deve atuar em parceria com o Estado, instalando c\u00e2meras de monitoramento para que toda e qualquer atividade possa ser acompanhada em tempo real\u201d, ressaltou o superintendente do CCC, Sandro Diz.<\/p>\n\n\n\n<p>Desde o dia 15\/11, o Instituto Municipal de Mobilidade Urbana (IMMU) vem acompanhando o tr\u00e2nsito na avenida Coronel Teixeira, em frente ao Comando Militar da Amaz\u00f4nia (CMA) e demais pontos de manifesta\u00e7\u00e3o.<\/p>\n\n\n\n<p>\u201cEstamos acompanhando as manifesta\u00e7\u00f5es e o seu impacto na fluidez do tr\u00e2nsito, sempre agindo de forma conjunta com os \u00f3rg\u00e3os de seguran\u00e7a do Estado e do munic\u00edpio, para que a ordem do tr\u00e2nsito seja mantida\u201d, afirmou o chefe de Opera\u00e7\u00f5es do IMMU, Renato Silva.<\/p>\n\n\n\n<p>O secret\u00e1rio da Casa Militar de Manaus, tenente Willian Dias, que esteve presente na reuni\u00e3o, colocou o apoio operacional dos policiais da Casa Militar \u00e0 disposi\u00e7\u00e3o.<\/p>\n\n\n\n<hr class=\"wp-block-separator has-alpha-channel-opacity\"\/>\n\n\n\n<p><strong>Texto \u2013\u00a0<\/strong>Jamyly Macedo \/ Semseg<br><strong>Fotos \u2013\u00a0<\/strong>Divulga\u00e7\u00e3o \/ Semseg<\/p>\n","protected":false},"excerpt":{"rendered":"","protected":false},"author":27,"featured_media":215,"comment_status":"closed","ping_status":"closed","sticky":false,"template":"","format":"standard","meta":{"footnotes":""},"categories":[31],"tags":[],"acf":[],"yoast_head":"<!-- This site is optimized with the Yoast SEO plugin v23.0 - https:\/\/yoast.com\/wordpress\/plugins\/seo\/ -->\n<title>\u00d3rg\u00e3os da Prefeitura de Manaus se re\u00fanem com Gabinete de Crise para prevenir atos antidemocr\u00e1ticos - CCC<\/title>\n<meta name=\"robots\" content=\"index, follow, max-snippet:-1, max-image-preview:large, max-video-preview:-1\" \/>\n<link rel=\"canonical\" href=\"https:\/\/www.manaus.am.gov.br\/ccc\/orgaos-da-prefeitura-de-manaus-se-reunem-com-gabinete-de-crise-para-prevenir-atos-antidemocraticos\/\" \/>\n<meta property=\"og:locale\" content=\"pt_BR\" \/>\n<meta property=\"og:type\" content=\"article\" \/>\n<meta property=\"og:title\" content=\"\u00d3rg\u00e3os da Prefeitura de Manaus se re\u00fanem com Gabinete de Crise para prevenir atos antidemocr\u00e1ticos - CCC\" \/>\n<meta property=\"og:url\" content=\"https:\/\/www.manaus.am.gov.br\/ccc\/orgaos-da-prefeitura-de-manaus-se-reunem-com-gabinete-de-crise-para-prevenir-atos-antidemocraticos\/\" \/>\n<meta property=\"og:site_name\" content=\"CCC\" \/>\n<meta property=\"article:published_time\" content=\"2023-01-09T03:22:00+00:00\" \/>\n<meta property=\"article:modified_time\" content=\"2023-01-09T12:19:57+00:00\" \/>\n<meta property=\"og:image\" content=\"https:\/\/www.manaus.am.gov.br\/ccc\/wp-content\/uploads\/sites\/4\/2023\/01\/orgaos-da-Prefeitura-de-Manaus-se-reunem-com-Gabinete-de-Crise-para-prevenir-atos-antidemocraticos.jpg\" \/>\n\t<meta property=\"og:image:width\" content=\"720\" \/>\n\t<meta property=\"og:image:height\" content=\"407\" \/>\n\t<meta property=\"og:image:type\" content=\"image\/jpeg\" \/>\n<meta name=\"author\" content=\"Imarketing Digital\" \/>\n<meta name=\"twitter:card\" content=\"summary_large_image\" \/>\n<meta name=\"twitter:label1\" content=\"Written by\" \/>\n\t<meta name=\"twitter:data1\" content=\"Imarketing Digital\" \/>\n\t<meta name=\"twitter:label2\" content=\"Est. reading time\" \/>\n\t<meta name=\"twitter:data2\" content=\"3 minutos\" \/>\n<script type=\"application\/ld+json\" class=\"yoast-schema-graph\">{\"@context\":\"https:\/\/schema.org\",\"@graph\":[{\"@type\":\"WebPage\",\"@id\":\"https:\/\/www.manaus.am.gov.br\/ccc\/orgaos-da-prefeitura-de-manaus-se-reunem-com-gabinete-de-crise-para-prevenir-atos-antidemocraticos\/\",\"url\":\"https:\/\/www.manaus.am.gov.br\/ccc\/orgaos-da-prefeitura-de-manaus-se-reunem-com-gabinete-de-crise-para-prevenir-atos-antidemocraticos\/\",\"name\":\"\u00d3rg\u00e3os da Prefeitura de Manaus se re\u00fanem com Gabinete de Crise para prevenir atos antidemocr\u00e1ticos - CCC\",\"isPartOf\":{\"@id\":\"https:\/\/www.manaus.am.gov.br\/ccc\/#website\"},\"primaryImageOfPage\":{\"@id\":\"https:\/\/www.manaus.am.gov.br\/ccc\/orgaos-da-prefeitura-de-manaus-se-reunem-com-gabinete-de-crise-para-prevenir-atos-antidemocraticos\/#primaryimage\"},\"image\":{\"@id\":\"https:\/\/www.manaus.am.gov.br\/ccc\/orgaos-da-prefeitura-de-manaus-se-reunem-com-gabinete-de-crise-para-prevenir-atos-antidemocraticos\/#primaryimage\"},\"thumbnailUrl\":\"https:\/\/www.manaus.am.gov.br\/ccc\/wp-content\/uploads\/sites\/4\/2023\/01\/orgaos-da-Prefeitura-de-Manaus-se-reunem-com-Gabinete-de-Crise-para-prevenir-atos-antidemocraticos.jpg\",\"datePublished\":\"2023-01-09T03:22:00+00:00\",\"dateModified\":\"2023-01-09T12:19:57+00:00\",\"author\":{\"@id\":\"https:\/\/www.manaus.am.gov.br\/ccc\/#\/schema\/person\/79525a47ac5902f50493820d995728ee\"},\"inLanguage\":\"pt-BR\",\"potentialAction\":[{\"@type\":\"ReadAction\",\"target\":[\"https:\/\/www.manaus.am.gov.br\/ccc\/orgaos-da-prefeitura-de-manaus-se-reunem-com-gabinete-de-crise-para-prevenir-atos-antidemocraticos\/\"]}]},{\"@type\":\"ImageObject\",\"inLanguage\":\"pt-BR\",\"@id\":\"https:\/\/www.manaus.am.gov.br\/ccc\/orgaos-da-prefeitura-de-manaus-se-reunem-com-gabinete-de-crise-para-prevenir-atos-antidemocraticos\/#primaryimage\",\"url\":\"https:\/\/www.manaus.am.gov.br\/ccc\/wp-content\/uploads\/sites\/4\/2023\/01\/orgaos-da-Prefeitura-de-Manaus-se-reunem-com-Gabinete-de-Crise-para-prevenir-atos-antidemocraticos.jpg\",\"contentUrl\":\"https:\/\/www.manaus.am.gov.br\/ccc\/wp-content\/uploads\/sites\/4\/2023\/01\/orgaos-da-Prefeitura-de-Manaus-se-reunem-com-Gabinete-de-Crise-para-prevenir-atos-antidemocraticos.jpg\",\"width\":720,\"height\":407,\"caption\":\"\u00d3rg\u00e3os da Prefeitura de Manaus se re\u00fanem com Gabinete de Crise para prevenir atos antidemocr\u00e1ticos\"},{\"@type\":\"WebSite\",\"@id\":\"https:\/\/www.manaus.am.gov.br\/ccc\/#website\",\"url\":\"https:\/\/www.manaus.am.gov.br\/ccc\/\",\"name\":\"CCC\",\"description\":\"Centro de Coopera\u00e7\u00e3o da Cidade\",\"alternateName\":\"Centro de Coopera\u00e7\u00e3o da Cidade\",\"potentialAction\":[{\"@type\":\"SearchAction\",\"target\":{\"@type\":\"EntryPoint\",\"urlTemplate\":\"https:\/\/www.manaus.am.gov.br\/ccc\/?s={search_term_string}\"},\"query-input\":\"required name=search_term_string\"}],\"inLanguage\":\"pt-BR\"},{\"@type\":\"Person\",\"@id\":\"https:\/\/www.manaus.am.gov.br\/ccc\/#\/schema\/person\/79525a47ac5902f50493820d995728ee\",\"name\":\"Imarketing Digital\",\"image\":{\"@type\":\"ImageObject\",\"inLanguage\":\"pt-BR\",\"@id\":\"https:\/\/www.manaus.am.gov.br\/ccc\/#\/schema\/person\/image\/\",\"url\":\"https:\/\/secure.gravatar.com\/avatar\/03432d3c57b756ed9760f7019c815a3a?s=96&d=mm&r=g\",\"contentUrl\":\"https:\/\/secure.gravatar.com\/avatar\/03432d3c57b756ed9760f7019c815a3a?s=96&d=mm&r=g\",\"caption\":\"Imarketing Digital\"}}]}<\/script>\n<!-- \/ Yoast SEO plugin. -->","yoast_head_json":{"title":"\u00d3rg\u00e3os da Prefeitura de Manaus se re\u00fanem com Gabinete de Crise para prevenir atos antidemocr\u00e1ticos - CCC","robots":{"index":"index","follow":"follow","max-snippet":"max-snippet:-1","max-image-preview":"max-image-preview:large","max-video-preview":"max-video-preview:-1"},"canonical":"https:\/\/www.manaus.am.gov.br\/ccc\/orgaos-da-prefeitura-de-manaus-se-reunem-com-gabinete-de-crise-para-prevenir-atos-antidemocraticos\/","og_locale":"pt_BR","og_type":"article","og_title":"\u00d3rg\u00e3os da Prefeitura de Manaus se re\u00fanem com Gabinete de Crise para prevenir atos antidemocr\u00e1ticos - CCC","og_url":"https:\/\/www.manaus.am.gov.br\/ccc\/orgaos-da-prefeitura-de-manaus-se-reunem-com-gabinete-de-crise-para-prevenir-atos-antidemocraticos\/","og_site_name":"CCC","article_published_time":"2023-01-09T03:22:00+00:00","article_modified_time":"2023-01-09T12:19:57+00:00","og_image":[{"width":720,"height":407,"url":"https:\/\/www.manaus.am.gov.br\/ccc\/wp-content\/uploads\/sites\/4\/2023\/01\/orgaos-da-Prefeitura-de-Manaus-se-reunem-com-Gabinete-de-Crise-para-prevenir-atos-antidemocraticos.jpg","type":"image\/jpeg"}],"author":"Imarketing Digital","twitter_card":"summary_large_image","twitter_misc":{"Written by":"Imarketing Digital","Est. reading time":"3 minutos"},"schema":{"@context":"https:\/\/schema.org","@graph":[{"@type":"WebPage","@id":"https:\/\/www.manaus.am.gov.br\/ccc\/orgaos-da-prefeitura-de-manaus-se-reunem-com-gabinete-de-crise-para-prevenir-atos-antidemocraticos\/","url":"https:\/\/www.manaus.am.gov.br\/ccc\/orgaos-da-prefeitura-de-manaus-se-reunem-com-gabinete-de-crise-para-prevenir-atos-antidemocraticos\/","name":"\u00d3rg\u00e3os da Prefeitura de Manaus se re\u00fanem com Gabinete de Crise para prevenir atos antidemocr\u00e1ticos - CCC","isPartOf":{"@id":"https:\/\/www.manaus.am.gov.br\/ccc\/#website"},"primaryImageOfPage":{"@id":"https:\/\/www.manaus.am.gov.br\/ccc\/orgaos-da-prefeitura-de-manaus-se-reunem-com-gabinete-de-crise-para-prevenir-atos-antidemocraticos\/#primaryimage"},"image":{"@id":"https:\/\/www.manaus.am.gov.br\/ccc\/orgaos-da-prefeitura-de-manaus-se-reunem-com-gabinete-de-crise-para-prevenir-atos-antidemocraticos\/#primaryimage"},"thumbnailUrl":"https:\/\/www.manaus.am.gov.br\/ccc\/wp-content\/uploads\/sites\/4\/2023\/01\/orgaos-da-Prefeitura-de-Manaus-se-reunem-com-Gabinete-de-Crise-para-prevenir-atos-antidemocraticos.jpg","datePublished":"2023-01-09T03:22:00+00:00","dateModified":"2023-01-09T12:19:57+00:00","author":{"@id":"https:\/\/www.manaus.am.gov.br\/ccc\/#\/schema\/person\/79525a47ac5902f50493820d995728ee"},"inLanguage":"pt-BR","potentialAction":[{"@type":"ReadAction","target":["https:\/\/www.manaus.am.gov.br\/ccc\/orgaos-da-prefeitura-de-manaus-se-reunem-com-gabinete-de-crise-para-prevenir-atos-antidemocraticos\/"]}]},{"@type":"ImageObject","inLanguage":"pt-BR","@id":"https:\/\/www.manaus.am.gov.br\/ccc\/orgaos-da-prefeitura-de-manaus-se-reunem-com-gabinete-de-crise-para-prevenir-atos-antidemocraticos\/#primaryimage","url":"https:\/\/www.manaus.am.gov.br\/ccc\/wp-content\/uploads\/sites\/4\/2023\/01\/orgaos-da-Prefeitura-de-Manaus-se-reunem-com-Gabinete-de-Crise-para-prevenir-atos-antidemocraticos.jpg","contentUrl":"https:\/\/www.manaus.am.gov.br\/ccc\/wp-content\/uploads\/sites\/4\/2023\/01\/orgaos-da-Prefeitura-de-Manaus-se-reunem-com-Gabinete-de-Crise-para-prevenir-atos-antidemocraticos.jpg","width":720,"height":407,"caption":"\u00d3rg\u00e3os da Prefeitura de Manaus se re\u00fanem com Gabinete de Crise para prevenir atos antidemocr\u00e1ticos"},{"@type":"WebSite","@id":"https:\/\/www.manaus.am.gov.br\/ccc\/#website","url":"https:\/\/www.manaus.am.gov.br\/ccc\/","name":"CCC","description":"Centro de Coopera\u00e7\u00e3o da Cidade","alternateName":"Centro de Coopera\u00e7\u00e3o da Cidade","potentialAction":[{"@type":"SearchAction","target":{"@type":"EntryPoint","urlTemplate":"https:\/\/www.manaus.am.gov.br\/ccc\/?s={search_term_string}"},"query-input":"required name=search_term_string"}],"inLanguage":"pt-BR"},{"@type":"Person","@id":"https:\/\/www.manaus.am.gov.br\/ccc\/#\/schema\/person\/79525a47ac5902f50493820d995728ee","name":"Imarketing Digital","image":{"@type":"ImageObject","inLanguage":"pt-BR","@id":"https:\/\/www.manaus.am.gov.br\/ccc\/#\/schema\/person\/image\/","url":"https:\/\/secure.gravatar.com\/avatar\/03432d3c57b756ed9760f7019c815a3a?s=96&d=mm&r=g","contentUrl":"https:\/\/secure.gravatar.com\/avatar\/03432d3c57b756ed9760f7019c815a3a?s=96&d=mm&r=g","caption":"Imarketing Digital"}}]}},"_links":{"self":[{"href":"https:\/\/www.manaus.am.gov.br\/ccc\/wp-json\/wp\/v2\/posts\/214"}],"collection":[{"href":"https:\/\/www.manaus.am.gov.br\/ccc\/wp-json\/wp\/v2\/posts"}],"about":[{"href":"https:\/\/www.manaus.am.gov.br\/ccc\/wp-json\/wp\/v2\/types\/post"}],"author":[{"embeddable":true,"href":"https:\/\/www.manaus.am.gov.br\/ccc\/wp-json\/wp\/v2\/users\/27"}],"replies":[{"embeddable":true,"href":"https:\/\/www.manaus.am.gov.br\/ccc\/wp-json\/wp\/v2\/comments?post=214"}],"version-history":[{"count":0,"href":"https:\/\/www.manaus.am.gov.br\/ccc\/wp-json\/wp\/v2\/posts\/214\/revisions"}],"wp:featuredmedia":[{"embeddable":true,"href":"https:\/\/www.manaus.am.gov.br\/ccc\/wp-json\/wp\/v2\/media\/215"}],"wp:attachment":[{"href":"https:\/\/www.manaus.am.gov.br\/ccc\/wp-json\/wp\/v2\/media?parent=214"}],"wp:term":[{"taxonomy":"category","embeddable":true,"href":"https:\/\/www.manaus.am.gov.br\/ccc\/wp-json\/wp\/v2\/categories?post=214"},{"taxonomy":"post_tag","embeddable":true,"href":"https:\/\/www.manaus.am.gov.br\/ccc\/wp-json\/wp\/v2\/tags?post=214"}],"curies":[{"name":"wp","href":"https:\/\/api.w.org\/{rel}","templated":true}]}}