{"id":212,"date":"2023-01-05T12:40:00","date_gmt":"2023-01-05T16:40:00","guid":{"rendered":"https:\/\/www.manaus.am.gov.br\/ccc\/prefeitura-alinha-acoes-do-janeiro-roxo-para-seguir-avancando-no-controle-da-hanseniase-em-manaus\/"},"modified":"2023-01-09T08:17:23","modified_gmt":"2023-01-09T12:17:23","slug":"prefeitura-alinha-acoes-do-janeiro-roxo-para-seguir-avancando-no-controle-da-hanseniase-em-manaus","status":"publish","type":"post","link":"https:\/\/www.manaus.am.gov.br\/ccc\/prefeitura-alinha-acoes-do-janeiro-roxo-para-seguir-avancando-no-controle-da-hanseniase-em-manaus\/","title":{"rendered":"Prefeitura alinha a\u00e7\u00f5es do \u2018Janeiro Roxo\u2019 para seguir avan\u00e7ando no controle da hansen\u00edase em Manaus"},"content":{"rendered":"\n<p>A Prefeitura de Manaus ir\u00e1 promover uma s\u00e9rie de atividades neste m\u00eas durante a campanha \u201cJaneiro Roxo\u201d, que tem por objetivo sensibilizar a sociedade sobre o diagn\u00f3stico e tratamento da hansen\u00edase, para continuar obtendo resultados positivos no controle da doen\u00e7a na cidade.<\/p>\n\n\n\n<p>Nesta quarta-feira, 4\/1, a Secretaria Municipal de Sa\u00fade (Semsa) reuniu diretores, t\u00e9cnicos e profissionais de sa\u00fade para alinhar as atividades programadas para a campanha e para os pr\u00f3ximos meses de 2023.<\/p>\n\n\n\n<p>O encontro foi realizado na sede da secretaria, e contou com a participa\u00e7\u00e3o de equipes da Subsecretaria Municipal de Gest\u00e3o da Sa\u00fade (SUBGS) e da Diretoria de Vigil\u00e2ncia Epidemiol\u00f3gica, Ambiental, Zoonoses e da Sa\u00fade do Trabalhador (Dvae). A abertura oficial da campanha \u201cJaneiro Roxo\u201d ser\u00e1 realizada no dia 11 deste m\u00eas, no audit\u00f3rio da Universidade Paulista (Unip).<\/p>\n\n\n\n<p>\u201cJaneiro \u00e9 um m\u00eas simb\u00f3lico para as a\u00e7\u00f5es de controle da hansen\u00edase, quando a divulga\u00e7\u00e3o do assunto \u00e9 intensificada junto \u00e0 popula\u00e7\u00e3o, mas o trabalho de investiga\u00e7\u00e3o de casos, diagn\u00f3stico e tratamento \u00e9 ofertado de forma ininterrupta pelo munic\u00edpio, durante todo o ano. Manaus \u00e9 reconhecida pelo Minist\u00e9rio da Sa\u00fade como refer\u00eancia no combate \u00e0 hansen\u00edase, servindo de exemplo para outras localidades do pa\u00eds, e estamos trabalhando para fortalecer nossas atividades\u201d, destacou o subsecret\u00e1rio municipal de Gest\u00e3o da Sa\u00fade, Djalma Coelho.<\/p>\n\n\n\n<p>De acordo com Djalma, durante todo o m\u00eas de janeiro, as unidades da Semsa ir\u00e3o refor\u00e7ar as a\u00e7\u00f5es educativas com a popula\u00e7\u00e3o, por meio de palestras, rodas de conversa, distribui\u00e7\u00e3o de material informativo, entre outros. As unidades tamb\u00e9m estar\u00e3o ofertando o exame de pele e teste de sensibilidade com atendimento cl\u00ednico aos casos suspeitos, al\u00e9m de busca ativa em 11 bairros de maior incid\u00eancia da doen\u00e7a, com aplica\u00e7\u00e3o do Question\u00e1rio de Suspei\u00e7\u00e3o de Hansen\u00edase (QSH).<\/p>\n\n\n\n<h2 class=\"wp-block-heading\">Busca ativa<\/h2>\n\n\n\n<p>A chefe do N\u00facleo de Controle da Hansen\u00edase da Semsa, enfermeira Ingrid Santos, informou que as a\u00e7\u00f5es de busca ativa v\u00eam sendo intensificadas desde a flexibiliza\u00e7\u00e3o das medidas restritivas impostas pela pandemia de Covid-19. \u201cO Minist\u00e9rio da Sa\u00fade aponta a incid\u00eancia nacional de dois a nove casos de hansen\u00edase a cada 100 mil habitantes, por isso se faz necess\u00e1rio o monitoramento efetivo e estrat\u00e9gico para o controle e elimina\u00e7\u00e3o da doen\u00e7a na nossa cidade\u201d, disse.<\/p>\n\n\n\n<p>Por conta desse trabalho de investiga\u00e7\u00e3o, vem crescendo o n\u00famero de pacientes diagnosticados com hansen\u00edase em Manaus, o que contribui para o controle da doen\u00e7a. Em 2020, foram registrados 72 novos casos de hansen\u00edase na capital, n\u00famero que subiu para 102 casos em 2021, e no ano passado, foram diagnosticados 111 novos casos.<\/p>\n\n\n\n<p>\u201cA hansen\u00edase \u00e9 uma doen\u00e7a infecciosa cr\u00f4nica, cuja transmiss\u00e3o acontece quando uma pessoa doente, sem tratamento, elimina o&nbsp;<em>Mycobacterium leprae<\/em>, conhecido como bacilo de Hansen, por meio de secre\u00e7\u00f5es nasais, tosses ou espirros, transmitindo para pessoas sadias que convivem pr\u00f3ximo e por tempo prolongado no mesmo ambiente. A doen\u00e7a se manifesta por meio de manchas na pele que n\u00e3o causam dor ou inc\u00f4modo, e isso faz com que muitas pessoas deixem de procurar o servi\u00e7o de sa\u00fade, o que pode ocasionar na evolu\u00e7\u00e3o para casos mais graves\u201d, explicou Ingrid.<\/p>\n\n\n\n<h2 class=\"wp-block-heading\">Question\u00e1rio<\/h2>\n\n\n\n<p>O Question\u00e1rio de Suspei\u00e7\u00e3o da Hansen\u00edase (QSH) \u00e9 uma estrat\u00e9gia exitosa desenvolvida no munic\u00edpio de Manaus, que possibilitou a identifica\u00e7\u00e3o de 17 casos novos da doen\u00e7a em 2022. A aplica\u00e7\u00e3o do question\u00e1rio, assim como a triagem e atendimento cl\u00ednico de casos suspeitos, envolve Agentes Comunit\u00e1rios de Sa\u00fade (ACSs), m\u00e9dicos, enfermeiros e t\u00e9cnicos de enfermagem.<\/p>\n\n\n\n<p>\u201cNeste m\u00eas de janeiro, 42 unidades de sa\u00fade est\u00e3o programadas para aplicar o question\u00e1rio em seus territ\u00f3rios, que englobam 11 bairros de maior incid\u00eancia da doen\u00e7a. Os profissionais de sa\u00fade v\u00eam sendo capacitados constantemente para realiza\u00e7\u00e3o deste trabalho, e todos os usu\u00e1rios ser\u00e3o acolhidos e direcionados para os atendimentos adequados, mesmo em casos de dermatoses simples identificadas nesse trabalho de rastreio\u201d, completou.<\/p>\n\n\n\n<p>Neste m\u00eas, a aplica\u00e7\u00e3o do QSH ser\u00e1 desenvolvida nos bairros Col\u00f4nia Terra Nova, Monte das Oliveiras, Pra\u00e7a 14 de Janeiro, Crespo, Flores, S\u00e3o Jos\u00e9 Oper\u00e1rio, Puraquequara, bairro da Paz, Reden\u00e7\u00e3o, S\u00e3o Jorge e L\u00edrio do Vale.<\/p>\n\n\n\n<h2 class=\"wp-block-heading\">Escolas<\/h2>\n\n\n\n<p>No ano de 2022, a Semsa tamb\u00e9m implementou o projeto Autoexame de Pele Virtual, desenvolvido em cerca de 250 escolas participantes do Programa Sa\u00fade na Escola (PSE), que teve como foco a investiga\u00e7\u00e3o de poss\u00edveis casos de hansen\u00edases em estudantes da rede p\u00fablica. \u201cO p\u00fablico infantojuvenil tem uma import\u00e2ncia especial nas estrat\u00e9gias de controle da doen\u00e7a, pois se for identificado um caso em pessoas menores de 15 anos de idade, isso indica que h\u00e1 um adulto sem tratamento convivendo com essa crian\u00e7a ou adolescente\u201d, explicou Ingrid.<\/p>\n\n\n\n<p>Atualmente, o projeto encontra-se em andamento, com mais de 27 mil formul\u00e1rios j\u00e1 respondidos. Desse total, 1.471 apresentaram respostas com altera\u00e7\u00e3o na pele e est\u00e3o sendo encaminhados para atendimento m\u00e9dico e posterior tratamento medicamentoso, se necess\u00e1rio.<\/p>\n\n\n\n<hr class=\"wp-block-separator has-alpha-channel-opacity\"\/>\n\n\n\n<p><strong>Texto<\/strong>\u00a0\u2013 Victor Cruz \/ Semsa<br><strong>Fotos<\/strong>\u00a0\u2013 Divulga\u00e7\u00e3o \/ Semsa<\/p>\n","protected":false},"excerpt":{"rendered":"","protected":false},"author":27,"featured_media":213,"comment_status":"closed","ping_status":"closed","sticky":false,"template":"","format":"standard","meta":{"footnotes":""},"categories":[4],"tags":[],"acf":[],"yoast_head":"<!-- This site is optimized with the Yoast SEO plugin v23.0 - https:\/\/yoast.com\/wordpress\/plugins\/seo\/ -->\n<title>Prefeitura alinha a\u00e7\u00f5es do \u2018Janeiro Roxo\u2019 para seguir avan\u00e7ando no controle da hansen\u00edase em Manaus - CCC<\/title>\n<meta name=\"robots\" content=\"index, follow, max-snippet:-1, max-image-preview:large, max-video-preview:-1\" \/>\n<link rel=\"canonical\" href=\"https:\/\/www.manaus.am.gov.br\/ccc\/prefeitura-alinha-acoes-do-janeiro-roxo-para-seguir-avancando-no-controle-da-hanseniase-em-manaus\/\" \/>\n<meta property=\"og:locale\" content=\"pt_BR\" \/>\n<meta property=\"og:type\" content=\"article\" \/>\n<meta property=\"og:title\" content=\"Prefeitura alinha a\u00e7\u00f5es do \u2018Janeiro Roxo\u2019 para seguir avan\u00e7ando no controle da hansen\u00edase em Manaus - CCC\" \/>\n<meta property=\"og:url\" content=\"https:\/\/www.manaus.am.gov.br\/ccc\/prefeitura-alinha-acoes-do-janeiro-roxo-para-seguir-avancando-no-controle-da-hanseniase-em-manaus\/\" \/>\n<meta property=\"og:site_name\" content=\"CCC\" \/>\n<meta property=\"article:published_time\" content=\"2023-01-05T16:40:00+00:00\" \/>\n<meta property=\"article:modified_time\" content=\"2023-01-09T12:17:23+00:00\" \/>\n<meta property=\"og:image\" content=\"https:\/\/www.manaus.am.gov.br\/ccc\/wp-content\/uploads\/sites\/4\/2023\/01\/Prefeitura-alinha-acoes-do-\u2018Janeiro-Roxo-para-seguir-avancando-no-controle-da-hanseniase-em-Manaus.jpeg\" \/>\n\t<meta property=\"og:image:width\" content=\"720\" \/>\n\t<meta property=\"og:image:height\" content=\"407\" \/>\n\t<meta property=\"og:image:type\" content=\"image\/jpeg\" \/>\n<meta name=\"author\" content=\"Imarketing Digital\" \/>\n<meta name=\"twitter:card\" content=\"summary_large_image\" \/>\n<meta name=\"twitter:label1\" content=\"Written by\" \/>\n\t<meta name=\"twitter:data1\" content=\"Imarketing Digital\" \/>\n\t<meta name=\"twitter:label2\" content=\"Est. reading time\" \/>\n\t<meta name=\"twitter:data2\" content=\"5 minutos\" \/>\n<script type=\"application\/ld+json\" class=\"yoast-schema-graph\">{\"@context\":\"https:\/\/schema.org\",\"@graph\":[{\"@type\":\"WebPage\",\"@id\":\"https:\/\/www.manaus.am.gov.br\/ccc\/prefeitura-alinha-acoes-do-janeiro-roxo-para-seguir-avancando-no-controle-da-hanseniase-em-manaus\/\",\"url\":\"https:\/\/www.manaus.am.gov.br\/ccc\/prefeitura-alinha-acoes-do-janeiro-roxo-para-seguir-avancando-no-controle-da-hanseniase-em-manaus\/\",\"name\":\"Prefeitura alinha a\u00e7\u00f5es do \u2018Janeiro Roxo\u2019 para seguir avan\u00e7ando no controle da hansen\u00edase em Manaus - CCC\",\"isPartOf\":{\"@id\":\"https:\/\/www.manaus.am.gov.br\/ccc\/#website\"},\"primaryImageOfPage\":{\"@id\":\"https:\/\/www.manaus.am.gov.br\/ccc\/prefeitura-alinha-acoes-do-janeiro-roxo-para-seguir-avancando-no-controle-da-hanseniase-em-manaus\/#primaryimage\"},\"image\":{\"@id\":\"https:\/\/www.manaus.am.gov.br\/ccc\/prefeitura-alinha-acoes-do-janeiro-roxo-para-seguir-avancando-no-controle-da-hanseniase-em-manaus\/#primaryimage\"},\"thumbnailUrl\":\"https:\/\/www.manaus.am.gov.br\/ccc\/wp-content\/uploads\/sites\/4\/2023\/01\/Prefeitura-alinha-acoes-do-\u2018Janeiro-Roxo-para-seguir-avancando-no-controle-da-hanseniase-em-Manaus.jpeg\",\"datePublished\":\"2023-01-05T16:40:00+00:00\",\"dateModified\":\"2023-01-09T12:17:23+00:00\",\"author\":{\"@id\":\"https:\/\/www.manaus.am.gov.br\/ccc\/#\/schema\/person\/79525a47ac5902f50493820d995728ee\"},\"inLanguage\":\"pt-BR\",\"potentialAction\":[{\"@type\":\"ReadAction\",\"target\":[\"https:\/\/www.manaus.am.gov.br\/ccc\/prefeitura-alinha-acoes-do-janeiro-roxo-para-seguir-avancando-no-controle-da-hanseniase-em-manaus\/\"]}]},{\"@type\":\"ImageObject\",\"inLanguage\":\"pt-BR\",\"@id\":\"https:\/\/www.manaus.am.gov.br\/ccc\/prefeitura-alinha-acoes-do-janeiro-roxo-para-seguir-avancando-no-controle-da-hanseniase-em-manaus\/#primaryimage\",\"url\":\"https:\/\/www.manaus.am.gov.br\/ccc\/wp-content\/uploads\/sites\/4\/2023\/01\/Prefeitura-alinha-acoes-do-\u2018Janeiro-Roxo-para-seguir-avancando-no-controle-da-hanseniase-em-Manaus.jpeg\",\"contentUrl\":\"https:\/\/www.manaus.am.gov.br\/ccc\/wp-content\/uploads\/sites\/4\/2023\/01\/Prefeitura-alinha-acoes-do-\u2018Janeiro-Roxo-para-seguir-avancando-no-controle-da-hanseniase-em-Manaus.jpeg\",\"width\":720,\"height\":407,\"caption\":\"Prefeitura alinha a\u00e7\u00f5es do \u2018Janeiro Roxo\u2019 para seguir avan\u00e7ando no controle da hansen\u00edase em Manaus\"},{\"@type\":\"WebSite\",\"@id\":\"https:\/\/www.manaus.am.gov.br\/ccc\/#website\",\"url\":\"https:\/\/www.manaus.am.gov.br\/ccc\/\",\"name\":\"CCC\",\"description\":\"Centro de Coopera\u00e7\u00e3o da Cidade\",\"alternateName\":\"Centro de Coopera\u00e7\u00e3o da Cidade\",\"potentialAction\":[{\"@type\":\"SearchAction\",\"target\":{\"@type\":\"EntryPoint\",\"urlTemplate\":\"https:\/\/www.manaus.am.gov.br\/ccc\/?s={search_term_string}\"},\"query-input\":\"required name=search_term_string\"}],\"inLanguage\":\"pt-BR\"},{\"@type\":\"Person\",\"@id\":\"https:\/\/www.manaus.am.gov.br\/ccc\/#\/schema\/person\/79525a47ac5902f50493820d995728ee\",\"name\":\"Imarketing Digital\",\"image\":{\"@type\":\"ImageObject\",\"inLanguage\":\"pt-BR\",\"@id\":\"https:\/\/www.manaus.am.gov.br\/ccc\/#\/schema\/person\/image\/\",\"url\":\"https:\/\/secure.gravatar.com\/avatar\/03432d3c57b756ed9760f7019c815a3a?s=96&d=mm&r=g\",\"contentUrl\":\"https:\/\/secure.gravatar.com\/avatar\/03432d3c57b756ed9760f7019c815a3a?s=96&d=mm&r=g\",\"caption\":\"Imarketing Digital\"}}]}<\/script>\n<!-- \/ Yoast SEO plugin. -->","yoast_head_json":{"title":"Prefeitura alinha a\u00e7\u00f5es do \u2018Janeiro Roxo\u2019 para seguir avan\u00e7ando no controle da hansen\u00edase em Manaus - CCC","robots":{"index":"index","follow":"follow","max-snippet":"max-snippet:-1","max-image-preview":"max-image-preview:large","max-video-preview":"max-video-preview:-1"},"canonical":"https:\/\/www.manaus.am.gov.br\/ccc\/prefeitura-alinha-acoes-do-janeiro-roxo-para-seguir-avancando-no-controle-da-hanseniase-em-manaus\/","og_locale":"pt_BR","og_type":"article","og_title":"Prefeitura alinha a\u00e7\u00f5es do \u2018Janeiro Roxo\u2019 para seguir avan\u00e7ando no controle da hansen\u00edase em Manaus - CCC","og_url":"https:\/\/www.manaus.am.gov.br\/ccc\/prefeitura-alinha-acoes-do-janeiro-roxo-para-seguir-avancando-no-controle-da-hanseniase-em-manaus\/","og_site_name":"CCC","article_published_time":"2023-01-05T16:40:00+00:00","article_modified_time":"2023-01-09T12:17:23+00:00","og_image":[{"width":720,"height":407,"url":"https:\/\/www.manaus.am.gov.br\/ccc\/wp-content\/uploads\/sites\/4\/2023\/01\/Prefeitura-alinha-acoes-do-\u2018Janeiro-Roxo-para-seguir-avancando-no-controle-da-hanseniase-em-Manaus.jpeg","type":"image\/jpeg"}],"author":"Imarketing Digital","twitter_card":"summary_large_image","twitter_misc":{"Written by":"Imarketing Digital","Est. reading time":"5 minutos"},"schema":{"@context":"https:\/\/schema.org","@graph":[{"@type":"WebPage","@id":"https:\/\/www.manaus.am.gov.br\/ccc\/prefeitura-alinha-acoes-do-janeiro-roxo-para-seguir-avancando-no-controle-da-hanseniase-em-manaus\/","url":"https:\/\/www.manaus.am.gov.br\/ccc\/prefeitura-alinha-acoes-do-janeiro-roxo-para-seguir-avancando-no-controle-da-hanseniase-em-manaus\/","name":"Prefeitura alinha a\u00e7\u00f5es do \u2018Janeiro Roxo\u2019 para seguir avan\u00e7ando no controle da hansen\u00edase em Manaus - CCC","isPartOf":{"@id":"https:\/\/www.manaus.am.gov.br\/ccc\/#website"},"primaryImageOfPage":{"@id":"https:\/\/www.manaus.am.gov.br\/ccc\/prefeitura-alinha-acoes-do-janeiro-roxo-para-seguir-avancando-no-controle-da-hanseniase-em-manaus\/#primaryimage"},"image":{"@id":"https:\/\/www.manaus.am.gov.br\/ccc\/prefeitura-alinha-acoes-do-janeiro-roxo-para-seguir-avancando-no-controle-da-hanseniase-em-manaus\/#primaryimage"},"thumbnailUrl":"https:\/\/www.manaus.am.gov.br\/ccc\/wp-content\/uploads\/sites\/4\/2023\/01\/Prefeitura-alinha-acoes-do-\u2018Janeiro-Roxo-para-seguir-avancando-no-controle-da-hanseniase-em-Manaus.jpeg","datePublished":"2023-01-05T16:40:00+00:00","dateModified":"2023-01-09T12:17:23+00:00","author":{"@id":"https:\/\/www.manaus.am.gov.br\/ccc\/#\/schema\/person\/79525a47ac5902f50493820d995728ee"},"inLanguage":"pt-BR","potentialAction":[{"@type":"ReadAction","target":["https:\/\/www.manaus.am.gov.br\/ccc\/prefeitura-alinha-acoes-do-janeiro-roxo-para-seguir-avancando-no-controle-da-hanseniase-em-manaus\/"]}]},{"@type":"ImageObject","inLanguage":"pt-BR","@id":"https:\/\/www.manaus.am.gov.br\/ccc\/prefeitura-alinha-acoes-do-janeiro-roxo-para-seguir-avancando-no-controle-da-hanseniase-em-manaus\/#primaryimage","url":"https:\/\/www.manaus.am.gov.br\/ccc\/wp-content\/uploads\/sites\/4\/2023\/01\/Prefeitura-alinha-acoes-do-\u2018Janeiro-Roxo-para-seguir-avancando-no-controle-da-hanseniase-em-Manaus.jpeg","contentUrl":"https:\/\/www.manaus.am.gov.br\/ccc\/wp-content\/uploads\/sites\/4\/2023\/01\/Prefeitura-alinha-acoes-do-\u2018Janeiro-Roxo-para-seguir-avancando-no-controle-da-hanseniase-em-Manaus.jpeg","width":720,"height":407,"caption":"Prefeitura alinha a\u00e7\u00f5es do \u2018Janeiro Roxo\u2019 para seguir avan\u00e7ando no controle da hansen\u00edase em Manaus"},{"@type":"WebSite","@id":"https:\/\/www.manaus.am.gov.br\/ccc\/#website","url":"https:\/\/www.manaus.am.gov.br\/ccc\/","name":"CCC","description":"Centro de Coopera\u00e7\u00e3o da Cidade","alternateName":"Centro de Coopera\u00e7\u00e3o da Cidade","potentialAction":[{"@type":"SearchAction","target":{"@type":"EntryPoint","urlTemplate":"https:\/\/www.manaus.am.gov.br\/ccc\/?s={search_term_string}"},"query-input":"required name=search_term_string"}],"inLanguage":"pt-BR"},{"@type":"Person","@id":"https:\/\/www.manaus.am.gov.br\/ccc\/#\/schema\/person\/79525a47ac5902f50493820d995728ee","name":"Imarketing Digital","image":{"@type":"ImageObject","inLanguage":"pt-BR","@id":"https:\/\/www.manaus.am.gov.br\/ccc\/#\/schema\/person\/image\/","url":"https:\/\/secure.gravatar.com\/avatar\/03432d3c57b756ed9760f7019c815a3a?s=96&d=mm&r=g","contentUrl":"https:\/\/secure.gravatar.com\/avatar\/03432d3c57b756ed9760f7019c815a3a?s=96&d=mm&r=g","caption":"Imarketing Digital"}}]}},"_links":{"self":[{"href":"https:\/\/www.manaus.am.gov.br\/ccc\/wp-json\/wp\/v2\/posts\/212"}],"collection":[{"href":"https:\/\/www.manaus.am.gov.br\/ccc\/wp-json\/wp\/v2\/posts"}],"about":[{"href":"https:\/\/www.manaus.am.gov.br\/ccc\/wp-json\/wp\/v2\/types\/post"}],"author":[{"embeddable":true,"href":"https:\/\/www.manaus.am.gov.br\/ccc\/wp-json\/wp\/v2\/users\/27"}],"replies":[{"embeddable":true,"href":"https:\/\/www.manaus.am.gov.br\/ccc\/wp-json\/wp\/v2\/comments?post=212"}],"version-history":[{"count":0,"href":"https:\/\/www.manaus.am.gov.br\/ccc\/wp-json\/wp\/v2\/posts\/212\/revisions"}],"wp:featuredmedia":[{"embeddable":true,"href":"https:\/\/www.manaus.am.gov.br\/ccc\/wp-json\/wp\/v2\/media\/213"}],"wp:attachment":[{"href":"https:\/\/www.manaus.am.gov.br\/ccc\/wp-json\/wp\/v2\/media?parent=212"}],"wp:term":[{"taxonomy":"category","embeddable":true,"href":"https:\/\/www.manaus.am.gov.br\/ccc\/wp-json\/wp\/v2\/categories?post=212"},{"taxonomy":"post_tag","embeddable":true,"href":"https:\/\/www.manaus.am.gov.br\/ccc\/wp-json\/wp\/v2\/tags?post=212"}],"curies":[{"name":"wp","href":"https:\/\/api.w.org\/{rel}","templated":true}]}}