{"id":2037,"date":"2025-10-05T14:43:19","date_gmt":"2025-10-05T18:43:19","guid":{"rendered":"https:\/\/www.manaus.am.gov.br\/ccc\/prefeito-monitoramento-ccc\/"},"modified":"2025-10-05T14:43:20","modified_gmt":"2025-10-05T18:43:20","slug":"prefeito-monitoramento-ccc","status":"publish","type":"post","link":"https:\/\/www.manaus.am.gov.br\/ccc\/prefeito-monitoramento-ccc\/","title":{"rendered":"Prefeito David Almeida monitora atua\u00e7\u00e3o da prefeitura durante forte chuva neste domingo"},"content":{"rendered":"\n<p>O prefeito David Almeida acompanha, pessoalmente, no Centro de Coopera\u00e7\u00e3o da Cidade (CCC), o monitoramento das ocorr\u00eancias causadas pela forte chuva, na manh\u00e3 deste domingo, 5\/10. Com in\u00edcio por volta das 10h, o temporal registrou 49 mil\u00edmetros de precipita\u00e7\u00e3o, mais que o dobro do esperado para o per\u00edodo, que era de 10 a 20 mil\u00edmetros, provocando alagamentos, transbordamentos de bueiros e igarap\u00e9s, queda de \u00e1rvores e desabamentos em diferentes regi\u00f5es da cidade.<\/p>\n\n\n\n<p>\u201cEstamos aqui, no CCC, para informar que esta chuva gerou ocorr\u00eancias de prioridade um e tr\u00eas. O caso mais grave ocorreu no bairro Zumbi, onde uma casa desabou. Tamb\u00e9m registramos queda de \u00e1rvore no bairro Eldorado e transbordamentos pr\u00f3ximos \u00e0 Magalh\u00e3es Barata, entre os bairros S\u00e3o L\u00e1zaro e Crespo\u201d, detalhou o prefeito.<\/p>\n\n\n\n<p>Segundo os registros meteorol\u00f3gicos, a zona Sul da cidade, medida pela torre do bairro Santa Luzia, foi a \u00e1rea mais afetada pelo volume de chuva, enquanto o bairro S\u00e3o L\u00e1zaro concentrou os maiores impactos de alagamento e transbordamento.<\/p>\n\n\n\n<p><strong>A\u00e7\u00e3o integrada<\/strong><\/p>\n\n\n\n<p>A Prefeitura de Manaus, por meio da Defesa Civil, Secretaria Municipal de Infraestrutura (Seminf) e Secretaria Municipal de Limpeza Urbana (Semulsp), mant\u00e9m equipes integradas em prontid\u00e3o nas ruas para atender a popula\u00e7\u00e3o, minimizar os impactos e garantir a seguran\u00e7a da cidade. At\u00e9 o momento, quatro ocorr\u00eancias j\u00e1 foram registradas e as equipes continuam trabalhando para solucionar problemas de alagamentos, transbordamentos e desabamentos.<\/p>\n\n\n\n<p>As chamadas de ocorr\u00eancias durante a chuva foram dois desabamentos (zonas Sul e Leste); um risco de desabar na zona Sul e uma eros\u00e3o na zona Centro-Oeste.<\/p>\n\n\n\n<p>\u201cEstamos atuando em tempo real para dar respostas r\u00e1pidas \u00e0 popula\u00e7\u00e3o e reduzir os efeitos da chuva em toda a cidade. A prioridade \u00e9 atender os casos mais cr\u00edticos e garantir a seguran\u00e7a de todos\u201d, refor\u00e7ou David Almeida.<\/p>\n\n\n\n<p>A Prefeitura de Manaus recomenda que os moradores das \u00e1reas de risco mantenham aten\u00e7\u00e3o, evitem locais alagados e acionem imediatamente a Defesa Civil pelo telefone 199 em caso de emerg\u00eancias.<\/p>\n\n\n\n<p>&#8212; &#8212; &#8212;<\/p>\n\n\n\n<p><strong>Texto<\/strong> &#8211; Emanuelle Baires \/ Semcom-Prefeito e La\u00eds Fernandes\/Semseg<\/p>\n","protected":false},"excerpt":{"rendered":"","protected":false},"author":23,"featured_media":2038,"comment_status":"closed","ping_status":"closed","sticky":false,"template":"","format":"standard","meta":{"footnotes":""},"categories":[28],"tags":[11,55,29,106,67],"acf":[],"yoast_head":"<!-- This site is optimized with the Yoast SEO plugin v23.0 - https:\/\/yoast.com\/wordpress\/plugins\/seo\/ -->\n<title>Prefeito David Almeida monitora atua\u00e7\u00e3o da prefeitura durante forte chuva neste domingo<\/title>\n<meta name=\"description\" content=\"O prefeito David Almeida acompanha, pessoalmente, no Centro de Coopera\u00e7\u00e3o da Cidade (CCC), o monitoramento das ocorr\u00eancias causadas pela forte chuva, na manh\u00e3 deste domingo, 5\/10. Com in\u00edcio por volta das 10h, o temporal registrou 49 mil\u00edmetros de precipita\u00e7\u00e3o, mais que o dobro do esperado para o per\u00edodo, que era de 10 a 20 mil\u00edmetros, provocando alagamentos, transbordamentos de bueiros e igarap\u00e9s, queda de \u00e1rvores e desabamentos em diferentes regi\u00f5es da cidade.\" \/>\n<meta name=\"robots\" content=\"index, follow, max-snippet:-1, max-image-preview:large, max-video-preview:-1\" \/>\n<link rel=\"canonical\" href=\"https:\/\/www.manaus.am.gov.br\/ccc\/prefeito-monitoramento-ccc\/\" \/>\n<meta property=\"og:locale\" content=\"pt_BR\" \/>\n<meta property=\"og:type\" content=\"article\" \/>\n<meta property=\"og:title\" content=\"Prefeito David Almeida monitora atua\u00e7\u00e3o da prefeitura durante forte chuva neste domingo\" \/>\n<meta property=\"og:description\" content=\"O prefeito David Almeida acompanha, pessoalmente, no Centro de Coopera\u00e7\u00e3o da Cidade (CCC), o monitoramento das ocorr\u00eancias causadas pela forte chuva, na manh\u00e3 deste domingo, 5\/10. Com in\u00edcio por volta das 10h, o temporal registrou 49 mil\u00edmetros de precipita\u00e7\u00e3o, mais que o dobro do esperado para o per\u00edodo, que era de 10 a 20 mil\u00edmetros, provocando alagamentos, transbordamentos de bueiros e igarap\u00e9s, queda de \u00e1rvores e desabamentos em diferentes regi\u00f5es da cidade.\" \/>\n<meta property=\"og:url\" content=\"https:\/\/www.manaus.am.gov.br\/ccc\/prefeito-monitoramento-ccc\/\" \/>\n<meta property=\"og:site_name\" content=\"CCC\" \/>\n<meta property=\"article:published_time\" content=\"2025-10-05T18:43:19+00:00\" \/>\n<meta property=\"article:modified_time\" content=\"2025-10-05T18:43:20+00:00\" \/>\n<meta property=\"og:image\" content=\"https:\/\/www.manaus.am.gov.br\/ccc\/wp-content\/uploads\/sites\/4\/2025\/10\/WhatsApp-Image-2025-10-05-at-14.41.51.jpeg\" \/>\n\t<meta property=\"og:image:width\" content=\"1280\" \/>\n\t<meta property=\"og:image:height\" content=\"934\" \/>\n\t<meta property=\"og:image:type\" content=\"image\/jpeg\" \/>\n<meta name=\"author\" content=\"Adriana Costa\" \/>\n<meta name=\"twitter:card\" content=\"summary_large_image\" \/>\n<meta name=\"twitter:label1\" content=\"Written by\" \/>\n\t<meta name=\"twitter:data1\" content=\"Adriana Costa\" \/>\n\t<meta name=\"twitter:label2\" content=\"Est. reading time\" \/>\n\t<meta name=\"twitter:data2\" content=\"3 minutos\" \/>\n<script type=\"application\/ld+json\" class=\"yoast-schema-graph\">{\"@context\":\"https:\/\/schema.org\",\"@graph\":[{\"@type\":\"WebPage\",\"@id\":\"https:\/\/www.manaus.am.gov.br\/ccc\/prefeito-monitoramento-ccc\/\",\"url\":\"https:\/\/www.manaus.am.gov.br\/ccc\/prefeito-monitoramento-ccc\/\",\"name\":\"Prefeito David Almeida monitora atua\u00e7\u00e3o da prefeitura durante forte chuva neste domingo\",\"isPartOf\":{\"@id\":\"https:\/\/www.manaus.am.gov.br\/ccc\/#website\"},\"primaryImageOfPage\":{\"@id\":\"https:\/\/www.manaus.am.gov.br\/ccc\/prefeito-monitoramento-ccc\/#primaryimage\"},\"image\":{\"@id\":\"https:\/\/www.manaus.am.gov.br\/ccc\/prefeito-monitoramento-ccc\/#primaryimage\"},\"thumbnailUrl\":\"https:\/\/www.manaus.am.gov.br\/ccc\/wp-content\/uploads\/sites\/4\/2025\/10\/WhatsApp-Image-2025-10-05-at-14.41.51.jpeg\",\"datePublished\":\"2025-10-05T18:43:19+00:00\",\"dateModified\":\"2025-10-05T18:43:20+00:00\",\"author\":{\"@id\":\"https:\/\/www.manaus.am.gov.br\/ccc\/#\/schema\/person\/4e49f4e267757a06ca072ec61b2b9968\"},\"description\":\"O prefeito David Almeida acompanha, pessoalmente, no Centro de Coopera\u00e7\u00e3o da Cidade (CCC), o monitoramento das ocorr\u00eancias causadas pela forte chuva, na manh\u00e3 deste domingo, 5\/10. Com in\u00edcio por volta das 10h, o temporal registrou 49 mil\u00edmetros de precipita\u00e7\u00e3o, mais que o dobro do esperado para o per\u00edodo, que era de 10 a 20 mil\u00edmetros, provocando alagamentos, transbordamentos de bueiros e igarap\u00e9s, queda de \u00e1rvores e desabamentos em diferentes regi\u00f5es da cidade.\",\"inLanguage\":\"pt-BR\",\"potentialAction\":[{\"@type\":\"ReadAction\",\"target\":[\"https:\/\/www.manaus.am.gov.br\/ccc\/prefeito-monitoramento-ccc\/\"]}]},{\"@type\":\"ImageObject\",\"inLanguage\":\"pt-BR\",\"@id\":\"https:\/\/www.manaus.am.gov.br\/ccc\/prefeito-monitoramento-ccc\/#primaryimage\",\"url\":\"https:\/\/www.manaus.am.gov.br\/ccc\/wp-content\/uploads\/sites\/4\/2025\/10\/WhatsApp-Image-2025-10-05-at-14.41.51.jpeg\",\"contentUrl\":\"https:\/\/www.manaus.am.gov.br\/ccc\/wp-content\/uploads\/sites\/4\/2025\/10\/WhatsApp-Image-2025-10-05-at-14.41.51.jpeg\",\"width\":1280,\"height\":934,\"caption\":\"#paratodosverem - Prefeito David Almeida monitora ocorr\u00eancias de chuva a partir do CCC\"},{\"@type\":\"WebSite\",\"@id\":\"https:\/\/www.manaus.am.gov.br\/ccc\/#website\",\"url\":\"https:\/\/www.manaus.am.gov.br\/ccc\/\",\"name\":\"CCC\",\"description\":\"Centro de Coopera\u00e7\u00e3o da Cidade\",\"alternateName\":\"Centro de Coopera\u00e7\u00e3o da Cidade\",\"potentialAction\":[{\"@type\":\"SearchAction\",\"target\":{\"@type\":\"EntryPoint\",\"urlTemplate\":\"https:\/\/www.manaus.am.gov.br\/ccc\/?s={search_term_string}\"},\"query-input\":\"required name=search_term_string\"}],\"inLanguage\":\"pt-BR\"},{\"@type\":\"Person\",\"@id\":\"https:\/\/www.manaus.am.gov.br\/ccc\/#\/schema\/person\/4e49f4e267757a06ca072ec61b2b9968\",\"name\":\"Adriana Costa\",\"image\":{\"@type\":\"ImageObject\",\"inLanguage\":\"pt-BR\",\"@id\":\"https:\/\/www.manaus.am.gov.br\/ccc\/#\/schema\/person\/image\/\",\"url\":\"https:\/\/secure.gravatar.com\/avatar\/576258617ef7194f718179e766d57bd4?s=96&d=mm&r=g\",\"contentUrl\":\"https:\/\/secure.gravatar.com\/avatar\/576258617ef7194f718179e766d57bd4?s=96&d=mm&r=g\",\"caption\":\"Adriana Costa\"}}]}<\/script>\n<!-- \/ Yoast SEO plugin. -->","yoast_head_json":{"title":"Prefeito David Almeida monitora atua\u00e7\u00e3o da prefeitura durante forte chuva neste domingo","description":"O prefeito David Almeida acompanha, pessoalmente, no Centro de Coopera\u00e7\u00e3o da Cidade (CCC), o monitoramento das ocorr\u00eancias causadas pela forte chuva, na manh\u00e3 deste domingo, 5\/10. Com in\u00edcio por volta das 10h, o temporal registrou 49 mil\u00edmetros de precipita\u00e7\u00e3o, mais que o dobro do esperado para o per\u00edodo, que era de 10 a 20 mil\u00edmetros, provocando alagamentos, transbordamentos de bueiros e igarap\u00e9s, queda de \u00e1rvores e desabamentos em diferentes regi\u00f5es da cidade.","robots":{"index":"index","follow":"follow","max-snippet":"max-snippet:-1","max-image-preview":"max-image-preview:large","max-video-preview":"max-video-preview:-1"},"canonical":"https:\/\/www.manaus.am.gov.br\/ccc\/prefeito-monitoramento-ccc\/","og_locale":"pt_BR","og_type":"article","og_title":"Prefeito David Almeida monitora atua\u00e7\u00e3o da prefeitura durante forte chuva neste domingo","og_description":"O prefeito David Almeida acompanha, pessoalmente, no Centro de Coopera\u00e7\u00e3o da Cidade (CCC), o monitoramento das ocorr\u00eancias causadas pela forte chuva, na manh\u00e3 deste domingo, 5\/10. Com in\u00edcio por volta das 10h, o temporal registrou 49 mil\u00edmetros de precipita\u00e7\u00e3o, mais que o dobro do esperado para o per\u00edodo, que era de 10 a 20 mil\u00edmetros, provocando alagamentos, transbordamentos de bueiros e igarap\u00e9s, queda de \u00e1rvores e desabamentos em diferentes regi\u00f5es da cidade.","og_url":"https:\/\/www.manaus.am.gov.br\/ccc\/prefeito-monitoramento-ccc\/","og_site_name":"CCC","article_published_time":"2025-10-05T18:43:19+00:00","article_modified_time":"2025-10-05T18:43:20+00:00","og_image":[{"width":1280,"height":934,"url":"https:\/\/www.manaus.am.gov.br\/ccc\/wp-content\/uploads\/sites\/4\/2025\/10\/WhatsApp-Image-2025-10-05-at-14.41.51.jpeg","type":"image\/jpeg"}],"author":"Adriana Costa","twitter_card":"summary_large_image","twitter_misc":{"Written by":"Adriana Costa","Est. reading time":"3 minutos"},"schema":{"@context":"https:\/\/schema.org","@graph":[{"@type":"WebPage","@id":"https:\/\/www.manaus.am.gov.br\/ccc\/prefeito-monitoramento-ccc\/","url":"https:\/\/www.manaus.am.gov.br\/ccc\/prefeito-monitoramento-ccc\/","name":"Prefeito David Almeida monitora atua\u00e7\u00e3o da prefeitura durante forte chuva neste domingo","isPartOf":{"@id":"https:\/\/www.manaus.am.gov.br\/ccc\/#website"},"primaryImageOfPage":{"@id":"https:\/\/www.manaus.am.gov.br\/ccc\/prefeito-monitoramento-ccc\/#primaryimage"},"image":{"@id":"https:\/\/www.manaus.am.gov.br\/ccc\/prefeito-monitoramento-ccc\/#primaryimage"},"thumbnailUrl":"https:\/\/www.manaus.am.gov.br\/ccc\/wp-content\/uploads\/sites\/4\/2025\/10\/WhatsApp-Image-2025-10-05-at-14.41.51.jpeg","datePublished":"2025-10-05T18:43:19+00:00","dateModified":"2025-10-05T18:43:20+00:00","author":{"@id":"https:\/\/www.manaus.am.gov.br\/ccc\/#\/schema\/person\/4e49f4e267757a06ca072ec61b2b9968"},"description":"O prefeito David Almeida acompanha, pessoalmente, no Centro de Coopera\u00e7\u00e3o da Cidade (CCC), o monitoramento das ocorr\u00eancias causadas pela forte chuva, na manh\u00e3 deste domingo, 5\/10. Com in\u00edcio por volta das 10h, o temporal registrou 49 mil\u00edmetros de precipita\u00e7\u00e3o, mais que o dobro do esperado para o per\u00edodo, que era de 10 a 20 mil\u00edmetros, provocando alagamentos, transbordamentos de bueiros e igarap\u00e9s, queda de \u00e1rvores e desabamentos em diferentes regi\u00f5es da cidade.","inLanguage":"pt-BR","potentialAction":[{"@type":"ReadAction","target":["https:\/\/www.manaus.am.gov.br\/ccc\/prefeito-monitoramento-ccc\/"]}]},{"@type":"ImageObject","inLanguage":"pt-BR","@id":"https:\/\/www.manaus.am.gov.br\/ccc\/prefeito-monitoramento-ccc\/#primaryimage","url":"https:\/\/www.manaus.am.gov.br\/ccc\/wp-content\/uploads\/sites\/4\/2025\/10\/WhatsApp-Image-2025-10-05-at-14.41.51.jpeg","contentUrl":"https:\/\/www.manaus.am.gov.br\/ccc\/wp-content\/uploads\/sites\/4\/2025\/10\/WhatsApp-Image-2025-10-05-at-14.41.51.jpeg","width":1280,"height":934,"caption":"#paratodosverem - Prefeito David Almeida monitora ocorr\u00eancias de chuva a partir do CCC"},{"@type":"WebSite","@id":"https:\/\/www.manaus.am.gov.br\/ccc\/#website","url":"https:\/\/www.manaus.am.gov.br\/ccc\/","name":"CCC","description":"Centro de Coopera\u00e7\u00e3o da Cidade","alternateName":"Centro de Coopera\u00e7\u00e3o da Cidade","potentialAction":[{"@type":"SearchAction","target":{"@type":"EntryPoint","urlTemplate":"https:\/\/www.manaus.am.gov.br\/ccc\/?s={search_term_string}"},"query-input":"required name=search_term_string"}],"inLanguage":"pt-BR"},{"@type":"Person","@id":"https:\/\/www.manaus.am.gov.br\/ccc\/#\/schema\/person\/4e49f4e267757a06ca072ec61b2b9968","name":"Adriana Costa","image":{"@type":"ImageObject","inLanguage":"pt-BR","@id":"https:\/\/www.manaus.am.gov.br\/ccc\/#\/schema\/person\/image\/","url":"https:\/\/secure.gravatar.com\/avatar\/576258617ef7194f718179e766d57bd4?s=96&d=mm&r=g","contentUrl":"https:\/\/secure.gravatar.com\/avatar\/576258617ef7194f718179e766d57bd4?s=96&d=mm&r=g","caption":"Adriana Costa"}}]}},"_links":{"self":[{"href":"https:\/\/www.manaus.am.gov.br\/ccc\/wp-json\/wp\/v2\/posts\/2037"}],"collection":[{"href":"https:\/\/www.manaus.am.gov.br\/ccc\/wp-json\/wp\/v2\/posts"}],"about":[{"href":"https:\/\/www.manaus.am.gov.br\/ccc\/wp-json\/wp\/v2\/types\/post"}],"author":[{"embeddable":true,"href":"https:\/\/www.manaus.am.gov.br\/ccc\/wp-json\/wp\/v2\/users\/23"}],"replies":[{"embeddable":true,"href":"https:\/\/www.manaus.am.gov.br\/ccc\/wp-json\/wp\/v2\/comments?post=2037"}],"version-history":[{"count":0,"href":"https:\/\/www.manaus.am.gov.br\/ccc\/wp-json\/wp\/v2\/posts\/2037\/revisions"}],"wp:featuredmedia":[{"embeddable":true,"href":"https:\/\/www.manaus.am.gov.br\/ccc\/wp-json\/wp\/v2\/media\/2038"}],"wp:attachment":[{"href":"https:\/\/www.manaus.am.gov.br\/ccc\/wp-json\/wp\/v2\/media?parent=2037"}],"wp:term":[{"taxonomy":"category","embeddable":true,"href":"https:\/\/www.manaus.am.gov.br\/ccc\/wp-json\/wp\/v2\/categories?post=2037"},{"taxonomy":"post_tag","embeddable":true,"href":"https:\/\/www.manaus.am.gov.br\/ccc\/wp-json\/wp\/v2\/tags?post=2037"}],"curies":[{"name":"wp","href":"https:\/\/api.w.org\/{rel}","templated":true}]}}