{"id":195,"date":"2022-09-06T15:20:49","date_gmt":"2022-09-06T19:20:49","guid":{"rendered":"https:\/\/www.manaus.am.gov.br\/ccc\/soumanaus-garante-seguranca-e-tem-recorde-de-publico-na-terceira-noite\/"},"modified":"2022-12-21T11:30:24","modified_gmt":"2022-12-21T15:30:24","slug":"soumanaus-garante-seguranca-e-tem-recorde-de-publico-na-terceira-noite","status":"publish","type":"post","link":"https:\/\/www.manaus.am.gov.br\/ccc\/soumanaus-garante-seguranca-e-tem-recorde-de-publico-na-terceira-noite\/","title":{"rendered":"#SouManaus garante seguran\u00e7a e tem recorde de p\u00fablico na terceira noite"},"content":{"rendered":"\n<p>A Prefeitura de Manaus, por meio do Centro de Coopera\u00e7\u00e3o da Cidade (CCC), atuou, na \u00faltima segunda-feira, 5\/9, na terceira noite do festival #SouManaus Passo a Pa\u00e7o 2022, com o Centro Integrado de Comando e Controle Municipal (CICCM), que re\u00fane os principais \u00f3rg\u00e3os e servi\u00e7os que monitoram tudo com 30 c\u00e2meras espalhadas pelo per\u00edmetro do evento. Por meio desse monitoramento, a seguran\u00e7a do evento foi mantida com o recorde de p\u00fablico esgotando a lota\u00e7\u00e3o m\u00e1xima do espa\u00e7o.<\/p>\n\n\n\n<p>De acordo com o superintendente do CCC, Sandro Diz, a superlota\u00e7\u00e3o j\u00e1 era aguardada e, por isso, as pastas refor\u00e7aram o quantitativo de servidores.<\/p>\n\n\n\n<p>\u201cNo colegiado, n\u00f3s j\u00e1 t\u00ednhamos discutido sobre o qu\u00e3o grande seria o p\u00fablico da terceira noite, pela grandiosidade dos artistas nacionais que viriam e, por isso, solicitamos um refor\u00e7o no efetivo da Pol\u00edcia Militar, da Guarda Municipal, e da seguran\u00e7a privada, e realinhamos o planejamento da noite com a Manauscult e todo o colegiado que inclui tamb\u00e9m os servi\u00e7os de urg\u00eancia e emerg\u00eancia em sa\u00fade. Apesar do n\u00famero expressivo, n\u00e3o tem como n\u00e3o dizer que a noite foi um sucesso e que a Prefeitura de Manaus ofereceu um espet\u00e1culo para a sociedade manauara\u201d, afirma Diz.<\/p>\n\n\n\n<p>A Secretaria Municipal de Seguran\u00e7a P\u00fablica e Defesa Social (Semseg) atuou na terceira noite com o efetivo de 108 guardas municipais que estiveram posicionados em pontos estrat\u00e9gicos, buscando garantir o apoio \u00e0 seguran\u00e7a do evento e das pessoas que foram at\u00e9 o festival com suas fam\u00edlias. O secret\u00e1rio S\u00e9rgio Fontes esclarece que as ocorr\u00eancias da noite foram pontuais.<\/p>\n\n\n\n<p>\u201cAp\u00f3s a capacidade dos dois palcos ser esgotada e temporariamente uma parcela da popula\u00e7\u00e3o n\u00e3o poder acessar os locais, houve o bloqueio do acesso para a seguran\u00e7a do p\u00fablico.&nbsp; \u00c0 medida em que as pessoas deixavam o evento, outras eram permitidas a entrar.&nbsp; Ningu\u00e9m ficou de fora do evento, quem compareceu e teve a paci\u00eancia de esperar alguns minutos para entrar, p\u00f4de assistir ao seu artista\u201d, afirma S\u00e9rgio Fontes.<\/p>\n\n\n\n<p>Fontes conta ainda que a a\u00e7\u00e3o da Pol\u00edcia Militar foi necess\u00e1ria devido ao dist\u00farbio civil que ocorreu na entrada do palco Tucupi.<\/p>\n\n\n\n<p>\u201cFoi uma decis\u00e3o da pr\u00f3pria for\u00e7a policial para proteger quem estava l\u00e1, devido \u00e0 tentativa de invas\u00e3o \u00e0 for\u00e7a, onde pessoas se machucaram ap\u00f3s o port\u00e3o ter sido deslocado\u201d, afirmou.<\/p>\n\n\n\n<p>S\u00e9rgio&nbsp; Fontes afirma ainda que n\u00e3o houve emprego de balas de borracha, mas a PM usou g\u00e1s lacrimog\u00eaneo para que as pessoas pudessem se dispersar e assim evitar maiores ocorr\u00eancias. \u201cFoi uma medida extrema, por\u00e9m necess\u00e1ria no momento, para garantir a seguran\u00e7a da popula\u00e7\u00e3o\u201d, disse.<\/p>\n\n\n\n<p>&nbsp;<\/p>\n\n\n\n<h2 class=\"wp-block-heading\">Seguran\u00e7a<\/h2>\n\n\n\n<p>O Servi\u00e7o de Atendimento M\u00f3vel de Urg\u00eancia (Samu) esteve presente com cinco ambul\u00e2ncias estrategicamente posicionadas ao longo do per\u00edmetro do evento, mas n\u00e3o recebeu nenhuma ocorr\u00eancia de gravidade, assim como o ambulat\u00f3rio da Secretaria Municipal de Sa\u00fade (Semsa).<\/p>\n\n\n\n<figure class=\"wp-block-embed is-type-photo is-provider-flickr wp-block-embed-flickr\"><div class=\"wp-block-embed__wrapper\">\n<a href=\"https:\/\/flic.kr\/p\/2nJVCXo\"><img loading=\"lazy\" decoding=\"async\" src=\"https:\/\/live.staticflickr.com\/65535\/52337942756_f907ef8ab9.jpg\" alt=\"05.09.22 - Shows das bandas Jota Quest, Scalene e The Stone Ramos no #SouManaus Passo a Pa\u00e7o 2022\" width=\"500\" height=\"333\" \/><\/a>\n<\/div><\/figure>\n\n\n\n<p>Apesar da expectativa de p\u00fablico ser menor nesta ter\u00e7a-feira (6) que da terceira noite, a organiza\u00e7\u00e3o deve contar com o mesmo efetivo nos principais servi\u00e7os, sempre monitorando tudo pelas c\u00e2meras que d\u00e3o o aux\u00edlio necess\u00e1rio aos \u00f3rg\u00e3os de atua\u00e7\u00e3o.<\/p>\n\n\n\n<hr class=\"wp-block-separator has-alpha-channel-opacity\"\/>\n\n\n\n<p><strong>Texto<\/strong> \u2013 Divulga\u00e7\u00e3o \/ CCC<br><strong>Fotos<\/strong> \u2013 Nathalie Brasil \/ In.Pacto e Marcely Gomes \/ Semcom<br>Dispon\u00edveis em &#8211; <a href=\"https:\/\/flic.kr\/s\/aHBqjA5Lem\">https:\/\/flic.kr\/s\/aHBqjA5Lem<\/a><\/p>\n","protected":false},"excerpt":{"rendered":"","protected":false},"author":31,"featured_media":196,"comment_status":"closed","ping_status":"closed","sticky":false,"template":"","format":"standard","meta":{"footnotes":""},"categories":[10],"tags":[29,30],"acf":[],"yoast_head":"<!-- This site is optimized with the Yoast SEO plugin v23.0 - https:\/\/yoast.com\/wordpress\/plugins\/seo\/ -->\n<title>#SouManaus garante seguran\u00e7a e tem recorde de p\u00fablico na terceira noite - CCC<\/title>\n<meta name=\"robots\" content=\"index, follow, max-snippet:-1, max-image-preview:large, max-video-preview:-1\" \/>\n<link rel=\"canonical\" href=\"https:\/\/www.manaus.am.gov.br\/ccc\/soumanaus-garante-seguranca-e-tem-recorde-de-publico-na-terceira-noite\/\" \/>\n<meta property=\"og:locale\" content=\"pt_BR\" \/>\n<meta property=\"og:type\" content=\"article\" \/>\n<meta property=\"og:title\" content=\"#SouManaus garante seguran\u00e7a e tem recorde de p\u00fablico na terceira noite - CCC\" \/>\n<meta property=\"og:url\" content=\"https:\/\/www.manaus.am.gov.br\/ccc\/soumanaus-garante-seguranca-e-tem-recorde-de-publico-na-terceira-noite\/\" \/>\n<meta property=\"og:site_name\" content=\"CCC\" \/>\n<meta property=\"article:published_time\" content=\"2022-09-06T19:20:49+00:00\" \/>\n<meta property=\"article:modified_time\" content=\"2022-12-21T15:30:24+00:00\" \/>\n<meta property=\"og:image\" content=\"https:\/\/www.manaus.am.gov.br\/ccc\/wp-content\/uploads\/sites\/4\/2022\/12\/SouManaus-garante-seguranca-e-tem-recorde-de-publico-na-terceira-noite.jpg\" \/>\n\t<meta property=\"og:image:width\" content=\"899\" \/>\n\t<meta property=\"og:image:height\" content=\"600\" \/>\n\t<meta property=\"og:image:type\" content=\"image\/jpeg\" \/>\n<meta name=\"author\" content=\"Renata Felix\" \/>\n<meta name=\"twitter:card\" content=\"summary_large_image\" \/>\n<meta name=\"twitter:label1\" content=\"Written by\" \/>\n\t<meta name=\"twitter:data1\" content=\"Renata Felix\" \/>\n\t<meta name=\"twitter:label2\" content=\"Est. reading time\" \/>\n\t<meta name=\"twitter:data2\" content=\"3 minutos\" \/>\n<script type=\"application\/ld+json\" class=\"yoast-schema-graph\">{\"@context\":\"https:\/\/schema.org\",\"@graph\":[{\"@type\":\"WebPage\",\"@id\":\"https:\/\/www.manaus.am.gov.br\/ccc\/soumanaus-garante-seguranca-e-tem-recorde-de-publico-na-terceira-noite\/\",\"url\":\"https:\/\/www.manaus.am.gov.br\/ccc\/soumanaus-garante-seguranca-e-tem-recorde-de-publico-na-terceira-noite\/\",\"name\":\"#SouManaus garante seguran\u00e7a e tem recorde de p\u00fablico na terceira noite - CCC\",\"isPartOf\":{\"@id\":\"https:\/\/www.manaus.am.gov.br\/ccc\/#website\"},\"primaryImageOfPage\":{\"@id\":\"https:\/\/www.manaus.am.gov.br\/ccc\/soumanaus-garante-seguranca-e-tem-recorde-de-publico-na-terceira-noite\/#primaryimage\"},\"image\":{\"@id\":\"https:\/\/www.manaus.am.gov.br\/ccc\/soumanaus-garante-seguranca-e-tem-recorde-de-publico-na-terceira-noite\/#primaryimage\"},\"thumbnailUrl\":\"https:\/\/www.manaus.am.gov.br\/ccc\/wp-content\/uploads\/sites\/4\/2022\/12\/SouManaus-garante-seguranca-e-tem-recorde-de-publico-na-terceira-noite.jpg\",\"datePublished\":\"2022-09-06T19:20:49+00:00\",\"dateModified\":\"2022-12-21T15:30:24+00:00\",\"author\":{\"@id\":\"https:\/\/www.manaus.am.gov.br\/ccc\/#\/schema\/person\/4eea2a8f78dc853097abb026f728aa06\"},\"inLanguage\":\"pt-BR\",\"potentialAction\":[{\"@type\":\"ReadAction\",\"target\":[\"https:\/\/www.manaus.am.gov.br\/ccc\/soumanaus-garante-seguranca-e-tem-recorde-de-publico-na-terceira-noite\/\"]}]},{\"@type\":\"ImageObject\",\"inLanguage\":\"pt-BR\",\"@id\":\"https:\/\/www.manaus.am.gov.br\/ccc\/soumanaus-garante-seguranca-e-tem-recorde-de-publico-na-terceira-noite\/#primaryimage\",\"url\":\"https:\/\/www.manaus.am.gov.br\/ccc\/wp-content\/uploads\/sites\/4\/2022\/12\/SouManaus-garante-seguranca-e-tem-recorde-de-publico-na-terceira-noite.jpg\",\"contentUrl\":\"https:\/\/www.manaus.am.gov.br\/ccc\/wp-content\/uploads\/sites\/4\/2022\/12\/SouManaus-garante-seguranca-e-tem-recorde-de-publico-na-terceira-noite.jpg\",\"width\":899,\"height\":600,\"caption\":\"#SouManaus garante seguran\u00e7a e tem recorde de p\u00fablico na terceira noite\"},{\"@type\":\"WebSite\",\"@id\":\"https:\/\/www.manaus.am.gov.br\/ccc\/#website\",\"url\":\"https:\/\/www.manaus.am.gov.br\/ccc\/\",\"name\":\"CCC\",\"description\":\"Centro de Coopera\u00e7\u00e3o da Cidade\",\"alternateName\":\"Centro de Coopera\u00e7\u00e3o da Cidade\",\"potentialAction\":[{\"@type\":\"SearchAction\",\"target\":{\"@type\":\"EntryPoint\",\"urlTemplate\":\"https:\/\/www.manaus.am.gov.br\/ccc\/?s={search_term_string}\"},\"query-input\":\"required name=search_term_string\"}],\"inLanguage\":\"pt-BR\"},{\"@type\":\"Person\",\"@id\":\"https:\/\/www.manaus.am.gov.br\/ccc\/#\/schema\/person\/4eea2a8f78dc853097abb026f728aa06\",\"name\":\"Renata Felix\",\"image\":{\"@type\":\"ImageObject\",\"inLanguage\":\"pt-BR\",\"@id\":\"https:\/\/www.manaus.am.gov.br\/ccc\/#\/schema\/person\/image\/\",\"url\":\"https:\/\/secure.gravatar.com\/avatar\/3c196cf9d3b837b24c8edb2c50fd8f29?s=96&d=mm&r=g\",\"contentUrl\":\"https:\/\/secure.gravatar.com\/avatar\/3c196cf9d3b837b24c8edb2c50fd8f29?s=96&d=mm&r=g\",\"caption\":\"Renata Felix\"}}]}<\/script>\n<!-- \/ Yoast SEO plugin. -->","yoast_head_json":{"title":"#SouManaus garante seguran\u00e7a e tem recorde de p\u00fablico na terceira noite - CCC","robots":{"index":"index","follow":"follow","max-snippet":"max-snippet:-1","max-image-preview":"max-image-preview:large","max-video-preview":"max-video-preview:-1"},"canonical":"https:\/\/www.manaus.am.gov.br\/ccc\/soumanaus-garante-seguranca-e-tem-recorde-de-publico-na-terceira-noite\/","og_locale":"pt_BR","og_type":"article","og_title":"#SouManaus garante seguran\u00e7a e tem recorde de p\u00fablico na terceira noite - CCC","og_url":"https:\/\/www.manaus.am.gov.br\/ccc\/soumanaus-garante-seguranca-e-tem-recorde-de-publico-na-terceira-noite\/","og_site_name":"CCC","article_published_time":"2022-09-06T19:20:49+00:00","article_modified_time":"2022-12-21T15:30:24+00:00","og_image":[{"width":899,"height":600,"url":"https:\/\/www.manaus.am.gov.br\/ccc\/wp-content\/uploads\/sites\/4\/2022\/12\/SouManaus-garante-seguranca-e-tem-recorde-de-publico-na-terceira-noite.jpg","type":"image\/jpeg"}],"author":"Renata Felix","twitter_card":"summary_large_image","twitter_misc":{"Written by":"Renata Felix","Est. reading time":"3 minutos"},"schema":{"@context":"https:\/\/schema.org","@graph":[{"@type":"WebPage","@id":"https:\/\/www.manaus.am.gov.br\/ccc\/soumanaus-garante-seguranca-e-tem-recorde-de-publico-na-terceira-noite\/","url":"https:\/\/www.manaus.am.gov.br\/ccc\/soumanaus-garante-seguranca-e-tem-recorde-de-publico-na-terceira-noite\/","name":"#SouManaus garante seguran\u00e7a e tem recorde de p\u00fablico na terceira noite - CCC","isPartOf":{"@id":"https:\/\/www.manaus.am.gov.br\/ccc\/#website"},"primaryImageOfPage":{"@id":"https:\/\/www.manaus.am.gov.br\/ccc\/soumanaus-garante-seguranca-e-tem-recorde-de-publico-na-terceira-noite\/#primaryimage"},"image":{"@id":"https:\/\/www.manaus.am.gov.br\/ccc\/soumanaus-garante-seguranca-e-tem-recorde-de-publico-na-terceira-noite\/#primaryimage"},"thumbnailUrl":"https:\/\/www.manaus.am.gov.br\/ccc\/wp-content\/uploads\/sites\/4\/2022\/12\/SouManaus-garante-seguranca-e-tem-recorde-de-publico-na-terceira-noite.jpg","datePublished":"2022-09-06T19:20:49+00:00","dateModified":"2022-12-21T15:30:24+00:00","author":{"@id":"https:\/\/www.manaus.am.gov.br\/ccc\/#\/schema\/person\/4eea2a8f78dc853097abb026f728aa06"},"inLanguage":"pt-BR","potentialAction":[{"@type":"ReadAction","target":["https:\/\/www.manaus.am.gov.br\/ccc\/soumanaus-garante-seguranca-e-tem-recorde-de-publico-na-terceira-noite\/"]}]},{"@type":"ImageObject","inLanguage":"pt-BR","@id":"https:\/\/www.manaus.am.gov.br\/ccc\/soumanaus-garante-seguranca-e-tem-recorde-de-publico-na-terceira-noite\/#primaryimage","url":"https:\/\/www.manaus.am.gov.br\/ccc\/wp-content\/uploads\/sites\/4\/2022\/12\/SouManaus-garante-seguranca-e-tem-recorde-de-publico-na-terceira-noite.jpg","contentUrl":"https:\/\/www.manaus.am.gov.br\/ccc\/wp-content\/uploads\/sites\/4\/2022\/12\/SouManaus-garante-seguranca-e-tem-recorde-de-publico-na-terceira-noite.jpg","width":899,"height":600,"caption":"#SouManaus garante seguran\u00e7a e tem recorde de p\u00fablico na terceira noite"},{"@type":"WebSite","@id":"https:\/\/www.manaus.am.gov.br\/ccc\/#website","url":"https:\/\/www.manaus.am.gov.br\/ccc\/","name":"CCC","description":"Centro de Coopera\u00e7\u00e3o da Cidade","alternateName":"Centro de Coopera\u00e7\u00e3o da Cidade","potentialAction":[{"@type":"SearchAction","target":{"@type":"EntryPoint","urlTemplate":"https:\/\/www.manaus.am.gov.br\/ccc\/?s={search_term_string}"},"query-input":"required name=search_term_string"}],"inLanguage":"pt-BR"},{"@type":"Person","@id":"https:\/\/www.manaus.am.gov.br\/ccc\/#\/schema\/person\/4eea2a8f78dc853097abb026f728aa06","name":"Renata Felix","image":{"@type":"ImageObject","inLanguage":"pt-BR","@id":"https:\/\/www.manaus.am.gov.br\/ccc\/#\/schema\/person\/image\/","url":"https:\/\/secure.gravatar.com\/avatar\/3c196cf9d3b837b24c8edb2c50fd8f29?s=96&d=mm&r=g","contentUrl":"https:\/\/secure.gravatar.com\/avatar\/3c196cf9d3b837b24c8edb2c50fd8f29?s=96&d=mm&r=g","caption":"Renata Felix"}}]}},"_links":{"self":[{"href":"https:\/\/www.manaus.am.gov.br\/ccc\/wp-json\/wp\/v2\/posts\/195"}],"collection":[{"href":"https:\/\/www.manaus.am.gov.br\/ccc\/wp-json\/wp\/v2\/posts"}],"about":[{"href":"https:\/\/www.manaus.am.gov.br\/ccc\/wp-json\/wp\/v2\/types\/post"}],"author":[{"embeddable":true,"href":"https:\/\/www.manaus.am.gov.br\/ccc\/wp-json\/wp\/v2\/users\/31"}],"replies":[{"embeddable":true,"href":"https:\/\/www.manaus.am.gov.br\/ccc\/wp-json\/wp\/v2\/comments?post=195"}],"version-history":[{"count":0,"href":"https:\/\/www.manaus.am.gov.br\/ccc\/wp-json\/wp\/v2\/posts\/195\/revisions"}],"wp:featuredmedia":[{"embeddable":true,"href":"https:\/\/www.manaus.am.gov.br\/ccc\/wp-json\/wp\/v2\/media\/196"}],"wp:attachment":[{"href":"https:\/\/www.manaus.am.gov.br\/ccc\/wp-json\/wp\/v2\/media?parent=195"}],"wp:term":[{"taxonomy":"category","embeddable":true,"href":"https:\/\/www.manaus.am.gov.br\/ccc\/wp-json\/wp\/v2\/categories?post=195"},{"taxonomy":"post_tag","embeddable":true,"href":"https:\/\/www.manaus.am.gov.br\/ccc\/wp-json\/wp\/v2\/tags?post=195"}],"curies":[{"name":"wp","href":"https:\/\/api.w.org\/{rel}","templated":true}]}}