{"id":193,"date":"2022-10-22T10:33:00","date_gmt":"2022-10-22T14:33:00","guid":{"rendered":"https:\/\/www.manaus.am.gov.br\/ccc\/prefeitura-encerra-primeira-noite-do-boi-manaus-2022-com-duas-ocorrencias\/"},"modified":"2022-12-21T10:02:26","modified_gmt":"2022-12-21T14:02:26","slug":"prefeitura-encerra-primeira-noite-do-boi-manaus-2022-com-duas-ocorrencias","status":"publish","type":"post","link":"https:\/\/www.manaus.am.gov.br\/ccc\/prefeitura-encerra-primeira-noite-do-boi-manaus-2022-com-duas-ocorrencias\/","title":{"rendered":"Prefeitura encerra primeira noite do Boi Manaus 2022 com duas ocorr\u00eancias"},"content":{"rendered":"\n<p>A Prefeitura de Manaus, por meio do Centro de Coopera\u00e7\u00e3o da Cidade (CCC), em a\u00e7\u00e3o coordenada entre os poderes estaduais e municipais, encerrou a primeira noite do Boi Manaus 2022 com duas ocorr\u00eancias. Mais de 20 servi\u00e7os p\u00fablicos estiveram presentes, acompanhando os mais de seis mil brincantes que participaram da programa\u00e7\u00e3o no Centro de Conven\u00e7\u00f5es de Manaus, o samb\u00f3dromo.<\/p>\n\n\n\n<p>A primeira reuni\u00e3o do colegiado integrado e operacional aconteceu \u00e0s 18h, antes do in\u00edcio do evento \u00e0s 19h, quando os servi\u00e7os apresentaram seus efetivos e sinalizaram de que forma seria realizado o trabalho. As reuni\u00f5es aconteceram durante toda a noite a cada duas horas, com o resumo dos servi\u00e7os.<\/p>\n\n\n\n<p>A primeira ocorr\u00eancia foi de trabalho infantil e foi percebida pela equipe de monitoramento, que por meio do colegiado contou com o apoio do Juizado da Inf\u00e2ncia e Secretaria Estadual de Assist\u00eancia Social (Seas), que abordaram as crian\u00e7as e os familiares.<\/p>\n\n\n\n<p>De acordo com o superintendente do CCC, Sandro Diz, o objetivo do CCC local \u00e9 justamente a intera\u00e7\u00e3o e coopera\u00e7\u00e3o entre os servi\u00e7os, a fim de dar agilidade \u00e0s demandas.<\/p>\n\n\n\n<p>\u201cO Centro de Coopera\u00e7\u00e3o, como o pr\u00f3prio nome j\u00e1 diz, n\u00e3o faz nada sozinho. N\u00f3s trouxemos a nossa estrutura e os servi\u00e7os, principalmente, com o objetivo principal que \u00e9 a atua\u00e7\u00e3o integrada. Quando temos um colegiado perto do monitoramento, os problemas s\u00e3o identificados e recebem pronta reposta\u201d, garantiu Diz.<\/p>\n\n\n\n<p>Outra ocorr\u00eancia foi uma pris\u00e3o em flagrante de um homem que estava vendendo pulseiras falsificadas de acesso aos camarotes e tr\u00e2nsito livre para o estacionamento interno. O suspeito detido foi encaminhado para o judici\u00e1rio e dever\u00e1 responder por estelionato.<\/p>\n\n\n\n<p>O Centro Integrado de Coopera\u00e7\u00e3o e Controle Municipal (CICC-M) \u00e9 composto por \u00f3rg\u00e3os estaduais e municipais que atuam de forma integrada com o monitoramento e a pronta resposta.<\/p>\n\n\n\n<hr class=\"wp-block-separator has-alpha-channel-opacity\"\/>\n\n\n\n<p><strong>Texto<\/strong>&nbsp;\u2013 Divulga\u00e7\u00e3o \/ CCC<br><strong>Fotos \u2013<\/strong>&nbsp;Altemar Alc\u00e2ntara \/ CCC<\/p>\n","protected":false},"excerpt":{"rendered":"<p>Prefeitura encerra primeira noite do Boi Manaus 2022 com duas ocorr\u00eancias<\/p>\n","protected":false},"author":27,"featured_media":194,"comment_status":"closed","ping_status":"closed","sticky":false,"template":"","format":"standard","meta":{"footnotes":""},"categories":[10],"tags":[],"acf":[],"yoast_head":"<!-- This site is optimized with the Yoast SEO plugin v23.0 - https:\/\/yoast.com\/wordpress\/plugins\/seo\/ -->\n<title>Prefeitura encerra primeira noite do Boi Manaus 2022 com duas ocorr\u00eancias - CCC<\/title>\n<meta name=\"robots\" content=\"index, follow, max-snippet:-1, max-image-preview:large, max-video-preview:-1\" \/>\n<link rel=\"canonical\" href=\"https:\/\/www.manaus.am.gov.br\/ccc\/prefeitura-encerra-primeira-noite-do-boi-manaus-2022-com-duas-ocorrencias\/\" \/>\n<meta property=\"og:locale\" content=\"pt_BR\" \/>\n<meta property=\"og:type\" content=\"article\" \/>\n<meta property=\"og:title\" content=\"Prefeitura encerra primeira noite do Boi Manaus 2022 com duas ocorr\u00eancias - CCC\" \/>\n<meta property=\"og:description\" content=\"Prefeitura encerra primeira noite do Boi Manaus 2022 com duas ocorr\u00eancias\" \/>\n<meta property=\"og:url\" content=\"https:\/\/www.manaus.am.gov.br\/ccc\/prefeitura-encerra-primeira-noite-do-boi-manaus-2022-com-duas-ocorrencias\/\" \/>\n<meta property=\"og:site_name\" content=\"CCC\" \/>\n<meta property=\"article:published_time\" content=\"2022-10-22T14:33:00+00:00\" \/>\n<meta property=\"article:modified_time\" content=\"2022-12-21T14:02:26+00:00\" \/>\n<meta property=\"og:image\" content=\"https:\/\/www.manaus.am.gov.br\/ccc\/wp-content\/uploads\/sites\/4\/2022\/12\/Prefeitura-encerra-primeira-noite-do-Boi-Manaus-2022-com-duas-ocorrencias.jpg\" \/>\n\t<meta property=\"og:image:width\" content=\"1024\" \/>\n\t<meta property=\"og:image:height\" content=\"683\" \/>\n\t<meta property=\"og:image:type\" content=\"image\/jpeg\" \/>\n<meta name=\"author\" content=\"Imarketing Digital\" \/>\n<meta name=\"twitter:card\" content=\"summary_large_image\" \/>\n<meta name=\"twitter:label1\" content=\"Written by\" \/>\n\t<meta name=\"twitter:data1\" content=\"Imarketing Digital\" \/>\n\t<meta name=\"twitter:label2\" content=\"Est. reading time\" \/>\n\t<meta name=\"twitter:data2\" content=\"2 minutos\" \/>\n<script type=\"application\/ld+json\" class=\"yoast-schema-graph\">{\"@context\":\"https:\/\/schema.org\",\"@graph\":[{\"@type\":\"WebPage\",\"@id\":\"https:\/\/www.manaus.am.gov.br\/ccc\/prefeitura-encerra-primeira-noite-do-boi-manaus-2022-com-duas-ocorrencias\/\",\"url\":\"https:\/\/www.manaus.am.gov.br\/ccc\/prefeitura-encerra-primeira-noite-do-boi-manaus-2022-com-duas-ocorrencias\/\",\"name\":\"Prefeitura encerra primeira noite do Boi Manaus 2022 com duas ocorr\u00eancias - CCC\",\"isPartOf\":{\"@id\":\"https:\/\/www.manaus.am.gov.br\/ccc\/#website\"},\"primaryImageOfPage\":{\"@id\":\"https:\/\/www.manaus.am.gov.br\/ccc\/prefeitura-encerra-primeira-noite-do-boi-manaus-2022-com-duas-ocorrencias\/#primaryimage\"},\"image\":{\"@id\":\"https:\/\/www.manaus.am.gov.br\/ccc\/prefeitura-encerra-primeira-noite-do-boi-manaus-2022-com-duas-ocorrencias\/#primaryimage\"},\"thumbnailUrl\":\"https:\/\/www.manaus.am.gov.br\/ccc\/wp-content\/uploads\/sites\/4\/2022\/12\/Prefeitura-encerra-primeira-noite-do-Boi-Manaus-2022-com-duas-ocorrencias.jpg\",\"datePublished\":\"2022-10-22T14:33:00+00:00\",\"dateModified\":\"2022-12-21T14:02:26+00:00\",\"author\":{\"@id\":\"https:\/\/www.manaus.am.gov.br\/ccc\/#\/schema\/person\/79525a47ac5902f50493820d995728ee\"},\"inLanguage\":\"pt-BR\",\"potentialAction\":[{\"@type\":\"ReadAction\",\"target\":[\"https:\/\/www.manaus.am.gov.br\/ccc\/prefeitura-encerra-primeira-noite-do-boi-manaus-2022-com-duas-ocorrencias\/\"]}]},{\"@type\":\"ImageObject\",\"inLanguage\":\"pt-BR\",\"@id\":\"https:\/\/www.manaus.am.gov.br\/ccc\/prefeitura-encerra-primeira-noite-do-boi-manaus-2022-com-duas-ocorrencias\/#primaryimage\",\"url\":\"https:\/\/www.manaus.am.gov.br\/ccc\/wp-content\/uploads\/sites\/4\/2022\/12\/Prefeitura-encerra-primeira-noite-do-Boi-Manaus-2022-com-duas-ocorrencias.jpg\",\"contentUrl\":\"https:\/\/www.manaus.am.gov.br\/ccc\/wp-content\/uploads\/sites\/4\/2022\/12\/Prefeitura-encerra-primeira-noite-do-Boi-Manaus-2022-com-duas-ocorrencias.jpg\",\"width\":1024,\"height\":683,\"caption\":\"Prefeitura encerra primeira noite do Boi Manaus 2022 com duas ocorr\u00eancias\"},{\"@type\":\"WebSite\",\"@id\":\"https:\/\/www.manaus.am.gov.br\/ccc\/#website\",\"url\":\"https:\/\/www.manaus.am.gov.br\/ccc\/\",\"name\":\"CCC\",\"description\":\"Centro de Coopera\u00e7\u00e3o da Cidade\",\"alternateName\":\"Centro de Coopera\u00e7\u00e3o da Cidade\",\"potentialAction\":[{\"@type\":\"SearchAction\",\"target\":{\"@type\":\"EntryPoint\",\"urlTemplate\":\"https:\/\/www.manaus.am.gov.br\/ccc\/?s={search_term_string}\"},\"query-input\":\"required name=search_term_string\"}],\"inLanguage\":\"pt-BR\"},{\"@type\":\"Person\",\"@id\":\"https:\/\/www.manaus.am.gov.br\/ccc\/#\/schema\/person\/79525a47ac5902f50493820d995728ee\",\"name\":\"Imarketing Digital\",\"image\":{\"@type\":\"ImageObject\",\"inLanguage\":\"pt-BR\",\"@id\":\"https:\/\/www.manaus.am.gov.br\/ccc\/#\/schema\/person\/image\/\",\"url\":\"https:\/\/secure.gravatar.com\/avatar\/03432d3c57b756ed9760f7019c815a3a?s=96&d=mm&r=g\",\"contentUrl\":\"https:\/\/secure.gravatar.com\/avatar\/03432d3c57b756ed9760f7019c815a3a?s=96&d=mm&r=g\",\"caption\":\"Imarketing Digital\"}}]}<\/script>\n<!-- \/ Yoast SEO plugin. -->","yoast_head_json":{"title":"Prefeitura encerra primeira noite do Boi Manaus 2022 com duas ocorr\u00eancias - CCC","robots":{"index":"index","follow":"follow","max-snippet":"max-snippet:-1","max-image-preview":"max-image-preview:large","max-video-preview":"max-video-preview:-1"},"canonical":"https:\/\/www.manaus.am.gov.br\/ccc\/prefeitura-encerra-primeira-noite-do-boi-manaus-2022-com-duas-ocorrencias\/","og_locale":"pt_BR","og_type":"article","og_title":"Prefeitura encerra primeira noite do Boi Manaus 2022 com duas ocorr\u00eancias - CCC","og_description":"Prefeitura encerra primeira noite do Boi Manaus 2022 com duas ocorr\u00eancias","og_url":"https:\/\/www.manaus.am.gov.br\/ccc\/prefeitura-encerra-primeira-noite-do-boi-manaus-2022-com-duas-ocorrencias\/","og_site_name":"CCC","article_published_time":"2022-10-22T14:33:00+00:00","article_modified_time":"2022-12-21T14:02:26+00:00","og_image":[{"width":1024,"height":683,"url":"https:\/\/www.manaus.am.gov.br\/ccc\/wp-content\/uploads\/sites\/4\/2022\/12\/Prefeitura-encerra-primeira-noite-do-Boi-Manaus-2022-com-duas-ocorrencias.jpg","type":"image\/jpeg"}],"author":"Imarketing Digital","twitter_card":"summary_large_image","twitter_misc":{"Written by":"Imarketing Digital","Est. reading time":"2 minutos"},"schema":{"@context":"https:\/\/schema.org","@graph":[{"@type":"WebPage","@id":"https:\/\/www.manaus.am.gov.br\/ccc\/prefeitura-encerra-primeira-noite-do-boi-manaus-2022-com-duas-ocorrencias\/","url":"https:\/\/www.manaus.am.gov.br\/ccc\/prefeitura-encerra-primeira-noite-do-boi-manaus-2022-com-duas-ocorrencias\/","name":"Prefeitura encerra primeira noite do Boi Manaus 2022 com duas ocorr\u00eancias - CCC","isPartOf":{"@id":"https:\/\/www.manaus.am.gov.br\/ccc\/#website"},"primaryImageOfPage":{"@id":"https:\/\/www.manaus.am.gov.br\/ccc\/prefeitura-encerra-primeira-noite-do-boi-manaus-2022-com-duas-ocorrencias\/#primaryimage"},"image":{"@id":"https:\/\/www.manaus.am.gov.br\/ccc\/prefeitura-encerra-primeira-noite-do-boi-manaus-2022-com-duas-ocorrencias\/#primaryimage"},"thumbnailUrl":"https:\/\/www.manaus.am.gov.br\/ccc\/wp-content\/uploads\/sites\/4\/2022\/12\/Prefeitura-encerra-primeira-noite-do-Boi-Manaus-2022-com-duas-ocorrencias.jpg","datePublished":"2022-10-22T14:33:00+00:00","dateModified":"2022-12-21T14:02:26+00:00","author":{"@id":"https:\/\/www.manaus.am.gov.br\/ccc\/#\/schema\/person\/79525a47ac5902f50493820d995728ee"},"inLanguage":"pt-BR","potentialAction":[{"@type":"ReadAction","target":["https:\/\/www.manaus.am.gov.br\/ccc\/prefeitura-encerra-primeira-noite-do-boi-manaus-2022-com-duas-ocorrencias\/"]}]},{"@type":"ImageObject","inLanguage":"pt-BR","@id":"https:\/\/www.manaus.am.gov.br\/ccc\/prefeitura-encerra-primeira-noite-do-boi-manaus-2022-com-duas-ocorrencias\/#primaryimage","url":"https:\/\/www.manaus.am.gov.br\/ccc\/wp-content\/uploads\/sites\/4\/2022\/12\/Prefeitura-encerra-primeira-noite-do-Boi-Manaus-2022-com-duas-ocorrencias.jpg","contentUrl":"https:\/\/www.manaus.am.gov.br\/ccc\/wp-content\/uploads\/sites\/4\/2022\/12\/Prefeitura-encerra-primeira-noite-do-Boi-Manaus-2022-com-duas-ocorrencias.jpg","width":1024,"height":683,"caption":"Prefeitura encerra primeira noite do Boi Manaus 2022 com duas ocorr\u00eancias"},{"@type":"WebSite","@id":"https:\/\/www.manaus.am.gov.br\/ccc\/#website","url":"https:\/\/www.manaus.am.gov.br\/ccc\/","name":"CCC","description":"Centro de Coopera\u00e7\u00e3o da Cidade","alternateName":"Centro de Coopera\u00e7\u00e3o da Cidade","potentialAction":[{"@type":"SearchAction","target":{"@type":"EntryPoint","urlTemplate":"https:\/\/www.manaus.am.gov.br\/ccc\/?s={search_term_string}"},"query-input":"required name=search_term_string"}],"inLanguage":"pt-BR"},{"@type":"Person","@id":"https:\/\/www.manaus.am.gov.br\/ccc\/#\/schema\/person\/79525a47ac5902f50493820d995728ee","name":"Imarketing Digital","image":{"@type":"ImageObject","inLanguage":"pt-BR","@id":"https:\/\/www.manaus.am.gov.br\/ccc\/#\/schema\/person\/image\/","url":"https:\/\/secure.gravatar.com\/avatar\/03432d3c57b756ed9760f7019c815a3a?s=96&d=mm&r=g","contentUrl":"https:\/\/secure.gravatar.com\/avatar\/03432d3c57b756ed9760f7019c815a3a?s=96&d=mm&r=g","caption":"Imarketing Digital"}}]}},"_links":{"self":[{"href":"https:\/\/www.manaus.am.gov.br\/ccc\/wp-json\/wp\/v2\/posts\/193"}],"collection":[{"href":"https:\/\/www.manaus.am.gov.br\/ccc\/wp-json\/wp\/v2\/posts"}],"about":[{"href":"https:\/\/www.manaus.am.gov.br\/ccc\/wp-json\/wp\/v2\/types\/post"}],"author":[{"embeddable":true,"href":"https:\/\/www.manaus.am.gov.br\/ccc\/wp-json\/wp\/v2\/users\/27"}],"replies":[{"embeddable":true,"href":"https:\/\/www.manaus.am.gov.br\/ccc\/wp-json\/wp\/v2\/comments?post=193"}],"version-history":[{"count":0,"href":"https:\/\/www.manaus.am.gov.br\/ccc\/wp-json\/wp\/v2\/posts\/193\/revisions"}],"wp:featuredmedia":[{"embeddable":true,"href":"https:\/\/www.manaus.am.gov.br\/ccc\/wp-json\/wp\/v2\/media\/194"}],"wp:attachment":[{"href":"https:\/\/www.manaus.am.gov.br\/ccc\/wp-json\/wp\/v2\/media?parent=193"}],"wp:term":[{"taxonomy":"category","embeddable":true,"href":"https:\/\/www.manaus.am.gov.br\/ccc\/wp-json\/wp\/v2\/categories?post=193"},{"taxonomy":"post_tag","embeddable":true,"href":"https:\/\/www.manaus.am.gov.br\/ccc\/wp-json\/wp\/v2\/tags?post=193"}],"curies":[{"name":"wp","href":"https:\/\/api.w.org\/{rel}","templated":true}]}}